{"id":68073,"date":"2015-09-16T09:55:14","date_gmt":"2015-09-16T12:55:14","guid":{"rendered":"http:\/\/www.notibras.com\/site\/?p=68073"},"modified":"2015-09-16T17:42:26","modified_gmt":"2015-09-16T20:42:26","slug":"tribunal-do-juri-inocente-vigia-que-matou-herdeiro-dos-filtros-europa-em-legitima-defesa","status":"publish","type":"post","link":"https:\/\/www.notibras.com\/site\/tribunal-do-juri-inocente-vigia-que-matou-herdeiro-dos-filtros-europa-em-legitima-defesa\/","title":{"rendered":"J\u00fari inocenta vigia que matou o herdeiro dos filtros Europa em legitima defesa"},"content":{"rendered":"<p>Por 4 votos 3, o 1\u00ba Tribunal do J\u00fari de S\u00e3o Paulol absolveu na ter\u00e7a-feira (15) Eduardo Soares Pompeu, ex-funcion\u00e1rio da Panificadora Dona De\u00f4la, acusado pelo assassinato do empres\u00e1rio D\u00e1cio M\u00facio de Souza J\u00fanior, um dos herdeiros do Grupo Europa, de filtros d&#8217;\u00e1gua. Os jurados acolheram a tese de leg\u00edtima defesa. Cabe recurso.<\/p>\n<p>A promotoria pedia a condena\u00e7\u00e3o de Pompeu por homic\u00eddio duplamente qualificado, por ter praticado o crime por motivo f\u00fatil e por meio de recurso que dificultou a defesa da v\u00edtima &#8211; a surpresa. Cinco dias antes, uma irm\u00e3 de D\u00e1cio teria sido ofendida por Pompeu no estabelecimento. O irm\u00e3o resolveu tirar satisfa\u00e7\u00f5es e foi \u00e0 padaria Dona D\u00eaola, desarmado.<\/p>\n<p>Pompeu apresentou-se \u00e0 pol\u00edcia tr\u00eas dias depois do crime e um m\u00eas depois foi solto pela Justi\u00e7a. Um ano mais tarde, o Tribunal de Justi\u00e7a acolheu recurso da promotoria e mandou prender outra vez Pompeu, que se apresentou novamente. Seis meses depois, o Superior Tribunal de Justi\u00e7a (STJ) acolheu novo pedido da defesa e revogou a pris\u00e3o de Pompeu.<\/p>\n<p>O j\u00fari durou cerca de cinco horas. O criminalista F\u00e1bio Tofic, que defendeu o acusado, alegou que Pompeu &#8220;foi agredido&#8221; por D\u00e1cio. &#8220;Havia suspeita de que ele [D\u00e1cio] pudesse estar armado. D\u00e1cio estava embriagado, saiu de uma balada e foi \u00e0 panificadora. As circunst\u00e2ncias indicavam que Eduardo [Pompeu] podia acreditar plenamente que isso fosse poss\u00edvel, que D\u00e1cio estivesse armado. Por isso, ele [Pompeu] pegou uma faca da padaria para se defender.&#8221;<\/p>\n","protected":false},"excerpt":{"rendered":"<p>Por 4 votos 3, o 1\u00ba Tribunal do J\u00fari de S\u00e3o Paulol absolveu na ter\u00e7a-feira (15) Eduardo Soares Pompeu, ex-funcion\u00e1rio da Panificadora Dona De\u00f4la, acusado pelo assassinato do empres\u00e1rio D\u00e1cio M\u00facio de Souza J\u00fanior, um dos herdeiros do Grupo Europa, de filtros d&#8217;\u00e1gua. Os jurados acolheram a tese de leg\u00edtima defesa. Cabe recurso. A promotoria [&hellip;]<\/p>\n","protected":false},"author":2,"featured_media":68074,"comment_status":"open","ping_status":"closed","sticky":false,"template":"","format":"standard","meta":{"_acf_changed":false,"footnotes":""},"categories":[16],"tags":[],"class_list":["post-68073","post","type-post","status-publish","format-standard","has-post-thumbnail","hentry","category-brasil"],"acf":[],"yoast_head":"<!-- This site is optimized with the Yoast SEO plugin v27.2 - https:\/\/yoast.com\/product\/yoast-seo-wordpress\/ -->\n<title>J\u00fari inocenta vigia que matou o herdeiro dos filtros Europa em legitima defesa - Notibras<\/title>\n<meta name=\"robots\" content=\"index, follow, max-snippet:-1, max-image-preview:large, max-video-preview:-1\" \/>\n<link rel=\"canonical\" href=\"https:\/\/www.notibras.com\/site\/tribunal-do-juri-inocente-vigia-que-matou-herdeiro-dos-filtros-europa-em-legitima-defesa\/\" \/>\n<meta property=\"og:locale\" content=\"pt_BR\" \/>\n<meta property=\"og:type\" content=\"article\" \/>\n<meta property=\"og:title\" content=\"J\u00fari inocenta vigia que matou o herdeiro dos filtros Europa em legitima defesa - Notibras\" \/>\n<meta property=\"og:description\" content=\"Por 4 votos 3, o 1\u00ba Tribunal do J\u00fari de S\u00e3o Paulol absolveu na ter\u00e7a-feira (15) Eduardo Soares Pompeu, ex-funcion\u00e1rio da Panificadora Dona De\u00f4la, acusado pelo assassinato do empres\u00e1rio D\u00e1cio M\u00facio de Souza J\u00fanior, um dos herdeiros do Grupo Europa, de filtros d&#8217;\u00e1gua. Os jurados acolheram a tese de leg\u00edtima defesa. Cabe recurso. A promotoria [&hellip;]\" \/>\n<meta property=\"og:url\" content=\"https:\/\/www.notibras.com\/site\/tribunal-do-juri-inocente-vigia-que-matou-herdeiro-dos-filtros-europa-em-legitima-defesa\/\" \/>\n<meta property=\"og:site_name\" content=\"Notibras\" \/>\n<meta property=\"article:publisher\" content=\"https:\/\/www.facebook.com\/notibras\/\" \/>\n<meta property=\"article:published_time\" content=\"2015-09-16T12:55:14+00:00\" \/>\n<meta property=\"article:modified_time\" content=\"2015-09-16T20:42:26+00:00\" \/>\n<meta property=\"og:image\" content=\"https:\/\/www.notibras.com\/site\/wp-content\/uploads\/2015\/09\/vigia.jpg\" \/>\n\t<meta property=\"og:image:width\" content=\"615\" \/>\n\t<meta property=\"og:image:height\" content=\"300\" \/>\n\t<meta property=\"og:image:type\" content=\"image\/jpeg\" \/>\n<meta name=\"author\" content=\"Reda\u00e7\u00e3o\" \/>\n<meta name=\"twitter:card\" content=\"summary_large_image\" \/>\n<meta name=\"twitter:creator\" content=\"@Notibras\" \/>\n<meta name=\"twitter:site\" content=\"@Notibras\" \/>\n<meta name=\"twitter:label1\" content=\"Escrito por\" \/>\n\t<meta name=\"twitter:data1\" content=\"Reda\u00e7\u00e3o\" \/>\n\t<meta name=\"twitter:label2\" content=\"Est. tempo de leitura\" \/>\n\t<meta name=\"twitter:data2\" content=\"1 minuto\" \/>\n<script type=\"application\/ld+json\" class=\"yoast-schema-graph\">{\"@context\":\"https:\/\/schema.org\",\"@graph\":[{\"@type\":\"Article\",\"@id\":\"https:\/\/www.notibras.com\/site\/tribunal-do-juri-inocente-vigia-que-matou-herdeiro-dos-filtros-europa-em-legitima-defesa\/#article\",\"isPartOf\":{\"@id\":\"https:\/\/www.notibras.com\/site\/tribunal-do-juri-inocente-vigia-que-matou-herdeiro-dos-filtros-europa-em-legitima-defesa\/\"},\"author\":{\"name\":\"Reda\u00e7\u00e3o\",\"@id\":\"https:\/\/www.notibras.com\/site\/#\/schema\/person\/36ab0979449956132d3e5b517ea76ac8\"},\"headline\":\"J\u00fari inocenta vigia que matou o herdeiro dos filtros Europa em legitima defesa\",\"datePublished\":\"2015-09-16T12:55:14+00:00\",\"dateModified\":\"2015-09-16T20:42:26+00:00\",\"mainEntityOfPage\":{\"@id\":\"https:\/\/www.notibras.com\/site\/tribunal-do-juri-inocente-vigia-que-matou-herdeiro-dos-filtros-europa-em-legitima-defesa\/\"},\"wordCount\":283,\"commentCount\":0,\"publisher\":{\"@id\":\"https:\/\/www.notibras.com\/site\/#organization\"},\"image\":{\"@id\":\"https:\/\/www.notibras.com\/site\/tribunal-do-juri-inocente-vigia-que-matou-herdeiro-dos-filtros-europa-em-legitima-defesa\/#primaryimage\"},\"thumbnailUrl\":\"https:\/\/www.notibras.com\/site\/wp-content\/uploads\/2015\/09\/vigia.jpg\",\"articleSection\":[\"Brasil\"],\"inLanguage\":\"pt-BR\",\"potentialAction\":[{\"@type\":\"CommentAction\",\"name\":\"Comment\",\"target\":[\"https:\/\/www.notibras.com\/site\/tribunal-do-juri-inocente-vigia-que-matou-herdeiro-dos-filtros-europa-em-legitima-defesa\/#respond\"]}]},{\"@type\":\"WebPage\",\"@id\":\"https:\/\/www.notibras.com\/site\/tribunal-do-juri-inocente-vigia-que-matou-herdeiro-dos-filtros-europa-em-legitima-defesa\/\",\"url\":\"https:\/\/www.notibras.com\/site\/tribunal-do-juri-inocente-vigia-que-matou-herdeiro-dos-filtros-europa-em-legitima-defesa\/\",\"name\":\"J\u00fari inocenta vigia que matou o herdeiro dos filtros Europa em legitima defesa - Notibras\",\"isPartOf\":{\"@id\":\"https:\/\/www.notibras.com\/site\/#website\"},\"primaryImageOfPage\":{\"@id\":\"https:\/\/www.notibras.com\/site\/tribunal-do-juri-inocente-vigia-que-matou-herdeiro-dos-filtros-europa-em-legitima-defesa\/#primaryimage\"},\"image\":{\"@id\":\"https:\/\/www.notibras.com\/site\/tribunal-do-juri-inocente-vigia-que-matou-herdeiro-dos-filtros-europa-em-legitima-defesa\/#primaryimage\"},\"thumbnailUrl\":\"https:\/\/www.notibras.com\/site\/wp-content\/uploads\/2015\/09\/vigia.jpg\",\"datePublished\":\"2015-09-16T12:55:14+00:00\",\"dateModified\":\"2015-09-16T20:42:26+00:00\",\"breadcrumb\":{\"@id\":\"https:\/\/www.notibras.com\/site\/tribunal-do-juri-inocente-vigia-que-matou-herdeiro-dos-filtros-europa-em-legitima-defesa\/#breadcrumb\"},\"inLanguage\":\"pt-BR\",\"potentialAction\":[{\"@type\":\"ReadAction\",\"target\":[\"https:\/\/www.notibras.com\/site\/tribunal-do-juri-inocente-vigia-que-matou-herdeiro-dos-filtros-europa-em-legitima-defesa\/\"]}]},{\"@type\":\"ImageObject\",\"inLanguage\":\"pt-BR\",\"@id\":\"https:\/\/www.notibras.com\/site\/tribunal-do-juri-inocente-vigia-que-matou-herdeiro-dos-filtros-europa-em-legitima-defesa\/#primaryimage\",\"url\":\"https:\/\/www.notibras.com\/site\/wp-content\/uploads\/2015\/09\/vigia.jpg\",\"contentUrl\":\"https:\/\/www.notibras.com\/site\/wp-content\/uploads\/2015\/09\/vigia.jpg\",\"width\":615,\"height\":300},{\"@type\":\"BreadcrumbList\",\"@id\":\"https:\/\/www.notibras.com\/site\/tribunal-do-juri-inocente-vigia-que-matou-herdeiro-dos-filtros-europa-em-legitima-defesa\/#breadcrumb\",\"itemListElement\":[{\"@type\":\"ListItem\",\"position\":1,\"name\":\"In\u00edcio\",\"item\":\"https:\/\/www.notibras.com\/site\/\"},{\"@type\":\"ListItem\",\"position\":2,\"name\":\"J\u00fari inocenta vigia que matou o herdeiro dos filtros Europa em legitima defesa\"}]},{\"@type\":\"WebSite\",\"@id\":\"https:\/\/www.notibras.com\/site\/#website\",\"url\":\"https:\/\/www.notibras.com\/site\/\",\"name\":\"Notibras\",\"description\":\"Not\u00edcias de Bras\u00edlia, do Brasil e do Mundo\",\"publisher\":{\"@id\":\"https:\/\/www.notibras.com\/site\/#organization\"},\"potentialAction\":[{\"@type\":\"SearchAction\",\"target\":{\"@type\":\"EntryPoint\",\"urlTemplate\":\"https:\/\/www.notibras.com\/site\/?s={search_term_string}\"},\"query-input\":{\"@type\":\"PropertyValueSpecification\",\"valueRequired\":true,\"valueName\":\"search_term_string\"}}],\"inLanguage\":\"pt-BR\"},{\"@type\":\"Organization\",\"@id\":\"https:\/\/www.notibras.com\/site\/#organization\",\"name\":\"Grupo Notibras de Comunica\u00e7\u00e3o\",\"url\":\"https:\/\/www.notibras.com\/site\/\",\"logo\":{\"@type\":\"ImageObject\",\"inLanguage\":\"pt-BR\",\"@id\":\"https:\/\/www.notibras.com\/site\/#\/schema\/logo\/image\/\",\"url\":\"https:\/\/www.notibras.com\/site\/wp-content\/uploads\/2023\/01\/notibras23.png\",\"contentUrl\":\"https:\/\/www.notibras.com\/site\/wp-content\/uploads\/2023\/01\/notibras23.png\",\"width\":350,\"height\":87,\"caption\":\"Grupo Notibras de Comunica\u00e7\u00e3o\"},\"image\":{\"@id\":\"https:\/\/www.notibras.com\/site\/#\/schema\/logo\/image\/\"},\"sameAs\":[\"https:\/\/www.facebook.com\/notibras\/\",\"https:\/\/x.com\/Notibras\",\"https:\/\/www.instagram.com\/notibras\/\"]},{\"@type\":\"Person\",\"@id\":\"https:\/\/www.notibras.com\/site\/#\/schema\/person\/36ab0979449956132d3e5b517ea76ac8\",\"name\":\"Reda\u00e7\u00e3o\",\"image\":{\"@type\":\"ImageObject\",\"inLanguage\":\"pt-BR\",\"@id\":\"https:\/\/secure.gravatar.com\/avatar\/e0a867bdedb85fd243eadf09663511f96fc81e0720a4a42581f334ad4303aa6b?s=96&d=mm&r=g\",\"url\":\"https:\/\/secure.gravatar.com\/avatar\/e0a867bdedb85fd243eadf09663511f96fc81e0720a4a42581f334ad4303aa6b?s=96&d=mm&r=g\",\"contentUrl\":\"https:\/\/secure.gravatar.com\/avatar\/e0a867bdedb85fd243eadf09663511f96fc81e0720a4a42581f334ad4303aa6b?s=96&d=mm&r=g\",\"caption\":\"Reda\u00e7\u00e3o\"}}]}<\/script>\n<!-- \/ Yoast SEO plugin. -->","yoast_head_json":{"title":"J\u00fari inocenta vigia que matou o herdeiro dos filtros Europa em legitima defesa - Notibras","robots":{"index":"index","follow":"follow","max-snippet":"max-snippet:-1","max-image-preview":"max-image-preview:large","max-video-preview":"max-video-preview:-1"},"canonical":"https:\/\/www.notibras.com\/site\/tribunal-do-juri-inocente-vigia-que-matou-herdeiro-dos-filtros-europa-em-legitima-defesa\/","og_locale":"pt_BR","og_type":"article","og_title":"J\u00fari inocenta vigia que matou o herdeiro dos filtros Europa em legitima defesa - Notibras","og_description":"Por 4 votos 3, o 1\u00ba Tribunal do J\u00fari de S\u00e3o Paulol absolveu na ter\u00e7a-feira (15) Eduardo Soares Pompeu, ex-funcion\u00e1rio da Panificadora Dona De\u00f4la, acusado pelo assassinato do empres\u00e1rio D\u00e1cio M\u00facio de Souza J\u00fanior, um dos herdeiros do Grupo Europa, de filtros d&#8217;\u00e1gua. Os jurados acolheram a tese de leg\u00edtima defesa. Cabe recurso. A promotoria [&hellip;]","og_url":"https:\/\/www.notibras.com\/site\/tribunal-do-juri-inocente-vigia-que-matou-herdeiro-dos-filtros-europa-em-legitima-defesa\/","og_site_name":"Notibras","article_publisher":"https:\/\/www.facebook.com\/notibras\/","article_published_time":"2015-09-16T12:55:14+00:00","article_modified_time":"2015-09-16T20:42:26+00:00","og_image":[{"width":615,"height":300,"url":"https:\/\/www.notibras.com\/site\/wp-content\/uploads\/2015\/09\/vigia.jpg","type":"image\/jpeg"}],"author":"Reda\u00e7\u00e3o","twitter_card":"summary_large_image","twitter_creator":"@Notibras","twitter_site":"@Notibras","twitter_misc":{"Escrito por":"Reda\u00e7\u00e3o","Est. tempo de leitura":"1 minuto"},"schema":{"@context":"https:\/\/schema.org","@graph":[{"@type":"Article","@id":"https:\/\/www.notibras.com\/site\/tribunal-do-juri-inocente-vigia-que-matou-herdeiro-dos-filtros-europa-em-legitima-defesa\/#article","isPartOf":{"@id":"https:\/\/www.notibras.com\/site\/tribunal-do-juri-inocente-vigia-que-matou-herdeiro-dos-filtros-europa-em-legitima-defesa\/"},"author":{"name":"Reda\u00e7\u00e3o","@id":"https:\/\/www.notibras.com\/site\/#\/schema\/person\/36ab0979449956132d3e5b517ea76ac8"},"headline":"J\u00fari inocenta vigia que matou o herdeiro dos filtros Europa em legitima defesa","datePublished":"2015-09-16T12:55:14+00:00","dateModified":"2015-09-16T20:42:26+00:00","mainEntityOfPage":{"@id":"https:\/\/www.notibras.com\/site\/tribunal-do-juri-inocente-vigia-que-matou-herdeiro-dos-filtros-europa-em-legitima-defesa\/"},"wordCount":283,"commentCount":0,"publisher":{"@id":"https:\/\/www.notibras.com\/site\/#organization"},"image":{"@id":"https:\/\/www.notibras.com\/site\/tribunal-do-juri-inocente-vigia-que-matou-herdeiro-dos-filtros-europa-em-legitima-defesa\/#primaryimage"},"thumbnailUrl":"https:\/\/www.notibras.com\/site\/wp-content\/uploads\/2015\/09\/vigia.jpg","articleSection":["Brasil"],"inLanguage":"pt-BR","potentialAction":[{"@type":"CommentAction","name":"Comment","target":["https:\/\/www.notibras.com\/site\/tribunal-do-juri-inocente-vigia-que-matou-herdeiro-dos-filtros-europa-em-legitima-defesa\/#respond"]}]},{"@type":"WebPage","@id":"https:\/\/www.notibras.com\/site\/tribunal-do-juri-inocente-vigia-que-matou-herdeiro-dos-filtros-europa-em-legitima-defesa\/","url":"https:\/\/www.notibras.com\/site\/tribunal-do-juri-inocente-vigia-que-matou-herdeiro-dos-filtros-europa-em-legitima-defesa\/","name":"J\u00fari inocenta vigia que matou o herdeiro dos filtros Europa em legitima defesa - Notibras","isPartOf":{"@id":"https:\/\/www.notibras.com\/site\/#website"},"primaryImageOfPage":{"@id":"https:\/\/www.notibras.com\/site\/tribunal-do-juri-inocente-vigia-que-matou-herdeiro-dos-filtros-europa-em-legitima-defesa\/#primaryimage"},"image":{"@id":"https:\/\/www.notibras.com\/site\/tribunal-do-juri-inocente-vigia-que-matou-herdeiro-dos-filtros-europa-em-legitima-defesa\/#primaryimage"},"thumbnailUrl":"https:\/\/www.notibras.com\/site\/wp-content\/uploads\/2015\/09\/vigia.jpg","datePublished":"2015-09-16T12:55:14+00:00","dateModified":"2015-09-16T20:42:26+00:00","breadcrumb":{"@id":"https:\/\/www.notibras.com\/site\/tribunal-do-juri-inocente-vigia-que-matou-herdeiro-dos-filtros-europa-em-legitima-defesa\/#breadcrumb"},"inLanguage":"pt-BR","potentialAction":[{"@type":"ReadAction","target":["https:\/\/www.notibras.com\/site\/tribunal-do-juri-inocente-vigia-que-matou-herdeiro-dos-filtros-europa-em-legitima-defesa\/"]}]},{"@type":"ImageObject","inLanguage":"pt-BR","@id":"https:\/\/www.notibras.com\/site\/tribunal-do-juri-inocente-vigia-que-matou-herdeiro-dos-filtros-europa-em-legitima-defesa\/#primaryimage","url":"https:\/\/www.notibras.com\/site\/wp-content\/uploads\/2015\/09\/vigia.jpg","contentUrl":"https:\/\/www.notibras.com\/site\/wp-content\/uploads\/2015\/09\/vigia.jpg","width":615,"height":300},{"@type":"BreadcrumbList","@id":"https:\/\/www.notibras.com\/site\/tribunal-do-juri-inocente-vigia-que-matou-herdeiro-dos-filtros-europa-em-legitima-defesa\/#breadcrumb","itemListElement":[{"@type":"ListItem","position":1,"name":"In\u00edcio","item":"https:\/\/www.notibras.com\/site\/"},{"@type":"ListItem","position":2,"name":"J\u00fari inocenta vigia que matou o herdeiro dos filtros Europa em legitima defesa"}]},{"@type":"WebSite","@id":"https:\/\/www.notibras.com\/site\/#website","url":"https:\/\/www.notibras.com\/site\/","name":"Notibras","description":"Not\u00edcias de Bras\u00edlia, do Brasil e do Mundo","publisher":{"@id":"https:\/\/www.notibras.com\/site\/#organization"},"potentialAction":[{"@type":"SearchAction","target":{"@type":"EntryPoint","urlTemplate":"https:\/\/www.notibras.com\/site\/?s={search_term_string}"},"query-input":{"@type":"PropertyValueSpecification","valueRequired":true,"valueName":"search_term_string"}}],"inLanguage":"pt-BR"},{"@type":"Organization","@id":"https:\/\/www.notibras.com\/site\/#organization","name":"Grupo Notibras de Comunica\u00e7\u00e3o","url":"https:\/\/www.notibras.com\/site\/","logo":{"@type":"ImageObject","inLanguage":"pt-BR","@id":"https:\/\/www.notibras.com\/site\/#\/schema\/logo\/image\/","url":"https:\/\/www.notibras.com\/site\/wp-content\/uploads\/2023\/01\/notibras23.png","contentUrl":"https:\/\/www.notibras.com\/site\/wp-content\/uploads\/2023\/01\/notibras23.png","width":350,"height":87,"caption":"Grupo Notibras de Comunica\u00e7\u00e3o"},"image":{"@id":"https:\/\/www.notibras.com\/site\/#\/schema\/logo\/image\/"},"sameAs":["https:\/\/www.facebook.com\/notibras\/","https:\/\/x.com\/Notibras","https:\/\/www.instagram.com\/notibras\/"]},{"@type":"Person","@id":"https:\/\/www.notibras.com\/site\/#\/schema\/person\/36ab0979449956132d3e5b517ea76ac8","name":"Reda\u00e7\u00e3o","image":{"@type":"ImageObject","inLanguage":"pt-BR","@id":"https:\/\/secure.gravatar.com\/avatar\/e0a867bdedb85fd243eadf09663511f96fc81e0720a4a42581f334ad4303aa6b?s=96&d=mm&r=g","url":"https:\/\/secure.gravatar.com\/avatar\/e0a867bdedb85fd243eadf09663511f96fc81e0720a4a42581f334ad4303aa6b?s=96&d=mm&r=g","contentUrl":"https:\/\/secure.gravatar.com\/avatar\/e0a867bdedb85fd243eadf09663511f96fc81e0720a4a42581f334ad4303aa6b?s=96&d=mm&r=g","caption":"Reda\u00e7\u00e3o"}}]}},"amp_enabled":true,"_links":{"self":[{"href":"https:\/\/www.notibras.com\/site\/wp-json\/wp\/v2\/posts\/68073","targetHints":{"allow":["GET"]}}],"collection":[{"href":"https:\/\/www.notibras.com\/site\/wp-json\/wp\/v2\/posts"}],"about":[{"href":"https:\/\/www.notibras.com\/site\/wp-json\/wp\/v2\/types\/post"}],"author":[{"embeddable":true,"href":"https:\/\/www.notibras.com\/site\/wp-json\/wp\/v2\/users\/2"}],"replies":[{"embeddable":true,"href":"https:\/\/www.notibras.com\/site\/wp-json\/wp\/v2\/comments?post=68073"}],"version-history":[{"count":4,"href":"https:\/\/www.notibras.com\/site\/wp-json\/wp\/v2\/posts\/68073\/revisions"}],"predecessor-version":[{"id":68134,"href":"https:\/\/www.notibras.com\/site\/wp-json\/wp\/v2\/posts\/68073\/revisions\/68134"}],"wp:featuredmedia":[{"embeddable":true,"href":"https:\/\/www.notibras.com\/site\/wp-json\/wp\/v2\/media\/68074"}],"wp:attachment":[{"href":"https:\/\/www.notibras.com\/site\/wp-json\/wp\/v2\/media?parent=68073"}],"wp:term":[{"taxonomy":"category","embeddable":true,"href":"https:\/\/www.notibras.com\/site\/wp-json\/wp\/v2\/categories?post=68073"},{"taxonomy":"post_tag","embeddable":true,"href":"https:\/\/www.notibras.com\/site\/wp-json\/wp\/v2\/tags?post=68073"}],"curies":[{"name":"wp","href":"https:\/\/api.w.org\/{rel}","templated":true}]}}