{"id":6810,"date":"2014-04-15T18:37:54","date_gmt":"2014-04-15T21:37:54","guid":{"rendered":"http:\/\/www.notibras.com\/site\/?p=6810"},"modified":"2014-04-16T09:49:38","modified_gmt":"2014-04-16T12:49:38","slug":"compra-da-pasadena-foi-um-mau-negocio-para-a-petrobras-diz-graca-forster","status":"publish","type":"post","link":"https:\/\/www.notibras.com\/site\/compra-da-pasadena-foi-um-mau-negocio-para-a-petrobras-diz-graca-forster\/","title":{"rendered":"Compra da Pasadena foi mau neg\u00f3cio, diz Gra\u00e7a Forster"},"content":{"rendered":"<p>A presidente da Petrobras, Gra\u00e7a Foster, reconheceu nesta ter\u00e7a-feira (15) que a compra pela estatal brasileira da refinaria de Pasadena, no Texas (EUA), foi um bom projeto no in\u00edcio, mas que se transformou em um projeto de baixa possibilidade de retorno.<\/p>\n<p>&#8220;Hoje, olhando aqueles dados, n\u00e3o foi um bom neg\u00f3cio, n\u00e3o pode ser um bom neg\u00f3cio. Isso \u00e9 inquestion\u00e1vel do ponto de vista cont\u00e1bil&#8221;, disse. Segundo ela, o preju\u00edzo para a Petrobras com aquisi\u00e7\u00e3o da refinaria foi US$ 530 milh\u00f5es.<\/p>\n<p>A avalia\u00e7\u00e3o foi feita em audi\u00eancia p\u00fablica que acontece nas comiss\u00f5es de Assuntos Econ\u00f4micos e na de Fiscaliza\u00e7\u00e3o e Controle do Senado, onde Gra\u00e7a foi convidada para falar sobre as den\u00fancias de irregularidades na estatal, como a compra da refinaria. Para uma comiss\u00e3o lotada de jornalistas, parlamentares da base aliada ao governo e de oposi\u00e7\u00e3o, Gra\u00e7a Foster esclareceu ainda que o custo total da transa\u00e7\u00e3o US$ 1,25 bilh\u00f5es.<\/p>\n<p>A executiva admitiu que em fevereiro de 2006 houve falhas por parte da dire\u00e7\u00e3o da \u00e1rea internacional da empresa, ao apresentar o projeto ao Conselho de Administra\u00e7\u00e3o da estatal, que autorizou a compra de 50% da refinaria.<\/p>\n<p>\u201cEm nenhum momento no resumo executivo, na apresenta\u00e7\u00e3o de PowerPoint feita pela dire\u00e7\u00e3o da \u00e1rea internacional \u00e0 \u00e9poca foram citadas duas condi\u00e7\u00f5es muito importantes: n\u00e3o se falou da Cl\u00e1usula de Put Option no resumo executivo, nem na apresenta\u00e7\u00e3o de PowerPoint e tamb\u00e9m n\u00e3o se falou da Cl\u00e1usula de Marlim\u201d, admitiu.<\/p>\n<p>Para Gra\u00e7a Foster, o Conselho de Administra\u00e7\u00e3o da Petrobras aprovou a compra de 50% de uma refinaria e n\u00e3o houve, nesses dois documentos, nenhuma cita\u00e7\u00e3o \u00e0 inten\u00e7\u00e3o e \u00e0 obrigatoriedade de compra dos 50% remanescentes. \u201cEsse foi o trabalho feito. Um resumo executivo, sem cita\u00e7\u00e3o dessas duas cl\u00e1usulas contratuais completamente importantes. O valor autorizado pelo Conselho de Administra\u00e7\u00e3o foi US$ 359.285.714,30. Essa foi t\u00e3o somente a aprova\u00e7\u00e3o feita\u201d, ressaltou.<\/p>\n<p>Responsabilizando a \u00e1rea internacional da empresa pela falha, Gra\u00e7a Foster afirmou que, quando uma apresenta\u00e7\u00e3o de resumo executivo \u00e9 feita ao Conselho de Administra\u00e7\u00e3o, o documento deve conter todas as informa\u00e7\u00f5es necess\u00e1rias para a devida avalia\u00e7\u00e3o do que se pretende fazer. \u201cAl\u00e9m disso, \u00e9 obriga\u00e7\u00e3o de quem leva para a diretoria apontar os pontos fracos e fr\u00e1geis da opera\u00e7\u00e3o. N\u00e3o h\u00e1 opera\u00e7\u00e3o 100% segura. N\u00e3o existe isso, imagino, em nenhuma atividade comercial e, certamente, n\u00e3o existe na ind\u00fastria de petr\u00f3leo e g\u00e1s\u201d, destacou.<\/p>\n<p>Desde que vieram \u00e0 tona as den\u00fancias de que houve superfaturamento na compra da refinaria pela estatal brasileira, esta \u00e9 a primeira vez que uma autoridade do governo vem oficialmente ao Congresso falar sobre o assunto.<\/p>\n<div><strong>Karine Melo, ABr<\/strong><strong><\/strong><\/div>\n","protected":false},"excerpt":{"rendered":"<p>A presidente da Petrobras, Gra\u00e7a Foster, reconheceu nesta ter\u00e7a-feira (15) que a compra pela estatal brasileira da refinaria de Pasadena, no Texas (EUA), foi um bom projeto no in\u00edcio, mas que se transformou em um projeto de baixa possibilidade de retorno. &#8220;Hoje, olhando aqueles dados, n\u00e3o foi um bom neg\u00f3cio, n\u00e3o pode ser um bom [&hellip;]<\/p>\n","protected":false},"author":2,"featured_media":6814,"comment_status":"open","ping_status":"closed","sticky":false,"template":"","format":"standard","meta":{"_acf_changed":false,"footnotes":""},"categories":[16],"tags":[],"class_list":["post-6810","post","type-post","status-publish","format-standard","has-post-thumbnail","hentry","category-brasil"],"acf":[],"yoast_head":"<!-- This site is optimized with the Yoast SEO plugin v27.2 - https:\/\/yoast.com\/product\/yoast-seo-wordpress\/ -->\n<title>Compra da Pasadena foi mau neg\u00f3cio, diz Gra\u00e7a Forster - Notibras<\/title>\n<meta name=\"robots\" content=\"index, follow, max-snippet:-1, max-image-preview:large, max-video-preview:-1\" \/>\n<link rel=\"canonical\" href=\"https:\/\/www.notibras.com\/site\/compra-da-pasadena-foi-um-mau-negocio-para-a-petrobras-diz-graca-forster\/\" \/>\n<meta property=\"og:locale\" content=\"pt_BR\" \/>\n<meta property=\"og:type\" content=\"article\" \/>\n<meta property=\"og:title\" content=\"Compra da Pasadena foi mau neg\u00f3cio, diz Gra\u00e7a Forster - Notibras\" \/>\n<meta property=\"og:description\" content=\"A presidente da Petrobras, Gra\u00e7a Foster, reconheceu nesta ter\u00e7a-feira (15) que a compra pela estatal brasileira da refinaria de Pasadena, no Texas (EUA), foi um bom projeto no in\u00edcio, mas que se transformou em um projeto de baixa possibilidade de retorno. &#8220;Hoje, olhando aqueles dados, n\u00e3o foi um bom neg\u00f3cio, n\u00e3o pode ser um bom [&hellip;]\" \/>\n<meta property=\"og:url\" content=\"https:\/\/www.notibras.com\/site\/compra-da-pasadena-foi-um-mau-negocio-para-a-petrobras-diz-graca-forster\/\" \/>\n<meta property=\"og:site_name\" content=\"Notibras\" \/>\n<meta property=\"article:publisher\" content=\"https:\/\/www.facebook.com\/notibras\/\" \/>\n<meta property=\"article:published_time\" content=\"2014-04-15T21:37:54+00:00\" \/>\n<meta property=\"article:modified_time\" content=\"2014-04-16T12:49:38+00:00\" \/>\n<meta property=\"og:image\" content=\"https:\/\/www.notibras.com\/site\/wp-content\/uploads\/2014\/04\/Sem-t\u00edtulo-115.jpg\" \/>\n\t<meta property=\"og:image:width\" content=\"500\" \/>\n\t<meta property=\"og:image:height\" content=\"333\" \/>\n\t<meta property=\"og:image:type\" content=\"image\/jpeg\" \/>\n<meta name=\"author\" content=\"Reda\u00e7\u00e3o\" \/>\n<meta name=\"twitter:card\" content=\"summary_large_image\" \/>\n<meta name=\"twitter:creator\" content=\"@Notibras\" \/>\n<meta name=\"twitter:site\" content=\"@Notibras\" \/>\n<meta name=\"twitter:label1\" content=\"Escrito por\" \/>\n\t<meta name=\"twitter:data1\" content=\"Reda\u00e7\u00e3o\" \/>\n\t<meta name=\"twitter:label2\" content=\"Est. tempo de leitura\" \/>\n\t<meta name=\"twitter:data2\" content=\"2 minutos\" \/>\n<script type=\"application\/ld+json\" class=\"yoast-schema-graph\">{\"@context\":\"https:\/\/schema.org\",\"@graph\":[{\"@type\":\"Article\",\"@id\":\"https:\/\/www.notibras.com\/site\/compra-da-pasadena-foi-um-mau-negocio-para-a-petrobras-diz-graca-forster\/#article\",\"isPartOf\":{\"@id\":\"https:\/\/www.notibras.com\/site\/compra-da-pasadena-foi-um-mau-negocio-para-a-petrobras-diz-graca-forster\/\"},\"author\":{\"name\":\"Reda\u00e7\u00e3o\",\"@id\":\"https:\/\/www.notibras.com\/site\/#\/schema\/person\/36ab0979449956132d3e5b517ea76ac8\"},\"headline\":\"Compra da Pasadena foi mau neg\u00f3cio, diz Gra\u00e7a Forster\",\"datePublished\":\"2014-04-15T21:37:54+00:00\",\"dateModified\":\"2014-04-16T12:49:38+00:00\",\"mainEntityOfPage\":{\"@id\":\"https:\/\/www.notibras.com\/site\/compra-da-pasadena-foi-um-mau-negocio-para-a-petrobras-diz-graca-forster\/\"},\"wordCount\":484,\"commentCount\":0,\"publisher\":{\"@id\":\"https:\/\/www.notibras.com\/site\/#organization\"},\"image\":{\"@id\":\"https:\/\/www.notibras.com\/site\/compra-da-pasadena-foi-um-mau-negocio-para-a-petrobras-diz-graca-forster\/#primaryimage\"},\"thumbnailUrl\":\"https:\/\/www.notibras.com\/site\/wp-content\/uploads\/2014\/04\/Sem-t\u00edtulo-115.jpg\",\"articleSection\":[\"Brasil\"],\"inLanguage\":\"pt-BR\",\"potentialAction\":[{\"@type\":\"CommentAction\",\"name\":\"Comment\",\"target\":[\"https:\/\/www.notibras.com\/site\/compra-da-pasadena-foi-um-mau-negocio-para-a-petrobras-diz-graca-forster\/#respond\"]}]},{\"@type\":\"WebPage\",\"@id\":\"https:\/\/www.notibras.com\/site\/compra-da-pasadena-foi-um-mau-negocio-para-a-petrobras-diz-graca-forster\/\",\"url\":\"https:\/\/www.notibras.com\/site\/compra-da-pasadena-foi-um-mau-negocio-para-a-petrobras-diz-graca-forster\/\",\"name\":\"Compra da Pasadena foi mau neg\u00f3cio, diz Gra\u00e7a Forster - Notibras\",\"isPartOf\":{\"@id\":\"https:\/\/www.notibras.com\/site\/#website\"},\"primaryImageOfPage\":{\"@id\":\"https:\/\/www.notibras.com\/site\/compra-da-pasadena-foi-um-mau-negocio-para-a-petrobras-diz-graca-forster\/#primaryimage\"},\"image\":{\"@id\":\"https:\/\/www.notibras.com\/site\/compra-da-pasadena-foi-um-mau-negocio-para-a-petrobras-diz-graca-forster\/#primaryimage\"},\"thumbnailUrl\":\"https:\/\/www.notibras.com\/site\/wp-content\/uploads\/2014\/04\/Sem-t\u00edtulo-115.jpg\",\"datePublished\":\"2014-04-15T21:37:54+00:00\",\"dateModified\":\"2014-04-16T12:49:38+00:00\",\"breadcrumb\":{\"@id\":\"https:\/\/www.notibras.com\/site\/compra-da-pasadena-foi-um-mau-negocio-para-a-petrobras-diz-graca-forster\/#breadcrumb\"},\"inLanguage\":\"pt-BR\",\"potentialAction\":[{\"@type\":\"ReadAction\",\"target\":[\"https:\/\/www.notibras.com\/site\/compra-da-pasadena-foi-um-mau-negocio-para-a-petrobras-diz-graca-forster\/\"]}]},{\"@type\":\"ImageObject\",\"inLanguage\":\"pt-BR\",\"@id\":\"https:\/\/www.notibras.com\/site\/compra-da-pasadena-foi-um-mau-negocio-para-a-petrobras-diz-graca-forster\/#primaryimage\",\"url\":\"https:\/\/www.notibras.com\/site\/wp-content\/uploads\/2014\/04\/Sem-t\u00edtulo-115.jpg\",\"contentUrl\":\"https:\/\/www.notibras.com\/site\/wp-content\/uploads\/2014\/04\/Sem-t\u00edtulo-115.jpg\",\"width\":500,\"height\":333},{\"@type\":\"BreadcrumbList\",\"@id\":\"https:\/\/www.notibras.com\/site\/compra-da-pasadena-foi-um-mau-negocio-para-a-petrobras-diz-graca-forster\/#breadcrumb\",\"itemListElement\":[{\"@type\":\"ListItem\",\"position\":1,\"name\":\"In\u00edcio\",\"item\":\"https:\/\/www.notibras.com\/site\/\"},{\"@type\":\"ListItem\",\"position\":2,\"name\":\"Compra da Pasadena foi mau neg\u00f3cio, diz Gra\u00e7a Forster\"}]},{\"@type\":\"WebSite\",\"@id\":\"https:\/\/www.notibras.com\/site\/#website\",\"url\":\"https:\/\/www.notibras.com\/site\/\",\"name\":\"Notibras\",\"description\":\"Not\u00edcias de Bras\u00edlia, do Brasil e do Mundo\",\"publisher\":{\"@id\":\"https:\/\/www.notibras.com\/site\/#organization\"},\"potentialAction\":[{\"@type\":\"SearchAction\",\"target\":{\"@type\":\"EntryPoint\",\"urlTemplate\":\"https:\/\/www.notibras.com\/site\/?s={search_term_string}\"},\"query-input\":{\"@type\":\"PropertyValueSpecification\",\"valueRequired\":true,\"valueName\":\"search_term_string\"}}],\"inLanguage\":\"pt-BR\"},{\"@type\":\"Organization\",\"@id\":\"https:\/\/www.notibras.com\/site\/#organization\",\"name\":\"Grupo Notibras de Comunica\u00e7\u00e3o\",\"url\":\"https:\/\/www.notibras.com\/site\/\",\"logo\":{\"@type\":\"ImageObject\",\"inLanguage\":\"pt-BR\",\"@id\":\"https:\/\/www.notibras.com\/site\/#\/schema\/logo\/image\/\",\"url\":\"https:\/\/www.notibras.com\/site\/wp-content\/uploads\/2023\/01\/notibras23.png\",\"contentUrl\":\"https:\/\/www.notibras.com\/site\/wp-content\/uploads\/2023\/01\/notibras23.png\",\"width\":350,\"height\":87,\"caption\":\"Grupo Notibras de Comunica\u00e7\u00e3o\"},\"image\":{\"@id\":\"https:\/\/www.notibras.com\/site\/#\/schema\/logo\/image\/\"},\"sameAs\":[\"https:\/\/www.facebook.com\/notibras\/\",\"https:\/\/x.com\/Notibras\",\"https:\/\/www.instagram.com\/notibras\/\"]},{\"@type\":\"Person\",\"@id\":\"https:\/\/www.notibras.com\/site\/#\/schema\/person\/36ab0979449956132d3e5b517ea76ac8\",\"name\":\"Reda\u00e7\u00e3o\",\"image\":{\"@type\":\"ImageObject\",\"inLanguage\":\"pt-BR\",\"@id\":\"https:\/\/secure.gravatar.com\/avatar\/e0a867bdedb85fd243eadf09663511f96fc81e0720a4a42581f334ad4303aa6b?s=96&d=mm&r=g\",\"url\":\"https:\/\/secure.gravatar.com\/avatar\/e0a867bdedb85fd243eadf09663511f96fc81e0720a4a42581f334ad4303aa6b?s=96&d=mm&r=g\",\"contentUrl\":\"https:\/\/secure.gravatar.com\/avatar\/e0a867bdedb85fd243eadf09663511f96fc81e0720a4a42581f334ad4303aa6b?s=96&d=mm&r=g\",\"caption\":\"Reda\u00e7\u00e3o\"}}]}<\/script>\n<!-- \/ Yoast SEO plugin. -->","yoast_head_json":{"title":"Compra da Pasadena foi mau neg\u00f3cio, diz Gra\u00e7a Forster - Notibras","robots":{"index":"index","follow":"follow","max-snippet":"max-snippet:-1","max-image-preview":"max-image-preview:large","max-video-preview":"max-video-preview:-1"},"canonical":"https:\/\/www.notibras.com\/site\/compra-da-pasadena-foi-um-mau-negocio-para-a-petrobras-diz-graca-forster\/","og_locale":"pt_BR","og_type":"article","og_title":"Compra da Pasadena foi mau neg\u00f3cio, diz Gra\u00e7a Forster - Notibras","og_description":"A presidente da Petrobras, Gra\u00e7a Foster, reconheceu nesta ter\u00e7a-feira (15) que a compra pela estatal brasileira da refinaria de Pasadena, no Texas (EUA), foi um bom projeto no in\u00edcio, mas que se transformou em um projeto de baixa possibilidade de retorno. &#8220;Hoje, olhando aqueles dados, n\u00e3o foi um bom neg\u00f3cio, n\u00e3o pode ser um bom [&hellip;]","og_url":"https:\/\/www.notibras.com\/site\/compra-da-pasadena-foi-um-mau-negocio-para-a-petrobras-diz-graca-forster\/","og_site_name":"Notibras","article_publisher":"https:\/\/www.facebook.com\/notibras\/","article_published_time":"2014-04-15T21:37:54+00:00","article_modified_time":"2014-04-16T12:49:38+00:00","og_image":[{"width":500,"height":333,"url":"https:\/\/www.notibras.com\/site\/wp-content\/uploads\/2014\/04\/Sem-t\u00edtulo-115.jpg","type":"image\/jpeg"}],"author":"Reda\u00e7\u00e3o","twitter_card":"summary_large_image","twitter_creator":"@Notibras","twitter_site":"@Notibras","twitter_misc":{"Escrito por":"Reda\u00e7\u00e3o","Est. tempo de leitura":"2 minutos"},"schema":{"@context":"https:\/\/schema.org","@graph":[{"@type":"Article","@id":"https:\/\/www.notibras.com\/site\/compra-da-pasadena-foi-um-mau-negocio-para-a-petrobras-diz-graca-forster\/#article","isPartOf":{"@id":"https:\/\/www.notibras.com\/site\/compra-da-pasadena-foi-um-mau-negocio-para-a-petrobras-diz-graca-forster\/"},"author":{"name":"Reda\u00e7\u00e3o","@id":"https:\/\/www.notibras.com\/site\/#\/schema\/person\/36ab0979449956132d3e5b517ea76ac8"},"headline":"Compra da Pasadena foi mau neg\u00f3cio, diz Gra\u00e7a Forster","datePublished":"2014-04-15T21:37:54+00:00","dateModified":"2014-04-16T12:49:38+00:00","mainEntityOfPage":{"@id":"https:\/\/www.notibras.com\/site\/compra-da-pasadena-foi-um-mau-negocio-para-a-petrobras-diz-graca-forster\/"},"wordCount":484,"commentCount":0,"publisher":{"@id":"https:\/\/www.notibras.com\/site\/#organization"},"image":{"@id":"https:\/\/www.notibras.com\/site\/compra-da-pasadena-foi-um-mau-negocio-para-a-petrobras-diz-graca-forster\/#primaryimage"},"thumbnailUrl":"https:\/\/www.notibras.com\/site\/wp-content\/uploads\/2014\/04\/Sem-t\u00edtulo-115.jpg","articleSection":["Brasil"],"inLanguage":"pt-BR","potentialAction":[{"@type":"CommentAction","name":"Comment","target":["https:\/\/www.notibras.com\/site\/compra-da-pasadena-foi-um-mau-negocio-para-a-petrobras-diz-graca-forster\/#respond"]}]},{"@type":"WebPage","@id":"https:\/\/www.notibras.com\/site\/compra-da-pasadena-foi-um-mau-negocio-para-a-petrobras-diz-graca-forster\/","url":"https:\/\/www.notibras.com\/site\/compra-da-pasadena-foi-um-mau-negocio-para-a-petrobras-diz-graca-forster\/","name":"Compra da Pasadena foi mau neg\u00f3cio, diz Gra\u00e7a Forster - Notibras","isPartOf":{"@id":"https:\/\/www.notibras.com\/site\/#website"},"primaryImageOfPage":{"@id":"https:\/\/www.notibras.com\/site\/compra-da-pasadena-foi-um-mau-negocio-para-a-petrobras-diz-graca-forster\/#primaryimage"},"image":{"@id":"https:\/\/www.notibras.com\/site\/compra-da-pasadena-foi-um-mau-negocio-para-a-petrobras-diz-graca-forster\/#primaryimage"},"thumbnailUrl":"https:\/\/www.notibras.com\/site\/wp-content\/uploads\/2014\/04\/Sem-t\u00edtulo-115.jpg","datePublished":"2014-04-15T21:37:54+00:00","dateModified":"2014-04-16T12:49:38+00:00","breadcrumb":{"@id":"https:\/\/www.notibras.com\/site\/compra-da-pasadena-foi-um-mau-negocio-para-a-petrobras-diz-graca-forster\/#breadcrumb"},"inLanguage":"pt-BR","potentialAction":[{"@type":"ReadAction","target":["https:\/\/www.notibras.com\/site\/compra-da-pasadena-foi-um-mau-negocio-para-a-petrobras-diz-graca-forster\/"]}]},{"@type":"ImageObject","inLanguage":"pt-BR","@id":"https:\/\/www.notibras.com\/site\/compra-da-pasadena-foi-um-mau-negocio-para-a-petrobras-diz-graca-forster\/#primaryimage","url":"https:\/\/www.notibras.com\/site\/wp-content\/uploads\/2014\/04\/Sem-t\u00edtulo-115.jpg","contentUrl":"https:\/\/www.notibras.com\/site\/wp-content\/uploads\/2014\/04\/Sem-t\u00edtulo-115.jpg","width":500,"height":333},{"@type":"BreadcrumbList","@id":"https:\/\/www.notibras.com\/site\/compra-da-pasadena-foi-um-mau-negocio-para-a-petrobras-diz-graca-forster\/#breadcrumb","itemListElement":[{"@type":"ListItem","position":1,"name":"In\u00edcio","item":"https:\/\/www.notibras.com\/site\/"},{"@type":"ListItem","position":2,"name":"Compra da Pasadena foi mau neg\u00f3cio, diz Gra\u00e7a Forster"}]},{"@type":"WebSite","@id":"https:\/\/www.notibras.com\/site\/#website","url":"https:\/\/www.notibras.com\/site\/","name":"Notibras","description":"Not\u00edcias de Bras\u00edlia, do Brasil e do Mundo","publisher":{"@id":"https:\/\/www.notibras.com\/site\/#organization"},"potentialAction":[{"@type":"SearchAction","target":{"@type":"EntryPoint","urlTemplate":"https:\/\/www.notibras.com\/site\/?s={search_term_string}"},"query-input":{"@type":"PropertyValueSpecification","valueRequired":true,"valueName":"search_term_string"}}],"inLanguage":"pt-BR"},{"@type":"Organization","@id":"https:\/\/www.notibras.com\/site\/#organization","name":"Grupo Notibras de Comunica\u00e7\u00e3o","url":"https:\/\/www.notibras.com\/site\/","logo":{"@type":"ImageObject","inLanguage":"pt-BR","@id":"https:\/\/www.notibras.com\/site\/#\/schema\/logo\/image\/","url":"https:\/\/www.notibras.com\/site\/wp-content\/uploads\/2023\/01\/notibras23.png","contentUrl":"https:\/\/www.notibras.com\/site\/wp-content\/uploads\/2023\/01\/notibras23.png","width":350,"height":87,"caption":"Grupo Notibras de Comunica\u00e7\u00e3o"},"image":{"@id":"https:\/\/www.notibras.com\/site\/#\/schema\/logo\/image\/"},"sameAs":["https:\/\/www.facebook.com\/notibras\/","https:\/\/x.com\/Notibras","https:\/\/www.instagram.com\/notibras\/"]},{"@type":"Person","@id":"https:\/\/www.notibras.com\/site\/#\/schema\/person\/36ab0979449956132d3e5b517ea76ac8","name":"Reda\u00e7\u00e3o","image":{"@type":"ImageObject","inLanguage":"pt-BR","@id":"https:\/\/secure.gravatar.com\/avatar\/e0a867bdedb85fd243eadf09663511f96fc81e0720a4a42581f334ad4303aa6b?s=96&d=mm&r=g","url":"https:\/\/secure.gravatar.com\/avatar\/e0a867bdedb85fd243eadf09663511f96fc81e0720a4a42581f334ad4303aa6b?s=96&d=mm&r=g","contentUrl":"https:\/\/secure.gravatar.com\/avatar\/e0a867bdedb85fd243eadf09663511f96fc81e0720a4a42581f334ad4303aa6b?s=96&d=mm&r=g","caption":"Reda\u00e7\u00e3o"}}]}},"amp_enabled":true,"_links":{"self":[{"href":"https:\/\/www.notibras.com\/site\/wp-json\/wp\/v2\/posts\/6810","targetHints":{"allow":["GET"]}}],"collection":[{"href":"https:\/\/www.notibras.com\/site\/wp-json\/wp\/v2\/posts"}],"about":[{"href":"https:\/\/www.notibras.com\/site\/wp-json\/wp\/v2\/types\/post"}],"author":[{"embeddable":true,"href":"https:\/\/www.notibras.com\/site\/wp-json\/wp\/v2\/users\/2"}],"replies":[{"embeddable":true,"href":"https:\/\/www.notibras.com\/site\/wp-json\/wp\/v2\/comments?post=6810"}],"version-history":[{"count":0,"href":"https:\/\/www.notibras.com\/site\/wp-json\/wp\/v2\/posts\/6810\/revisions"}],"wp:featuredmedia":[{"embeddable":true,"href":"https:\/\/www.notibras.com\/site\/wp-json\/wp\/v2\/media\/6814"}],"wp:attachment":[{"href":"https:\/\/www.notibras.com\/site\/wp-json\/wp\/v2\/media?parent=6810"}],"wp:term":[{"taxonomy":"category","embeddable":true,"href":"https:\/\/www.notibras.com\/site\/wp-json\/wp\/v2\/categories?post=6810"},{"taxonomy":"post_tag","embeddable":true,"href":"https:\/\/www.notibras.com\/site\/wp-json\/wp\/v2\/tags?post=6810"}],"curies":[{"name":"wp","href":"https:\/\/api.w.org\/{rel}","templated":true}]}}