{"id":68125,"date":"2015-09-16T16:03:32","date_gmt":"2015-09-16T19:03:32","guid":{"rendered":"http:\/\/www.notibras.com\/site\/?p=68125"},"modified":"2015-09-17T01:17:34","modified_gmt":"2015-09-17T04:17:34","slug":"mendes-ironiza-partidos-da-base-que-instituiram-na-lava-jato-contribuicao-de-empresas","status":"publish","type":"post","link":"https:\/\/www.notibras.com\/site\/mendes-ironiza-partidos-da-base-que-instituiram-na-lava-jato-contribuicao-de-empresas\/","title":{"rendered":"Mendes ironiza os partidos da base aliada, que j\u00e1 institu\u00edram, diz, a &#8220;contribui\u00e7\u00e3o empresarial&#8221;"},"content":{"rendered":"<p>O ministro Gilmar Mendes afirmou nesta quarta-feira (16), em sess\u00e3o de julgamento no Supremo Tribunal Federal, que a proibi\u00e7\u00e3o de doa\u00e7\u00f5es de empresas a partidos pol\u00edticos iria levar \u00e0 &#8220;fal\u00eancia&#8221; da oposi\u00e7\u00e3o e criticou duramente o PT, partido da presidente Dilma Rousseff.<\/p>\n<p>Isso porque, segundo Mendes, os esquemas de corrup\u00e7\u00e3o descobertos pela opera\u00e7\u00e3o Lava Jato j\u00e1 financiariam os partidos da base do governo. &#8220;N\u00f3s estar\u00edamos decretando a fal\u00eancia de qualquer sistema de oposi\u00e7\u00e3o. Porque o partido da situa\u00e7\u00e3o n\u00e3o precisa de dinheiro&#8221;, afirmou o ministro. &#8220;Bendita Lava Jato. Porque deitou luz sobre esse caso&#8221;, disse.<\/p>\n<p>O STF retomou hoje o julgamento, com a leitura do voto de Mendes. O ministro tem se posicionado favoravelmente \u00e0 possibilidade de doa\u00e7\u00f5es de empresas a campanhas e partidos pol\u00edticos.<\/p>\n<p>Sem citar diretamente o Partido dos Trabalhadores, que apoia publicamente o financiamento p\u00fablico de campanha e foi o principal atingido pelo esc\u00e2ndalo do mensal\u00e3o, o ministro fez cr\u00edticas \u00e0 legenda.<\/p>\n<p>&#8220;\u00c9 um partido de vanguarda. Porque instalou um financiamento p\u00fablico de campanha antes de sua aprova\u00e7\u00e3o&#8221;, disse. &#8220;Dinheiro da Petrobras diretamente para alimentar as atividades partid\u00e1rias. Ningu\u00e9m tinha pensado nisso&#8221;, afirmou. Pouco antes, Mendes havia comparado o esquema investigado pela opera\u00e7\u00e3o Lava Jato com o mensal\u00e3o. &#8220;Se formos rigorosos , daqui a pouco o mensal\u00e3o ter\u00e1 que ser julgado em pequenas causas&#8221;, disse.<\/p>\n<p>Mendes fez refer\u00eancia ainda \u00e0s suspeitas apontadas pelas investiga\u00e7\u00f5es de que os partidos ficariam com 3% de propina dos contratos firmados com as empreiteiras participantes do esquema. &#8220;Logo, o partido pode disputar elei\u00e7\u00f5es sem financiamento p\u00fablico, sem financiamento privado&#8221;, afirmou o ministro.<\/p>\n","protected":false},"excerpt":{"rendered":"<p>O ministro Gilmar Mendes afirmou nesta quarta-feira (16), em sess\u00e3o de julgamento no Supremo Tribunal Federal, que a proibi\u00e7\u00e3o de doa\u00e7\u00f5es de empresas a partidos pol\u00edticos iria levar \u00e0 &#8220;fal\u00eancia&#8221; da oposi\u00e7\u00e3o e criticou duramente o PT, partido da presidente Dilma Rousseff. Isso porque, segundo Mendes, os esquemas de corrup\u00e7\u00e3o descobertos pela opera\u00e7\u00e3o Lava Jato [&hellip;]<\/p>\n","protected":false},"author":2,"featured_media":68126,"comment_status":"open","ping_status":"closed","sticky":false,"template":"","format":"standard","meta":{"_acf_changed":false,"footnotes":""},"categories":[16],"tags":[],"class_list":["post-68125","post","type-post","status-publish","format-standard","has-post-thumbnail","hentry","category-brasil"],"acf":[],"yoast_head":"<!-- This site is optimized with the Yoast SEO plugin v27.2 - https:\/\/yoast.com\/product\/yoast-seo-wordpress\/ -->\n<title>Mendes ironiza os partidos da base aliada, que j\u00e1 institu\u00edram, diz, a &quot;contribui\u00e7\u00e3o empresarial&quot; - Notibras<\/title>\n<meta name=\"robots\" content=\"index, follow, max-snippet:-1, max-image-preview:large, max-video-preview:-1\" \/>\n<link rel=\"canonical\" href=\"https:\/\/www.notibras.com\/site\/mendes-ironiza-partidos-da-base-que-instituiram-na-lava-jato-contribuicao-de-empresas\/\" \/>\n<meta property=\"og:locale\" content=\"pt_BR\" \/>\n<meta property=\"og:type\" content=\"article\" \/>\n<meta property=\"og:title\" content=\"Mendes ironiza os partidos da base aliada, que j\u00e1 institu\u00edram, diz, a &quot;contribui\u00e7\u00e3o empresarial&quot; - Notibras\" \/>\n<meta property=\"og:description\" content=\"O ministro Gilmar Mendes afirmou nesta quarta-feira (16), em sess\u00e3o de julgamento no Supremo Tribunal Federal, que a proibi\u00e7\u00e3o de doa\u00e7\u00f5es de empresas a partidos pol\u00edticos iria levar \u00e0 &#8220;fal\u00eancia&#8221; da oposi\u00e7\u00e3o e criticou duramente o PT, partido da presidente Dilma Rousseff. Isso porque, segundo Mendes, os esquemas de corrup\u00e7\u00e3o descobertos pela opera\u00e7\u00e3o Lava Jato [&hellip;]\" \/>\n<meta property=\"og:url\" content=\"https:\/\/www.notibras.com\/site\/mendes-ironiza-partidos-da-base-que-instituiram-na-lava-jato-contribuicao-de-empresas\/\" \/>\n<meta property=\"og:site_name\" content=\"Notibras\" \/>\n<meta property=\"article:publisher\" content=\"https:\/\/www.facebook.com\/notibras\/\" \/>\n<meta property=\"article:published_time\" content=\"2015-09-16T19:03:32+00:00\" \/>\n<meta property=\"article:modified_time\" content=\"2015-09-17T04:17:34+00:00\" \/>\n<meta property=\"og:image\" content=\"https:\/\/www.notibras.com\/site\/wp-content\/uploads\/2015\/09\/Gilmar_Mendes.jpg\" \/>\n\t<meta property=\"og:image:width\" content=\"2480\" \/>\n\t<meta property=\"og:image:height\" content=\"1772\" \/>\n\t<meta property=\"og:image:type\" content=\"image\/jpeg\" \/>\n<meta name=\"author\" content=\"Reda\u00e7\u00e3o\" \/>\n<meta name=\"twitter:card\" content=\"summary_large_image\" \/>\n<meta name=\"twitter:creator\" content=\"@Notibras\" \/>\n<meta name=\"twitter:site\" content=\"@Notibras\" \/>\n<meta name=\"twitter:label1\" content=\"Escrito por\" \/>\n\t<meta name=\"twitter:data1\" content=\"Reda\u00e7\u00e3o\" \/>\n\t<meta name=\"twitter:label2\" content=\"Est. tempo de leitura\" \/>\n\t<meta name=\"twitter:data2\" content=\"1 minuto\" \/>\n<script type=\"application\/ld+json\" class=\"yoast-schema-graph\">{\"@context\":\"https:\/\/schema.org\",\"@graph\":[{\"@type\":\"Article\",\"@id\":\"https:\/\/www.notibras.com\/site\/mendes-ironiza-partidos-da-base-que-instituiram-na-lava-jato-contribuicao-de-empresas\/#article\",\"isPartOf\":{\"@id\":\"https:\/\/www.notibras.com\/site\/mendes-ironiza-partidos-da-base-que-instituiram-na-lava-jato-contribuicao-de-empresas\/\"},\"author\":{\"name\":\"Reda\u00e7\u00e3o\",\"@id\":\"https:\/\/www.notibras.com\/site\/#\/schema\/person\/36ab0979449956132d3e5b517ea76ac8\"},\"headline\":\"Mendes ironiza os partidos da base aliada, que j\u00e1 institu\u00edram, diz, a &#8220;contribui\u00e7\u00e3o empresarial&#8221;\",\"datePublished\":\"2015-09-16T19:03:32+00:00\",\"dateModified\":\"2015-09-17T04:17:34+00:00\",\"mainEntityOfPage\":{\"@id\":\"https:\/\/www.notibras.com\/site\/mendes-ironiza-partidos-da-base-que-instituiram-na-lava-jato-contribuicao-de-empresas\/\"},\"wordCount\":300,\"commentCount\":0,\"publisher\":{\"@id\":\"https:\/\/www.notibras.com\/site\/#organization\"},\"image\":{\"@id\":\"https:\/\/www.notibras.com\/site\/mendes-ironiza-partidos-da-base-que-instituiram-na-lava-jato-contribuicao-de-empresas\/#primaryimage\"},\"thumbnailUrl\":\"https:\/\/www.notibras.com\/site\/wp-content\/uploads\/2015\/09\/Gilmar_Mendes.jpg\",\"articleSection\":[\"Brasil\"],\"inLanguage\":\"pt-BR\",\"potentialAction\":[{\"@type\":\"CommentAction\",\"name\":\"Comment\",\"target\":[\"https:\/\/www.notibras.com\/site\/mendes-ironiza-partidos-da-base-que-instituiram-na-lava-jato-contribuicao-de-empresas\/#respond\"]}]},{\"@type\":\"WebPage\",\"@id\":\"https:\/\/www.notibras.com\/site\/mendes-ironiza-partidos-da-base-que-instituiram-na-lava-jato-contribuicao-de-empresas\/\",\"url\":\"https:\/\/www.notibras.com\/site\/mendes-ironiza-partidos-da-base-que-instituiram-na-lava-jato-contribuicao-de-empresas\/\",\"name\":\"Mendes ironiza os partidos da base aliada, que j\u00e1 institu\u00edram, diz, a \\\"contribui\u00e7\u00e3o empresarial\\\" - Notibras\",\"isPartOf\":{\"@id\":\"https:\/\/www.notibras.com\/site\/#website\"},\"primaryImageOfPage\":{\"@id\":\"https:\/\/www.notibras.com\/site\/mendes-ironiza-partidos-da-base-que-instituiram-na-lava-jato-contribuicao-de-empresas\/#primaryimage\"},\"image\":{\"@id\":\"https:\/\/www.notibras.com\/site\/mendes-ironiza-partidos-da-base-que-instituiram-na-lava-jato-contribuicao-de-empresas\/#primaryimage\"},\"thumbnailUrl\":\"https:\/\/www.notibras.com\/site\/wp-content\/uploads\/2015\/09\/Gilmar_Mendes.jpg\",\"datePublished\":\"2015-09-16T19:03:32+00:00\",\"dateModified\":\"2015-09-17T04:17:34+00:00\",\"breadcrumb\":{\"@id\":\"https:\/\/www.notibras.com\/site\/mendes-ironiza-partidos-da-base-que-instituiram-na-lava-jato-contribuicao-de-empresas\/#breadcrumb\"},\"inLanguage\":\"pt-BR\",\"potentialAction\":[{\"@type\":\"ReadAction\",\"target\":[\"https:\/\/www.notibras.com\/site\/mendes-ironiza-partidos-da-base-que-instituiram-na-lava-jato-contribuicao-de-empresas\/\"]}]},{\"@type\":\"ImageObject\",\"inLanguage\":\"pt-BR\",\"@id\":\"https:\/\/www.notibras.com\/site\/mendes-ironiza-partidos-da-base-que-instituiram-na-lava-jato-contribuicao-de-empresas\/#primaryimage\",\"url\":\"https:\/\/www.notibras.com\/site\/wp-content\/uploads\/2015\/09\/Gilmar_Mendes.jpg\",\"contentUrl\":\"https:\/\/www.notibras.com\/site\/wp-content\/uploads\/2015\/09\/Gilmar_Mendes.jpg\",\"width\":2480,\"height\":1772},{\"@type\":\"BreadcrumbList\",\"@id\":\"https:\/\/www.notibras.com\/site\/mendes-ironiza-partidos-da-base-que-instituiram-na-lava-jato-contribuicao-de-empresas\/#breadcrumb\",\"itemListElement\":[{\"@type\":\"ListItem\",\"position\":1,\"name\":\"In\u00edcio\",\"item\":\"https:\/\/www.notibras.com\/site\/\"},{\"@type\":\"ListItem\",\"position\":2,\"name\":\"Mendes ironiza os partidos da base aliada, que j\u00e1 institu\u00edram, diz, a &#8220;contribui\u00e7\u00e3o empresarial&#8221;\"}]},{\"@type\":\"WebSite\",\"@id\":\"https:\/\/www.notibras.com\/site\/#website\",\"url\":\"https:\/\/www.notibras.com\/site\/\",\"name\":\"Notibras\",\"description\":\"Not\u00edcias de Bras\u00edlia, do Brasil e do Mundo\",\"publisher\":{\"@id\":\"https:\/\/www.notibras.com\/site\/#organization\"},\"potentialAction\":[{\"@type\":\"SearchAction\",\"target\":{\"@type\":\"EntryPoint\",\"urlTemplate\":\"https:\/\/www.notibras.com\/site\/?s={search_term_string}\"},\"query-input\":{\"@type\":\"PropertyValueSpecification\",\"valueRequired\":true,\"valueName\":\"search_term_string\"}}],\"inLanguage\":\"pt-BR\"},{\"@type\":\"Organization\",\"@id\":\"https:\/\/www.notibras.com\/site\/#organization\",\"name\":\"Grupo Notibras de Comunica\u00e7\u00e3o\",\"url\":\"https:\/\/www.notibras.com\/site\/\",\"logo\":{\"@type\":\"ImageObject\",\"inLanguage\":\"pt-BR\",\"@id\":\"https:\/\/www.notibras.com\/site\/#\/schema\/logo\/image\/\",\"url\":\"https:\/\/www.notibras.com\/site\/wp-content\/uploads\/2023\/01\/notibras23.png\",\"contentUrl\":\"https:\/\/www.notibras.com\/site\/wp-content\/uploads\/2023\/01\/notibras23.png\",\"width\":350,\"height\":87,\"caption\":\"Grupo Notibras de Comunica\u00e7\u00e3o\"},\"image\":{\"@id\":\"https:\/\/www.notibras.com\/site\/#\/schema\/logo\/image\/\"},\"sameAs\":[\"https:\/\/www.facebook.com\/notibras\/\",\"https:\/\/x.com\/Notibras\",\"https:\/\/www.instagram.com\/notibras\/\"]},{\"@type\":\"Person\",\"@id\":\"https:\/\/www.notibras.com\/site\/#\/schema\/person\/36ab0979449956132d3e5b517ea76ac8\",\"name\":\"Reda\u00e7\u00e3o\",\"image\":{\"@type\":\"ImageObject\",\"inLanguage\":\"pt-BR\",\"@id\":\"https:\/\/secure.gravatar.com\/avatar\/e0a867bdedb85fd243eadf09663511f96fc81e0720a4a42581f334ad4303aa6b?s=96&d=mm&r=g\",\"url\":\"https:\/\/secure.gravatar.com\/avatar\/e0a867bdedb85fd243eadf09663511f96fc81e0720a4a42581f334ad4303aa6b?s=96&d=mm&r=g\",\"contentUrl\":\"https:\/\/secure.gravatar.com\/avatar\/e0a867bdedb85fd243eadf09663511f96fc81e0720a4a42581f334ad4303aa6b?s=96&d=mm&r=g\",\"caption\":\"Reda\u00e7\u00e3o\"}}]}<\/script>\n<!-- \/ Yoast SEO plugin. -->","yoast_head_json":{"title":"Mendes ironiza os partidos da base aliada, que j\u00e1 institu\u00edram, diz, a \"contribui\u00e7\u00e3o empresarial\" - Notibras","robots":{"index":"index","follow":"follow","max-snippet":"max-snippet:-1","max-image-preview":"max-image-preview:large","max-video-preview":"max-video-preview:-1"},"canonical":"https:\/\/www.notibras.com\/site\/mendes-ironiza-partidos-da-base-que-instituiram-na-lava-jato-contribuicao-de-empresas\/","og_locale":"pt_BR","og_type":"article","og_title":"Mendes ironiza os partidos da base aliada, que j\u00e1 institu\u00edram, diz, a \"contribui\u00e7\u00e3o empresarial\" - Notibras","og_description":"O ministro Gilmar Mendes afirmou nesta quarta-feira (16), em sess\u00e3o de julgamento no Supremo Tribunal Federal, que a proibi\u00e7\u00e3o de doa\u00e7\u00f5es de empresas a partidos pol\u00edticos iria levar \u00e0 &#8220;fal\u00eancia&#8221; da oposi\u00e7\u00e3o e criticou duramente o PT, partido da presidente Dilma Rousseff. Isso porque, segundo Mendes, os esquemas de corrup\u00e7\u00e3o descobertos pela opera\u00e7\u00e3o Lava Jato [&hellip;]","og_url":"https:\/\/www.notibras.com\/site\/mendes-ironiza-partidos-da-base-que-instituiram-na-lava-jato-contribuicao-de-empresas\/","og_site_name":"Notibras","article_publisher":"https:\/\/www.facebook.com\/notibras\/","article_published_time":"2015-09-16T19:03:32+00:00","article_modified_time":"2015-09-17T04:17:34+00:00","og_image":[{"width":2480,"height":1772,"url":"https:\/\/www.notibras.com\/site\/wp-content\/uploads\/2015\/09\/Gilmar_Mendes.jpg","type":"image\/jpeg"}],"author":"Reda\u00e7\u00e3o","twitter_card":"summary_large_image","twitter_creator":"@Notibras","twitter_site":"@Notibras","twitter_misc":{"Escrito por":"Reda\u00e7\u00e3o","Est. tempo de leitura":"1 minuto"},"schema":{"@context":"https:\/\/schema.org","@graph":[{"@type":"Article","@id":"https:\/\/www.notibras.com\/site\/mendes-ironiza-partidos-da-base-que-instituiram-na-lava-jato-contribuicao-de-empresas\/#article","isPartOf":{"@id":"https:\/\/www.notibras.com\/site\/mendes-ironiza-partidos-da-base-que-instituiram-na-lava-jato-contribuicao-de-empresas\/"},"author":{"name":"Reda\u00e7\u00e3o","@id":"https:\/\/www.notibras.com\/site\/#\/schema\/person\/36ab0979449956132d3e5b517ea76ac8"},"headline":"Mendes ironiza os partidos da base aliada, que j\u00e1 institu\u00edram, diz, a &#8220;contribui\u00e7\u00e3o empresarial&#8221;","datePublished":"2015-09-16T19:03:32+00:00","dateModified":"2015-09-17T04:17:34+00:00","mainEntityOfPage":{"@id":"https:\/\/www.notibras.com\/site\/mendes-ironiza-partidos-da-base-que-instituiram-na-lava-jato-contribuicao-de-empresas\/"},"wordCount":300,"commentCount":0,"publisher":{"@id":"https:\/\/www.notibras.com\/site\/#organization"},"image":{"@id":"https:\/\/www.notibras.com\/site\/mendes-ironiza-partidos-da-base-que-instituiram-na-lava-jato-contribuicao-de-empresas\/#primaryimage"},"thumbnailUrl":"https:\/\/www.notibras.com\/site\/wp-content\/uploads\/2015\/09\/Gilmar_Mendes.jpg","articleSection":["Brasil"],"inLanguage":"pt-BR","potentialAction":[{"@type":"CommentAction","name":"Comment","target":["https:\/\/www.notibras.com\/site\/mendes-ironiza-partidos-da-base-que-instituiram-na-lava-jato-contribuicao-de-empresas\/#respond"]}]},{"@type":"WebPage","@id":"https:\/\/www.notibras.com\/site\/mendes-ironiza-partidos-da-base-que-instituiram-na-lava-jato-contribuicao-de-empresas\/","url":"https:\/\/www.notibras.com\/site\/mendes-ironiza-partidos-da-base-que-instituiram-na-lava-jato-contribuicao-de-empresas\/","name":"Mendes ironiza os partidos da base aliada, que j\u00e1 institu\u00edram, diz, a \"contribui\u00e7\u00e3o empresarial\" - Notibras","isPartOf":{"@id":"https:\/\/www.notibras.com\/site\/#website"},"primaryImageOfPage":{"@id":"https:\/\/www.notibras.com\/site\/mendes-ironiza-partidos-da-base-que-instituiram-na-lava-jato-contribuicao-de-empresas\/#primaryimage"},"image":{"@id":"https:\/\/www.notibras.com\/site\/mendes-ironiza-partidos-da-base-que-instituiram-na-lava-jato-contribuicao-de-empresas\/#primaryimage"},"thumbnailUrl":"https:\/\/www.notibras.com\/site\/wp-content\/uploads\/2015\/09\/Gilmar_Mendes.jpg","datePublished":"2015-09-16T19:03:32+00:00","dateModified":"2015-09-17T04:17:34+00:00","breadcrumb":{"@id":"https:\/\/www.notibras.com\/site\/mendes-ironiza-partidos-da-base-que-instituiram-na-lava-jato-contribuicao-de-empresas\/#breadcrumb"},"inLanguage":"pt-BR","potentialAction":[{"@type":"ReadAction","target":["https:\/\/www.notibras.com\/site\/mendes-ironiza-partidos-da-base-que-instituiram-na-lava-jato-contribuicao-de-empresas\/"]}]},{"@type":"ImageObject","inLanguage":"pt-BR","@id":"https:\/\/www.notibras.com\/site\/mendes-ironiza-partidos-da-base-que-instituiram-na-lava-jato-contribuicao-de-empresas\/#primaryimage","url":"https:\/\/www.notibras.com\/site\/wp-content\/uploads\/2015\/09\/Gilmar_Mendes.jpg","contentUrl":"https:\/\/www.notibras.com\/site\/wp-content\/uploads\/2015\/09\/Gilmar_Mendes.jpg","width":2480,"height":1772},{"@type":"BreadcrumbList","@id":"https:\/\/www.notibras.com\/site\/mendes-ironiza-partidos-da-base-que-instituiram-na-lava-jato-contribuicao-de-empresas\/#breadcrumb","itemListElement":[{"@type":"ListItem","position":1,"name":"In\u00edcio","item":"https:\/\/www.notibras.com\/site\/"},{"@type":"ListItem","position":2,"name":"Mendes ironiza os partidos da base aliada, que j\u00e1 institu\u00edram, diz, a &#8220;contribui\u00e7\u00e3o empresarial&#8221;"}]},{"@type":"WebSite","@id":"https:\/\/www.notibras.com\/site\/#website","url":"https:\/\/www.notibras.com\/site\/","name":"Notibras","description":"Not\u00edcias de Bras\u00edlia, do Brasil e do Mundo","publisher":{"@id":"https:\/\/www.notibras.com\/site\/#organization"},"potentialAction":[{"@type":"SearchAction","target":{"@type":"EntryPoint","urlTemplate":"https:\/\/www.notibras.com\/site\/?s={search_term_string}"},"query-input":{"@type":"PropertyValueSpecification","valueRequired":true,"valueName":"search_term_string"}}],"inLanguage":"pt-BR"},{"@type":"Organization","@id":"https:\/\/www.notibras.com\/site\/#organization","name":"Grupo Notibras de Comunica\u00e7\u00e3o","url":"https:\/\/www.notibras.com\/site\/","logo":{"@type":"ImageObject","inLanguage":"pt-BR","@id":"https:\/\/www.notibras.com\/site\/#\/schema\/logo\/image\/","url":"https:\/\/www.notibras.com\/site\/wp-content\/uploads\/2023\/01\/notibras23.png","contentUrl":"https:\/\/www.notibras.com\/site\/wp-content\/uploads\/2023\/01\/notibras23.png","width":350,"height":87,"caption":"Grupo Notibras de Comunica\u00e7\u00e3o"},"image":{"@id":"https:\/\/www.notibras.com\/site\/#\/schema\/logo\/image\/"},"sameAs":["https:\/\/www.facebook.com\/notibras\/","https:\/\/x.com\/Notibras","https:\/\/www.instagram.com\/notibras\/"]},{"@type":"Person","@id":"https:\/\/www.notibras.com\/site\/#\/schema\/person\/36ab0979449956132d3e5b517ea76ac8","name":"Reda\u00e7\u00e3o","image":{"@type":"ImageObject","inLanguage":"pt-BR","@id":"https:\/\/secure.gravatar.com\/avatar\/e0a867bdedb85fd243eadf09663511f96fc81e0720a4a42581f334ad4303aa6b?s=96&d=mm&r=g","url":"https:\/\/secure.gravatar.com\/avatar\/e0a867bdedb85fd243eadf09663511f96fc81e0720a4a42581f334ad4303aa6b?s=96&d=mm&r=g","contentUrl":"https:\/\/secure.gravatar.com\/avatar\/e0a867bdedb85fd243eadf09663511f96fc81e0720a4a42581f334ad4303aa6b?s=96&d=mm&r=g","caption":"Reda\u00e7\u00e3o"}}]}},"amp_enabled":true,"_links":{"self":[{"href":"https:\/\/www.notibras.com\/site\/wp-json\/wp\/v2\/posts\/68125","targetHints":{"allow":["GET"]}}],"collection":[{"href":"https:\/\/www.notibras.com\/site\/wp-json\/wp\/v2\/posts"}],"about":[{"href":"https:\/\/www.notibras.com\/site\/wp-json\/wp\/v2\/types\/post"}],"author":[{"embeddable":true,"href":"https:\/\/www.notibras.com\/site\/wp-json\/wp\/v2\/users\/2"}],"replies":[{"embeddable":true,"href":"https:\/\/www.notibras.com\/site\/wp-json\/wp\/v2\/comments?post=68125"}],"version-history":[{"count":6,"href":"https:\/\/www.notibras.com\/site\/wp-json\/wp\/v2\/posts\/68125\/revisions"}],"predecessor-version":[{"id":68197,"href":"https:\/\/www.notibras.com\/site\/wp-json\/wp\/v2\/posts\/68125\/revisions\/68197"}],"wp:featuredmedia":[{"embeddable":true,"href":"https:\/\/www.notibras.com\/site\/wp-json\/wp\/v2\/media\/68126"}],"wp:attachment":[{"href":"https:\/\/www.notibras.com\/site\/wp-json\/wp\/v2\/media?parent=68125"}],"wp:term":[{"taxonomy":"category","embeddable":true,"href":"https:\/\/www.notibras.com\/site\/wp-json\/wp\/v2\/categories?post=68125"},{"taxonomy":"post_tag","embeddable":true,"href":"https:\/\/www.notibras.com\/site\/wp-json\/wp\/v2\/tags?post=68125"}],"curies":[{"name":"wp","href":"https:\/\/api.w.org\/{rel}","templated":true}]}}