{"id":6816,"date":"2014-04-15T17:43:11","date_gmt":"2014-04-15T20:43:11","guid":{"rendered":"http:\/\/www.notibras.com\/site\/?p=6816"},"modified":"2014-04-15T18:46:16","modified_gmt":"2014-04-15T21:46:16","slug":"governo-projeta-minimo-de-779-reais-para-2015","status":"publish","type":"post","link":"https:\/\/www.notibras.com\/site\/governo-projeta-minimo-de-779-reais-para-2015\/","title":{"rendered":"Governo projeta sal\u00e1rio m\u00ednimo de 779 em 2015"},"content":{"rendered":"<p>Com estimativa de crescimento da economia de 3% e infla\u00e7\u00e3o, medida pelo \u00cdndice Nacional de Pre\u00e7os ao Consumidor Amplo (IPCA), em 5% para 2015, o governo encaminhou nesta ter\u00e7a-feira (15) ao Congresso Nacional, o Projeto de Lei de Diretrizes Or\u00e7ament\u00e1rias para 2015 (LDO-2015). Pelo projeto, o sal\u00e1rio m\u00ednimo ser\u00e1 reajustado em 7,71% e vai ficar em R$ 779,79 em 2015.<\/p>\n<p>O governo estima que o super\u00e1vit prim\u00e1rio para o setor p\u00fablico consolidado ser\u00e1 de R$ 143,3 bilh\u00f5es, valor que corresponde a 2,5% do Produto Interno Bruto (PIB) &#8211; soma de todos os bens e servi\u00e7os produzidos no pa\u00eds. Com o abatimento dos R$ 28,7 bilh\u00f5es destinados ao Programa de Acelera\u00e7\u00e3o do Crescimento (PAC), a meta do super\u00e1vit prim\u00e1rio fica em R$ 114,7 bilh\u00f5es (ou 2% do PIB).<\/p>\n<p>Super\u00e1vit prim\u00e1rio \u00e9 a poupan\u00e7a para pagar os juros da d\u00edvida que o governo tem com outros pa\u00edses e outros credores. Na medida em que o pa\u00eds consegue alcan\u00e7ar as metas de super\u00e1vits prim\u00e1rios, indica que tem condi\u00e7\u00f5es de pagar suas dividas.<\/p>\n<p>A Lei de Diretrizes Or\u00e7ament\u00e1rias (LDO) tem como principal finalidade orientar a elabora\u00e7\u00e3o dos or\u00e7amentos fiscais e da seguridade social e de investimento dos poderes Executivo, Legislativo, Judici\u00e1rio, das empresas p\u00fablicas e das autarquias.<\/p>\n<p>Com a LDO, o governo estabelece as metas e prioridades da administra\u00e7\u00e3o p\u00fablica federal, incluindo as despesas de capital para o exerc\u00edcio financeiro do ano seguinte.<\/p>\n<p>A LDO tem de ser enviada pelo Executivo ao Congresso at\u00e9 15 de abril e aprovada pelo Legislativo at\u00e9 30 de junho. Se n\u00e3o for aprovada nesse per\u00edodo, o Congresso n\u00e3o pode ter recesso em julho. A aprova\u00e7\u00e3o da LDO \u00e9 a base para elaborar o Projeto de Lei Or\u00e7ament\u00e1ria Anual (LOA), que deve ser apreciada pelo Congresso Nacional at\u00e9 agosto.<\/p>\n<p>Como \u00e9 lei, ap\u00f3s sancionada, nenhum governante deve aumentar despesas, gastar mais do que est\u00e1 previsto na Lei Or\u00e7ament\u00e1ria ou criar novos impostos para o pagamento de suas\u00a0 contas sem autoriza\u00e7\u00e3o do Legislativo.<\/p>\n<p>Com a Lei de Responsabilidade Fiscal, a LDO passou a ter um papel importante na condu\u00e7\u00e3o da pol\u00edtica fiscal do governo, devendo estabelecer e indicar as metas fiscais a serem atingidas a cada exerc\u00edcio financeiro a que se refere.<\/p>\n<div><strong>Daniel Lima e Kelly Oliveira, ABr<\/strong><strong><\/strong><\/div>\n","protected":false},"excerpt":{"rendered":"<p>Com estimativa de crescimento da economia de 3% e infla\u00e7\u00e3o, medida pelo \u00cdndice Nacional de Pre\u00e7os ao Consumidor Amplo (IPCA), em 5% para 2015, o governo encaminhou nesta ter\u00e7a-feira (15) ao Congresso Nacional, o Projeto de Lei de Diretrizes Or\u00e7ament\u00e1rias para 2015 (LDO-2015). Pelo projeto, o sal\u00e1rio m\u00ednimo ser\u00e1 reajustado em 7,71% e vai ficar [&hellip;]<\/p>\n","protected":false},"author":2,"featured_media":6817,"comment_status":"open","ping_status":"closed","sticky":false,"template":"","format":"standard","meta":{"_acf_changed":false,"footnotes":""},"categories":[16],"tags":[],"class_list":["post-6816","post","type-post","status-publish","format-standard","has-post-thumbnail","hentry","category-brasil"],"acf":[],"yoast_head":"<!-- This site is optimized with the Yoast SEO plugin v27.2 - https:\/\/yoast.com\/product\/yoast-seo-wordpress\/ -->\n<title>Governo projeta sal\u00e1rio m\u00ednimo de 779 em 2015 - Notibras<\/title>\n<meta name=\"robots\" content=\"index, follow, max-snippet:-1, max-image-preview:large, max-video-preview:-1\" \/>\n<link rel=\"canonical\" href=\"https:\/\/www.notibras.com\/site\/governo-projeta-minimo-de-779-reais-para-2015\/\" \/>\n<meta property=\"og:locale\" content=\"pt_BR\" \/>\n<meta property=\"og:type\" content=\"article\" \/>\n<meta property=\"og:title\" content=\"Governo projeta sal\u00e1rio m\u00ednimo de 779 em 2015 - Notibras\" \/>\n<meta property=\"og:description\" content=\"Com estimativa de crescimento da economia de 3% e infla\u00e7\u00e3o, medida pelo \u00cdndice Nacional de Pre\u00e7os ao Consumidor Amplo (IPCA), em 5% para 2015, o governo encaminhou nesta ter\u00e7a-feira (15) ao Congresso Nacional, o Projeto de Lei de Diretrizes Or\u00e7ament\u00e1rias para 2015 (LDO-2015). Pelo projeto, o sal\u00e1rio m\u00ednimo ser\u00e1 reajustado em 7,71% e vai ficar [&hellip;]\" \/>\n<meta property=\"og:url\" content=\"https:\/\/www.notibras.com\/site\/governo-projeta-minimo-de-779-reais-para-2015\/\" \/>\n<meta property=\"og:site_name\" content=\"Notibras\" \/>\n<meta property=\"article:publisher\" content=\"https:\/\/www.facebook.com\/notibras\/\" \/>\n<meta property=\"article:published_time\" content=\"2014-04-15T20:43:11+00:00\" \/>\n<meta property=\"article:modified_time\" content=\"2014-04-15T21:46:16+00:00\" \/>\n<meta property=\"og:image\" content=\"https:\/\/www.notibras.com\/site\/wp-content\/uploads\/2014\/04\/dinheiro-real.jpg\" \/>\n\t<meta property=\"og:image:width\" content=\"480\" \/>\n\t<meta property=\"og:image:height\" content=\"340\" \/>\n\t<meta property=\"og:image:type\" content=\"image\/jpeg\" \/>\n<meta name=\"author\" content=\"Reda\u00e7\u00e3o\" \/>\n<meta name=\"twitter:card\" content=\"summary_large_image\" \/>\n<meta name=\"twitter:creator\" content=\"@Notibras\" \/>\n<meta name=\"twitter:site\" content=\"@Notibras\" \/>\n<meta name=\"twitter:label1\" content=\"Escrito por\" \/>\n\t<meta name=\"twitter:data1\" content=\"Reda\u00e7\u00e3o\" \/>\n\t<meta name=\"twitter:label2\" content=\"Est. tempo de leitura\" \/>\n\t<meta name=\"twitter:data2\" content=\"2 minutos\" \/>\n<script type=\"application\/ld+json\" class=\"yoast-schema-graph\">{\"@context\":\"https:\/\/schema.org\",\"@graph\":[{\"@type\":\"Article\",\"@id\":\"https:\/\/www.notibras.com\/site\/governo-projeta-minimo-de-779-reais-para-2015\/#article\",\"isPartOf\":{\"@id\":\"https:\/\/www.notibras.com\/site\/governo-projeta-minimo-de-779-reais-para-2015\/\"},\"author\":{\"name\":\"Reda\u00e7\u00e3o\",\"@id\":\"https:\/\/www.notibras.com\/site\/#\/schema\/person\/36ab0979449956132d3e5b517ea76ac8\"},\"headline\":\"Governo projeta sal\u00e1rio m\u00ednimo de 779 em 2015\",\"datePublished\":\"2014-04-15T20:43:11+00:00\",\"dateModified\":\"2014-04-15T21:46:16+00:00\",\"mainEntityOfPage\":{\"@id\":\"https:\/\/www.notibras.com\/site\/governo-projeta-minimo-de-779-reais-para-2015\/\"},\"wordCount\":408,\"commentCount\":0,\"publisher\":{\"@id\":\"https:\/\/www.notibras.com\/site\/#organization\"},\"image\":{\"@id\":\"https:\/\/www.notibras.com\/site\/governo-projeta-minimo-de-779-reais-para-2015\/#primaryimage\"},\"thumbnailUrl\":\"https:\/\/www.notibras.com\/site\/wp-content\/uploads\/2014\/04\/dinheiro-real.jpg\",\"articleSection\":[\"Brasil\"],\"inLanguage\":\"pt-BR\",\"potentialAction\":[{\"@type\":\"CommentAction\",\"name\":\"Comment\",\"target\":[\"https:\/\/www.notibras.com\/site\/governo-projeta-minimo-de-779-reais-para-2015\/#respond\"]}]},{\"@type\":\"WebPage\",\"@id\":\"https:\/\/www.notibras.com\/site\/governo-projeta-minimo-de-779-reais-para-2015\/\",\"url\":\"https:\/\/www.notibras.com\/site\/governo-projeta-minimo-de-779-reais-para-2015\/\",\"name\":\"Governo projeta sal\u00e1rio m\u00ednimo de 779 em 2015 - Notibras\",\"isPartOf\":{\"@id\":\"https:\/\/www.notibras.com\/site\/#website\"},\"primaryImageOfPage\":{\"@id\":\"https:\/\/www.notibras.com\/site\/governo-projeta-minimo-de-779-reais-para-2015\/#primaryimage\"},\"image\":{\"@id\":\"https:\/\/www.notibras.com\/site\/governo-projeta-minimo-de-779-reais-para-2015\/#primaryimage\"},\"thumbnailUrl\":\"https:\/\/www.notibras.com\/site\/wp-content\/uploads\/2014\/04\/dinheiro-real.jpg\",\"datePublished\":\"2014-04-15T20:43:11+00:00\",\"dateModified\":\"2014-04-15T21:46:16+00:00\",\"breadcrumb\":{\"@id\":\"https:\/\/www.notibras.com\/site\/governo-projeta-minimo-de-779-reais-para-2015\/#breadcrumb\"},\"inLanguage\":\"pt-BR\",\"potentialAction\":[{\"@type\":\"ReadAction\",\"target\":[\"https:\/\/www.notibras.com\/site\/governo-projeta-minimo-de-779-reais-para-2015\/\"]}]},{\"@type\":\"ImageObject\",\"inLanguage\":\"pt-BR\",\"@id\":\"https:\/\/www.notibras.com\/site\/governo-projeta-minimo-de-779-reais-para-2015\/#primaryimage\",\"url\":\"https:\/\/www.notibras.com\/site\/wp-content\/uploads\/2014\/04\/dinheiro-real.jpg\",\"contentUrl\":\"https:\/\/www.notibras.com\/site\/wp-content\/uploads\/2014\/04\/dinheiro-real.jpg\",\"width\":480,\"height\":340},{\"@type\":\"BreadcrumbList\",\"@id\":\"https:\/\/www.notibras.com\/site\/governo-projeta-minimo-de-779-reais-para-2015\/#breadcrumb\",\"itemListElement\":[{\"@type\":\"ListItem\",\"position\":1,\"name\":\"In\u00edcio\",\"item\":\"https:\/\/www.notibras.com\/site\/\"},{\"@type\":\"ListItem\",\"position\":2,\"name\":\"Governo projeta sal\u00e1rio m\u00ednimo de 779 em 2015\"}]},{\"@type\":\"WebSite\",\"@id\":\"https:\/\/www.notibras.com\/site\/#website\",\"url\":\"https:\/\/www.notibras.com\/site\/\",\"name\":\"Notibras\",\"description\":\"Not\u00edcias de Bras\u00edlia, do Brasil e do Mundo\",\"publisher\":{\"@id\":\"https:\/\/www.notibras.com\/site\/#organization\"},\"potentialAction\":[{\"@type\":\"SearchAction\",\"target\":{\"@type\":\"EntryPoint\",\"urlTemplate\":\"https:\/\/www.notibras.com\/site\/?s={search_term_string}\"},\"query-input\":{\"@type\":\"PropertyValueSpecification\",\"valueRequired\":true,\"valueName\":\"search_term_string\"}}],\"inLanguage\":\"pt-BR\"},{\"@type\":\"Organization\",\"@id\":\"https:\/\/www.notibras.com\/site\/#organization\",\"name\":\"Grupo Notibras de Comunica\u00e7\u00e3o\",\"url\":\"https:\/\/www.notibras.com\/site\/\",\"logo\":{\"@type\":\"ImageObject\",\"inLanguage\":\"pt-BR\",\"@id\":\"https:\/\/www.notibras.com\/site\/#\/schema\/logo\/image\/\",\"url\":\"https:\/\/www.notibras.com\/site\/wp-content\/uploads\/2023\/01\/notibras23.png\",\"contentUrl\":\"https:\/\/www.notibras.com\/site\/wp-content\/uploads\/2023\/01\/notibras23.png\",\"width\":350,\"height\":87,\"caption\":\"Grupo Notibras de Comunica\u00e7\u00e3o\"},\"image\":{\"@id\":\"https:\/\/www.notibras.com\/site\/#\/schema\/logo\/image\/\"},\"sameAs\":[\"https:\/\/www.facebook.com\/notibras\/\",\"https:\/\/x.com\/Notibras\",\"https:\/\/www.instagram.com\/notibras\/\"]},{\"@type\":\"Person\",\"@id\":\"https:\/\/www.notibras.com\/site\/#\/schema\/person\/36ab0979449956132d3e5b517ea76ac8\",\"name\":\"Reda\u00e7\u00e3o\",\"image\":{\"@type\":\"ImageObject\",\"inLanguage\":\"pt-BR\",\"@id\":\"https:\/\/secure.gravatar.com\/avatar\/e0a867bdedb85fd243eadf09663511f96fc81e0720a4a42581f334ad4303aa6b?s=96&d=mm&r=g\",\"url\":\"https:\/\/secure.gravatar.com\/avatar\/e0a867bdedb85fd243eadf09663511f96fc81e0720a4a42581f334ad4303aa6b?s=96&d=mm&r=g\",\"contentUrl\":\"https:\/\/secure.gravatar.com\/avatar\/e0a867bdedb85fd243eadf09663511f96fc81e0720a4a42581f334ad4303aa6b?s=96&d=mm&r=g\",\"caption\":\"Reda\u00e7\u00e3o\"}}]}<\/script>\n<!-- \/ Yoast SEO plugin. -->","yoast_head_json":{"title":"Governo projeta sal\u00e1rio m\u00ednimo de 779 em 2015 - Notibras","robots":{"index":"index","follow":"follow","max-snippet":"max-snippet:-1","max-image-preview":"max-image-preview:large","max-video-preview":"max-video-preview:-1"},"canonical":"https:\/\/www.notibras.com\/site\/governo-projeta-minimo-de-779-reais-para-2015\/","og_locale":"pt_BR","og_type":"article","og_title":"Governo projeta sal\u00e1rio m\u00ednimo de 779 em 2015 - Notibras","og_description":"Com estimativa de crescimento da economia de 3% e infla\u00e7\u00e3o, medida pelo \u00cdndice Nacional de Pre\u00e7os ao Consumidor Amplo (IPCA), em 5% para 2015, o governo encaminhou nesta ter\u00e7a-feira (15) ao Congresso Nacional, o Projeto de Lei de Diretrizes Or\u00e7ament\u00e1rias para 2015 (LDO-2015). Pelo projeto, o sal\u00e1rio m\u00ednimo ser\u00e1 reajustado em 7,71% e vai ficar [&hellip;]","og_url":"https:\/\/www.notibras.com\/site\/governo-projeta-minimo-de-779-reais-para-2015\/","og_site_name":"Notibras","article_publisher":"https:\/\/www.facebook.com\/notibras\/","article_published_time":"2014-04-15T20:43:11+00:00","article_modified_time":"2014-04-15T21:46:16+00:00","og_image":[{"width":480,"height":340,"url":"https:\/\/www.notibras.com\/site\/wp-content\/uploads\/2014\/04\/dinheiro-real.jpg","type":"image\/jpeg"}],"author":"Reda\u00e7\u00e3o","twitter_card":"summary_large_image","twitter_creator":"@Notibras","twitter_site":"@Notibras","twitter_misc":{"Escrito por":"Reda\u00e7\u00e3o","Est. tempo de leitura":"2 minutos"},"schema":{"@context":"https:\/\/schema.org","@graph":[{"@type":"Article","@id":"https:\/\/www.notibras.com\/site\/governo-projeta-minimo-de-779-reais-para-2015\/#article","isPartOf":{"@id":"https:\/\/www.notibras.com\/site\/governo-projeta-minimo-de-779-reais-para-2015\/"},"author":{"name":"Reda\u00e7\u00e3o","@id":"https:\/\/www.notibras.com\/site\/#\/schema\/person\/36ab0979449956132d3e5b517ea76ac8"},"headline":"Governo projeta sal\u00e1rio m\u00ednimo de 779 em 2015","datePublished":"2014-04-15T20:43:11+00:00","dateModified":"2014-04-15T21:46:16+00:00","mainEntityOfPage":{"@id":"https:\/\/www.notibras.com\/site\/governo-projeta-minimo-de-779-reais-para-2015\/"},"wordCount":408,"commentCount":0,"publisher":{"@id":"https:\/\/www.notibras.com\/site\/#organization"},"image":{"@id":"https:\/\/www.notibras.com\/site\/governo-projeta-minimo-de-779-reais-para-2015\/#primaryimage"},"thumbnailUrl":"https:\/\/www.notibras.com\/site\/wp-content\/uploads\/2014\/04\/dinheiro-real.jpg","articleSection":["Brasil"],"inLanguage":"pt-BR","potentialAction":[{"@type":"CommentAction","name":"Comment","target":["https:\/\/www.notibras.com\/site\/governo-projeta-minimo-de-779-reais-para-2015\/#respond"]}]},{"@type":"WebPage","@id":"https:\/\/www.notibras.com\/site\/governo-projeta-minimo-de-779-reais-para-2015\/","url":"https:\/\/www.notibras.com\/site\/governo-projeta-minimo-de-779-reais-para-2015\/","name":"Governo projeta sal\u00e1rio m\u00ednimo de 779 em 2015 - Notibras","isPartOf":{"@id":"https:\/\/www.notibras.com\/site\/#website"},"primaryImageOfPage":{"@id":"https:\/\/www.notibras.com\/site\/governo-projeta-minimo-de-779-reais-para-2015\/#primaryimage"},"image":{"@id":"https:\/\/www.notibras.com\/site\/governo-projeta-minimo-de-779-reais-para-2015\/#primaryimage"},"thumbnailUrl":"https:\/\/www.notibras.com\/site\/wp-content\/uploads\/2014\/04\/dinheiro-real.jpg","datePublished":"2014-04-15T20:43:11+00:00","dateModified":"2014-04-15T21:46:16+00:00","breadcrumb":{"@id":"https:\/\/www.notibras.com\/site\/governo-projeta-minimo-de-779-reais-para-2015\/#breadcrumb"},"inLanguage":"pt-BR","potentialAction":[{"@type":"ReadAction","target":["https:\/\/www.notibras.com\/site\/governo-projeta-minimo-de-779-reais-para-2015\/"]}]},{"@type":"ImageObject","inLanguage":"pt-BR","@id":"https:\/\/www.notibras.com\/site\/governo-projeta-minimo-de-779-reais-para-2015\/#primaryimage","url":"https:\/\/www.notibras.com\/site\/wp-content\/uploads\/2014\/04\/dinheiro-real.jpg","contentUrl":"https:\/\/www.notibras.com\/site\/wp-content\/uploads\/2014\/04\/dinheiro-real.jpg","width":480,"height":340},{"@type":"BreadcrumbList","@id":"https:\/\/www.notibras.com\/site\/governo-projeta-minimo-de-779-reais-para-2015\/#breadcrumb","itemListElement":[{"@type":"ListItem","position":1,"name":"In\u00edcio","item":"https:\/\/www.notibras.com\/site\/"},{"@type":"ListItem","position":2,"name":"Governo projeta sal\u00e1rio m\u00ednimo de 779 em 2015"}]},{"@type":"WebSite","@id":"https:\/\/www.notibras.com\/site\/#website","url":"https:\/\/www.notibras.com\/site\/","name":"Notibras","description":"Not\u00edcias de Bras\u00edlia, do Brasil e do Mundo","publisher":{"@id":"https:\/\/www.notibras.com\/site\/#organization"},"potentialAction":[{"@type":"SearchAction","target":{"@type":"EntryPoint","urlTemplate":"https:\/\/www.notibras.com\/site\/?s={search_term_string}"},"query-input":{"@type":"PropertyValueSpecification","valueRequired":true,"valueName":"search_term_string"}}],"inLanguage":"pt-BR"},{"@type":"Organization","@id":"https:\/\/www.notibras.com\/site\/#organization","name":"Grupo Notibras de Comunica\u00e7\u00e3o","url":"https:\/\/www.notibras.com\/site\/","logo":{"@type":"ImageObject","inLanguage":"pt-BR","@id":"https:\/\/www.notibras.com\/site\/#\/schema\/logo\/image\/","url":"https:\/\/www.notibras.com\/site\/wp-content\/uploads\/2023\/01\/notibras23.png","contentUrl":"https:\/\/www.notibras.com\/site\/wp-content\/uploads\/2023\/01\/notibras23.png","width":350,"height":87,"caption":"Grupo Notibras de Comunica\u00e7\u00e3o"},"image":{"@id":"https:\/\/www.notibras.com\/site\/#\/schema\/logo\/image\/"},"sameAs":["https:\/\/www.facebook.com\/notibras\/","https:\/\/x.com\/Notibras","https:\/\/www.instagram.com\/notibras\/"]},{"@type":"Person","@id":"https:\/\/www.notibras.com\/site\/#\/schema\/person\/36ab0979449956132d3e5b517ea76ac8","name":"Reda\u00e7\u00e3o","image":{"@type":"ImageObject","inLanguage":"pt-BR","@id":"https:\/\/secure.gravatar.com\/avatar\/e0a867bdedb85fd243eadf09663511f96fc81e0720a4a42581f334ad4303aa6b?s=96&d=mm&r=g","url":"https:\/\/secure.gravatar.com\/avatar\/e0a867bdedb85fd243eadf09663511f96fc81e0720a4a42581f334ad4303aa6b?s=96&d=mm&r=g","contentUrl":"https:\/\/secure.gravatar.com\/avatar\/e0a867bdedb85fd243eadf09663511f96fc81e0720a4a42581f334ad4303aa6b?s=96&d=mm&r=g","caption":"Reda\u00e7\u00e3o"}}]}},"amp_enabled":true,"_links":{"self":[{"href":"https:\/\/www.notibras.com\/site\/wp-json\/wp\/v2\/posts\/6816","targetHints":{"allow":["GET"]}}],"collection":[{"href":"https:\/\/www.notibras.com\/site\/wp-json\/wp\/v2\/posts"}],"about":[{"href":"https:\/\/www.notibras.com\/site\/wp-json\/wp\/v2\/types\/post"}],"author":[{"embeddable":true,"href":"https:\/\/www.notibras.com\/site\/wp-json\/wp\/v2\/users\/2"}],"replies":[{"embeddable":true,"href":"https:\/\/www.notibras.com\/site\/wp-json\/wp\/v2\/comments?post=6816"}],"version-history":[{"count":0,"href":"https:\/\/www.notibras.com\/site\/wp-json\/wp\/v2\/posts\/6816\/revisions"}],"wp:featuredmedia":[{"embeddable":true,"href":"https:\/\/www.notibras.com\/site\/wp-json\/wp\/v2\/media\/6817"}],"wp:attachment":[{"href":"https:\/\/www.notibras.com\/site\/wp-json\/wp\/v2\/media?parent=6816"}],"wp:term":[{"taxonomy":"category","embeddable":true,"href":"https:\/\/www.notibras.com\/site\/wp-json\/wp\/v2\/categories?post=6816"},{"taxonomy":"post_tag","embeddable":true,"href":"https:\/\/www.notibras.com\/site\/wp-json\/wp\/v2\/tags?post=6816"}],"curies":[{"name":"wp","href":"https:\/\/api.w.org\/{rel}","templated":true}]}}