{"id":68165,"date":"2015-09-16T23:09:46","date_gmt":"2015-09-17T02:09:46","guid":{"rendered":"http:\/\/www.notibras.com\/site\/?p=68165"},"modified":"2015-09-18T09:11:12","modified_gmt":"2015-09-18T12:11:12","slug":"afinal-faculdade-e-para-ter-festa-da-xoxota-ou-para-preparar-futuro","status":"publish","type":"post","link":"https:\/\/www.notibras.com\/site\/afinal-faculdade-e-para-ter-festa-da-xoxota-ou-para-preparar-futuro\/","title":{"rendered":"Afinal, universidade \u00e9 para festa da xoxota ou para preparar o futuro?"},"content":{"rendered":"<p>Ah, o sonho e entrar para uma universidade federal! Estudar numa institui\u00e7\u00e3o com alto grau de qualidade acad\u00eamica, com professores mestres e doutores e sem pagar mensalidade.<br \/>\nSonho de pais e estudantes que querem ingressar no ensino superior.<\/p>\n<p>As universidades federais realmente t\u00eam um alto padr\u00e3o acad\u00eamico ao se analisar o corpo docente e seus centros de pesquisa, especialmente nas \u00e1reas m\u00e9dicas e de tecnologia. \u00c9 ineg\u00e1vel a tradi\u00e7\u00e3o e o alto padr\u00e3o que seus nomes carregam e que podem alavancar a carreira de quem tem o nome de uma delas no diploma.<\/p>\n<p>Mas por que ser\u00e1 que essas mesmas institui\u00e7\u00f5es t\u00eam eventos como a \u201cNoite da Xoxota Louca\u201d, \u201cXereca Sat\u00e2nik\u201d e o II Semin\u00e1rio Internacional Desfazendo G\u00eanero? Como imagens valem mais que mil palavras \u2013 n\u00e3o vou perder a oportunidade de lan\u00e7ar m\u00e3o desse clich\u00ea \u2013 uso um dos exemplos para ilustrar o texto.<\/p>\n<p>Manifesta\u00e7\u00f5es acad\u00eamicas como as da imagem e tantas outras t\u00eam ocorrido diuturnamente nas universidades federais. N\u00e3o se espera que estudantes em seus vinte e poucos anos n\u00e3o frequentem festas universit\u00e1rias.<\/p>\n<p>No entanto, o espa\u00e7o dos campi se destinam a eventos ligados a atividades de cunho educacional e de pesquisa relacionadas \u00e0 \u00e1rea de estudo. O que tem a ver a desconstru\u00e7\u00e3o de g\u00eanero, banhos de azeite de dend\u00ea, costuras de vaginas e ode ao \u00e2nus com educa\u00e7\u00e3o universit\u00e1ria?<\/p>\n<p>Sei que ao abordar o tema, serei chamada de puritana, hip\u00f3crita e reacion\u00e1ria, mas quero deixar para o leitor de Notibras, a quem pe\u00e7o sinceras desculpas por imagem tosca, grotesca e repugnante, a seguinte pergunta: voc\u00ea est\u00e1 disposto a custear uma universidade federal para que se realizem eventos de desconstru\u00e7\u00e3o de g\u00eanero ou para que se pesquisem vacinas e tratamentos contra o c\u00e2ncer?<\/p>\n","protected":false},"excerpt":{"rendered":"<p>Ah, o sonho e entrar para uma universidade federal! Estudar numa institui\u00e7\u00e3o com alto grau de qualidade acad\u00eamica, com professores mestres e doutores e sem pagar mensalidade. Sonho de pais e estudantes que querem ingressar no ensino superior. As universidades federais realmente t\u00eam um alto padr\u00e3o acad\u00eamico ao se analisar o corpo docente e seus [&hellip;]<\/p>\n","protected":false},"author":2,"featured_media":68166,"comment_status":"open","ping_status":"closed","sticky":false,"template":"","format":"standard","meta":{"_acf_changed":false,"footnotes":""},"categories":[47],"tags":[],"class_list":["post-68165","post","type-post","status-publish","format-standard","has-post-thumbnail","hentry","category-denia"],"acf":[],"yoast_head":"<!-- This site is optimized with the Yoast SEO plugin v27.2 - https:\/\/yoast.com\/product\/yoast-seo-wordpress\/ -->\n<title>Afinal, universidade \u00e9 para festa da xoxota ou para preparar o futuro? - Notibras<\/title>\n<meta name=\"robots\" content=\"index, follow, max-snippet:-1, max-image-preview:large, max-video-preview:-1\" \/>\n<link rel=\"canonical\" href=\"https:\/\/www.notibras.com\/site\/afinal-faculdade-e-para-ter-festa-da-xoxota-ou-para-preparar-futuro\/\" \/>\n<meta property=\"og:locale\" content=\"pt_BR\" \/>\n<meta property=\"og:type\" content=\"article\" \/>\n<meta property=\"og:title\" content=\"Afinal, universidade \u00e9 para festa da xoxota ou para preparar o futuro? - Notibras\" \/>\n<meta property=\"og:description\" content=\"Ah, o sonho e entrar para uma universidade federal! Estudar numa institui\u00e7\u00e3o com alto grau de qualidade acad\u00eamica, com professores mestres e doutores e sem pagar mensalidade. Sonho de pais e estudantes que querem ingressar no ensino superior. As universidades federais realmente t\u00eam um alto padr\u00e3o acad\u00eamico ao se analisar o corpo docente e seus [&hellip;]\" \/>\n<meta property=\"og:url\" content=\"https:\/\/www.notibras.com\/site\/afinal-faculdade-e-para-ter-festa-da-xoxota-ou-para-preparar-futuro\/\" \/>\n<meta property=\"og:site_name\" content=\"Notibras\" \/>\n<meta property=\"article:publisher\" content=\"https:\/\/www.facebook.com\/notibras\/\" \/>\n<meta property=\"article:published_time\" content=\"2015-09-17T02:09:46+00:00\" \/>\n<meta property=\"article:modified_time\" content=\"2015-09-18T12:11:12+00:00\" \/>\n<meta property=\"og:image\" content=\"https:\/\/www.notibras.com\/site\/wp-content\/uploads\/2015\/09\/vale.jpg\" \/>\n\t<meta property=\"og:image:width\" content=\"448\" \/>\n\t<meta property=\"og:image:height\" content=\"336\" \/>\n\t<meta property=\"og:image:type\" content=\"image\/jpeg\" \/>\n<meta name=\"author\" content=\"Reda\u00e7\u00e3o\" \/>\n<meta name=\"twitter:card\" content=\"summary_large_image\" \/>\n<meta name=\"twitter:creator\" content=\"@Notibras\" \/>\n<meta name=\"twitter:site\" content=\"@Notibras\" \/>\n<meta name=\"twitter:label1\" content=\"Escrito por\" \/>\n\t<meta name=\"twitter:data1\" content=\"Reda\u00e7\u00e3o\" \/>\n\t<meta name=\"twitter:label2\" content=\"Est. tempo de leitura\" \/>\n\t<meta name=\"twitter:data2\" content=\"2 minutos\" \/>\n<script type=\"application\/ld+json\" class=\"yoast-schema-graph\">{\"@context\":\"https:\/\/schema.org\",\"@graph\":[{\"@type\":\"Article\",\"@id\":\"https:\/\/www.notibras.com\/site\/afinal-faculdade-e-para-ter-festa-da-xoxota-ou-para-preparar-futuro\/#article\",\"isPartOf\":{\"@id\":\"https:\/\/www.notibras.com\/site\/afinal-faculdade-e-para-ter-festa-da-xoxota-ou-para-preparar-futuro\/\"},\"author\":{\"name\":\"Reda\u00e7\u00e3o\",\"@id\":\"https:\/\/www.notibras.com\/site\/#\/schema\/person\/36ab0979449956132d3e5b517ea76ac8\"},\"headline\":\"Afinal, universidade \u00e9 para festa da xoxota ou para preparar o futuro?\",\"datePublished\":\"2015-09-17T02:09:46+00:00\",\"dateModified\":\"2015-09-18T12:11:12+00:00\",\"mainEntityOfPage\":{\"@id\":\"https:\/\/www.notibras.com\/site\/afinal-faculdade-e-para-ter-festa-da-xoxota-ou-para-preparar-futuro\/\"},\"wordCount\":327,\"commentCount\":0,\"publisher\":{\"@id\":\"https:\/\/www.notibras.com\/site\/#organization\"},\"image\":{\"@id\":\"https:\/\/www.notibras.com\/site\/afinal-faculdade-e-para-ter-festa-da-xoxota-ou-para-preparar-futuro\/#primaryimage\"},\"thumbnailUrl\":\"https:\/\/www.notibras.com\/site\/wp-content\/uploads\/2015\/09\/vale.jpg\",\"articleSection\":[\"D\u00eania Magalh\u00e3es\"],\"inLanguage\":\"pt-BR\",\"potentialAction\":[{\"@type\":\"CommentAction\",\"name\":\"Comment\",\"target\":[\"https:\/\/www.notibras.com\/site\/afinal-faculdade-e-para-ter-festa-da-xoxota-ou-para-preparar-futuro\/#respond\"]}]},{\"@type\":\"WebPage\",\"@id\":\"https:\/\/www.notibras.com\/site\/afinal-faculdade-e-para-ter-festa-da-xoxota-ou-para-preparar-futuro\/\",\"url\":\"https:\/\/www.notibras.com\/site\/afinal-faculdade-e-para-ter-festa-da-xoxota-ou-para-preparar-futuro\/\",\"name\":\"Afinal, universidade \u00e9 para festa da xoxota ou para preparar o futuro? - Notibras\",\"isPartOf\":{\"@id\":\"https:\/\/www.notibras.com\/site\/#website\"},\"primaryImageOfPage\":{\"@id\":\"https:\/\/www.notibras.com\/site\/afinal-faculdade-e-para-ter-festa-da-xoxota-ou-para-preparar-futuro\/#primaryimage\"},\"image\":{\"@id\":\"https:\/\/www.notibras.com\/site\/afinal-faculdade-e-para-ter-festa-da-xoxota-ou-para-preparar-futuro\/#primaryimage\"},\"thumbnailUrl\":\"https:\/\/www.notibras.com\/site\/wp-content\/uploads\/2015\/09\/vale.jpg\",\"datePublished\":\"2015-09-17T02:09:46+00:00\",\"dateModified\":\"2015-09-18T12:11:12+00:00\",\"breadcrumb\":{\"@id\":\"https:\/\/www.notibras.com\/site\/afinal-faculdade-e-para-ter-festa-da-xoxota-ou-para-preparar-futuro\/#breadcrumb\"},\"inLanguage\":\"pt-BR\",\"potentialAction\":[{\"@type\":\"ReadAction\",\"target\":[\"https:\/\/www.notibras.com\/site\/afinal-faculdade-e-para-ter-festa-da-xoxota-ou-para-preparar-futuro\/\"]}]},{\"@type\":\"ImageObject\",\"inLanguage\":\"pt-BR\",\"@id\":\"https:\/\/www.notibras.com\/site\/afinal-faculdade-e-para-ter-festa-da-xoxota-ou-para-preparar-futuro\/#primaryimage\",\"url\":\"https:\/\/www.notibras.com\/site\/wp-content\/uploads\/2015\/09\/vale.jpg\",\"contentUrl\":\"https:\/\/www.notibras.com\/site\/wp-content\/uploads\/2015\/09\/vale.jpg\",\"width\":448,\"height\":336},{\"@type\":\"BreadcrumbList\",\"@id\":\"https:\/\/www.notibras.com\/site\/afinal-faculdade-e-para-ter-festa-da-xoxota-ou-para-preparar-futuro\/#breadcrumb\",\"itemListElement\":[{\"@type\":\"ListItem\",\"position\":1,\"name\":\"In\u00edcio\",\"item\":\"https:\/\/www.notibras.com\/site\/\"},{\"@type\":\"ListItem\",\"position\":2,\"name\":\"Afinal, universidade \u00e9 para festa da xoxota ou para preparar o futuro?\"}]},{\"@type\":\"WebSite\",\"@id\":\"https:\/\/www.notibras.com\/site\/#website\",\"url\":\"https:\/\/www.notibras.com\/site\/\",\"name\":\"Notibras\",\"description\":\"Not\u00edcias de Bras\u00edlia, do Brasil e do Mundo\",\"publisher\":{\"@id\":\"https:\/\/www.notibras.com\/site\/#organization\"},\"potentialAction\":[{\"@type\":\"SearchAction\",\"target\":{\"@type\":\"EntryPoint\",\"urlTemplate\":\"https:\/\/www.notibras.com\/site\/?s={search_term_string}\"},\"query-input\":{\"@type\":\"PropertyValueSpecification\",\"valueRequired\":true,\"valueName\":\"search_term_string\"}}],\"inLanguage\":\"pt-BR\"},{\"@type\":\"Organization\",\"@id\":\"https:\/\/www.notibras.com\/site\/#organization\",\"name\":\"Grupo Notibras de Comunica\u00e7\u00e3o\",\"url\":\"https:\/\/www.notibras.com\/site\/\",\"logo\":{\"@type\":\"ImageObject\",\"inLanguage\":\"pt-BR\",\"@id\":\"https:\/\/www.notibras.com\/site\/#\/schema\/logo\/image\/\",\"url\":\"https:\/\/www.notibras.com\/site\/wp-content\/uploads\/2023\/01\/notibras23.png\",\"contentUrl\":\"https:\/\/www.notibras.com\/site\/wp-content\/uploads\/2023\/01\/notibras23.png\",\"width\":350,\"height\":87,\"caption\":\"Grupo Notibras de Comunica\u00e7\u00e3o\"},\"image\":{\"@id\":\"https:\/\/www.notibras.com\/site\/#\/schema\/logo\/image\/\"},\"sameAs\":[\"https:\/\/www.facebook.com\/notibras\/\",\"https:\/\/x.com\/Notibras\",\"https:\/\/www.instagram.com\/notibras\/\"]},{\"@type\":\"Person\",\"@id\":\"https:\/\/www.notibras.com\/site\/#\/schema\/person\/36ab0979449956132d3e5b517ea76ac8\",\"name\":\"Reda\u00e7\u00e3o\",\"image\":{\"@type\":\"ImageObject\",\"inLanguage\":\"pt-BR\",\"@id\":\"https:\/\/secure.gravatar.com\/avatar\/e0a867bdedb85fd243eadf09663511f96fc81e0720a4a42581f334ad4303aa6b?s=96&d=mm&r=g\",\"url\":\"https:\/\/secure.gravatar.com\/avatar\/e0a867bdedb85fd243eadf09663511f96fc81e0720a4a42581f334ad4303aa6b?s=96&d=mm&r=g\",\"contentUrl\":\"https:\/\/secure.gravatar.com\/avatar\/e0a867bdedb85fd243eadf09663511f96fc81e0720a4a42581f334ad4303aa6b?s=96&d=mm&r=g\",\"caption\":\"Reda\u00e7\u00e3o\"}}]}<\/script>\n<!-- \/ Yoast SEO plugin. -->","yoast_head_json":{"title":"Afinal, universidade \u00e9 para festa da xoxota ou para preparar o futuro? - Notibras","robots":{"index":"index","follow":"follow","max-snippet":"max-snippet:-1","max-image-preview":"max-image-preview:large","max-video-preview":"max-video-preview:-1"},"canonical":"https:\/\/www.notibras.com\/site\/afinal-faculdade-e-para-ter-festa-da-xoxota-ou-para-preparar-futuro\/","og_locale":"pt_BR","og_type":"article","og_title":"Afinal, universidade \u00e9 para festa da xoxota ou para preparar o futuro? - Notibras","og_description":"Ah, o sonho e entrar para uma universidade federal! Estudar numa institui\u00e7\u00e3o com alto grau de qualidade acad\u00eamica, com professores mestres e doutores e sem pagar mensalidade. Sonho de pais e estudantes que querem ingressar no ensino superior. As universidades federais realmente t\u00eam um alto padr\u00e3o acad\u00eamico ao se analisar o corpo docente e seus [&hellip;]","og_url":"https:\/\/www.notibras.com\/site\/afinal-faculdade-e-para-ter-festa-da-xoxota-ou-para-preparar-futuro\/","og_site_name":"Notibras","article_publisher":"https:\/\/www.facebook.com\/notibras\/","article_published_time":"2015-09-17T02:09:46+00:00","article_modified_time":"2015-09-18T12:11:12+00:00","og_image":[{"width":448,"height":336,"url":"https:\/\/www.notibras.com\/site\/wp-content\/uploads\/2015\/09\/vale.jpg","type":"image\/jpeg"}],"author":"Reda\u00e7\u00e3o","twitter_card":"summary_large_image","twitter_creator":"@Notibras","twitter_site":"@Notibras","twitter_misc":{"Escrito por":"Reda\u00e7\u00e3o","Est. tempo de leitura":"2 minutos"},"schema":{"@context":"https:\/\/schema.org","@graph":[{"@type":"Article","@id":"https:\/\/www.notibras.com\/site\/afinal-faculdade-e-para-ter-festa-da-xoxota-ou-para-preparar-futuro\/#article","isPartOf":{"@id":"https:\/\/www.notibras.com\/site\/afinal-faculdade-e-para-ter-festa-da-xoxota-ou-para-preparar-futuro\/"},"author":{"name":"Reda\u00e7\u00e3o","@id":"https:\/\/www.notibras.com\/site\/#\/schema\/person\/36ab0979449956132d3e5b517ea76ac8"},"headline":"Afinal, universidade \u00e9 para festa da xoxota ou para preparar o futuro?","datePublished":"2015-09-17T02:09:46+00:00","dateModified":"2015-09-18T12:11:12+00:00","mainEntityOfPage":{"@id":"https:\/\/www.notibras.com\/site\/afinal-faculdade-e-para-ter-festa-da-xoxota-ou-para-preparar-futuro\/"},"wordCount":327,"commentCount":0,"publisher":{"@id":"https:\/\/www.notibras.com\/site\/#organization"},"image":{"@id":"https:\/\/www.notibras.com\/site\/afinal-faculdade-e-para-ter-festa-da-xoxota-ou-para-preparar-futuro\/#primaryimage"},"thumbnailUrl":"https:\/\/www.notibras.com\/site\/wp-content\/uploads\/2015\/09\/vale.jpg","articleSection":["D\u00eania Magalh\u00e3es"],"inLanguage":"pt-BR","potentialAction":[{"@type":"CommentAction","name":"Comment","target":["https:\/\/www.notibras.com\/site\/afinal-faculdade-e-para-ter-festa-da-xoxota-ou-para-preparar-futuro\/#respond"]}]},{"@type":"WebPage","@id":"https:\/\/www.notibras.com\/site\/afinal-faculdade-e-para-ter-festa-da-xoxota-ou-para-preparar-futuro\/","url":"https:\/\/www.notibras.com\/site\/afinal-faculdade-e-para-ter-festa-da-xoxota-ou-para-preparar-futuro\/","name":"Afinal, universidade \u00e9 para festa da xoxota ou para preparar o futuro? - Notibras","isPartOf":{"@id":"https:\/\/www.notibras.com\/site\/#website"},"primaryImageOfPage":{"@id":"https:\/\/www.notibras.com\/site\/afinal-faculdade-e-para-ter-festa-da-xoxota-ou-para-preparar-futuro\/#primaryimage"},"image":{"@id":"https:\/\/www.notibras.com\/site\/afinal-faculdade-e-para-ter-festa-da-xoxota-ou-para-preparar-futuro\/#primaryimage"},"thumbnailUrl":"https:\/\/www.notibras.com\/site\/wp-content\/uploads\/2015\/09\/vale.jpg","datePublished":"2015-09-17T02:09:46+00:00","dateModified":"2015-09-18T12:11:12+00:00","breadcrumb":{"@id":"https:\/\/www.notibras.com\/site\/afinal-faculdade-e-para-ter-festa-da-xoxota-ou-para-preparar-futuro\/#breadcrumb"},"inLanguage":"pt-BR","potentialAction":[{"@type":"ReadAction","target":["https:\/\/www.notibras.com\/site\/afinal-faculdade-e-para-ter-festa-da-xoxota-ou-para-preparar-futuro\/"]}]},{"@type":"ImageObject","inLanguage":"pt-BR","@id":"https:\/\/www.notibras.com\/site\/afinal-faculdade-e-para-ter-festa-da-xoxota-ou-para-preparar-futuro\/#primaryimage","url":"https:\/\/www.notibras.com\/site\/wp-content\/uploads\/2015\/09\/vale.jpg","contentUrl":"https:\/\/www.notibras.com\/site\/wp-content\/uploads\/2015\/09\/vale.jpg","width":448,"height":336},{"@type":"BreadcrumbList","@id":"https:\/\/www.notibras.com\/site\/afinal-faculdade-e-para-ter-festa-da-xoxota-ou-para-preparar-futuro\/#breadcrumb","itemListElement":[{"@type":"ListItem","position":1,"name":"In\u00edcio","item":"https:\/\/www.notibras.com\/site\/"},{"@type":"ListItem","position":2,"name":"Afinal, universidade \u00e9 para festa da xoxota ou para preparar o futuro?"}]},{"@type":"WebSite","@id":"https:\/\/www.notibras.com\/site\/#website","url":"https:\/\/www.notibras.com\/site\/","name":"Notibras","description":"Not\u00edcias de Bras\u00edlia, do Brasil e do Mundo","publisher":{"@id":"https:\/\/www.notibras.com\/site\/#organization"},"potentialAction":[{"@type":"SearchAction","target":{"@type":"EntryPoint","urlTemplate":"https:\/\/www.notibras.com\/site\/?s={search_term_string}"},"query-input":{"@type":"PropertyValueSpecification","valueRequired":true,"valueName":"search_term_string"}}],"inLanguage":"pt-BR"},{"@type":"Organization","@id":"https:\/\/www.notibras.com\/site\/#organization","name":"Grupo Notibras de Comunica\u00e7\u00e3o","url":"https:\/\/www.notibras.com\/site\/","logo":{"@type":"ImageObject","inLanguage":"pt-BR","@id":"https:\/\/www.notibras.com\/site\/#\/schema\/logo\/image\/","url":"https:\/\/www.notibras.com\/site\/wp-content\/uploads\/2023\/01\/notibras23.png","contentUrl":"https:\/\/www.notibras.com\/site\/wp-content\/uploads\/2023\/01\/notibras23.png","width":350,"height":87,"caption":"Grupo Notibras de Comunica\u00e7\u00e3o"},"image":{"@id":"https:\/\/www.notibras.com\/site\/#\/schema\/logo\/image\/"},"sameAs":["https:\/\/www.facebook.com\/notibras\/","https:\/\/x.com\/Notibras","https:\/\/www.instagram.com\/notibras\/"]},{"@type":"Person","@id":"https:\/\/www.notibras.com\/site\/#\/schema\/person\/36ab0979449956132d3e5b517ea76ac8","name":"Reda\u00e7\u00e3o","image":{"@type":"ImageObject","inLanguage":"pt-BR","@id":"https:\/\/secure.gravatar.com\/avatar\/e0a867bdedb85fd243eadf09663511f96fc81e0720a4a42581f334ad4303aa6b?s=96&d=mm&r=g","url":"https:\/\/secure.gravatar.com\/avatar\/e0a867bdedb85fd243eadf09663511f96fc81e0720a4a42581f334ad4303aa6b?s=96&d=mm&r=g","contentUrl":"https:\/\/secure.gravatar.com\/avatar\/e0a867bdedb85fd243eadf09663511f96fc81e0720a4a42581f334ad4303aa6b?s=96&d=mm&r=g","caption":"Reda\u00e7\u00e3o"}}]}},"amp_enabled":true,"_links":{"self":[{"href":"https:\/\/www.notibras.com\/site\/wp-json\/wp\/v2\/posts\/68165","targetHints":{"allow":["GET"]}}],"collection":[{"href":"https:\/\/www.notibras.com\/site\/wp-json\/wp\/v2\/posts"}],"about":[{"href":"https:\/\/www.notibras.com\/site\/wp-json\/wp\/v2\/types\/post"}],"author":[{"embeddable":true,"href":"https:\/\/www.notibras.com\/site\/wp-json\/wp\/v2\/users\/2"}],"replies":[{"embeddable":true,"href":"https:\/\/www.notibras.com\/site\/wp-json\/wp\/v2\/comments?post=68165"}],"version-history":[{"count":4,"href":"https:\/\/www.notibras.com\/site\/wp-json\/wp\/v2\/posts\/68165\/revisions"}],"predecessor-version":[{"id":68418,"href":"https:\/\/www.notibras.com\/site\/wp-json\/wp\/v2\/posts\/68165\/revisions\/68418"}],"wp:featuredmedia":[{"embeddable":true,"href":"https:\/\/www.notibras.com\/site\/wp-json\/wp\/v2\/media\/68166"}],"wp:attachment":[{"href":"https:\/\/www.notibras.com\/site\/wp-json\/wp\/v2\/media?parent=68165"}],"wp:term":[{"taxonomy":"category","embeddable":true,"href":"https:\/\/www.notibras.com\/site\/wp-json\/wp\/v2\/categories?post=68165"},{"taxonomy":"post_tag","embeddable":true,"href":"https:\/\/www.notibras.com\/site\/wp-json\/wp\/v2\/tags?post=68165"}],"curies":[{"name":"wp","href":"https:\/\/api.w.org\/{rel}","templated":true}]}}