{"id":68297,"date":"2015-09-17T14:14:01","date_gmt":"2015-09-17T17:14:01","guid":{"rendered":"http:\/\/www.notibras.com\/site\/?p=68297"},"modified":"2015-09-17T14:14:59","modified_gmt":"2015-09-17T17:14:59","slug":"pai-chora-ao-liberar-corpo-de-crianca-que-morreu-ao-cair-de-apartamento-do-22o-andar","status":"publish","type":"post","link":"https:\/\/www.notibras.com\/site\/pai-chora-ao-liberar-corpo-de-crianca-que-morreu-ao-cair-de-apartamento-do-22o-andar\/","title":{"rendered":"Pai chora ao liberar corpo de crian\u00e7a que morreu ao cair de apartamento do 26\u00ba andar"},"content":{"rendered":"<p>&#8220;Ele \u00e9 lindo.&#8221; Essa foi a \u00fanica frase que Giovanni Storto, pai de Gustavo Souza Storto, de cinco anos, morto ap\u00f3s cair do 26\u00b0 andar de uma pr\u00e9dio na Grande S\u00e3o Paulo, conseguiu pronunciar ao sair do IML de Tabo\u00e3o da Serra, onde foi reconhecer e liberar o corpo do filho na manh\u00e3 desta quinta-feira, 17, segundo vers\u00e3o apresentada pelo jornal O Estado de S.Paulo.<\/p>\n<p>Giovanni n\u00e3o estava com o filho no momento do incidente. Ele se separou h\u00e1 poucos meses da m\u00e3e de Gustavo, a farmac\u00eautica Juliana Souza Storto, de 33 anos, que era quem morava no apartamento 266 do Condom\u00ednio Pitangueiras I, em Tabo\u00e3o, junto com a crian\u00e7a.<\/p>\n<p>Familiares de Giovanni, que tamb\u00e9m foram ao IML, descrevem a ex-mulher dele como uma pessoa bem educada e simp\u00e1tica. Visivelmente abalado, o pai de Gustavo ficou cerca de quatro horas no local, onde reconheceu o corpo e depois seguiu para Itapecerica da Serra, tamb\u00e9m na Grande S\u00e3o Paulo, para o vel\u00f3rio do menino. Ele tamb\u00e9m foi ouvido por um investigador do 1\u00b0 Distrito Policial de Tabo\u00e3o.<\/p>\n<p>Ao sair, acompanhado pelo policial, foi cercado por jornalistas, o que provocou a rea\u00e7\u00e3o dos familiares presentes. &#8220;Respeitem a tristeza dele, isso \u00e9 falta de respeito&#8221;, diziam.<\/p>\n<p>Segundo a Pol\u00edcia Civil, Gustavo caiu de uma janela do banheiro por volta da meia-noite. O corpo foi encontrado no estacionamento do edif\u00edcio.<\/p>\n","protected":false},"excerpt":{"rendered":"<p>&#8220;Ele \u00e9 lindo.&#8221; Essa foi a \u00fanica frase que Giovanni Storto, pai de Gustavo Souza Storto, de cinco anos, morto ap\u00f3s cair do 26\u00b0 andar de uma pr\u00e9dio na Grande S\u00e3o Paulo, conseguiu pronunciar ao sair do IML de Tabo\u00e3o da Serra, onde foi reconhecer e liberar o corpo do filho na manh\u00e3 desta quinta-feira, [&hellip;]<\/p>\n","protected":false},"author":2,"featured_media":68298,"comment_status":"open","ping_status":"closed","sticky":false,"template":"","format":"standard","meta":{"_acf_changed":false,"footnotes":""},"categories":[16],"tags":[],"class_list":["post-68297","post","type-post","status-publish","format-standard","has-post-thumbnail","hentry","category-brasil"],"acf":[],"yoast_head":"<!-- This site is optimized with the Yoast SEO plugin v27.2 - https:\/\/yoast.com\/product\/yoast-seo-wordpress\/ -->\n<title>Pai chora ao liberar corpo de crian\u00e7a que morreu ao cair de apartamento do 26\u00ba andar - Notibras<\/title>\n<meta name=\"robots\" content=\"index, follow, max-snippet:-1, max-image-preview:large, max-video-preview:-1\" \/>\n<link rel=\"canonical\" href=\"https:\/\/www.notibras.com\/site\/pai-chora-ao-liberar-corpo-de-crianca-que-morreu-ao-cair-de-apartamento-do-22o-andar\/\" \/>\n<meta property=\"og:locale\" content=\"pt_BR\" \/>\n<meta property=\"og:type\" content=\"article\" \/>\n<meta property=\"og:title\" content=\"Pai chora ao liberar corpo de crian\u00e7a que morreu ao cair de apartamento do 26\u00ba andar - Notibras\" \/>\n<meta property=\"og:description\" content=\"&#8220;Ele \u00e9 lindo.&#8221; Essa foi a \u00fanica frase que Giovanni Storto, pai de Gustavo Souza Storto, de cinco anos, morto ap\u00f3s cair do 26\u00b0 andar de uma pr\u00e9dio na Grande S\u00e3o Paulo, conseguiu pronunciar ao sair do IML de Tabo\u00e3o da Serra, onde foi reconhecer e liberar o corpo do filho na manh\u00e3 desta quinta-feira, [&hellip;]\" \/>\n<meta property=\"og:url\" content=\"https:\/\/www.notibras.com\/site\/pai-chora-ao-liberar-corpo-de-crianca-que-morreu-ao-cair-de-apartamento-do-22o-andar\/\" \/>\n<meta property=\"og:site_name\" content=\"Notibras\" \/>\n<meta property=\"article:publisher\" content=\"https:\/\/www.facebook.com\/notibras\/\" \/>\n<meta property=\"article:published_time\" content=\"2015-09-17T17:14:01+00:00\" \/>\n<meta property=\"article:modified_time\" content=\"2015-09-17T17:14:59+00:00\" \/>\n<meta property=\"og:image\" content=\"https:\/\/www.notibras.com\/site\/wp-content\/uploads\/2015\/09\/1442500677765.jpg\" \/>\n\t<meta property=\"og:image:width\" content=\"550\" \/>\n\t<meta property=\"og:image:height\" content=\"366\" \/>\n\t<meta property=\"og:image:type\" content=\"image\/jpeg\" \/>\n<meta name=\"author\" content=\"Reda\u00e7\u00e3o\" \/>\n<meta name=\"twitter:card\" content=\"summary_large_image\" \/>\n<meta name=\"twitter:creator\" content=\"@Notibras\" \/>\n<meta name=\"twitter:site\" content=\"@Notibras\" \/>\n<meta name=\"twitter:label1\" content=\"Escrito por\" \/>\n\t<meta name=\"twitter:data1\" content=\"Reda\u00e7\u00e3o\" \/>\n\t<meta name=\"twitter:label2\" content=\"Est. tempo de leitura\" \/>\n\t<meta name=\"twitter:data2\" content=\"1 minuto\" \/>\n<script type=\"application\/ld+json\" class=\"yoast-schema-graph\">{\"@context\":\"https:\/\/schema.org\",\"@graph\":[{\"@type\":\"Article\",\"@id\":\"https:\/\/www.notibras.com\/site\/pai-chora-ao-liberar-corpo-de-crianca-que-morreu-ao-cair-de-apartamento-do-22o-andar\/#article\",\"isPartOf\":{\"@id\":\"https:\/\/www.notibras.com\/site\/pai-chora-ao-liberar-corpo-de-crianca-que-morreu-ao-cair-de-apartamento-do-22o-andar\/\"},\"author\":{\"name\":\"Reda\u00e7\u00e3o\",\"@id\":\"https:\/\/www.notibras.com\/site\/#\/schema\/person\/36ab0979449956132d3e5b517ea76ac8\"},\"headline\":\"Pai chora ao liberar corpo de crian\u00e7a que morreu ao cair de apartamento do 26\u00ba andar\",\"datePublished\":\"2015-09-17T17:14:01+00:00\",\"dateModified\":\"2015-09-17T17:14:59+00:00\",\"mainEntityOfPage\":{\"@id\":\"https:\/\/www.notibras.com\/site\/pai-chora-ao-liberar-corpo-de-crianca-que-morreu-ao-cair-de-apartamento-do-22o-andar\/\"},\"wordCount\":257,\"commentCount\":0,\"publisher\":{\"@id\":\"https:\/\/www.notibras.com\/site\/#organization\"},\"image\":{\"@id\":\"https:\/\/www.notibras.com\/site\/pai-chora-ao-liberar-corpo-de-crianca-que-morreu-ao-cair-de-apartamento-do-22o-andar\/#primaryimage\"},\"thumbnailUrl\":\"https:\/\/www.notibras.com\/site\/wp-content\/uploads\/2015\/09\/1442500677765.jpg\",\"articleSection\":[\"Brasil\"],\"inLanguage\":\"pt-BR\",\"potentialAction\":[{\"@type\":\"CommentAction\",\"name\":\"Comment\",\"target\":[\"https:\/\/www.notibras.com\/site\/pai-chora-ao-liberar-corpo-de-crianca-que-morreu-ao-cair-de-apartamento-do-22o-andar\/#respond\"]}]},{\"@type\":\"WebPage\",\"@id\":\"https:\/\/www.notibras.com\/site\/pai-chora-ao-liberar-corpo-de-crianca-que-morreu-ao-cair-de-apartamento-do-22o-andar\/\",\"url\":\"https:\/\/www.notibras.com\/site\/pai-chora-ao-liberar-corpo-de-crianca-que-morreu-ao-cair-de-apartamento-do-22o-andar\/\",\"name\":\"Pai chora ao liberar corpo de crian\u00e7a que morreu ao cair de apartamento do 26\u00ba andar - Notibras\",\"isPartOf\":{\"@id\":\"https:\/\/www.notibras.com\/site\/#website\"},\"primaryImageOfPage\":{\"@id\":\"https:\/\/www.notibras.com\/site\/pai-chora-ao-liberar-corpo-de-crianca-que-morreu-ao-cair-de-apartamento-do-22o-andar\/#primaryimage\"},\"image\":{\"@id\":\"https:\/\/www.notibras.com\/site\/pai-chora-ao-liberar-corpo-de-crianca-que-morreu-ao-cair-de-apartamento-do-22o-andar\/#primaryimage\"},\"thumbnailUrl\":\"https:\/\/www.notibras.com\/site\/wp-content\/uploads\/2015\/09\/1442500677765.jpg\",\"datePublished\":\"2015-09-17T17:14:01+00:00\",\"dateModified\":\"2015-09-17T17:14:59+00:00\",\"breadcrumb\":{\"@id\":\"https:\/\/www.notibras.com\/site\/pai-chora-ao-liberar-corpo-de-crianca-que-morreu-ao-cair-de-apartamento-do-22o-andar\/#breadcrumb\"},\"inLanguage\":\"pt-BR\",\"potentialAction\":[{\"@type\":\"ReadAction\",\"target\":[\"https:\/\/www.notibras.com\/site\/pai-chora-ao-liberar-corpo-de-crianca-que-morreu-ao-cair-de-apartamento-do-22o-andar\/\"]}]},{\"@type\":\"ImageObject\",\"inLanguage\":\"pt-BR\",\"@id\":\"https:\/\/www.notibras.com\/site\/pai-chora-ao-liberar-corpo-de-crianca-que-morreu-ao-cair-de-apartamento-do-22o-andar\/#primaryimage\",\"url\":\"https:\/\/www.notibras.com\/site\/wp-content\/uploads\/2015\/09\/1442500677765.jpg\",\"contentUrl\":\"https:\/\/www.notibras.com\/site\/wp-content\/uploads\/2015\/09\/1442500677765.jpg\",\"width\":550,\"height\":366},{\"@type\":\"BreadcrumbList\",\"@id\":\"https:\/\/www.notibras.com\/site\/pai-chora-ao-liberar-corpo-de-crianca-que-morreu-ao-cair-de-apartamento-do-22o-andar\/#breadcrumb\",\"itemListElement\":[{\"@type\":\"ListItem\",\"position\":1,\"name\":\"In\u00edcio\",\"item\":\"https:\/\/www.notibras.com\/site\/\"},{\"@type\":\"ListItem\",\"position\":2,\"name\":\"Pai chora ao liberar corpo de crian\u00e7a que morreu ao cair de apartamento do 26\u00ba andar\"}]},{\"@type\":\"WebSite\",\"@id\":\"https:\/\/www.notibras.com\/site\/#website\",\"url\":\"https:\/\/www.notibras.com\/site\/\",\"name\":\"Notibras\",\"description\":\"Not\u00edcias de Bras\u00edlia, do Brasil e do Mundo\",\"publisher\":{\"@id\":\"https:\/\/www.notibras.com\/site\/#organization\"},\"potentialAction\":[{\"@type\":\"SearchAction\",\"target\":{\"@type\":\"EntryPoint\",\"urlTemplate\":\"https:\/\/www.notibras.com\/site\/?s={search_term_string}\"},\"query-input\":{\"@type\":\"PropertyValueSpecification\",\"valueRequired\":true,\"valueName\":\"search_term_string\"}}],\"inLanguage\":\"pt-BR\"},{\"@type\":\"Organization\",\"@id\":\"https:\/\/www.notibras.com\/site\/#organization\",\"name\":\"Grupo Notibras de Comunica\u00e7\u00e3o\",\"url\":\"https:\/\/www.notibras.com\/site\/\",\"logo\":{\"@type\":\"ImageObject\",\"inLanguage\":\"pt-BR\",\"@id\":\"https:\/\/www.notibras.com\/site\/#\/schema\/logo\/image\/\",\"url\":\"https:\/\/www.notibras.com\/site\/wp-content\/uploads\/2023\/01\/notibras23.png\",\"contentUrl\":\"https:\/\/www.notibras.com\/site\/wp-content\/uploads\/2023\/01\/notibras23.png\",\"width\":350,\"height\":87,\"caption\":\"Grupo Notibras de Comunica\u00e7\u00e3o\"},\"image\":{\"@id\":\"https:\/\/www.notibras.com\/site\/#\/schema\/logo\/image\/\"},\"sameAs\":[\"https:\/\/www.facebook.com\/notibras\/\",\"https:\/\/x.com\/Notibras\",\"https:\/\/www.instagram.com\/notibras\/\"]},{\"@type\":\"Person\",\"@id\":\"https:\/\/www.notibras.com\/site\/#\/schema\/person\/36ab0979449956132d3e5b517ea76ac8\",\"name\":\"Reda\u00e7\u00e3o\",\"image\":{\"@type\":\"ImageObject\",\"inLanguage\":\"pt-BR\",\"@id\":\"https:\/\/secure.gravatar.com\/avatar\/e0a867bdedb85fd243eadf09663511f96fc81e0720a4a42581f334ad4303aa6b?s=96&d=mm&r=g\",\"url\":\"https:\/\/secure.gravatar.com\/avatar\/e0a867bdedb85fd243eadf09663511f96fc81e0720a4a42581f334ad4303aa6b?s=96&d=mm&r=g\",\"contentUrl\":\"https:\/\/secure.gravatar.com\/avatar\/e0a867bdedb85fd243eadf09663511f96fc81e0720a4a42581f334ad4303aa6b?s=96&d=mm&r=g\",\"caption\":\"Reda\u00e7\u00e3o\"}}]}<\/script>\n<!-- \/ Yoast SEO plugin. -->","yoast_head_json":{"title":"Pai chora ao liberar corpo de crian\u00e7a que morreu ao cair de apartamento do 26\u00ba andar - Notibras","robots":{"index":"index","follow":"follow","max-snippet":"max-snippet:-1","max-image-preview":"max-image-preview:large","max-video-preview":"max-video-preview:-1"},"canonical":"https:\/\/www.notibras.com\/site\/pai-chora-ao-liberar-corpo-de-crianca-que-morreu-ao-cair-de-apartamento-do-22o-andar\/","og_locale":"pt_BR","og_type":"article","og_title":"Pai chora ao liberar corpo de crian\u00e7a que morreu ao cair de apartamento do 26\u00ba andar - Notibras","og_description":"&#8220;Ele \u00e9 lindo.&#8221; Essa foi a \u00fanica frase que Giovanni Storto, pai de Gustavo Souza Storto, de cinco anos, morto ap\u00f3s cair do 26\u00b0 andar de uma pr\u00e9dio na Grande S\u00e3o Paulo, conseguiu pronunciar ao sair do IML de Tabo\u00e3o da Serra, onde foi reconhecer e liberar o corpo do filho na manh\u00e3 desta quinta-feira, [&hellip;]","og_url":"https:\/\/www.notibras.com\/site\/pai-chora-ao-liberar-corpo-de-crianca-que-morreu-ao-cair-de-apartamento-do-22o-andar\/","og_site_name":"Notibras","article_publisher":"https:\/\/www.facebook.com\/notibras\/","article_published_time":"2015-09-17T17:14:01+00:00","article_modified_time":"2015-09-17T17:14:59+00:00","og_image":[{"width":550,"height":366,"url":"https:\/\/www.notibras.com\/site\/wp-content\/uploads\/2015\/09\/1442500677765.jpg","type":"image\/jpeg"}],"author":"Reda\u00e7\u00e3o","twitter_card":"summary_large_image","twitter_creator":"@Notibras","twitter_site":"@Notibras","twitter_misc":{"Escrito por":"Reda\u00e7\u00e3o","Est. tempo de leitura":"1 minuto"},"schema":{"@context":"https:\/\/schema.org","@graph":[{"@type":"Article","@id":"https:\/\/www.notibras.com\/site\/pai-chora-ao-liberar-corpo-de-crianca-que-morreu-ao-cair-de-apartamento-do-22o-andar\/#article","isPartOf":{"@id":"https:\/\/www.notibras.com\/site\/pai-chora-ao-liberar-corpo-de-crianca-que-morreu-ao-cair-de-apartamento-do-22o-andar\/"},"author":{"name":"Reda\u00e7\u00e3o","@id":"https:\/\/www.notibras.com\/site\/#\/schema\/person\/36ab0979449956132d3e5b517ea76ac8"},"headline":"Pai chora ao liberar corpo de crian\u00e7a que morreu ao cair de apartamento do 26\u00ba andar","datePublished":"2015-09-17T17:14:01+00:00","dateModified":"2015-09-17T17:14:59+00:00","mainEntityOfPage":{"@id":"https:\/\/www.notibras.com\/site\/pai-chora-ao-liberar-corpo-de-crianca-que-morreu-ao-cair-de-apartamento-do-22o-andar\/"},"wordCount":257,"commentCount":0,"publisher":{"@id":"https:\/\/www.notibras.com\/site\/#organization"},"image":{"@id":"https:\/\/www.notibras.com\/site\/pai-chora-ao-liberar-corpo-de-crianca-que-morreu-ao-cair-de-apartamento-do-22o-andar\/#primaryimage"},"thumbnailUrl":"https:\/\/www.notibras.com\/site\/wp-content\/uploads\/2015\/09\/1442500677765.jpg","articleSection":["Brasil"],"inLanguage":"pt-BR","potentialAction":[{"@type":"CommentAction","name":"Comment","target":["https:\/\/www.notibras.com\/site\/pai-chora-ao-liberar-corpo-de-crianca-que-morreu-ao-cair-de-apartamento-do-22o-andar\/#respond"]}]},{"@type":"WebPage","@id":"https:\/\/www.notibras.com\/site\/pai-chora-ao-liberar-corpo-de-crianca-que-morreu-ao-cair-de-apartamento-do-22o-andar\/","url":"https:\/\/www.notibras.com\/site\/pai-chora-ao-liberar-corpo-de-crianca-que-morreu-ao-cair-de-apartamento-do-22o-andar\/","name":"Pai chora ao liberar corpo de crian\u00e7a que morreu ao cair de apartamento do 26\u00ba andar - Notibras","isPartOf":{"@id":"https:\/\/www.notibras.com\/site\/#website"},"primaryImageOfPage":{"@id":"https:\/\/www.notibras.com\/site\/pai-chora-ao-liberar-corpo-de-crianca-que-morreu-ao-cair-de-apartamento-do-22o-andar\/#primaryimage"},"image":{"@id":"https:\/\/www.notibras.com\/site\/pai-chora-ao-liberar-corpo-de-crianca-que-morreu-ao-cair-de-apartamento-do-22o-andar\/#primaryimage"},"thumbnailUrl":"https:\/\/www.notibras.com\/site\/wp-content\/uploads\/2015\/09\/1442500677765.jpg","datePublished":"2015-09-17T17:14:01+00:00","dateModified":"2015-09-17T17:14:59+00:00","breadcrumb":{"@id":"https:\/\/www.notibras.com\/site\/pai-chora-ao-liberar-corpo-de-crianca-que-morreu-ao-cair-de-apartamento-do-22o-andar\/#breadcrumb"},"inLanguage":"pt-BR","potentialAction":[{"@type":"ReadAction","target":["https:\/\/www.notibras.com\/site\/pai-chora-ao-liberar-corpo-de-crianca-que-morreu-ao-cair-de-apartamento-do-22o-andar\/"]}]},{"@type":"ImageObject","inLanguage":"pt-BR","@id":"https:\/\/www.notibras.com\/site\/pai-chora-ao-liberar-corpo-de-crianca-que-morreu-ao-cair-de-apartamento-do-22o-andar\/#primaryimage","url":"https:\/\/www.notibras.com\/site\/wp-content\/uploads\/2015\/09\/1442500677765.jpg","contentUrl":"https:\/\/www.notibras.com\/site\/wp-content\/uploads\/2015\/09\/1442500677765.jpg","width":550,"height":366},{"@type":"BreadcrumbList","@id":"https:\/\/www.notibras.com\/site\/pai-chora-ao-liberar-corpo-de-crianca-que-morreu-ao-cair-de-apartamento-do-22o-andar\/#breadcrumb","itemListElement":[{"@type":"ListItem","position":1,"name":"In\u00edcio","item":"https:\/\/www.notibras.com\/site\/"},{"@type":"ListItem","position":2,"name":"Pai chora ao liberar corpo de crian\u00e7a que morreu ao cair de apartamento do 26\u00ba andar"}]},{"@type":"WebSite","@id":"https:\/\/www.notibras.com\/site\/#website","url":"https:\/\/www.notibras.com\/site\/","name":"Notibras","description":"Not\u00edcias de Bras\u00edlia, do Brasil e do Mundo","publisher":{"@id":"https:\/\/www.notibras.com\/site\/#organization"},"potentialAction":[{"@type":"SearchAction","target":{"@type":"EntryPoint","urlTemplate":"https:\/\/www.notibras.com\/site\/?s={search_term_string}"},"query-input":{"@type":"PropertyValueSpecification","valueRequired":true,"valueName":"search_term_string"}}],"inLanguage":"pt-BR"},{"@type":"Organization","@id":"https:\/\/www.notibras.com\/site\/#organization","name":"Grupo Notibras de Comunica\u00e7\u00e3o","url":"https:\/\/www.notibras.com\/site\/","logo":{"@type":"ImageObject","inLanguage":"pt-BR","@id":"https:\/\/www.notibras.com\/site\/#\/schema\/logo\/image\/","url":"https:\/\/www.notibras.com\/site\/wp-content\/uploads\/2023\/01\/notibras23.png","contentUrl":"https:\/\/www.notibras.com\/site\/wp-content\/uploads\/2023\/01\/notibras23.png","width":350,"height":87,"caption":"Grupo Notibras de Comunica\u00e7\u00e3o"},"image":{"@id":"https:\/\/www.notibras.com\/site\/#\/schema\/logo\/image\/"},"sameAs":["https:\/\/www.facebook.com\/notibras\/","https:\/\/x.com\/Notibras","https:\/\/www.instagram.com\/notibras\/"]},{"@type":"Person","@id":"https:\/\/www.notibras.com\/site\/#\/schema\/person\/36ab0979449956132d3e5b517ea76ac8","name":"Reda\u00e7\u00e3o","image":{"@type":"ImageObject","inLanguage":"pt-BR","@id":"https:\/\/secure.gravatar.com\/avatar\/e0a867bdedb85fd243eadf09663511f96fc81e0720a4a42581f334ad4303aa6b?s=96&d=mm&r=g","url":"https:\/\/secure.gravatar.com\/avatar\/e0a867bdedb85fd243eadf09663511f96fc81e0720a4a42581f334ad4303aa6b?s=96&d=mm&r=g","contentUrl":"https:\/\/secure.gravatar.com\/avatar\/e0a867bdedb85fd243eadf09663511f96fc81e0720a4a42581f334ad4303aa6b?s=96&d=mm&r=g","caption":"Reda\u00e7\u00e3o"}}]}},"amp_enabled":true,"_links":{"self":[{"href":"https:\/\/www.notibras.com\/site\/wp-json\/wp\/v2\/posts\/68297","targetHints":{"allow":["GET"]}}],"collection":[{"href":"https:\/\/www.notibras.com\/site\/wp-json\/wp\/v2\/posts"}],"about":[{"href":"https:\/\/www.notibras.com\/site\/wp-json\/wp\/v2\/types\/post"}],"author":[{"embeddable":true,"href":"https:\/\/www.notibras.com\/site\/wp-json\/wp\/v2\/users\/2"}],"replies":[{"embeddable":true,"href":"https:\/\/www.notibras.com\/site\/wp-json\/wp\/v2\/comments?post=68297"}],"version-history":[{"count":3,"href":"https:\/\/www.notibras.com\/site\/wp-json\/wp\/v2\/posts\/68297\/revisions"}],"predecessor-version":[{"id":68301,"href":"https:\/\/www.notibras.com\/site\/wp-json\/wp\/v2\/posts\/68297\/revisions\/68301"}],"wp:featuredmedia":[{"embeddable":true,"href":"https:\/\/www.notibras.com\/site\/wp-json\/wp\/v2\/media\/68298"}],"wp:attachment":[{"href":"https:\/\/www.notibras.com\/site\/wp-json\/wp\/v2\/media?parent=68297"}],"wp:term":[{"taxonomy":"category","embeddable":true,"href":"https:\/\/www.notibras.com\/site\/wp-json\/wp\/v2\/categories?post=68297"},{"taxonomy":"post_tag","embeddable":true,"href":"https:\/\/www.notibras.com\/site\/wp-json\/wp\/v2\/tags?post=68297"}],"curies":[{"name":"wp","href":"https:\/\/api.w.org\/{rel}","templated":true}]}}