{"id":68386,"date":"2015-09-17T21:51:13","date_gmt":"2015-09-18T00:51:13","guid":{"rendered":"http:\/\/www.notibras.com\/site\/?p=68386"},"modified":"2015-09-18T12:05:06","modified_gmt":"2015-09-18T15:05:06","slug":"carlos-manga-diretor-de-chico-city-ao-domingao-morre-no-rio-aos-87-anos","status":"publish","type":"post","link":"https:\/\/www.notibras.com\/site\/carlos-manga-diretor-de-chico-city-ao-domingao-morre-no-rio-aos-87-anos\/","title":{"rendered":"Carlos Manga, diretor de Chico City, Trapalh\u00f5es e Doming\u00e3o, morre no Rio aos 87 anos"},"content":{"rendered":"<p>O diretor Jos\u00e9 Carlos Aranha Manga morreu nesta quinta-feira (17) no Rio de Janeiro.\u00a0Ele\u00a0foi um dos principais diretores desde os anos 1950, per\u00edodo de ouro do cinema brasileiro na Atl\u00e2ntida, companhia cinematogr\u00e1fica fundada em 1941, onde esteve \u00e0 frente de cl\u00e1ssicos da chanchada como Nem Sans\u00e3o nem Dalila (1954), Matar ou Correr (1954) e O Homem do Sputnik (1959). Em sua carreira, Manga dirigiu 32 filmes.<\/p>\n<p>Em 1960, Chico Anysio convidou o diretor para trabalhar na televis\u00e3o, onde passou por emissoras como TV Rio, TV Excelsior e TV Record SP. No in\u00edcio dos anos 1970, Carlos Manga morou na It\u00e1lia, onde trabalhou com o diretor de cinema Federico Fellini. De volta ao Brasil e inspirado no italiano, escreveu, produziu e dirigiu o filme O Marginal , em 1974.<\/p>\n<p>Em 1980, Chico Anysio levou o amigo para a TV Globo, onde dirigiu a segunda vers\u00e3o do humor\u00edstico Chico City . Na Globo, Manga dirigiu Os Trapalh\u00f5es , no auge do programa, Doming\u00e3o do Faust\u00e3o (1989), Agosto (1993), Memorial de Maria Moura (1994), Engra\u00e7adinha (1995), A Madona de Cedro (1994), Incidente em Antares (1994), Decad\u00eancia (1995), Anjo Mau (1997), Torre de Babel (1998), Sandy &amp; Junior (1999), Zorra Total (1999), S\u00edtio do Picapau Amarelo (2001), Um S\u00f3 Cora\u00e7\u00e3o (2004),<\/p>\n<p>Em 2006, quando completou 50 anos de carreira, foi homenageado na novela Bel\u00edssima e recebeu o primeiro trof\u00e9u Oscarito, no Festival de Gramado. Em 2007, o n\u00facleo Carlos Manga foi respons\u00e1vel pela produ\u00e7\u00e3o da novela Eterna Magia. No m\u00eas de setembro do ano seguinte, a Assembleia Legislativa do Rio de Janeiro (Alerj) concedeu ao cineasta o t\u00edtulo de cidad\u00e3o benem\u00e9rito do Estado.<\/p>\n<p>Em novembro de 2010, Carlos Manga atuou no seriado <em>Afinal, o que Querem as Mulheres?, <\/em>e em 2012 foi virou personagem e foi interpretado pelo ator Danton Mello na miniss\u00e9rie <em>Dercy de Verdade. C<\/em>arlos Manga foi respons\u00e1vel pela primeira apari\u00e7\u00e3o de Dercy na televis\u00e3o.<\/p>\n","protected":false},"excerpt":{"rendered":"<p>O diretor Jos\u00e9 Carlos Aranha Manga morreu nesta quinta-feira (17) no Rio de Janeiro.\u00a0Ele\u00a0foi um dos principais diretores desde os anos 1950, per\u00edodo de ouro do cinema brasileiro na Atl\u00e2ntida, companhia cinematogr\u00e1fica fundada em 1941, onde esteve \u00e0 frente de cl\u00e1ssicos da chanchada como Nem Sans\u00e3o nem Dalila (1954), Matar ou Correr (1954) e O [&hellip;]<\/p>\n","protected":false},"author":2,"featured_media":68387,"comment_status":"open","ping_status":"closed","sticky":false,"template":"","format":"standard","meta":{"_acf_changed":false,"footnotes":""},"categories":[16],"tags":[],"class_list":["post-68386","post","type-post","status-publish","format-standard","has-post-thumbnail","hentry","category-brasil"],"acf":[],"yoast_head":"<!-- This site is optimized with the Yoast SEO plugin v27.2 - https:\/\/yoast.com\/product\/yoast-seo-wordpress\/ -->\n<title>Carlos Manga, diretor de Chico City, Trapalh\u00f5es e Doming\u00e3o, morre no Rio aos 87 anos - Notibras<\/title>\n<meta name=\"robots\" content=\"index, follow, max-snippet:-1, max-image-preview:large, max-video-preview:-1\" \/>\n<link rel=\"canonical\" href=\"https:\/\/www.notibras.com\/site\/carlos-manga-diretor-de-chico-city-ao-domingao-morre-no-rio-aos-87-anos\/\" \/>\n<meta property=\"og:locale\" content=\"pt_BR\" \/>\n<meta property=\"og:type\" content=\"article\" \/>\n<meta property=\"og:title\" content=\"Carlos Manga, diretor de Chico City, Trapalh\u00f5es e Doming\u00e3o, morre no Rio aos 87 anos - Notibras\" \/>\n<meta property=\"og:description\" content=\"O diretor Jos\u00e9 Carlos Aranha Manga morreu nesta quinta-feira (17) no Rio de Janeiro.\u00a0Ele\u00a0foi um dos principais diretores desde os anos 1950, per\u00edodo de ouro do cinema brasileiro na Atl\u00e2ntida, companhia cinematogr\u00e1fica fundada em 1941, onde esteve \u00e0 frente de cl\u00e1ssicos da chanchada como Nem Sans\u00e3o nem Dalila (1954), Matar ou Correr (1954) e O [&hellip;]\" \/>\n<meta property=\"og:url\" content=\"https:\/\/www.notibras.com\/site\/carlos-manga-diretor-de-chico-city-ao-domingao-morre-no-rio-aos-87-anos\/\" \/>\n<meta property=\"og:site_name\" content=\"Notibras\" \/>\n<meta property=\"article:publisher\" content=\"https:\/\/www.facebook.com\/notibras\/\" \/>\n<meta property=\"article:published_time\" content=\"2015-09-18T00:51:13+00:00\" \/>\n<meta property=\"article:modified_time\" content=\"2015-09-18T15:05:06+00:00\" \/>\n<meta property=\"og:image\" content=\"https:\/\/www.notibras.com\/site\/wp-content\/uploads\/2015\/09\/carlos-manga-carmem-veronica-iris-bruzzi-globo-marciodesouza.jpg\" \/>\n\t<meta property=\"og:image:width\" content=\"940\" \/>\n\t<meta property=\"og:image:height\" content=\"771\" \/>\n\t<meta property=\"og:image:type\" content=\"image\/jpeg\" \/>\n<meta name=\"author\" content=\"Reda\u00e7\u00e3o\" \/>\n<meta name=\"twitter:card\" content=\"summary_large_image\" \/>\n<meta name=\"twitter:creator\" content=\"@Notibras\" \/>\n<meta name=\"twitter:site\" content=\"@Notibras\" \/>\n<meta name=\"twitter:label1\" content=\"Escrito por\" \/>\n\t<meta name=\"twitter:data1\" content=\"Reda\u00e7\u00e3o\" \/>\n\t<meta name=\"twitter:label2\" content=\"Est. tempo de leitura\" \/>\n\t<meta name=\"twitter:data2\" content=\"2 minutos\" \/>\n<script type=\"application\/ld+json\" class=\"yoast-schema-graph\">{\"@context\":\"https:\/\/schema.org\",\"@graph\":[{\"@type\":\"Article\",\"@id\":\"https:\/\/www.notibras.com\/site\/carlos-manga-diretor-de-chico-city-ao-domingao-morre-no-rio-aos-87-anos\/#article\",\"isPartOf\":{\"@id\":\"https:\/\/www.notibras.com\/site\/carlos-manga-diretor-de-chico-city-ao-domingao-morre-no-rio-aos-87-anos\/\"},\"author\":{\"name\":\"Reda\u00e7\u00e3o\",\"@id\":\"https:\/\/www.notibras.com\/site\/#\/schema\/person\/36ab0979449956132d3e5b517ea76ac8\"},\"headline\":\"Carlos Manga, diretor de Chico City, Trapalh\u00f5es e Doming\u00e3o, morre no Rio aos 87 anos\",\"datePublished\":\"2015-09-18T00:51:13+00:00\",\"dateModified\":\"2015-09-18T15:05:06+00:00\",\"mainEntityOfPage\":{\"@id\":\"https:\/\/www.notibras.com\/site\/carlos-manga-diretor-de-chico-city-ao-domingao-morre-no-rio-aos-87-anos\/\"},\"wordCount\":328,\"commentCount\":0,\"publisher\":{\"@id\":\"https:\/\/www.notibras.com\/site\/#organization\"},\"image\":{\"@id\":\"https:\/\/www.notibras.com\/site\/carlos-manga-diretor-de-chico-city-ao-domingao-morre-no-rio-aos-87-anos\/#primaryimage\"},\"thumbnailUrl\":\"https:\/\/www.notibras.com\/site\/wp-content\/uploads\/2015\/09\/carlos-manga-carmem-veronica-iris-bruzzi-globo-marciodesouza.jpg\",\"articleSection\":[\"Brasil\"],\"inLanguage\":\"pt-BR\",\"potentialAction\":[{\"@type\":\"CommentAction\",\"name\":\"Comment\",\"target\":[\"https:\/\/www.notibras.com\/site\/carlos-manga-diretor-de-chico-city-ao-domingao-morre-no-rio-aos-87-anos\/#respond\"]}]},{\"@type\":\"WebPage\",\"@id\":\"https:\/\/www.notibras.com\/site\/carlos-manga-diretor-de-chico-city-ao-domingao-morre-no-rio-aos-87-anos\/\",\"url\":\"https:\/\/www.notibras.com\/site\/carlos-manga-diretor-de-chico-city-ao-domingao-morre-no-rio-aos-87-anos\/\",\"name\":\"Carlos Manga, diretor de Chico City, Trapalh\u00f5es e Doming\u00e3o, morre no Rio aos 87 anos - Notibras\",\"isPartOf\":{\"@id\":\"https:\/\/www.notibras.com\/site\/#website\"},\"primaryImageOfPage\":{\"@id\":\"https:\/\/www.notibras.com\/site\/carlos-manga-diretor-de-chico-city-ao-domingao-morre-no-rio-aos-87-anos\/#primaryimage\"},\"image\":{\"@id\":\"https:\/\/www.notibras.com\/site\/carlos-manga-diretor-de-chico-city-ao-domingao-morre-no-rio-aos-87-anos\/#primaryimage\"},\"thumbnailUrl\":\"https:\/\/www.notibras.com\/site\/wp-content\/uploads\/2015\/09\/carlos-manga-carmem-veronica-iris-bruzzi-globo-marciodesouza.jpg\",\"datePublished\":\"2015-09-18T00:51:13+00:00\",\"dateModified\":\"2015-09-18T15:05:06+00:00\",\"breadcrumb\":{\"@id\":\"https:\/\/www.notibras.com\/site\/carlos-manga-diretor-de-chico-city-ao-domingao-morre-no-rio-aos-87-anos\/#breadcrumb\"},\"inLanguage\":\"pt-BR\",\"potentialAction\":[{\"@type\":\"ReadAction\",\"target\":[\"https:\/\/www.notibras.com\/site\/carlos-manga-diretor-de-chico-city-ao-domingao-morre-no-rio-aos-87-anos\/\"]}]},{\"@type\":\"ImageObject\",\"inLanguage\":\"pt-BR\",\"@id\":\"https:\/\/www.notibras.com\/site\/carlos-manga-diretor-de-chico-city-ao-domingao-morre-no-rio-aos-87-anos\/#primaryimage\",\"url\":\"https:\/\/www.notibras.com\/site\/wp-content\/uploads\/2015\/09\/carlos-manga-carmem-veronica-iris-bruzzi-globo-marciodesouza.jpg\",\"contentUrl\":\"https:\/\/www.notibras.com\/site\/wp-content\/uploads\/2015\/09\/carlos-manga-carmem-veronica-iris-bruzzi-globo-marciodesouza.jpg\",\"width\":940,\"height\":771},{\"@type\":\"BreadcrumbList\",\"@id\":\"https:\/\/www.notibras.com\/site\/carlos-manga-diretor-de-chico-city-ao-domingao-morre-no-rio-aos-87-anos\/#breadcrumb\",\"itemListElement\":[{\"@type\":\"ListItem\",\"position\":1,\"name\":\"In\u00edcio\",\"item\":\"https:\/\/www.notibras.com\/site\/\"},{\"@type\":\"ListItem\",\"position\":2,\"name\":\"Carlos Manga, diretor de Chico City, Trapalh\u00f5es e Doming\u00e3o, morre no Rio aos 87 anos\"}]},{\"@type\":\"WebSite\",\"@id\":\"https:\/\/www.notibras.com\/site\/#website\",\"url\":\"https:\/\/www.notibras.com\/site\/\",\"name\":\"Notibras\",\"description\":\"Not\u00edcias de Bras\u00edlia, do Brasil e do Mundo\",\"publisher\":{\"@id\":\"https:\/\/www.notibras.com\/site\/#organization\"},\"potentialAction\":[{\"@type\":\"SearchAction\",\"target\":{\"@type\":\"EntryPoint\",\"urlTemplate\":\"https:\/\/www.notibras.com\/site\/?s={search_term_string}\"},\"query-input\":{\"@type\":\"PropertyValueSpecification\",\"valueRequired\":true,\"valueName\":\"search_term_string\"}}],\"inLanguage\":\"pt-BR\"},{\"@type\":\"Organization\",\"@id\":\"https:\/\/www.notibras.com\/site\/#organization\",\"name\":\"Grupo Notibras de Comunica\u00e7\u00e3o\",\"url\":\"https:\/\/www.notibras.com\/site\/\",\"logo\":{\"@type\":\"ImageObject\",\"inLanguage\":\"pt-BR\",\"@id\":\"https:\/\/www.notibras.com\/site\/#\/schema\/logo\/image\/\",\"url\":\"https:\/\/www.notibras.com\/site\/wp-content\/uploads\/2023\/01\/notibras23.png\",\"contentUrl\":\"https:\/\/www.notibras.com\/site\/wp-content\/uploads\/2023\/01\/notibras23.png\",\"width\":350,\"height\":87,\"caption\":\"Grupo Notibras de Comunica\u00e7\u00e3o\"},\"image\":{\"@id\":\"https:\/\/www.notibras.com\/site\/#\/schema\/logo\/image\/\"},\"sameAs\":[\"https:\/\/www.facebook.com\/notibras\/\",\"https:\/\/x.com\/Notibras\",\"https:\/\/www.instagram.com\/notibras\/\"]},{\"@type\":\"Person\",\"@id\":\"https:\/\/www.notibras.com\/site\/#\/schema\/person\/36ab0979449956132d3e5b517ea76ac8\",\"name\":\"Reda\u00e7\u00e3o\",\"image\":{\"@type\":\"ImageObject\",\"inLanguage\":\"pt-BR\",\"@id\":\"https:\/\/secure.gravatar.com\/avatar\/e0a867bdedb85fd243eadf09663511f96fc81e0720a4a42581f334ad4303aa6b?s=96&d=mm&r=g\",\"url\":\"https:\/\/secure.gravatar.com\/avatar\/e0a867bdedb85fd243eadf09663511f96fc81e0720a4a42581f334ad4303aa6b?s=96&d=mm&r=g\",\"contentUrl\":\"https:\/\/secure.gravatar.com\/avatar\/e0a867bdedb85fd243eadf09663511f96fc81e0720a4a42581f334ad4303aa6b?s=96&d=mm&r=g\",\"caption\":\"Reda\u00e7\u00e3o\"}}]}<\/script>\n<!-- \/ Yoast SEO plugin. -->","yoast_head_json":{"title":"Carlos Manga, diretor de Chico City, Trapalh\u00f5es e Doming\u00e3o, morre no Rio aos 87 anos - Notibras","robots":{"index":"index","follow":"follow","max-snippet":"max-snippet:-1","max-image-preview":"max-image-preview:large","max-video-preview":"max-video-preview:-1"},"canonical":"https:\/\/www.notibras.com\/site\/carlos-manga-diretor-de-chico-city-ao-domingao-morre-no-rio-aos-87-anos\/","og_locale":"pt_BR","og_type":"article","og_title":"Carlos Manga, diretor de Chico City, Trapalh\u00f5es e Doming\u00e3o, morre no Rio aos 87 anos - Notibras","og_description":"O diretor Jos\u00e9 Carlos Aranha Manga morreu nesta quinta-feira (17) no Rio de Janeiro.\u00a0Ele\u00a0foi um dos principais diretores desde os anos 1950, per\u00edodo de ouro do cinema brasileiro na Atl\u00e2ntida, companhia cinematogr\u00e1fica fundada em 1941, onde esteve \u00e0 frente de cl\u00e1ssicos da chanchada como Nem Sans\u00e3o nem Dalila (1954), Matar ou Correr (1954) e O [&hellip;]","og_url":"https:\/\/www.notibras.com\/site\/carlos-manga-diretor-de-chico-city-ao-domingao-morre-no-rio-aos-87-anos\/","og_site_name":"Notibras","article_publisher":"https:\/\/www.facebook.com\/notibras\/","article_published_time":"2015-09-18T00:51:13+00:00","article_modified_time":"2015-09-18T15:05:06+00:00","og_image":[{"width":940,"height":771,"url":"https:\/\/www.notibras.com\/site\/wp-content\/uploads\/2015\/09\/carlos-manga-carmem-veronica-iris-bruzzi-globo-marciodesouza.jpg","type":"image\/jpeg"}],"author":"Reda\u00e7\u00e3o","twitter_card":"summary_large_image","twitter_creator":"@Notibras","twitter_site":"@Notibras","twitter_misc":{"Escrito por":"Reda\u00e7\u00e3o","Est. tempo de leitura":"2 minutos"},"schema":{"@context":"https:\/\/schema.org","@graph":[{"@type":"Article","@id":"https:\/\/www.notibras.com\/site\/carlos-manga-diretor-de-chico-city-ao-domingao-morre-no-rio-aos-87-anos\/#article","isPartOf":{"@id":"https:\/\/www.notibras.com\/site\/carlos-manga-diretor-de-chico-city-ao-domingao-morre-no-rio-aos-87-anos\/"},"author":{"name":"Reda\u00e7\u00e3o","@id":"https:\/\/www.notibras.com\/site\/#\/schema\/person\/36ab0979449956132d3e5b517ea76ac8"},"headline":"Carlos Manga, diretor de Chico City, Trapalh\u00f5es e Doming\u00e3o, morre no Rio aos 87 anos","datePublished":"2015-09-18T00:51:13+00:00","dateModified":"2015-09-18T15:05:06+00:00","mainEntityOfPage":{"@id":"https:\/\/www.notibras.com\/site\/carlos-manga-diretor-de-chico-city-ao-domingao-morre-no-rio-aos-87-anos\/"},"wordCount":328,"commentCount":0,"publisher":{"@id":"https:\/\/www.notibras.com\/site\/#organization"},"image":{"@id":"https:\/\/www.notibras.com\/site\/carlos-manga-diretor-de-chico-city-ao-domingao-morre-no-rio-aos-87-anos\/#primaryimage"},"thumbnailUrl":"https:\/\/www.notibras.com\/site\/wp-content\/uploads\/2015\/09\/carlos-manga-carmem-veronica-iris-bruzzi-globo-marciodesouza.jpg","articleSection":["Brasil"],"inLanguage":"pt-BR","potentialAction":[{"@type":"CommentAction","name":"Comment","target":["https:\/\/www.notibras.com\/site\/carlos-manga-diretor-de-chico-city-ao-domingao-morre-no-rio-aos-87-anos\/#respond"]}]},{"@type":"WebPage","@id":"https:\/\/www.notibras.com\/site\/carlos-manga-diretor-de-chico-city-ao-domingao-morre-no-rio-aos-87-anos\/","url":"https:\/\/www.notibras.com\/site\/carlos-manga-diretor-de-chico-city-ao-domingao-morre-no-rio-aos-87-anos\/","name":"Carlos Manga, diretor de Chico City, Trapalh\u00f5es e Doming\u00e3o, morre no Rio aos 87 anos - Notibras","isPartOf":{"@id":"https:\/\/www.notibras.com\/site\/#website"},"primaryImageOfPage":{"@id":"https:\/\/www.notibras.com\/site\/carlos-manga-diretor-de-chico-city-ao-domingao-morre-no-rio-aos-87-anos\/#primaryimage"},"image":{"@id":"https:\/\/www.notibras.com\/site\/carlos-manga-diretor-de-chico-city-ao-domingao-morre-no-rio-aos-87-anos\/#primaryimage"},"thumbnailUrl":"https:\/\/www.notibras.com\/site\/wp-content\/uploads\/2015\/09\/carlos-manga-carmem-veronica-iris-bruzzi-globo-marciodesouza.jpg","datePublished":"2015-09-18T00:51:13+00:00","dateModified":"2015-09-18T15:05:06+00:00","breadcrumb":{"@id":"https:\/\/www.notibras.com\/site\/carlos-manga-diretor-de-chico-city-ao-domingao-morre-no-rio-aos-87-anos\/#breadcrumb"},"inLanguage":"pt-BR","potentialAction":[{"@type":"ReadAction","target":["https:\/\/www.notibras.com\/site\/carlos-manga-diretor-de-chico-city-ao-domingao-morre-no-rio-aos-87-anos\/"]}]},{"@type":"ImageObject","inLanguage":"pt-BR","@id":"https:\/\/www.notibras.com\/site\/carlos-manga-diretor-de-chico-city-ao-domingao-morre-no-rio-aos-87-anos\/#primaryimage","url":"https:\/\/www.notibras.com\/site\/wp-content\/uploads\/2015\/09\/carlos-manga-carmem-veronica-iris-bruzzi-globo-marciodesouza.jpg","contentUrl":"https:\/\/www.notibras.com\/site\/wp-content\/uploads\/2015\/09\/carlos-manga-carmem-veronica-iris-bruzzi-globo-marciodesouza.jpg","width":940,"height":771},{"@type":"BreadcrumbList","@id":"https:\/\/www.notibras.com\/site\/carlos-manga-diretor-de-chico-city-ao-domingao-morre-no-rio-aos-87-anos\/#breadcrumb","itemListElement":[{"@type":"ListItem","position":1,"name":"In\u00edcio","item":"https:\/\/www.notibras.com\/site\/"},{"@type":"ListItem","position":2,"name":"Carlos Manga, diretor de Chico City, Trapalh\u00f5es e Doming\u00e3o, morre no Rio aos 87 anos"}]},{"@type":"WebSite","@id":"https:\/\/www.notibras.com\/site\/#website","url":"https:\/\/www.notibras.com\/site\/","name":"Notibras","description":"Not\u00edcias de Bras\u00edlia, do Brasil e do Mundo","publisher":{"@id":"https:\/\/www.notibras.com\/site\/#organization"},"potentialAction":[{"@type":"SearchAction","target":{"@type":"EntryPoint","urlTemplate":"https:\/\/www.notibras.com\/site\/?s={search_term_string}"},"query-input":{"@type":"PropertyValueSpecification","valueRequired":true,"valueName":"search_term_string"}}],"inLanguage":"pt-BR"},{"@type":"Organization","@id":"https:\/\/www.notibras.com\/site\/#organization","name":"Grupo Notibras de Comunica\u00e7\u00e3o","url":"https:\/\/www.notibras.com\/site\/","logo":{"@type":"ImageObject","inLanguage":"pt-BR","@id":"https:\/\/www.notibras.com\/site\/#\/schema\/logo\/image\/","url":"https:\/\/www.notibras.com\/site\/wp-content\/uploads\/2023\/01\/notibras23.png","contentUrl":"https:\/\/www.notibras.com\/site\/wp-content\/uploads\/2023\/01\/notibras23.png","width":350,"height":87,"caption":"Grupo Notibras de Comunica\u00e7\u00e3o"},"image":{"@id":"https:\/\/www.notibras.com\/site\/#\/schema\/logo\/image\/"},"sameAs":["https:\/\/www.facebook.com\/notibras\/","https:\/\/x.com\/Notibras","https:\/\/www.instagram.com\/notibras\/"]},{"@type":"Person","@id":"https:\/\/www.notibras.com\/site\/#\/schema\/person\/36ab0979449956132d3e5b517ea76ac8","name":"Reda\u00e7\u00e3o","image":{"@type":"ImageObject","inLanguage":"pt-BR","@id":"https:\/\/secure.gravatar.com\/avatar\/e0a867bdedb85fd243eadf09663511f96fc81e0720a4a42581f334ad4303aa6b?s=96&d=mm&r=g","url":"https:\/\/secure.gravatar.com\/avatar\/e0a867bdedb85fd243eadf09663511f96fc81e0720a4a42581f334ad4303aa6b?s=96&d=mm&r=g","contentUrl":"https:\/\/secure.gravatar.com\/avatar\/e0a867bdedb85fd243eadf09663511f96fc81e0720a4a42581f334ad4303aa6b?s=96&d=mm&r=g","caption":"Reda\u00e7\u00e3o"}}]}},"amp_enabled":true,"_links":{"self":[{"href":"https:\/\/www.notibras.com\/site\/wp-json\/wp\/v2\/posts\/68386","targetHints":{"allow":["GET"]}}],"collection":[{"href":"https:\/\/www.notibras.com\/site\/wp-json\/wp\/v2\/posts"}],"about":[{"href":"https:\/\/www.notibras.com\/site\/wp-json\/wp\/v2\/types\/post"}],"author":[{"embeddable":true,"href":"https:\/\/www.notibras.com\/site\/wp-json\/wp\/v2\/users\/2"}],"replies":[{"embeddable":true,"href":"https:\/\/www.notibras.com\/site\/wp-json\/wp\/v2\/comments?post=68386"}],"version-history":[{"count":2,"href":"https:\/\/www.notibras.com\/site\/wp-json\/wp\/v2\/posts\/68386\/revisions"}],"predecessor-version":[{"id":68455,"href":"https:\/\/www.notibras.com\/site\/wp-json\/wp\/v2\/posts\/68386\/revisions\/68455"}],"wp:featuredmedia":[{"embeddable":true,"href":"https:\/\/www.notibras.com\/site\/wp-json\/wp\/v2\/media\/68387"}],"wp:attachment":[{"href":"https:\/\/www.notibras.com\/site\/wp-json\/wp\/v2\/media?parent=68386"}],"wp:term":[{"taxonomy":"category","embeddable":true,"href":"https:\/\/www.notibras.com\/site\/wp-json\/wp\/v2\/categories?post=68386"},{"taxonomy":"post_tag","embeddable":true,"href":"https:\/\/www.notibras.com\/site\/wp-json\/wp\/v2\/tags?post=68386"}],"curies":[{"name":"wp","href":"https:\/\/api.w.org\/{rel}","templated":true}]}}