{"id":68389,"date":"2015-09-17T22:01:26","date_gmt":"2015-09-18T01:01:26","guid":{"rendered":"http:\/\/www.notibras.com\/site\/?p=68389"},"modified":"2015-09-17T23:10:46","modified_gmt":"2015-09-18T02:10:46","slug":"chapecoense-se-fecha-em-copas-e-segura-um-apatico-sao-paulo","status":"publish","type":"post","link":"https:\/\/www.notibras.com\/site\/chapecoense-se-fecha-em-copas-e-segura-um-apatico-sao-paulo\/","title":{"rendered":"Chapecoense se fecha em copas e segura empate com um ap\u00e1tico S\u00e3o Paulo"},"content":{"rendered":"<p>O S\u00e3o Paulo precisava balan\u00e7ar as redes uma vez contra a Chapecoense, nesta quinta-feira (17), pela 26\u00aa rodada do Campeonato Brasileiro, para chegar ao gol 3000 do time no Morumbi. Mais que isso, se vencesse, o tricolor jogaria toda a press\u00e3o para o rival Flamengo na disputa pela vaga no G-4. Tarefa nada complicada, certo? Errado.<\/p>\n<p>Diante de 16 mil pagantes na noite dessa quinta no Morumbi, o tricolor jogou &#8220;mais ou menos&#8221;, como definiu o goleiro Rog\u00e9rio Ceni, e s\u00f3 empatou em 0 a 0 contra o 13\u00ba colocado do Brasileir\u00e3o. Sem Ganso no meio de campo, foram poucas as chances de gols criadas e mais escassos ainda momentos de bom futebol.<\/p>\n<p>A noite foi marcada pela volta de Luis Fabiano e Rog\u00e9rio Ceni, que desfalcaram o time por les\u00e3o nas \u00faltimas rodadas. Mas n\u00e3o foi de festa. Nem saiu o gol 3000 do S\u00e3o Paulo no Morumbi. Nem o time conseguiu engatar duas vit\u00f3rias seguidas no campeonato, o que n\u00e3o acontece desde 12 de julho, h\u00e1 mais de dois meses. E ainda desceu sob vaias aos vesti\u00e1rios ap\u00f3s o apito final.<\/p>\n","protected":false},"excerpt":{"rendered":"<p>O S\u00e3o Paulo precisava balan\u00e7ar as redes uma vez contra a Chapecoense, nesta quinta-feira (17), pela 26\u00aa rodada do Campeonato Brasileiro, para chegar ao gol 3000 do time no Morumbi. Mais que isso, se vencesse, o tricolor jogaria toda a press\u00e3o para o rival Flamengo na disputa pela vaga no G-4. Tarefa nada complicada, certo? [&hellip;]<\/p>\n","protected":false},"author":2,"featured_media":68390,"comment_status":"open","ping_status":"closed","sticky":false,"template":"","format":"standard","meta":{"_acf_changed":false,"footnotes":""},"categories":[29],"tags":[],"class_list":["post-68389","post","type-post","status-publish","format-standard","has-post-thumbnail","hentry","category-futebol"],"acf":[],"yoast_head":"<!-- This site is optimized with the Yoast SEO plugin v27.2 - https:\/\/yoast.com\/product\/yoast-seo-wordpress\/ -->\n<title>Chapecoense se fecha em copas e segura empate com um ap\u00e1tico S\u00e3o Paulo - Notibras<\/title>\n<meta name=\"robots\" content=\"index, follow, max-snippet:-1, max-image-preview:large, max-video-preview:-1\" \/>\n<link rel=\"canonical\" href=\"https:\/\/www.notibras.com\/site\/chapecoense-se-fecha-em-copas-e-segura-um-apatico-sao-paulo\/\" \/>\n<meta property=\"og:locale\" content=\"pt_BR\" \/>\n<meta property=\"og:type\" content=\"article\" \/>\n<meta property=\"og:title\" content=\"Chapecoense se fecha em copas e segura empate com um ap\u00e1tico S\u00e3o Paulo - Notibras\" \/>\n<meta property=\"og:description\" content=\"O S\u00e3o Paulo precisava balan\u00e7ar as redes uma vez contra a Chapecoense, nesta quinta-feira (17), pela 26\u00aa rodada do Campeonato Brasileiro, para chegar ao gol 3000 do time no Morumbi. Mais que isso, se vencesse, o tricolor jogaria toda a press\u00e3o para o rival Flamengo na disputa pela vaga no G-4. Tarefa nada complicada, certo? [&hellip;]\" \/>\n<meta property=\"og:url\" content=\"https:\/\/www.notibras.com\/site\/chapecoense-se-fecha-em-copas-e-segura-um-apatico-sao-paulo\/\" \/>\n<meta property=\"og:site_name\" content=\"Notibras\" \/>\n<meta property=\"article:publisher\" content=\"https:\/\/www.facebook.com\/notibras\/\" \/>\n<meta property=\"article:published_time\" content=\"2015-09-18T01:01:26+00:00\" \/>\n<meta property=\"article:modified_time\" content=\"2015-09-18T02:10:46+00:00\" \/>\n<meta property=\"og:image\" content=\"https:\/\/www.notibras.com\/site\/wp-content\/uploads\/2015\/09\/apodipatosaopauloxchapecoensemarcelozambranaagifgazeta.jpg\" \/>\n\t<meta property=\"og:image:width\" content=\"940\" \/>\n\t<meta property=\"og:image:height\" content=\"627\" \/>\n\t<meta property=\"og:image:type\" content=\"image\/jpeg\" \/>\n<meta name=\"author\" content=\"Reda\u00e7\u00e3o\" \/>\n<meta name=\"twitter:card\" content=\"summary_large_image\" \/>\n<meta name=\"twitter:creator\" content=\"@Notibras\" \/>\n<meta name=\"twitter:site\" content=\"@Notibras\" \/>\n<meta name=\"twitter:label1\" content=\"Escrito por\" \/>\n\t<meta name=\"twitter:data1\" content=\"Reda\u00e7\u00e3o\" \/>\n\t<meta name=\"twitter:label2\" content=\"Est. tempo de leitura\" \/>\n\t<meta name=\"twitter:data2\" content=\"1 minuto\" \/>\n<script type=\"application\/ld+json\" class=\"yoast-schema-graph\">{\"@context\":\"https:\/\/schema.org\",\"@graph\":[{\"@type\":\"Article\",\"@id\":\"https:\/\/www.notibras.com\/site\/chapecoense-se-fecha-em-copas-e-segura-um-apatico-sao-paulo\/#article\",\"isPartOf\":{\"@id\":\"https:\/\/www.notibras.com\/site\/chapecoense-se-fecha-em-copas-e-segura-um-apatico-sao-paulo\/\"},\"author\":{\"name\":\"Reda\u00e7\u00e3o\",\"@id\":\"https:\/\/www.notibras.com\/site\/#\/schema\/person\/36ab0979449956132d3e5b517ea76ac8\"},\"headline\":\"Chapecoense se fecha em copas e segura empate com um ap\u00e1tico S\u00e3o Paulo\",\"datePublished\":\"2015-09-18T01:01:26+00:00\",\"dateModified\":\"2015-09-18T02:10:46+00:00\",\"mainEntityOfPage\":{\"@id\":\"https:\/\/www.notibras.com\/site\/chapecoense-se-fecha-em-copas-e-segura-um-apatico-sao-paulo\/\"},\"wordCount\":202,\"commentCount\":0,\"publisher\":{\"@id\":\"https:\/\/www.notibras.com\/site\/#organization\"},\"image\":{\"@id\":\"https:\/\/www.notibras.com\/site\/chapecoense-se-fecha-em-copas-e-segura-um-apatico-sao-paulo\/#primaryimage\"},\"thumbnailUrl\":\"https:\/\/www.notibras.com\/site\/wp-content\/uploads\/2015\/09\/apodipatosaopauloxchapecoensemarcelozambranaagifgazeta.jpg\",\"articleSection\":[\"Futebol\"],\"inLanguage\":\"pt-BR\",\"potentialAction\":[{\"@type\":\"CommentAction\",\"name\":\"Comment\",\"target\":[\"https:\/\/www.notibras.com\/site\/chapecoense-se-fecha-em-copas-e-segura-um-apatico-sao-paulo\/#respond\"]}]},{\"@type\":\"WebPage\",\"@id\":\"https:\/\/www.notibras.com\/site\/chapecoense-se-fecha-em-copas-e-segura-um-apatico-sao-paulo\/\",\"url\":\"https:\/\/www.notibras.com\/site\/chapecoense-se-fecha-em-copas-e-segura-um-apatico-sao-paulo\/\",\"name\":\"Chapecoense se fecha em copas e segura empate com um ap\u00e1tico S\u00e3o Paulo - Notibras\",\"isPartOf\":{\"@id\":\"https:\/\/www.notibras.com\/site\/#website\"},\"primaryImageOfPage\":{\"@id\":\"https:\/\/www.notibras.com\/site\/chapecoense-se-fecha-em-copas-e-segura-um-apatico-sao-paulo\/#primaryimage\"},\"image\":{\"@id\":\"https:\/\/www.notibras.com\/site\/chapecoense-se-fecha-em-copas-e-segura-um-apatico-sao-paulo\/#primaryimage\"},\"thumbnailUrl\":\"https:\/\/www.notibras.com\/site\/wp-content\/uploads\/2015\/09\/apodipatosaopauloxchapecoensemarcelozambranaagifgazeta.jpg\",\"datePublished\":\"2015-09-18T01:01:26+00:00\",\"dateModified\":\"2015-09-18T02:10:46+00:00\",\"breadcrumb\":{\"@id\":\"https:\/\/www.notibras.com\/site\/chapecoense-se-fecha-em-copas-e-segura-um-apatico-sao-paulo\/#breadcrumb\"},\"inLanguage\":\"pt-BR\",\"potentialAction\":[{\"@type\":\"ReadAction\",\"target\":[\"https:\/\/www.notibras.com\/site\/chapecoense-se-fecha-em-copas-e-segura-um-apatico-sao-paulo\/\"]}]},{\"@type\":\"ImageObject\",\"inLanguage\":\"pt-BR\",\"@id\":\"https:\/\/www.notibras.com\/site\/chapecoense-se-fecha-em-copas-e-segura-um-apatico-sao-paulo\/#primaryimage\",\"url\":\"https:\/\/www.notibras.com\/site\/wp-content\/uploads\/2015\/09\/apodipatosaopauloxchapecoensemarcelozambranaagifgazeta.jpg\",\"contentUrl\":\"https:\/\/www.notibras.com\/site\/wp-content\/uploads\/2015\/09\/apodipatosaopauloxchapecoensemarcelozambranaagifgazeta.jpg\",\"width\":940,\"height\":627},{\"@type\":\"BreadcrumbList\",\"@id\":\"https:\/\/www.notibras.com\/site\/chapecoense-se-fecha-em-copas-e-segura-um-apatico-sao-paulo\/#breadcrumb\",\"itemListElement\":[{\"@type\":\"ListItem\",\"position\":1,\"name\":\"In\u00edcio\",\"item\":\"https:\/\/www.notibras.com\/site\/\"},{\"@type\":\"ListItem\",\"position\":2,\"name\":\"Chapecoense se fecha em copas e segura empate com um ap\u00e1tico S\u00e3o Paulo\"}]},{\"@type\":\"WebSite\",\"@id\":\"https:\/\/www.notibras.com\/site\/#website\",\"url\":\"https:\/\/www.notibras.com\/site\/\",\"name\":\"Notibras\",\"description\":\"Not\u00edcias de Bras\u00edlia, do Brasil e do Mundo\",\"publisher\":{\"@id\":\"https:\/\/www.notibras.com\/site\/#organization\"},\"potentialAction\":[{\"@type\":\"SearchAction\",\"target\":{\"@type\":\"EntryPoint\",\"urlTemplate\":\"https:\/\/www.notibras.com\/site\/?s={search_term_string}\"},\"query-input\":{\"@type\":\"PropertyValueSpecification\",\"valueRequired\":true,\"valueName\":\"search_term_string\"}}],\"inLanguage\":\"pt-BR\"},{\"@type\":\"Organization\",\"@id\":\"https:\/\/www.notibras.com\/site\/#organization\",\"name\":\"Grupo Notibras de Comunica\u00e7\u00e3o\",\"url\":\"https:\/\/www.notibras.com\/site\/\",\"logo\":{\"@type\":\"ImageObject\",\"inLanguage\":\"pt-BR\",\"@id\":\"https:\/\/www.notibras.com\/site\/#\/schema\/logo\/image\/\",\"url\":\"https:\/\/www.notibras.com\/site\/wp-content\/uploads\/2023\/01\/notibras23.png\",\"contentUrl\":\"https:\/\/www.notibras.com\/site\/wp-content\/uploads\/2023\/01\/notibras23.png\",\"width\":350,\"height\":87,\"caption\":\"Grupo Notibras de Comunica\u00e7\u00e3o\"},\"image\":{\"@id\":\"https:\/\/www.notibras.com\/site\/#\/schema\/logo\/image\/\"},\"sameAs\":[\"https:\/\/www.facebook.com\/notibras\/\",\"https:\/\/x.com\/Notibras\",\"https:\/\/www.instagram.com\/notibras\/\"]},{\"@type\":\"Person\",\"@id\":\"https:\/\/www.notibras.com\/site\/#\/schema\/person\/36ab0979449956132d3e5b517ea76ac8\",\"name\":\"Reda\u00e7\u00e3o\",\"image\":{\"@type\":\"ImageObject\",\"inLanguage\":\"pt-BR\",\"@id\":\"https:\/\/secure.gravatar.com\/avatar\/e0a867bdedb85fd243eadf09663511f96fc81e0720a4a42581f334ad4303aa6b?s=96&d=mm&r=g\",\"url\":\"https:\/\/secure.gravatar.com\/avatar\/e0a867bdedb85fd243eadf09663511f96fc81e0720a4a42581f334ad4303aa6b?s=96&d=mm&r=g\",\"contentUrl\":\"https:\/\/secure.gravatar.com\/avatar\/e0a867bdedb85fd243eadf09663511f96fc81e0720a4a42581f334ad4303aa6b?s=96&d=mm&r=g\",\"caption\":\"Reda\u00e7\u00e3o\"}}]}<\/script>\n<!-- \/ Yoast SEO plugin. -->","yoast_head_json":{"title":"Chapecoense se fecha em copas e segura empate com um ap\u00e1tico S\u00e3o Paulo - Notibras","robots":{"index":"index","follow":"follow","max-snippet":"max-snippet:-1","max-image-preview":"max-image-preview:large","max-video-preview":"max-video-preview:-1"},"canonical":"https:\/\/www.notibras.com\/site\/chapecoense-se-fecha-em-copas-e-segura-um-apatico-sao-paulo\/","og_locale":"pt_BR","og_type":"article","og_title":"Chapecoense se fecha em copas e segura empate com um ap\u00e1tico S\u00e3o Paulo - Notibras","og_description":"O S\u00e3o Paulo precisava balan\u00e7ar as redes uma vez contra a Chapecoense, nesta quinta-feira (17), pela 26\u00aa rodada do Campeonato Brasileiro, para chegar ao gol 3000 do time no Morumbi. Mais que isso, se vencesse, o tricolor jogaria toda a press\u00e3o para o rival Flamengo na disputa pela vaga no G-4. Tarefa nada complicada, certo? [&hellip;]","og_url":"https:\/\/www.notibras.com\/site\/chapecoense-se-fecha-em-copas-e-segura-um-apatico-sao-paulo\/","og_site_name":"Notibras","article_publisher":"https:\/\/www.facebook.com\/notibras\/","article_published_time":"2015-09-18T01:01:26+00:00","article_modified_time":"2015-09-18T02:10:46+00:00","og_image":[{"width":940,"height":627,"url":"https:\/\/www.notibras.com\/site\/wp-content\/uploads\/2015\/09\/apodipatosaopauloxchapecoensemarcelozambranaagifgazeta.jpg","type":"image\/jpeg"}],"author":"Reda\u00e7\u00e3o","twitter_card":"summary_large_image","twitter_creator":"@Notibras","twitter_site":"@Notibras","twitter_misc":{"Escrito por":"Reda\u00e7\u00e3o","Est. tempo de leitura":"1 minuto"},"schema":{"@context":"https:\/\/schema.org","@graph":[{"@type":"Article","@id":"https:\/\/www.notibras.com\/site\/chapecoense-se-fecha-em-copas-e-segura-um-apatico-sao-paulo\/#article","isPartOf":{"@id":"https:\/\/www.notibras.com\/site\/chapecoense-se-fecha-em-copas-e-segura-um-apatico-sao-paulo\/"},"author":{"name":"Reda\u00e7\u00e3o","@id":"https:\/\/www.notibras.com\/site\/#\/schema\/person\/36ab0979449956132d3e5b517ea76ac8"},"headline":"Chapecoense se fecha em copas e segura empate com um ap\u00e1tico S\u00e3o Paulo","datePublished":"2015-09-18T01:01:26+00:00","dateModified":"2015-09-18T02:10:46+00:00","mainEntityOfPage":{"@id":"https:\/\/www.notibras.com\/site\/chapecoense-se-fecha-em-copas-e-segura-um-apatico-sao-paulo\/"},"wordCount":202,"commentCount":0,"publisher":{"@id":"https:\/\/www.notibras.com\/site\/#organization"},"image":{"@id":"https:\/\/www.notibras.com\/site\/chapecoense-se-fecha-em-copas-e-segura-um-apatico-sao-paulo\/#primaryimage"},"thumbnailUrl":"https:\/\/www.notibras.com\/site\/wp-content\/uploads\/2015\/09\/apodipatosaopauloxchapecoensemarcelozambranaagifgazeta.jpg","articleSection":["Futebol"],"inLanguage":"pt-BR","potentialAction":[{"@type":"CommentAction","name":"Comment","target":["https:\/\/www.notibras.com\/site\/chapecoense-se-fecha-em-copas-e-segura-um-apatico-sao-paulo\/#respond"]}]},{"@type":"WebPage","@id":"https:\/\/www.notibras.com\/site\/chapecoense-se-fecha-em-copas-e-segura-um-apatico-sao-paulo\/","url":"https:\/\/www.notibras.com\/site\/chapecoense-se-fecha-em-copas-e-segura-um-apatico-sao-paulo\/","name":"Chapecoense se fecha em copas e segura empate com um ap\u00e1tico S\u00e3o Paulo - Notibras","isPartOf":{"@id":"https:\/\/www.notibras.com\/site\/#website"},"primaryImageOfPage":{"@id":"https:\/\/www.notibras.com\/site\/chapecoense-se-fecha-em-copas-e-segura-um-apatico-sao-paulo\/#primaryimage"},"image":{"@id":"https:\/\/www.notibras.com\/site\/chapecoense-se-fecha-em-copas-e-segura-um-apatico-sao-paulo\/#primaryimage"},"thumbnailUrl":"https:\/\/www.notibras.com\/site\/wp-content\/uploads\/2015\/09\/apodipatosaopauloxchapecoensemarcelozambranaagifgazeta.jpg","datePublished":"2015-09-18T01:01:26+00:00","dateModified":"2015-09-18T02:10:46+00:00","breadcrumb":{"@id":"https:\/\/www.notibras.com\/site\/chapecoense-se-fecha-em-copas-e-segura-um-apatico-sao-paulo\/#breadcrumb"},"inLanguage":"pt-BR","potentialAction":[{"@type":"ReadAction","target":["https:\/\/www.notibras.com\/site\/chapecoense-se-fecha-em-copas-e-segura-um-apatico-sao-paulo\/"]}]},{"@type":"ImageObject","inLanguage":"pt-BR","@id":"https:\/\/www.notibras.com\/site\/chapecoense-se-fecha-em-copas-e-segura-um-apatico-sao-paulo\/#primaryimage","url":"https:\/\/www.notibras.com\/site\/wp-content\/uploads\/2015\/09\/apodipatosaopauloxchapecoensemarcelozambranaagifgazeta.jpg","contentUrl":"https:\/\/www.notibras.com\/site\/wp-content\/uploads\/2015\/09\/apodipatosaopauloxchapecoensemarcelozambranaagifgazeta.jpg","width":940,"height":627},{"@type":"BreadcrumbList","@id":"https:\/\/www.notibras.com\/site\/chapecoense-se-fecha-em-copas-e-segura-um-apatico-sao-paulo\/#breadcrumb","itemListElement":[{"@type":"ListItem","position":1,"name":"In\u00edcio","item":"https:\/\/www.notibras.com\/site\/"},{"@type":"ListItem","position":2,"name":"Chapecoense se fecha em copas e segura empate com um ap\u00e1tico S\u00e3o Paulo"}]},{"@type":"WebSite","@id":"https:\/\/www.notibras.com\/site\/#website","url":"https:\/\/www.notibras.com\/site\/","name":"Notibras","description":"Not\u00edcias de Bras\u00edlia, do Brasil e do Mundo","publisher":{"@id":"https:\/\/www.notibras.com\/site\/#organization"},"potentialAction":[{"@type":"SearchAction","target":{"@type":"EntryPoint","urlTemplate":"https:\/\/www.notibras.com\/site\/?s={search_term_string}"},"query-input":{"@type":"PropertyValueSpecification","valueRequired":true,"valueName":"search_term_string"}}],"inLanguage":"pt-BR"},{"@type":"Organization","@id":"https:\/\/www.notibras.com\/site\/#organization","name":"Grupo Notibras de Comunica\u00e7\u00e3o","url":"https:\/\/www.notibras.com\/site\/","logo":{"@type":"ImageObject","inLanguage":"pt-BR","@id":"https:\/\/www.notibras.com\/site\/#\/schema\/logo\/image\/","url":"https:\/\/www.notibras.com\/site\/wp-content\/uploads\/2023\/01\/notibras23.png","contentUrl":"https:\/\/www.notibras.com\/site\/wp-content\/uploads\/2023\/01\/notibras23.png","width":350,"height":87,"caption":"Grupo Notibras de Comunica\u00e7\u00e3o"},"image":{"@id":"https:\/\/www.notibras.com\/site\/#\/schema\/logo\/image\/"},"sameAs":["https:\/\/www.facebook.com\/notibras\/","https:\/\/x.com\/Notibras","https:\/\/www.instagram.com\/notibras\/"]},{"@type":"Person","@id":"https:\/\/www.notibras.com\/site\/#\/schema\/person\/36ab0979449956132d3e5b517ea76ac8","name":"Reda\u00e7\u00e3o","image":{"@type":"ImageObject","inLanguage":"pt-BR","@id":"https:\/\/secure.gravatar.com\/avatar\/e0a867bdedb85fd243eadf09663511f96fc81e0720a4a42581f334ad4303aa6b?s=96&d=mm&r=g","url":"https:\/\/secure.gravatar.com\/avatar\/e0a867bdedb85fd243eadf09663511f96fc81e0720a4a42581f334ad4303aa6b?s=96&d=mm&r=g","contentUrl":"https:\/\/secure.gravatar.com\/avatar\/e0a867bdedb85fd243eadf09663511f96fc81e0720a4a42581f334ad4303aa6b?s=96&d=mm&r=g","caption":"Reda\u00e7\u00e3o"}}]}},"amp_enabled":true,"_links":{"self":[{"href":"https:\/\/www.notibras.com\/site\/wp-json\/wp\/v2\/posts\/68389","targetHints":{"allow":["GET"]}}],"collection":[{"href":"https:\/\/www.notibras.com\/site\/wp-json\/wp\/v2\/posts"}],"about":[{"href":"https:\/\/www.notibras.com\/site\/wp-json\/wp\/v2\/types\/post"}],"author":[{"embeddable":true,"href":"https:\/\/www.notibras.com\/site\/wp-json\/wp\/v2\/users\/2"}],"replies":[{"embeddable":true,"href":"https:\/\/www.notibras.com\/site\/wp-json\/wp\/v2\/comments?post=68389"}],"version-history":[{"count":2,"href":"https:\/\/www.notibras.com\/site\/wp-json\/wp\/v2\/posts\/68389\/revisions"}],"predecessor-version":[{"id":68398,"href":"https:\/\/www.notibras.com\/site\/wp-json\/wp\/v2\/posts\/68389\/revisions\/68398"}],"wp:featuredmedia":[{"embeddable":true,"href":"https:\/\/www.notibras.com\/site\/wp-json\/wp\/v2\/media\/68390"}],"wp:attachment":[{"href":"https:\/\/www.notibras.com\/site\/wp-json\/wp\/v2\/media?parent=68389"}],"wp:term":[{"taxonomy":"category","embeddable":true,"href":"https:\/\/www.notibras.com\/site\/wp-json\/wp\/v2\/categories?post=68389"},{"taxonomy":"post_tag","embeddable":true,"href":"https:\/\/www.notibras.com\/site\/wp-json\/wp\/v2\/tags?post=68389"}],"curies":[{"name":"wp","href":"https:\/\/api.w.org\/{rel}","templated":true}]}}