{"id":68392,"date":"2015-09-17T11:08:36","date_gmt":"2015-09-17T14:08:36","guid":{"rendered":"http:\/\/www.notibras.com\/site\/?p=68392"},"modified":"2015-09-17T22:11:09","modified_gmt":"2015-09-18T01:11:09","slug":"dunga-convoca-selecao-para-eliminatorias-mesclando-gente-da-casa-e-de-fora","status":"publish","type":"post","link":"https:\/\/www.notibras.com\/site\/dunga-convoca-selecao-para-eliminatorias-mesclando-gente-da-casa-e-de-fora\/","title":{"rendered":"Dunga convoca Sele\u00e7\u00e3o para Eliminat\u00f3rias mesclando gente da casa e de fora"},"content":{"rendered":"<p>O t\u00e9cnico Dunga anunciou nesta quinta-feira a lista de jogadores com a qual a Sele\u00e7\u00e3o Brasileira iniciar\u00e1 a caminhada nas Eliminat\u00f3rias para a Copa-2018, contra Chile e Venezuela. As grandes surpresas s\u00e3o do Corinthians: o zagueiro Gil e o meia Renato Augusto.<\/p>\n<p>&#8211; Depois de um ano de prepara\u00e7\u00e3o vamos iniciar a eliminat\u00f3ria. Na de 2010, convocamos 55 jogadores durante esse per\u00edodo. Alguns que n\u00e3o estiverem nessa primeira lista, temos uma eliminat\u00f3ria longa, todos t\u00eam que se sentir preparados, porque ter\u00e3o oportunidade. Nesse tempo, testamos alguns jogadores, tivemos boas experi\u00eancias, outras nem tento. Tiramos li\u00e7\u00f5es da Copa Am\u00e9rica e tamb\u00e9m temos poucos que jogaram Eliminat\u00f3ria, mas tivemos a oportunidade de tirar ensinamentos da Copa Am\u00e9rica e amistosos. Chegou o momento mais importante para n\u00f3s e estamos preparados, disse Dunga.<\/p>\n<p>O jogo contra o Chile ser\u00e1 no dia 8 de outubro, em Santiago, \u00e0s 20h30. J\u00e1 o confronto com os venezuelanos ser\u00e1 dia 13 de outubro, em Fortaleza, \u00e0s 22h.<\/p>\n<p>Como Neymar est\u00e1 suspenso pelo Tribunal da Conmebol pela expuls\u00e3o contra a Col\u00f4mbia, na Copa Am\u00e9rica, o capit\u00e3o n\u00e3o poder\u00e1 atuar nos dois pr\u00f3ximos jogos.\u00a0O meia Rafinha, outro do Barcelona, era um dos cotados para a rela\u00e7\u00e3o, mas teve uma ruptura no ligamento cruzado anterior do joelho direito ao atuar pelo time catal\u00e3o na Liga dos Campe\u00f5es e \u00e9 uma das baixas.<\/p>\n<p>O auxiliar pontual ser\u00e1 Cafu, capit\u00e3o do penta. O chefe de delega\u00e7\u00e3o \u00e9 Gustavo Feij\u00f3, vice-presidente da CBF, que j\u00e1 esteve nos amistosos.<\/p>\n<p><strong>GOLEIROS<\/strong><br \/>\nJefferson (Botafogo)<br \/>\nMarcelo Grohe (Gr\u00eamio)<br \/>\nAlisson (Internacional)<br \/>\n<strong>LATERAIS<\/strong><br \/>\nRafinha (Bayern)<br \/>\nMarcelo (Real Madrid)<br \/>\nFilipe Luis (Atl\u00e9tico de Madrid)<br \/>\nFabinho (Monaco)<br \/>\n<strong>ZAGUEIROS<\/strong><br \/>\nDavid Luiz (PSG)<br \/>\nMiranda (Inter de Mil\u00e3o)<br \/>\nMarquinhos (PSG)<br \/>\nGil (Corinthians)<br \/>\n<strong>MEIAS E ATACANTES<\/strong><br \/>\nLuiz Gustavo (Wolfsburg)<br \/>\nFernandinho (Manchester City)<br \/>\nElias (Corinthians)<br \/>\nRenato Augusto (Corinthians)<br \/>\nLucas Lima (Santos)<br \/>\nLucas Moura (PSG)<br \/>\nWillian (Chelsea)<br \/>\nDouglas Costa (Bayern)<br \/>\nPhilippe Coutinho (Liverpool)<br \/>\nOscar (Chelsea)<br \/>\nRoberto Firmino (Liverpool)<br \/>\nHulk (Zenit)<\/p>\n","protected":false},"excerpt":{"rendered":"<p>O t\u00e9cnico Dunga anunciou nesta quinta-feira a lista de jogadores com a qual a Sele\u00e7\u00e3o Brasileira iniciar\u00e1 a caminhada nas Eliminat\u00f3rias para a Copa-2018, contra Chile e Venezuela. As grandes surpresas s\u00e3o do Corinthians: o zagueiro Gil e o meia Renato Augusto. &#8211; Depois de um ano de prepara\u00e7\u00e3o vamos iniciar a eliminat\u00f3ria. Na de [&hellip;]<\/p>\n","protected":false},"author":2,"featured_media":68393,"comment_status":"open","ping_status":"closed","sticky":false,"template":"","format":"standard","meta":{"_acf_changed":false,"footnotes":""},"categories":[29],"tags":[],"class_list":["post-68392","post","type-post","status-publish","format-standard","has-post-thumbnail","hentry","category-futebol"],"acf":[],"yoast_head":"<!-- This site is optimized with the Yoast SEO plugin v27.2 - https:\/\/yoast.com\/product\/yoast-seo-wordpress\/ -->\n<title>Dunga convoca Sele\u00e7\u00e3o para Eliminat\u00f3rias mesclando gente da casa e de fora - Notibras<\/title>\n<meta name=\"robots\" content=\"index, follow, max-snippet:-1, max-image-preview:large, max-video-preview:-1\" \/>\n<link rel=\"canonical\" href=\"https:\/\/www.notibras.com\/site\/dunga-convoca-selecao-para-eliminatorias-mesclando-gente-da-casa-e-de-fora\/\" \/>\n<meta property=\"og:locale\" content=\"pt_BR\" \/>\n<meta property=\"og:type\" content=\"article\" \/>\n<meta property=\"og:title\" content=\"Dunga convoca Sele\u00e7\u00e3o para Eliminat\u00f3rias mesclando gente da casa e de fora - Notibras\" \/>\n<meta property=\"og:description\" content=\"O t\u00e9cnico Dunga anunciou nesta quinta-feira a lista de jogadores com a qual a Sele\u00e7\u00e3o Brasileira iniciar\u00e1 a caminhada nas Eliminat\u00f3rias para a Copa-2018, contra Chile e Venezuela. As grandes surpresas s\u00e3o do Corinthians: o zagueiro Gil e o meia Renato Augusto. &#8211; Depois de um ano de prepara\u00e7\u00e3o vamos iniciar a eliminat\u00f3ria. Na de [&hellip;]\" \/>\n<meta property=\"og:url\" content=\"https:\/\/www.notibras.com\/site\/dunga-convoca-selecao-para-eliminatorias-mesclando-gente-da-casa-e-de-fora\/\" \/>\n<meta property=\"og:site_name\" content=\"Notibras\" \/>\n<meta property=\"article:publisher\" content=\"https:\/\/www.facebook.com\/notibras\/\" \/>\n<meta property=\"article:published_time\" content=\"2015-09-17T14:08:36+00:00\" \/>\n<meta property=\"article:modified_time\" content=\"2015-09-18T01:11:09+00:00\" \/>\n<meta property=\"og:image\" content=\"https:\/\/www.notibras.com\/site\/wp-content\/uploads\/2015\/09\/Convocacao-Selecao-Brasileira-America-LANCEPress_LANIMA20150505_0033_57.jpg\" \/>\n\t<meta property=\"og:image:width\" content=\"302\" \/>\n\t<meta property=\"og:image:height\" content=\"226\" \/>\n\t<meta property=\"og:image:type\" content=\"image\/jpeg\" \/>\n<meta name=\"author\" content=\"Reda\u00e7\u00e3o\" \/>\n<meta name=\"twitter:card\" content=\"summary_large_image\" \/>\n<meta name=\"twitter:creator\" content=\"@Notibras\" \/>\n<meta name=\"twitter:site\" content=\"@Notibras\" \/>\n<meta name=\"twitter:label1\" content=\"Escrito por\" \/>\n\t<meta name=\"twitter:data1\" content=\"Reda\u00e7\u00e3o\" \/>\n\t<meta name=\"twitter:label2\" content=\"Est. tempo de leitura\" \/>\n\t<meta name=\"twitter:data2\" content=\"2 minutos\" \/>\n<script type=\"application\/ld+json\" class=\"yoast-schema-graph\">{\"@context\":\"https:\/\/schema.org\",\"@graph\":[{\"@type\":\"Article\",\"@id\":\"https:\/\/www.notibras.com\/site\/dunga-convoca-selecao-para-eliminatorias-mesclando-gente-da-casa-e-de-fora\/#article\",\"isPartOf\":{\"@id\":\"https:\/\/www.notibras.com\/site\/dunga-convoca-selecao-para-eliminatorias-mesclando-gente-da-casa-e-de-fora\/\"},\"author\":{\"name\":\"Reda\u00e7\u00e3o\",\"@id\":\"https:\/\/www.notibras.com\/site\/#\/schema\/person\/36ab0979449956132d3e5b517ea76ac8\"},\"headline\":\"Dunga convoca Sele\u00e7\u00e3o para Eliminat\u00f3rias mesclando gente da casa e de fora\",\"datePublished\":\"2015-09-17T14:08:36+00:00\",\"dateModified\":\"2015-09-18T01:11:09+00:00\",\"mainEntityOfPage\":{\"@id\":\"https:\/\/www.notibras.com\/site\/dunga-convoca-selecao-para-eliminatorias-mesclando-gente-da-casa-e-de-fora\/\"},\"wordCount\":353,\"commentCount\":0,\"publisher\":{\"@id\":\"https:\/\/www.notibras.com\/site\/#organization\"},\"image\":{\"@id\":\"https:\/\/www.notibras.com\/site\/dunga-convoca-selecao-para-eliminatorias-mesclando-gente-da-casa-e-de-fora\/#primaryimage\"},\"thumbnailUrl\":\"https:\/\/www.notibras.com\/site\/wp-content\/uploads\/2015\/09\/Convocacao-Selecao-Brasileira-America-LANCEPress_LANIMA20150505_0033_57.jpg\",\"articleSection\":[\"Futebol\"],\"inLanguage\":\"pt-BR\",\"potentialAction\":[{\"@type\":\"CommentAction\",\"name\":\"Comment\",\"target\":[\"https:\/\/www.notibras.com\/site\/dunga-convoca-selecao-para-eliminatorias-mesclando-gente-da-casa-e-de-fora\/#respond\"]}]},{\"@type\":\"WebPage\",\"@id\":\"https:\/\/www.notibras.com\/site\/dunga-convoca-selecao-para-eliminatorias-mesclando-gente-da-casa-e-de-fora\/\",\"url\":\"https:\/\/www.notibras.com\/site\/dunga-convoca-selecao-para-eliminatorias-mesclando-gente-da-casa-e-de-fora\/\",\"name\":\"Dunga convoca Sele\u00e7\u00e3o para Eliminat\u00f3rias mesclando gente da casa e de fora - Notibras\",\"isPartOf\":{\"@id\":\"https:\/\/www.notibras.com\/site\/#website\"},\"primaryImageOfPage\":{\"@id\":\"https:\/\/www.notibras.com\/site\/dunga-convoca-selecao-para-eliminatorias-mesclando-gente-da-casa-e-de-fora\/#primaryimage\"},\"image\":{\"@id\":\"https:\/\/www.notibras.com\/site\/dunga-convoca-selecao-para-eliminatorias-mesclando-gente-da-casa-e-de-fora\/#primaryimage\"},\"thumbnailUrl\":\"https:\/\/www.notibras.com\/site\/wp-content\/uploads\/2015\/09\/Convocacao-Selecao-Brasileira-America-LANCEPress_LANIMA20150505_0033_57.jpg\",\"datePublished\":\"2015-09-17T14:08:36+00:00\",\"dateModified\":\"2015-09-18T01:11:09+00:00\",\"breadcrumb\":{\"@id\":\"https:\/\/www.notibras.com\/site\/dunga-convoca-selecao-para-eliminatorias-mesclando-gente-da-casa-e-de-fora\/#breadcrumb\"},\"inLanguage\":\"pt-BR\",\"potentialAction\":[{\"@type\":\"ReadAction\",\"target\":[\"https:\/\/www.notibras.com\/site\/dunga-convoca-selecao-para-eliminatorias-mesclando-gente-da-casa-e-de-fora\/\"]}]},{\"@type\":\"ImageObject\",\"inLanguage\":\"pt-BR\",\"@id\":\"https:\/\/www.notibras.com\/site\/dunga-convoca-selecao-para-eliminatorias-mesclando-gente-da-casa-e-de-fora\/#primaryimage\",\"url\":\"https:\/\/www.notibras.com\/site\/wp-content\/uploads\/2015\/09\/Convocacao-Selecao-Brasileira-America-LANCEPress_LANIMA20150505_0033_57.jpg\",\"contentUrl\":\"https:\/\/www.notibras.com\/site\/wp-content\/uploads\/2015\/09\/Convocacao-Selecao-Brasileira-America-LANCEPress_LANIMA20150505_0033_57.jpg\",\"width\":302,\"height\":226},{\"@type\":\"BreadcrumbList\",\"@id\":\"https:\/\/www.notibras.com\/site\/dunga-convoca-selecao-para-eliminatorias-mesclando-gente-da-casa-e-de-fora\/#breadcrumb\",\"itemListElement\":[{\"@type\":\"ListItem\",\"position\":1,\"name\":\"In\u00edcio\",\"item\":\"https:\/\/www.notibras.com\/site\/\"},{\"@type\":\"ListItem\",\"position\":2,\"name\":\"Dunga convoca Sele\u00e7\u00e3o para Eliminat\u00f3rias mesclando gente da casa e de fora\"}]},{\"@type\":\"WebSite\",\"@id\":\"https:\/\/www.notibras.com\/site\/#website\",\"url\":\"https:\/\/www.notibras.com\/site\/\",\"name\":\"Notibras\",\"description\":\"Not\u00edcias de Bras\u00edlia, do Brasil e do Mundo\",\"publisher\":{\"@id\":\"https:\/\/www.notibras.com\/site\/#organization\"},\"potentialAction\":[{\"@type\":\"SearchAction\",\"target\":{\"@type\":\"EntryPoint\",\"urlTemplate\":\"https:\/\/www.notibras.com\/site\/?s={search_term_string}\"},\"query-input\":{\"@type\":\"PropertyValueSpecification\",\"valueRequired\":true,\"valueName\":\"search_term_string\"}}],\"inLanguage\":\"pt-BR\"},{\"@type\":\"Organization\",\"@id\":\"https:\/\/www.notibras.com\/site\/#organization\",\"name\":\"Grupo Notibras de Comunica\u00e7\u00e3o\",\"url\":\"https:\/\/www.notibras.com\/site\/\",\"logo\":{\"@type\":\"ImageObject\",\"inLanguage\":\"pt-BR\",\"@id\":\"https:\/\/www.notibras.com\/site\/#\/schema\/logo\/image\/\",\"url\":\"https:\/\/www.notibras.com\/site\/wp-content\/uploads\/2023\/01\/notibras23.png\",\"contentUrl\":\"https:\/\/www.notibras.com\/site\/wp-content\/uploads\/2023\/01\/notibras23.png\",\"width\":350,\"height\":87,\"caption\":\"Grupo Notibras de Comunica\u00e7\u00e3o\"},\"image\":{\"@id\":\"https:\/\/www.notibras.com\/site\/#\/schema\/logo\/image\/\"},\"sameAs\":[\"https:\/\/www.facebook.com\/notibras\/\",\"https:\/\/x.com\/Notibras\",\"https:\/\/www.instagram.com\/notibras\/\"]},{\"@type\":\"Person\",\"@id\":\"https:\/\/www.notibras.com\/site\/#\/schema\/person\/36ab0979449956132d3e5b517ea76ac8\",\"name\":\"Reda\u00e7\u00e3o\",\"image\":{\"@type\":\"ImageObject\",\"inLanguage\":\"pt-BR\",\"@id\":\"https:\/\/secure.gravatar.com\/avatar\/e0a867bdedb85fd243eadf09663511f96fc81e0720a4a42581f334ad4303aa6b?s=96&d=mm&r=g\",\"url\":\"https:\/\/secure.gravatar.com\/avatar\/e0a867bdedb85fd243eadf09663511f96fc81e0720a4a42581f334ad4303aa6b?s=96&d=mm&r=g\",\"contentUrl\":\"https:\/\/secure.gravatar.com\/avatar\/e0a867bdedb85fd243eadf09663511f96fc81e0720a4a42581f334ad4303aa6b?s=96&d=mm&r=g\",\"caption\":\"Reda\u00e7\u00e3o\"}}]}<\/script>\n<!-- \/ Yoast SEO plugin. -->","yoast_head_json":{"title":"Dunga convoca Sele\u00e7\u00e3o para Eliminat\u00f3rias mesclando gente da casa e de fora - Notibras","robots":{"index":"index","follow":"follow","max-snippet":"max-snippet:-1","max-image-preview":"max-image-preview:large","max-video-preview":"max-video-preview:-1"},"canonical":"https:\/\/www.notibras.com\/site\/dunga-convoca-selecao-para-eliminatorias-mesclando-gente-da-casa-e-de-fora\/","og_locale":"pt_BR","og_type":"article","og_title":"Dunga convoca Sele\u00e7\u00e3o para Eliminat\u00f3rias mesclando gente da casa e de fora - Notibras","og_description":"O t\u00e9cnico Dunga anunciou nesta quinta-feira a lista de jogadores com a qual a Sele\u00e7\u00e3o Brasileira iniciar\u00e1 a caminhada nas Eliminat\u00f3rias para a Copa-2018, contra Chile e Venezuela. As grandes surpresas s\u00e3o do Corinthians: o zagueiro Gil e o meia Renato Augusto. &#8211; Depois de um ano de prepara\u00e7\u00e3o vamos iniciar a eliminat\u00f3ria. Na de [&hellip;]","og_url":"https:\/\/www.notibras.com\/site\/dunga-convoca-selecao-para-eliminatorias-mesclando-gente-da-casa-e-de-fora\/","og_site_name":"Notibras","article_publisher":"https:\/\/www.facebook.com\/notibras\/","article_published_time":"2015-09-17T14:08:36+00:00","article_modified_time":"2015-09-18T01:11:09+00:00","og_image":[{"width":302,"height":226,"url":"https:\/\/www.notibras.com\/site\/wp-content\/uploads\/2015\/09\/Convocacao-Selecao-Brasileira-America-LANCEPress_LANIMA20150505_0033_57.jpg","type":"image\/jpeg"}],"author":"Reda\u00e7\u00e3o","twitter_card":"summary_large_image","twitter_creator":"@Notibras","twitter_site":"@Notibras","twitter_misc":{"Escrito por":"Reda\u00e7\u00e3o","Est. tempo de leitura":"2 minutos"},"schema":{"@context":"https:\/\/schema.org","@graph":[{"@type":"Article","@id":"https:\/\/www.notibras.com\/site\/dunga-convoca-selecao-para-eliminatorias-mesclando-gente-da-casa-e-de-fora\/#article","isPartOf":{"@id":"https:\/\/www.notibras.com\/site\/dunga-convoca-selecao-para-eliminatorias-mesclando-gente-da-casa-e-de-fora\/"},"author":{"name":"Reda\u00e7\u00e3o","@id":"https:\/\/www.notibras.com\/site\/#\/schema\/person\/36ab0979449956132d3e5b517ea76ac8"},"headline":"Dunga convoca Sele\u00e7\u00e3o para Eliminat\u00f3rias mesclando gente da casa e de fora","datePublished":"2015-09-17T14:08:36+00:00","dateModified":"2015-09-18T01:11:09+00:00","mainEntityOfPage":{"@id":"https:\/\/www.notibras.com\/site\/dunga-convoca-selecao-para-eliminatorias-mesclando-gente-da-casa-e-de-fora\/"},"wordCount":353,"commentCount":0,"publisher":{"@id":"https:\/\/www.notibras.com\/site\/#organization"},"image":{"@id":"https:\/\/www.notibras.com\/site\/dunga-convoca-selecao-para-eliminatorias-mesclando-gente-da-casa-e-de-fora\/#primaryimage"},"thumbnailUrl":"https:\/\/www.notibras.com\/site\/wp-content\/uploads\/2015\/09\/Convocacao-Selecao-Brasileira-America-LANCEPress_LANIMA20150505_0033_57.jpg","articleSection":["Futebol"],"inLanguage":"pt-BR","potentialAction":[{"@type":"CommentAction","name":"Comment","target":["https:\/\/www.notibras.com\/site\/dunga-convoca-selecao-para-eliminatorias-mesclando-gente-da-casa-e-de-fora\/#respond"]}]},{"@type":"WebPage","@id":"https:\/\/www.notibras.com\/site\/dunga-convoca-selecao-para-eliminatorias-mesclando-gente-da-casa-e-de-fora\/","url":"https:\/\/www.notibras.com\/site\/dunga-convoca-selecao-para-eliminatorias-mesclando-gente-da-casa-e-de-fora\/","name":"Dunga convoca Sele\u00e7\u00e3o para Eliminat\u00f3rias mesclando gente da casa e de fora - Notibras","isPartOf":{"@id":"https:\/\/www.notibras.com\/site\/#website"},"primaryImageOfPage":{"@id":"https:\/\/www.notibras.com\/site\/dunga-convoca-selecao-para-eliminatorias-mesclando-gente-da-casa-e-de-fora\/#primaryimage"},"image":{"@id":"https:\/\/www.notibras.com\/site\/dunga-convoca-selecao-para-eliminatorias-mesclando-gente-da-casa-e-de-fora\/#primaryimage"},"thumbnailUrl":"https:\/\/www.notibras.com\/site\/wp-content\/uploads\/2015\/09\/Convocacao-Selecao-Brasileira-America-LANCEPress_LANIMA20150505_0033_57.jpg","datePublished":"2015-09-17T14:08:36+00:00","dateModified":"2015-09-18T01:11:09+00:00","breadcrumb":{"@id":"https:\/\/www.notibras.com\/site\/dunga-convoca-selecao-para-eliminatorias-mesclando-gente-da-casa-e-de-fora\/#breadcrumb"},"inLanguage":"pt-BR","potentialAction":[{"@type":"ReadAction","target":["https:\/\/www.notibras.com\/site\/dunga-convoca-selecao-para-eliminatorias-mesclando-gente-da-casa-e-de-fora\/"]}]},{"@type":"ImageObject","inLanguage":"pt-BR","@id":"https:\/\/www.notibras.com\/site\/dunga-convoca-selecao-para-eliminatorias-mesclando-gente-da-casa-e-de-fora\/#primaryimage","url":"https:\/\/www.notibras.com\/site\/wp-content\/uploads\/2015\/09\/Convocacao-Selecao-Brasileira-America-LANCEPress_LANIMA20150505_0033_57.jpg","contentUrl":"https:\/\/www.notibras.com\/site\/wp-content\/uploads\/2015\/09\/Convocacao-Selecao-Brasileira-America-LANCEPress_LANIMA20150505_0033_57.jpg","width":302,"height":226},{"@type":"BreadcrumbList","@id":"https:\/\/www.notibras.com\/site\/dunga-convoca-selecao-para-eliminatorias-mesclando-gente-da-casa-e-de-fora\/#breadcrumb","itemListElement":[{"@type":"ListItem","position":1,"name":"In\u00edcio","item":"https:\/\/www.notibras.com\/site\/"},{"@type":"ListItem","position":2,"name":"Dunga convoca Sele\u00e7\u00e3o para Eliminat\u00f3rias mesclando gente da casa e de fora"}]},{"@type":"WebSite","@id":"https:\/\/www.notibras.com\/site\/#website","url":"https:\/\/www.notibras.com\/site\/","name":"Notibras","description":"Not\u00edcias de Bras\u00edlia, do Brasil e do Mundo","publisher":{"@id":"https:\/\/www.notibras.com\/site\/#organization"},"potentialAction":[{"@type":"SearchAction","target":{"@type":"EntryPoint","urlTemplate":"https:\/\/www.notibras.com\/site\/?s={search_term_string}"},"query-input":{"@type":"PropertyValueSpecification","valueRequired":true,"valueName":"search_term_string"}}],"inLanguage":"pt-BR"},{"@type":"Organization","@id":"https:\/\/www.notibras.com\/site\/#organization","name":"Grupo Notibras de Comunica\u00e7\u00e3o","url":"https:\/\/www.notibras.com\/site\/","logo":{"@type":"ImageObject","inLanguage":"pt-BR","@id":"https:\/\/www.notibras.com\/site\/#\/schema\/logo\/image\/","url":"https:\/\/www.notibras.com\/site\/wp-content\/uploads\/2023\/01\/notibras23.png","contentUrl":"https:\/\/www.notibras.com\/site\/wp-content\/uploads\/2023\/01\/notibras23.png","width":350,"height":87,"caption":"Grupo Notibras de Comunica\u00e7\u00e3o"},"image":{"@id":"https:\/\/www.notibras.com\/site\/#\/schema\/logo\/image\/"},"sameAs":["https:\/\/www.facebook.com\/notibras\/","https:\/\/x.com\/Notibras","https:\/\/www.instagram.com\/notibras\/"]},{"@type":"Person","@id":"https:\/\/www.notibras.com\/site\/#\/schema\/person\/36ab0979449956132d3e5b517ea76ac8","name":"Reda\u00e7\u00e3o","image":{"@type":"ImageObject","inLanguage":"pt-BR","@id":"https:\/\/secure.gravatar.com\/avatar\/e0a867bdedb85fd243eadf09663511f96fc81e0720a4a42581f334ad4303aa6b?s=96&d=mm&r=g","url":"https:\/\/secure.gravatar.com\/avatar\/e0a867bdedb85fd243eadf09663511f96fc81e0720a4a42581f334ad4303aa6b?s=96&d=mm&r=g","contentUrl":"https:\/\/secure.gravatar.com\/avatar\/e0a867bdedb85fd243eadf09663511f96fc81e0720a4a42581f334ad4303aa6b?s=96&d=mm&r=g","caption":"Reda\u00e7\u00e3o"}}]}},"amp_enabled":true,"_links":{"self":[{"href":"https:\/\/www.notibras.com\/site\/wp-json\/wp\/v2\/posts\/68392","targetHints":{"allow":["GET"]}}],"collection":[{"href":"https:\/\/www.notibras.com\/site\/wp-json\/wp\/v2\/posts"}],"about":[{"href":"https:\/\/www.notibras.com\/site\/wp-json\/wp\/v2\/types\/post"}],"author":[{"embeddable":true,"href":"https:\/\/www.notibras.com\/site\/wp-json\/wp\/v2\/users\/2"}],"replies":[{"embeddable":true,"href":"https:\/\/www.notibras.com\/site\/wp-json\/wp\/v2\/comments?post=68392"}],"version-history":[{"count":1,"href":"https:\/\/www.notibras.com\/site\/wp-json\/wp\/v2\/posts\/68392\/revisions"}],"predecessor-version":[{"id":68394,"href":"https:\/\/www.notibras.com\/site\/wp-json\/wp\/v2\/posts\/68392\/revisions\/68394"}],"wp:featuredmedia":[{"embeddable":true,"href":"https:\/\/www.notibras.com\/site\/wp-json\/wp\/v2\/media\/68393"}],"wp:attachment":[{"href":"https:\/\/www.notibras.com\/site\/wp-json\/wp\/v2\/media?parent=68392"}],"wp:term":[{"taxonomy":"category","embeddable":true,"href":"https:\/\/www.notibras.com\/site\/wp-json\/wp\/v2\/categories?post=68392"},{"taxonomy":"post_tag","embeddable":true,"href":"https:\/\/www.notibras.com\/site\/wp-json\/wp\/v2\/tags?post=68392"}],"curies":[{"name":"wp","href":"https:\/\/api.w.org\/{rel}","templated":true}]}}