{"id":68395,"date":"2015-09-17T23:05:10","date_gmt":"2015-09-18T02:05:10","guid":{"rendered":"http:\/\/www.notibras.com\/site\/?p=68395"},"modified":"2015-09-18T18:53:26","modified_gmt":"2015-09-18T21:53:26","slug":"coritiba-vence-faz-a-festa-em-brasilia-e-tira-o-flamengo-do-g-4","status":"publish","type":"post","link":"https:\/\/www.notibras.com\/site\/coritiba-vence-faz-a-festa-em-brasilia-e-tira-o-flamengo-do-g-4\/","title":{"rendered":"Coritiba vence por 2 a 0, faz a festa em Bras\u00edlia e tira o arisco Flamengo do G-4"},"content":{"rendered":"<p>A incr\u00edvel sequ\u00eancia de seis vit\u00f3rias do Flamengo foi interrompida nesta quinta-feira (17). O time jogou mal, perdeu para o Coritiba por 2 a 0 e frustrou um lotado est\u00e1dio Man\u00e9 Garrincha. Kleber e Henrique marcaram os gols que tiraram os paranaenses da zona de rebaixamento e tamb\u00e9m o Rubro-negro do G-4 &#8211; o S\u00e3o Paulo \u00e9 o novo quarto colocado, com 42 pontos.<\/p>\n<p>O Coritiba soma 30 pontos e est\u00e1 em 15\u00ba lugar. O Alviverde segue a luta contra a degola na pr\u00f3xima rodada, quando tem pela frente o cl\u00e1ssico diante do Atl\u00e9tico-PR, domingo (20), \u00e0s 18h30, no Couto Pereira. Na 5\u00aa posi\u00e7\u00e3o, com 41 pontos, o Flamengo vai at\u00e9 Belo Horizonte no mesmo dia encarar o Atl\u00e9tico-MG, \u00e0s 16h, no Independ\u00eancia.<\/p>\n<p>O Flamengo iniciou a partida nervoso e proporcionou espa\u00e7os ao Coritiba pelo lado direito. Em uma das primeiras investidas os paranaenses abriram o placar. O lance foi pol\u00eamico.<\/p>\n<p>Henrique chutou e a bola bateu no bra\u00e7o de Par\u00e1. O \u00e1rbitro Marielson Alves Silva assinalou a penalidade. Kleber cobrou e abriu o placar aos 8min. O Rubro-negro ainda assustou com Kayke, por\u00e9m, o Alviverde foi quem ampliou o marcador.<\/p>\n<p>Aos 24min, C\u00e9sar Martins saiu jogando errado e cedeu o contra-ataque. A bola foi levantada na \u00e1rea. Negueba escorou para Henrique. Livre e com Samir parado dando condi\u00e7\u00e3o, o atacante s\u00f3 teve o trabalho de tocar por cima de Paulo Victor. Foi o suficiente para interromper a qu\u00edmica entre time e torcida. Os flamenguistas vaiaram C\u00e9sar Martins e a atmosfera pesada passou ao campo. Os cariocas n\u00e3o acertaram quase nada at\u00e9 o encerramento da primeira etapa e por pouco n\u00e3o levaram o terceiro gol.<\/p>\n<p>Se os primeiros 45 minutos foram marcados pelas vaias dos rubro-negros, a etapa complementar contou com o sil\u00eancio da torcida mandante nos minutos iniciais. Com o Coritiba fechado para segurar o resultado, o Flamengo tentou chegar ao gol pelas laterais e esbarrou na defesa advers\u00e1ria. Os visitantes foram inteligentes na estrat\u00e9gia e frustraram de vez os planos dos cariocas. Fim de jogo com vaias e tristeza dos flamenguistas pela sa\u00edda do G-4. Do outro lado, festa do Alviverde ao deixar a zona de rebaixamento.<\/p>\n","protected":false},"excerpt":{"rendered":"<p>A incr\u00edvel sequ\u00eancia de seis vit\u00f3rias do Flamengo foi interrompida nesta quinta-feira (17). O time jogou mal, perdeu para o Coritiba por 2 a 0 e frustrou um lotado est\u00e1dio Man\u00e9 Garrincha. Kleber e Henrique marcaram os gols que tiraram os paranaenses da zona de rebaixamento e tamb\u00e9m o Rubro-negro do G-4 &#8211; o S\u00e3o [&hellip;]<\/p>\n","protected":false},"author":2,"featured_media":68396,"comment_status":"open","ping_status":"closed","sticky":false,"template":"","format":"standard","meta":{"_acf_changed":false,"footnotes":""},"categories":[29],"tags":[],"class_list":["post-68395","post","type-post","status-publish","format-standard","has-post-thumbnail","hentry","category-futebol"],"acf":[],"yoast_head":"<!-- This site is optimized with the Yoast SEO plugin v27.2 - https:\/\/yoast.com\/product\/yoast-seo-wordpress\/ -->\n<title>Coritiba vence por 2 a 0, faz a festa em Bras\u00edlia e tira o arisco Flamengo do G-4 - Notibras<\/title>\n<meta name=\"robots\" content=\"index, follow, max-snippet:-1, max-image-preview:large, max-video-preview:-1\" \/>\n<link rel=\"canonical\" href=\"https:\/\/www.notibras.com\/site\/coritiba-vence-faz-a-festa-em-brasilia-e-tira-o-flamengo-do-g-4\/\" \/>\n<meta property=\"og:locale\" content=\"pt_BR\" \/>\n<meta property=\"og:type\" content=\"article\" \/>\n<meta property=\"og:title\" content=\"Coritiba vence por 2 a 0, faz a festa em Bras\u00edlia e tira o arisco Flamengo do G-4 - Notibras\" \/>\n<meta property=\"og:description\" content=\"A incr\u00edvel sequ\u00eancia de seis vit\u00f3rias do Flamengo foi interrompida nesta quinta-feira (17). O time jogou mal, perdeu para o Coritiba por 2 a 0 e frustrou um lotado est\u00e1dio Man\u00e9 Garrincha. Kleber e Henrique marcaram os gols que tiraram os paranaenses da zona de rebaixamento e tamb\u00e9m o Rubro-negro do G-4 &#8211; o S\u00e3o [&hellip;]\" \/>\n<meta property=\"og:url\" content=\"https:\/\/www.notibras.com\/site\/coritiba-vence-faz-a-festa-em-brasilia-e-tira-o-flamengo-do-g-4\/\" \/>\n<meta property=\"og:site_name\" content=\"Notibras\" \/>\n<meta property=\"article:publisher\" content=\"https:\/\/www.facebook.com\/notibras\/\" \/>\n<meta property=\"article:published_time\" content=\"2015-09-18T02:05:10+00:00\" \/>\n<meta property=\"article:modified_time\" content=\"2015-09-18T21:53:26+00:00\" \/>\n<meta property=\"og:image\" content=\"https:\/\/www.notibras.com\/site\/wp-content\/uploads\/2015\/09\/HOME-Campeonato-Brasileiro-SpadaTripe-Fotografia_LANIMA20150917_0272_1.jpg\" \/>\n\t<meta property=\"og:image:width\" content=\"527\" \/>\n\t<meta property=\"og:image:height\" content=\"307\" \/>\n\t<meta property=\"og:image:type\" content=\"image\/jpeg\" \/>\n<meta name=\"author\" content=\"Reda\u00e7\u00e3o\" \/>\n<meta name=\"twitter:card\" content=\"summary_large_image\" \/>\n<meta name=\"twitter:creator\" content=\"@Notibras\" \/>\n<meta name=\"twitter:site\" content=\"@Notibras\" \/>\n<meta name=\"twitter:label1\" content=\"Escrito por\" \/>\n\t<meta name=\"twitter:data1\" content=\"Reda\u00e7\u00e3o\" \/>\n\t<meta name=\"twitter:label2\" content=\"Est. tempo de leitura\" \/>\n\t<meta name=\"twitter:data2\" content=\"2 minutos\" \/>\n<script type=\"application\/ld+json\" class=\"yoast-schema-graph\">{\"@context\":\"https:\/\/schema.org\",\"@graph\":[{\"@type\":\"Article\",\"@id\":\"https:\/\/www.notibras.com\/site\/coritiba-vence-faz-a-festa-em-brasilia-e-tira-o-flamengo-do-g-4\/#article\",\"isPartOf\":{\"@id\":\"https:\/\/www.notibras.com\/site\/coritiba-vence-faz-a-festa-em-brasilia-e-tira-o-flamengo-do-g-4\/\"},\"author\":{\"name\":\"Reda\u00e7\u00e3o\",\"@id\":\"https:\/\/www.notibras.com\/site\/#\/schema\/person\/36ab0979449956132d3e5b517ea76ac8\"},\"headline\":\"Coritiba vence por 2 a 0, faz a festa em Bras\u00edlia e tira o arisco Flamengo do G-4\",\"datePublished\":\"2015-09-18T02:05:10+00:00\",\"dateModified\":\"2015-09-18T21:53:26+00:00\",\"mainEntityOfPage\":{\"@id\":\"https:\/\/www.notibras.com\/site\/coritiba-vence-faz-a-festa-em-brasilia-e-tira-o-flamengo-do-g-4\/\"},\"wordCount\":391,\"commentCount\":0,\"publisher\":{\"@id\":\"https:\/\/www.notibras.com\/site\/#organization\"},\"image\":{\"@id\":\"https:\/\/www.notibras.com\/site\/coritiba-vence-faz-a-festa-em-brasilia-e-tira-o-flamengo-do-g-4\/#primaryimage\"},\"thumbnailUrl\":\"https:\/\/www.notibras.com\/site\/wp-content\/uploads\/2015\/09\/HOME-Campeonato-Brasileiro-SpadaTripe-Fotografia_LANIMA20150917_0272_1.jpg\",\"articleSection\":[\"Futebol\"],\"inLanguage\":\"pt-BR\",\"potentialAction\":[{\"@type\":\"CommentAction\",\"name\":\"Comment\",\"target\":[\"https:\/\/www.notibras.com\/site\/coritiba-vence-faz-a-festa-em-brasilia-e-tira-o-flamengo-do-g-4\/#respond\"]}]},{\"@type\":\"WebPage\",\"@id\":\"https:\/\/www.notibras.com\/site\/coritiba-vence-faz-a-festa-em-brasilia-e-tira-o-flamengo-do-g-4\/\",\"url\":\"https:\/\/www.notibras.com\/site\/coritiba-vence-faz-a-festa-em-brasilia-e-tira-o-flamengo-do-g-4\/\",\"name\":\"Coritiba vence por 2 a 0, faz a festa em Bras\u00edlia e tira o arisco Flamengo do G-4 - Notibras\",\"isPartOf\":{\"@id\":\"https:\/\/www.notibras.com\/site\/#website\"},\"primaryImageOfPage\":{\"@id\":\"https:\/\/www.notibras.com\/site\/coritiba-vence-faz-a-festa-em-brasilia-e-tira-o-flamengo-do-g-4\/#primaryimage\"},\"image\":{\"@id\":\"https:\/\/www.notibras.com\/site\/coritiba-vence-faz-a-festa-em-brasilia-e-tira-o-flamengo-do-g-4\/#primaryimage\"},\"thumbnailUrl\":\"https:\/\/www.notibras.com\/site\/wp-content\/uploads\/2015\/09\/HOME-Campeonato-Brasileiro-SpadaTripe-Fotografia_LANIMA20150917_0272_1.jpg\",\"datePublished\":\"2015-09-18T02:05:10+00:00\",\"dateModified\":\"2015-09-18T21:53:26+00:00\",\"breadcrumb\":{\"@id\":\"https:\/\/www.notibras.com\/site\/coritiba-vence-faz-a-festa-em-brasilia-e-tira-o-flamengo-do-g-4\/#breadcrumb\"},\"inLanguage\":\"pt-BR\",\"potentialAction\":[{\"@type\":\"ReadAction\",\"target\":[\"https:\/\/www.notibras.com\/site\/coritiba-vence-faz-a-festa-em-brasilia-e-tira-o-flamengo-do-g-4\/\"]}]},{\"@type\":\"ImageObject\",\"inLanguage\":\"pt-BR\",\"@id\":\"https:\/\/www.notibras.com\/site\/coritiba-vence-faz-a-festa-em-brasilia-e-tira-o-flamengo-do-g-4\/#primaryimage\",\"url\":\"https:\/\/www.notibras.com\/site\/wp-content\/uploads\/2015\/09\/HOME-Campeonato-Brasileiro-SpadaTripe-Fotografia_LANIMA20150917_0272_1.jpg\",\"contentUrl\":\"https:\/\/www.notibras.com\/site\/wp-content\/uploads\/2015\/09\/HOME-Campeonato-Brasileiro-SpadaTripe-Fotografia_LANIMA20150917_0272_1.jpg\",\"width\":527,\"height\":307},{\"@type\":\"BreadcrumbList\",\"@id\":\"https:\/\/www.notibras.com\/site\/coritiba-vence-faz-a-festa-em-brasilia-e-tira-o-flamengo-do-g-4\/#breadcrumb\",\"itemListElement\":[{\"@type\":\"ListItem\",\"position\":1,\"name\":\"In\u00edcio\",\"item\":\"https:\/\/www.notibras.com\/site\/\"},{\"@type\":\"ListItem\",\"position\":2,\"name\":\"Coritiba vence por 2 a 0, faz a festa em Bras\u00edlia e tira o arisco Flamengo do G-4\"}]},{\"@type\":\"WebSite\",\"@id\":\"https:\/\/www.notibras.com\/site\/#website\",\"url\":\"https:\/\/www.notibras.com\/site\/\",\"name\":\"Notibras\",\"description\":\"Not\u00edcias de Bras\u00edlia, do Brasil e do Mundo\",\"publisher\":{\"@id\":\"https:\/\/www.notibras.com\/site\/#organization\"},\"potentialAction\":[{\"@type\":\"SearchAction\",\"target\":{\"@type\":\"EntryPoint\",\"urlTemplate\":\"https:\/\/www.notibras.com\/site\/?s={search_term_string}\"},\"query-input\":{\"@type\":\"PropertyValueSpecification\",\"valueRequired\":true,\"valueName\":\"search_term_string\"}}],\"inLanguage\":\"pt-BR\"},{\"@type\":\"Organization\",\"@id\":\"https:\/\/www.notibras.com\/site\/#organization\",\"name\":\"Grupo Notibras de Comunica\u00e7\u00e3o\",\"url\":\"https:\/\/www.notibras.com\/site\/\",\"logo\":{\"@type\":\"ImageObject\",\"inLanguage\":\"pt-BR\",\"@id\":\"https:\/\/www.notibras.com\/site\/#\/schema\/logo\/image\/\",\"url\":\"https:\/\/www.notibras.com\/site\/wp-content\/uploads\/2023\/01\/notibras23.png\",\"contentUrl\":\"https:\/\/www.notibras.com\/site\/wp-content\/uploads\/2023\/01\/notibras23.png\",\"width\":350,\"height\":87,\"caption\":\"Grupo Notibras de Comunica\u00e7\u00e3o\"},\"image\":{\"@id\":\"https:\/\/www.notibras.com\/site\/#\/schema\/logo\/image\/\"},\"sameAs\":[\"https:\/\/www.facebook.com\/notibras\/\",\"https:\/\/x.com\/Notibras\",\"https:\/\/www.instagram.com\/notibras\/\"]},{\"@type\":\"Person\",\"@id\":\"https:\/\/www.notibras.com\/site\/#\/schema\/person\/36ab0979449956132d3e5b517ea76ac8\",\"name\":\"Reda\u00e7\u00e3o\",\"image\":{\"@type\":\"ImageObject\",\"inLanguage\":\"pt-BR\",\"@id\":\"https:\/\/secure.gravatar.com\/avatar\/e0a867bdedb85fd243eadf09663511f96fc81e0720a4a42581f334ad4303aa6b?s=96&d=mm&r=g\",\"url\":\"https:\/\/secure.gravatar.com\/avatar\/e0a867bdedb85fd243eadf09663511f96fc81e0720a4a42581f334ad4303aa6b?s=96&d=mm&r=g\",\"contentUrl\":\"https:\/\/secure.gravatar.com\/avatar\/e0a867bdedb85fd243eadf09663511f96fc81e0720a4a42581f334ad4303aa6b?s=96&d=mm&r=g\",\"caption\":\"Reda\u00e7\u00e3o\"}}]}<\/script>\n<!-- \/ Yoast SEO plugin. -->","yoast_head_json":{"title":"Coritiba vence por 2 a 0, faz a festa em Bras\u00edlia e tira o arisco Flamengo do G-4 - Notibras","robots":{"index":"index","follow":"follow","max-snippet":"max-snippet:-1","max-image-preview":"max-image-preview:large","max-video-preview":"max-video-preview:-1"},"canonical":"https:\/\/www.notibras.com\/site\/coritiba-vence-faz-a-festa-em-brasilia-e-tira-o-flamengo-do-g-4\/","og_locale":"pt_BR","og_type":"article","og_title":"Coritiba vence por 2 a 0, faz a festa em Bras\u00edlia e tira o arisco Flamengo do G-4 - Notibras","og_description":"A incr\u00edvel sequ\u00eancia de seis vit\u00f3rias do Flamengo foi interrompida nesta quinta-feira (17). O time jogou mal, perdeu para o Coritiba por 2 a 0 e frustrou um lotado est\u00e1dio Man\u00e9 Garrincha. Kleber e Henrique marcaram os gols que tiraram os paranaenses da zona de rebaixamento e tamb\u00e9m o Rubro-negro do G-4 &#8211; o S\u00e3o [&hellip;]","og_url":"https:\/\/www.notibras.com\/site\/coritiba-vence-faz-a-festa-em-brasilia-e-tira-o-flamengo-do-g-4\/","og_site_name":"Notibras","article_publisher":"https:\/\/www.facebook.com\/notibras\/","article_published_time":"2015-09-18T02:05:10+00:00","article_modified_time":"2015-09-18T21:53:26+00:00","og_image":[{"width":527,"height":307,"url":"https:\/\/www.notibras.com\/site\/wp-content\/uploads\/2015\/09\/HOME-Campeonato-Brasileiro-SpadaTripe-Fotografia_LANIMA20150917_0272_1.jpg","type":"image\/jpeg"}],"author":"Reda\u00e7\u00e3o","twitter_card":"summary_large_image","twitter_creator":"@Notibras","twitter_site":"@Notibras","twitter_misc":{"Escrito por":"Reda\u00e7\u00e3o","Est. tempo de leitura":"2 minutos"},"schema":{"@context":"https:\/\/schema.org","@graph":[{"@type":"Article","@id":"https:\/\/www.notibras.com\/site\/coritiba-vence-faz-a-festa-em-brasilia-e-tira-o-flamengo-do-g-4\/#article","isPartOf":{"@id":"https:\/\/www.notibras.com\/site\/coritiba-vence-faz-a-festa-em-brasilia-e-tira-o-flamengo-do-g-4\/"},"author":{"name":"Reda\u00e7\u00e3o","@id":"https:\/\/www.notibras.com\/site\/#\/schema\/person\/36ab0979449956132d3e5b517ea76ac8"},"headline":"Coritiba vence por 2 a 0, faz a festa em Bras\u00edlia e tira o arisco Flamengo do G-4","datePublished":"2015-09-18T02:05:10+00:00","dateModified":"2015-09-18T21:53:26+00:00","mainEntityOfPage":{"@id":"https:\/\/www.notibras.com\/site\/coritiba-vence-faz-a-festa-em-brasilia-e-tira-o-flamengo-do-g-4\/"},"wordCount":391,"commentCount":0,"publisher":{"@id":"https:\/\/www.notibras.com\/site\/#organization"},"image":{"@id":"https:\/\/www.notibras.com\/site\/coritiba-vence-faz-a-festa-em-brasilia-e-tira-o-flamengo-do-g-4\/#primaryimage"},"thumbnailUrl":"https:\/\/www.notibras.com\/site\/wp-content\/uploads\/2015\/09\/HOME-Campeonato-Brasileiro-SpadaTripe-Fotografia_LANIMA20150917_0272_1.jpg","articleSection":["Futebol"],"inLanguage":"pt-BR","potentialAction":[{"@type":"CommentAction","name":"Comment","target":["https:\/\/www.notibras.com\/site\/coritiba-vence-faz-a-festa-em-brasilia-e-tira-o-flamengo-do-g-4\/#respond"]}]},{"@type":"WebPage","@id":"https:\/\/www.notibras.com\/site\/coritiba-vence-faz-a-festa-em-brasilia-e-tira-o-flamengo-do-g-4\/","url":"https:\/\/www.notibras.com\/site\/coritiba-vence-faz-a-festa-em-brasilia-e-tira-o-flamengo-do-g-4\/","name":"Coritiba vence por 2 a 0, faz a festa em Bras\u00edlia e tira o arisco Flamengo do G-4 - Notibras","isPartOf":{"@id":"https:\/\/www.notibras.com\/site\/#website"},"primaryImageOfPage":{"@id":"https:\/\/www.notibras.com\/site\/coritiba-vence-faz-a-festa-em-brasilia-e-tira-o-flamengo-do-g-4\/#primaryimage"},"image":{"@id":"https:\/\/www.notibras.com\/site\/coritiba-vence-faz-a-festa-em-brasilia-e-tira-o-flamengo-do-g-4\/#primaryimage"},"thumbnailUrl":"https:\/\/www.notibras.com\/site\/wp-content\/uploads\/2015\/09\/HOME-Campeonato-Brasileiro-SpadaTripe-Fotografia_LANIMA20150917_0272_1.jpg","datePublished":"2015-09-18T02:05:10+00:00","dateModified":"2015-09-18T21:53:26+00:00","breadcrumb":{"@id":"https:\/\/www.notibras.com\/site\/coritiba-vence-faz-a-festa-em-brasilia-e-tira-o-flamengo-do-g-4\/#breadcrumb"},"inLanguage":"pt-BR","potentialAction":[{"@type":"ReadAction","target":["https:\/\/www.notibras.com\/site\/coritiba-vence-faz-a-festa-em-brasilia-e-tira-o-flamengo-do-g-4\/"]}]},{"@type":"ImageObject","inLanguage":"pt-BR","@id":"https:\/\/www.notibras.com\/site\/coritiba-vence-faz-a-festa-em-brasilia-e-tira-o-flamengo-do-g-4\/#primaryimage","url":"https:\/\/www.notibras.com\/site\/wp-content\/uploads\/2015\/09\/HOME-Campeonato-Brasileiro-SpadaTripe-Fotografia_LANIMA20150917_0272_1.jpg","contentUrl":"https:\/\/www.notibras.com\/site\/wp-content\/uploads\/2015\/09\/HOME-Campeonato-Brasileiro-SpadaTripe-Fotografia_LANIMA20150917_0272_1.jpg","width":527,"height":307},{"@type":"BreadcrumbList","@id":"https:\/\/www.notibras.com\/site\/coritiba-vence-faz-a-festa-em-brasilia-e-tira-o-flamengo-do-g-4\/#breadcrumb","itemListElement":[{"@type":"ListItem","position":1,"name":"In\u00edcio","item":"https:\/\/www.notibras.com\/site\/"},{"@type":"ListItem","position":2,"name":"Coritiba vence por 2 a 0, faz a festa em Bras\u00edlia e tira o arisco Flamengo do G-4"}]},{"@type":"WebSite","@id":"https:\/\/www.notibras.com\/site\/#website","url":"https:\/\/www.notibras.com\/site\/","name":"Notibras","description":"Not\u00edcias de Bras\u00edlia, do Brasil e do Mundo","publisher":{"@id":"https:\/\/www.notibras.com\/site\/#organization"},"potentialAction":[{"@type":"SearchAction","target":{"@type":"EntryPoint","urlTemplate":"https:\/\/www.notibras.com\/site\/?s={search_term_string}"},"query-input":{"@type":"PropertyValueSpecification","valueRequired":true,"valueName":"search_term_string"}}],"inLanguage":"pt-BR"},{"@type":"Organization","@id":"https:\/\/www.notibras.com\/site\/#organization","name":"Grupo Notibras de Comunica\u00e7\u00e3o","url":"https:\/\/www.notibras.com\/site\/","logo":{"@type":"ImageObject","inLanguage":"pt-BR","@id":"https:\/\/www.notibras.com\/site\/#\/schema\/logo\/image\/","url":"https:\/\/www.notibras.com\/site\/wp-content\/uploads\/2023\/01\/notibras23.png","contentUrl":"https:\/\/www.notibras.com\/site\/wp-content\/uploads\/2023\/01\/notibras23.png","width":350,"height":87,"caption":"Grupo Notibras de Comunica\u00e7\u00e3o"},"image":{"@id":"https:\/\/www.notibras.com\/site\/#\/schema\/logo\/image\/"},"sameAs":["https:\/\/www.facebook.com\/notibras\/","https:\/\/x.com\/Notibras","https:\/\/www.instagram.com\/notibras\/"]},{"@type":"Person","@id":"https:\/\/www.notibras.com\/site\/#\/schema\/person\/36ab0979449956132d3e5b517ea76ac8","name":"Reda\u00e7\u00e3o","image":{"@type":"ImageObject","inLanguage":"pt-BR","@id":"https:\/\/secure.gravatar.com\/avatar\/e0a867bdedb85fd243eadf09663511f96fc81e0720a4a42581f334ad4303aa6b?s=96&d=mm&r=g","url":"https:\/\/secure.gravatar.com\/avatar\/e0a867bdedb85fd243eadf09663511f96fc81e0720a4a42581f334ad4303aa6b?s=96&d=mm&r=g","contentUrl":"https:\/\/secure.gravatar.com\/avatar\/e0a867bdedb85fd243eadf09663511f96fc81e0720a4a42581f334ad4303aa6b?s=96&d=mm&r=g","caption":"Reda\u00e7\u00e3o"}}]}},"amp_enabled":true,"_links":{"self":[{"href":"https:\/\/www.notibras.com\/site\/wp-json\/wp\/v2\/posts\/68395","targetHints":{"allow":["GET"]}}],"collection":[{"href":"https:\/\/www.notibras.com\/site\/wp-json\/wp\/v2\/posts"}],"about":[{"href":"https:\/\/www.notibras.com\/site\/wp-json\/wp\/v2\/types\/post"}],"author":[{"embeddable":true,"href":"https:\/\/www.notibras.com\/site\/wp-json\/wp\/v2\/users\/2"}],"replies":[{"embeddable":true,"href":"https:\/\/www.notibras.com\/site\/wp-json\/wp\/v2\/comments?post=68395"}],"version-history":[{"count":3,"href":"https:\/\/www.notibras.com\/site\/wp-json\/wp\/v2\/posts\/68395\/revisions"}],"predecessor-version":[{"id":68543,"href":"https:\/\/www.notibras.com\/site\/wp-json\/wp\/v2\/posts\/68395\/revisions\/68543"}],"wp:featuredmedia":[{"embeddable":true,"href":"https:\/\/www.notibras.com\/site\/wp-json\/wp\/v2\/media\/68396"}],"wp:attachment":[{"href":"https:\/\/www.notibras.com\/site\/wp-json\/wp\/v2\/media?parent=68395"}],"wp:term":[{"taxonomy":"category","embeddable":true,"href":"https:\/\/www.notibras.com\/site\/wp-json\/wp\/v2\/categories?post=68395"},{"taxonomy":"post_tag","embeddable":true,"href":"https:\/\/www.notibras.com\/site\/wp-json\/wp\/v2\/tags?post=68395"}],"curies":[{"name":"wp","href":"https:\/\/api.w.org\/{rel}","templated":true}]}}