{"id":68405,"date":"2015-09-18T08:53:33","date_gmt":"2015-09-18T11:53:33","guid":{"rendered":"http:\/\/www.notibras.com\/site\/?p=68405"},"modified":"2015-09-18T15:18:08","modified_gmt":"2015-09-18T18:18:08","slug":"lula-sugere-a-dilma-adotar-o-toma-la-da-ca-para-barrar-impeachment","status":"publish","type":"post","link":"https:\/\/www.notibras.com\/site\/lula-sugere-a-dilma-adotar-o-toma-la-da-ca-para-barrar-impeachment\/","title":{"rendered":"Lula sugere a Dilma adotar o toma l\u00e1 d\u00e1 c\u00e1 com nova equipe para barrar impeachment"},"content":{"rendered":"<p>o ex-presidente Luiz In\u00e1cio Lula da Silva sugeriu uma esp\u00e9cie de &#8216;toma l\u00e1, d\u00e1 c\u00e1&#8217; \u00e0 presidente Dilma Rousseff na hora de promover a reforma ministerial. As mudan\u00e7as, segundo Lula, devem ser mais amplas para garantir sustenta\u00e7\u00e3o pol\u00edtica no Congresso e evitar o processo de impeachment.<\/p>\n<p>Segundo vers\u00e3o apresentada pelo jornal O Estado de S.Paulo, Dilma ela precisa aumentar o espa\u00e7o dos aliados fi\u00e9is e diminuir os cargos dos traidores, porque somente assim conseguir\u00e1 aprovar o ajuste e barrar iniciativas para afast\u00e1-la do Planalto. A conversa entre os dois foi na quinta-feira, 17.<\/p>\n<p>Na lista dos partidos que comandam minist\u00e9rios e votaram contra medidas propostas pela equipe econ\u00f4mica na primeira fase do ajuste est\u00e3o o PR, que controla os Transportes; o PDT, no Trabalho; e o PRB, no Esporte.<\/p>\n<p>A avalia\u00e7\u00e3o \u00e9 de que tudo tem de ser feito para impedir que um pedido de impeachment seja aceito na C\u00e2mara comandada por Eduardo Cunha (PMDB-RJ) porque, se isso ocorrer, ser\u00e1 muito dif\u00edcil deter sua tramita\u00e7\u00e3o com a press\u00e3o das ruas.<\/p>\n<p>Apesar de defender mudan\u00e7as na pol\u00edtica econ\u00f4mica e achar que Dilma deveria ter adotado outro caminho para reequilibrar o Or\u00e7amento, Lula disse que \u00e9 necess\u00e1rio &#8220;p\u00f4r no Minist\u00e9rio quem ajuda o governo no Congresso&#8221; para aprovar o quanto antes o pacote fiscal, mesmo se houver recuos estrat\u00e9gicos, como um prazo menor de vig\u00eancia da CPMF.<\/p>\n<p>Depois de se encontrar com Dilma, Lula jantou com ministros do PT e considerou a situa\u00e7\u00e3o &#8220;grav\u00edssima&#8221;. Na conversa, o diagn\u00f3stico foi que outra derrota de Dilma no Congresso, neste momento, pode ser fatal para ela.<\/p>\n<p>&#8220;N\u00f3s precisamos nos unir. Mesmo quem n\u00e3o concorda com um ponto aqui, outro acol\u00e1, tem de apoiar nossa companheira&#8221;, disse Lula, segundo relato de um dos participantes do encontro.<\/p>\n<p>&#8220;Mas n\u00f3s tamb\u00e9m precisamos dar uma not\u00edcia boa para a popula\u00e7\u00e3o. N\u00e3o d\u00e1 para s\u00f3 falar em desemprego, recess\u00e3o, imposto e corte.&#8221;<\/p>\n<p>Embora fa\u00e7a reparos ao endurecimento do ajuste, Lula garantiu que n\u00e3o renovar\u00e1 as cr\u00edticas \u00e0 equipe econ\u00f4mica nem atacar\u00e1 as medidas em p\u00fablico. Para ele, a presidente deve dar uma &#8220;chacoalhada&#8221; no governo e mudar a articula\u00e7\u00e3o pol\u00edtica, inclusive a Casa Civil, al\u00e9m de se reaproximar do vice Michel Temer, que comanda o PMDB.<\/p>\n<p>At\u00e9 agora, por\u00e9m, Dilma resiste a tirar Aloizio Mercadante da Casa Civil e avisou que n\u00e3o ceder\u00e1 \u00e0s press\u00f5es. O nome da ministra da Agricultura, K\u00e1tia Abreu (PMDB), chegou a ser cogitado para a pasta, mas ela n\u00e3o tem apoio integral do PMDB. Lula tamb\u00e9m disse, ontem, que n\u00e3o aprovaria a troca. Na sua opini\u00e3o, o mais indicado para substituir Mercadante seria Jaques Wagner, titular da Defesa.<\/p>\n","protected":false},"excerpt":{"rendered":"<p>o ex-presidente Luiz In\u00e1cio Lula da Silva sugeriu uma esp\u00e9cie de &#8216;toma l\u00e1, d\u00e1 c\u00e1&#8217; \u00e0 presidente Dilma Rousseff na hora de promover a reforma ministerial. As mudan\u00e7as, segundo Lula, devem ser mais amplas para garantir sustenta\u00e7\u00e3o pol\u00edtica no Congresso e evitar o processo de impeachment. Segundo vers\u00e3o apresentada pelo jornal O Estado de S.Paulo, [&hellip;]<\/p>\n","protected":false},"author":2,"featured_media":68406,"comment_status":"open","ping_status":"closed","sticky":false,"template":"","format":"standard","meta":{"_acf_changed":false,"footnotes":""},"categories":[16],"tags":[],"class_list":["post-68405","post","type-post","status-publish","format-standard","has-post-thumbnail","hentry","category-brasil"],"acf":[],"yoast_head":"<!-- This site is optimized with the Yoast SEO plugin v27.2 - https:\/\/yoast.com\/product\/yoast-seo-wordpress\/ -->\n<title>Lula sugere a Dilma adotar o toma l\u00e1 d\u00e1 c\u00e1 com nova equipe para barrar impeachment - Notibras<\/title>\n<meta name=\"robots\" content=\"index, follow, max-snippet:-1, max-image-preview:large, max-video-preview:-1\" \/>\n<link rel=\"canonical\" href=\"https:\/\/www.notibras.com\/site\/lula-sugere-a-dilma-adotar-o-toma-la-da-ca-para-barrar-impeachment\/\" \/>\n<meta property=\"og:locale\" content=\"pt_BR\" \/>\n<meta property=\"og:type\" content=\"article\" \/>\n<meta property=\"og:title\" content=\"Lula sugere a Dilma adotar o toma l\u00e1 d\u00e1 c\u00e1 com nova equipe para barrar impeachment - Notibras\" \/>\n<meta property=\"og:description\" content=\"o ex-presidente Luiz In\u00e1cio Lula da Silva sugeriu uma esp\u00e9cie de &#8216;toma l\u00e1, d\u00e1 c\u00e1&#8217; \u00e0 presidente Dilma Rousseff na hora de promover a reforma ministerial. As mudan\u00e7as, segundo Lula, devem ser mais amplas para garantir sustenta\u00e7\u00e3o pol\u00edtica no Congresso e evitar o processo de impeachment. Segundo vers\u00e3o apresentada pelo jornal O Estado de S.Paulo, [&hellip;]\" \/>\n<meta property=\"og:url\" content=\"https:\/\/www.notibras.com\/site\/lula-sugere-a-dilma-adotar-o-toma-la-da-ca-para-barrar-impeachment\/\" \/>\n<meta property=\"og:site_name\" content=\"Notibras\" \/>\n<meta property=\"article:publisher\" content=\"https:\/\/www.facebook.com\/notibras\/\" \/>\n<meta property=\"article:published_time\" content=\"2015-09-18T11:53:33+00:00\" \/>\n<meta property=\"article:modified_time\" content=\"2015-09-18T18:18:08+00:00\" \/>\n<meta property=\"og:image\" content=\"https:\/\/www.notibras.com\/site\/wp-content\/uploads\/2015\/09\/imlu.jpg\" \/>\n\t<meta property=\"og:image:width\" content=\"615\" \/>\n\t<meta property=\"og:image:height\" content=\"300\" \/>\n\t<meta property=\"og:image:type\" content=\"image\/jpeg\" \/>\n<meta name=\"author\" content=\"Reda\u00e7\u00e3o\" \/>\n<meta name=\"twitter:card\" content=\"summary_large_image\" \/>\n<meta name=\"twitter:creator\" content=\"@Notibras\" \/>\n<meta name=\"twitter:site\" content=\"@Notibras\" \/>\n<meta name=\"twitter:label1\" content=\"Escrito por\" \/>\n\t<meta name=\"twitter:data1\" content=\"Reda\u00e7\u00e3o\" \/>\n\t<meta name=\"twitter:label2\" content=\"Est. tempo de leitura\" \/>\n\t<meta name=\"twitter:data2\" content=\"2 minutos\" \/>\n<script type=\"application\/ld+json\" class=\"yoast-schema-graph\">{\"@context\":\"https:\/\/schema.org\",\"@graph\":[{\"@type\":\"Article\",\"@id\":\"https:\/\/www.notibras.com\/site\/lula-sugere-a-dilma-adotar-o-toma-la-da-ca-para-barrar-impeachment\/#article\",\"isPartOf\":{\"@id\":\"https:\/\/www.notibras.com\/site\/lula-sugere-a-dilma-adotar-o-toma-la-da-ca-para-barrar-impeachment\/\"},\"author\":{\"name\":\"Reda\u00e7\u00e3o\",\"@id\":\"https:\/\/www.notibras.com\/site\/#\/schema\/person\/36ab0979449956132d3e5b517ea76ac8\"},\"headline\":\"Lula sugere a Dilma adotar o toma l\u00e1 d\u00e1 c\u00e1 com nova equipe para barrar impeachment\",\"datePublished\":\"2015-09-18T11:53:33+00:00\",\"dateModified\":\"2015-09-18T18:18:08+00:00\",\"mainEntityOfPage\":{\"@id\":\"https:\/\/www.notibras.com\/site\/lula-sugere-a-dilma-adotar-o-toma-la-da-ca-para-barrar-impeachment\/\"},\"wordCount\":499,\"commentCount\":0,\"publisher\":{\"@id\":\"https:\/\/www.notibras.com\/site\/#organization\"},\"image\":{\"@id\":\"https:\/\/www.notibras.com\/site\/lula-sugere-a-dilma-adotar-o-toma-la-da-ca-para-barrar-impeachment\/#primaryimage\"},\"thumbnailUrl\":\"https:\/\/www.notibras.com\/site\/wp-content\/uploads\/2015\/09\/imlu.jpg\",\"articleSection\":[\"Brasil\"],\"inLanguage\":\"pt-BR\",\"potentialAction\":[{\"@type\":\"CommentAction\",\"name\":\"Comment\",\"target\":[\"https:\/\/www.notibras.com\/site\/lula-sugere-a-dilma-adotar-o-toma-la-da-ca-para-barrar-impeachment\/#respond\"]}]},{\"@type\":\"WebPage\",\"@id\":\"https:\/\/www.notibras.com\/site\/lula-sugere-a-dilma-adotar-o-toma-la-da-ca-para-barrar-impeachment\/\",\"url\":\"https:\/\/www.notibras.com\/site\/lula-sugere-a-dilma-adotar-o-toma-la-da-ca-para-barrar-impeachment\/\",\"name\":\"Lula sugere a Dilma adotar o toma l\u00e1 d\u00e1 c\u00e1 com nova equipe para barrar impeachment - Notibras\",\"isPartOf\":{\"@id\":\"https:\/\/www.notibras.com\/site\/#website\"},\"primaryImageOfPage\":{\"@id\":\"https:\/\/www.notibras.com\/site\/lula-sugere-a-dilma-adotar-o-toma-la-da-ca-para-barrar-impeachment\/#primaryimage\"},\"image\":{\"@id\":\"https:\/\/www.notibras.com\/site\/lula-sugere-a-dilma-adotar-o-toma-la-da-ca-para-barrar-impeachment\/#primaryimage\"},\"thumbnailUrl\":\"https:\/\/www.notibras.com\/site\/wp-content\/uploads\/2015\/09\/imlu.jpg\",\"datePublished\":\"2015-09-18T11:53:33+00:00\",\"dateModified\":\"2015-09-18T18:18:08+00:00\",\"breadcrumb\":{\"@id\":\"https:\/\/www.notibras.com\/site\/lula-sugere-a-dilma-adotar-o-toma-la-da-ca-para-barrar-impeachment\/#breadcrumb\"},\"inLanguage\":\"pt-BR\",\"potentialAction\":[{\"@type\":\"ReadAction\",\"target\":[\"https:\/\/www.notibras.com\/site\/lula-sugere-a-dilma-adotar-o-toma-la-da-ca-para-barrar-impeachment\/\"]}]},{\"@type\":\"ImageObject\",\"inLanguage\":\"pt-BR\",\"@id\":\"https:\/\/www.notibras.com\/site\/lula-sugere-a-dilma-adotar-o-toma-la-da-ca-para-barrar-impeachment\/#primaryimage\",\"url\":\"https:\/\/www.notibras.com\/site\/wp-content\/uploads\/2015\/09\/imlu.jpg\",\"contentUrl\":\"https:\/\/www.notibras.com\/site\/wp-content\/uploads\/2015\/09\/imlu.jpg\",\"width\":615,\"height\":300},{\"@type\":\"BreadcrumbList\",\"@id\":\"https:\/\/www.notibras.com\/site\/lula-sugere-a-dilma-adotar-o-toma-la-da-ca-para-barrar-impeachment\/#breadcrumb\",\"itemListElement\":[{\"@type\":\"ListItem\",\"position\":1,\"name\":\"In\u00edcio\",\"item\":\"https:\/\/www.notibras.com\/site\/\"},{\"@type\":\"ListItem\",\"position\":2,\"name\":\"Lula sugere a Dilma adotar o toma l\u00e1 d\u00e1 c\u00e1 com nova equipe para barrar impeachment\"}]},{\"@type\":\"WebSite\",\"@id\":\"https:\/\/www.notibras.com\/site\/#website\",\"url\":\"https:\/\/www.notibras.com\/site\/\",\"name\":\"Notibras\",\"description\":\"Not\u00edcias de Bras\u00edlia, do Brasil e do Mundo\",\"publisher\":{\"@id\":\"https:\/\/www.notibras.com\/site\/#organization\"},\"potentialAction\":[{\"@type\":\"SearchAction\",\"target\":{\"@type\":\"EntryPoint\",\"urlTemplate\":\"https:\/\/www.notibras.com\/site\/?s={search_term_string}\"},\"query-input\":{\"@type\":\"PropertyValueSpecification\",\"valueRequired\":true,\"valueName\":\"search_term_string\"}}],\"inLanguage\":\"pt-BR\"},{\"@type\":\"Organization\",\"@id\":\"https:\/\/www.notibras.com\/site\/#organization\",\"name\":\"Grupo Notibras de Comunica\u00e7\u00e3o\",\"url\":\"https:\/\/www.notibras.com\/site\/\",\"logo\":{\"@type\":\"ImageObject\",\"inLanguage\":\"pt-BR\",\"@id\":\"https:\/\/www.notibras.com\/site\/#\/schema\/logo\/image\/\",\"url\":\"https:\/\/www.notibras.com\/site\/wp-content\/uploads\/2023\/01\/notibras23.png\",\"contentUrl\":\"https:\/\/www.notibras.com\/site\/wp-content\/uploads\/2023\/01\/notibras23.png\",\"width\":350,\"height\":87,\"caption\":\"Grupo Notibras de Comunica\u00e7\u00e3o\"},\"image\":{\"@id\":\"https:\/\/www.notibras.com\/site\/#\/schema\/logo\/image\/\"},\"sameAs\":[\"https:\/\/www.facebook.com\/notibras\/\",\"https:\/\/x.com\/Notibras\",\"https:\/\/www.instagram.com\/notibras\/\"]},{\"@type\":\"Person\",\"@id\":\"https:\/\/www.notibras.com\/site\/#\/schema\/person\/36ab0979449956132d3e5b517ea76ac8\",\"name\":\"Reda\u00e7\u00e3o\",\"image\":{\"@type\":\"ImageObject\",\"inLanguage\":\"pt-BR\",\"@id\":\"https:\/\/secure.gravatar.com\/avatar\/e0a867bdedb85fd243eadf09663511f96fc81e0720a4a42581f334ad4303aa6b?s=96&d=mm&r=g\",\"url\":\"https:\/\/secure.gravatar.com\/avatar\/e0a867bdedb85fd243eadf09663511f96fc81e0720a4a42581f334ad4303aa6b?s=96&d=mm&r=g\",\"contentUrl\":\"https:\/\/secure.gravatar.com\/avatar\/e0a867bdedb85fd243eadf09663511f96fc81e0720a4a42581f334ad4303aa6b?s=96&d=mm&r=g\",\"caption\":\"Reda\u00e7\u00e3o\"}}]}<\/script>\n<!-- \/ Yoast SEO plugin. -->","yoast_head_json":{"title":"Lula sugere a Dilma adotar o toma l\u00e1 d\u00e1 c\u00e1 com nova equipe para barrar impeachment - Notibras","robots":{"index":"index","follow":"follow","max-snippet":"max-snippet:-1","max-image-preview":"max-image-preview:large","max-video-preview":"max-video-preview:-1"},"canonical":"https:\/\/www.notibras.com\/site\/lula-sugere-a-dilma-adotar-o-toma-la-da-ca-para-barrar-impeachment\/","og_locale":"pt_BR","og_type":"article","og_title":"Lula sugere a Dilma adotar o toma l\u00e1 d\u00e1 c\u00e1 com nova equipe para barrar impeachment - Notibras","og_description":"o ex-presidente Luiz In\u00e1cio Lula da Silva sugeriu uma esp\u00e9cie de &#8216;toma l\u00e1, d\u00e1 c\u00e1&#8217; \u00e0 presidente Dilma Rousseff na hora de promover a reforma ministerial. As mudan\u00e7as, segundo Lula, devem ser mais amplas para garantir sustenta\u00e7\u00e3o pol\u00edtica no Congresso e evitar o processo de impeachment. Segundo vers\u00e3o apresentada pelo jornal O Estado de S.Paulo, [&hellip;]","og_url":"https:\/\/www.notibras.com\/site\/lula-sugere-a-dilma-adotar-o-toma-la-da-ca-para-barrar-impeachment\/","og_site_name":"Notibras","article_publisher":"https:\/\/www.facebook.com\/notibras\/","article_published_time":"2015-09-18T11:53:33+00:00","article_modified_time":"2015-09-18T18:18:08+00:00","og_image":[{"width":615,"height":300,"url":"https:\/\/www.notibras.com\/site\/wp-content\/uploads\/2015\/09\/imlu.jpg","type":"image\/jpeg"}],"author":"Reda\u00e7\u00e3o","twitter_card":"summary_large_image","twitter_creator":"@Notibras","twitter_site":"@Notibras","twitter_misc":{"Escrito por":"Reda\u00e7\u00e3o","Est. tempo de leitura":"2 minutos"},"schema":{"@context":"https:\/\/schema.org","@graph":[{"@type":"Article","@id":"https:\/\/www.notibras.com\/site\/lula-sugere-a-dilma-adotar-o-toma-la-da-ca-para-barrar-impeachment\/#article","isPartOf":{"@id":"https:\/\/www.notibras.com\/site\/lula-sugere-a-dilma-adotar-o-toma-la-da-ca-para-barrar-impeachment\/"},"author":{"name":"Reda\u00e7\u00e3o","@id":"https:\/\/www.notibras.com\/site\/#\/schema\/person\/36ab0979449956132d3e5b517ea76ac8"},"headline":"Lula sugere a Dilma adotar o toma l\u00e1 d\u00e1 c\u00e1 com nova equipe para barrar impeachment","datePublished":"2015-09-18T11:53:33+00:00","dateModified":"2015-09-18T18:18:08+00:00","mainEntityOfPage":{"@id":"https:\/\/www.notibras.com\/site\/lula-sugere-a-dilma-adotar-o-toma-la-da-ca-para-barrar-impeachment\/"},"wordCount":499,"commentCount":0,"publisher":{"@id":"https:\/\/www.notibras.com\/site\/#organization"},"image":{"@id":"https:\/\/www.notibras.com\/site\/lula-sugere-a-dilma-adotar-o-toma-la-da-ca-para-barrar-impeachment\/#primaryimage"},"thumbnailUrl":"https:\/\/www.notibras.com\/site\/wp-content\/uploads\/2015\/09\/imlu.jpg","articleSection":["Brasil"],"inLanguage":"pt-BR","potentialAction":[{"@type":"CommentAction","name":"Comment","target":["https:\/\/www.notibras.com\/site\/lula-sugere-a-dilma-adotar-o-toma-la-da-ca-para-barrar-impeachment\/#respond"]}]},{"@type":"WebPage","@id":"https:\/\/www.notibras.com\/site\/lula-sugere-a-dilma-adotar-o-toma-la-da-ca-para-barrar-impeachment\/","url":"https:\/\/www.notibras.com\/site\/lula-sugere-a-dilma-adotar-o-toma-la-da-ca-para-barrar-impeachment\/","name":"Lula sugere a Dilma adotar o toma l\u00e1 d\u00e1 c\u00e1 com nova equipe para barrar impeachment - Notibras","isPartOf":{"@id":"https:\/\/www.notibras.com\/site\/#website"},"primaryImageOfPage":{"@id":"https:\/\/www.notibras.com\/site\/lula-sugere-a-dilma-adotar-o-toma-la-da-ca-para-barrar-impeachment\/#primaryimage"},"image":{"@id":"https:\/\/www.notibras.com\/site\/lula-sugere-a-dilma-adotar-o-toma-la-da-ca-para-barrar-impeachment\/#primaryimage"},"thumbnailUrl":"https:\/\/www.notibras.com\/site\/wp-content\/uploads\/2015\/09\/imlu.jpg","datePublished":"2015-09-18T11:53:33+00:00","dateModified":"2015-09-18T18:18:08+00:00","breadcrumb":{"@id":"https:\/\/www.notibras.com\/site\/lula-sugere-a-dilma-adotar-o-toma-la-da-ca-para-barrar-impeachment\/#breadcrumb"},"inLanguage":"pt-BR","potentialAction":[{"@type":"ReadAction","target":["https:\/\/www.notibras.com\/site\/lula-sugere-a-dilma-adotar-o-toma-la-da-ca-para-barrar-impeachment\/"]}]},{"@type":"ImageObject","inLanguage":"pt-BR","@id":"https:\/\/www.notibras.com\/site\/lula-sugere-a-dilma-adotar-o-toma-la-da-ca-para-barrar-impeachment\/#primaryimage","url":"https:\/\/www.notibras.com\/site\/wp-content\/uploads\/2015\/09\/imlu.jpg","contentUrl":"https:\/\/www.notibras.com\/site\/wp-content\/uploads\/2015\/09\/imlu.jpg","width":615,"height":300},{"@type":"BreadcrumbList","@id":"https:\/\/www.notibras.com\/site\/lula-sugere-a-dilma-adotar-o-toma-la-da-ca-para-barrar-impeachment\/#breadcrumb","itemListElement":[{"@type":"ListItem","position":1,"name":"In\u00edcio","item":"https:\/\/www.notibras.com\/site\/"},{"@type":"ListItem","position":2,"name":"Lula sugere a Dilma adotar o toma l\u00e1 d\u00e1 c\u00e1 com nova equipe para barrar impeachment"}]},{"@type":"WebSite","@id":"https:\/\/www.notibras.com\/site\/#website","url":"https:\/\/www.notibras.com\/site\/","name":"Notibras","description":"Not\u00edcias de Bras\u00edlia, do Brasil e do Mundo","publisher":{"@id":"https:\/\/www.notibras.com\/site\/#organization"},"potentialAction":[{"@type":"SearchAction","target":{"@type":"EntryPoint","urlTemplate":"https:\/\/www.notibras.com\/site\/?s={search_term_string}"},"query-input":{"@type":"PropertyValueSpecification","valueRequired":true,"valueName":"search_term_string"}}],"inLanguage":"pt-BR"},{"@type":"Organization","@id":"https:\/\/www.notibras.com\/site\/#organization","name":"Grupo Notibras de Comunica\u00e7\u00e3o","url":"https:\/\/www.notibras.com\/site\/","logo":{"@type":"ImageObject","inLanguage":"pt-BR","@id":"https:\/\/www.notibras.com\/site\/#\/schema\/logo\/image\/","url":"https:\/\/www.notibras.com\/site\/wp-content\/uploads\/2023\/01\/notibras23.png","contentUrl":"https:\/\/www.notibras.com\/site\/wp-content\/uploads\/2023\/01\/notibras23.png","width":350,"height":87,"caption":"Grupo Notibras de Comunica\u00e7\u00e3o"},"image":{"@id":"https:\/\/www.notibras.com\/site\/#\/schema\/logo\/image\/"},"sameAs":["https:\/\/www.facebook.com\/notibras\/","https:\/\/x.com\/Notibras","https:\/\/www.instagram.com\/notibras\/"]},{"@type":"Person","@id":"https:\/\/www.notibras.com\/site\/#\/schema\/person\/36ab0979449956132d3e5b517ea76ac8","name":"Reda\u00e7\u00e3o","image":{"@type":"ImageObject","inLanguage":"pt-BR","@id":"https:\/\/secure.gravatar.com\/avatar\/e0a867bdedb85fd243eadf09663511f96fc81e0720a4a42581f334ad4303aa6b?s=96&d=mm&r=g","url":"https:\/\/secure.gravatar.com\/avatar\/e0a867bdedb85fd243eadf09663511f96fc81e0720a4a42581f334ad4303aa6b?s=96&d=mm&r=g","contentUrl":"https:\/\/secure.gravatar.com\/avatar\/e0a867bdedb85fd243eadf09663511f96fc81e0720a4a42581f334ad4303aa6b?s=96&d=mm&r=g","caption":"Reda\u00e7\u00e3o"}}]}},"amp_enabled":true,"_links":{"self":[{"href":"https:\/\/www.notibras.com\/site\/wp-json\/wp\/v2\/posts\/68405","targetHints":{"allow":["GET"]}}],"collection":[{"href":"https:\/\/www.notibras.com\/site\/wp-json\/wp\/v2\/posts"}],"about":[{"href":"https:\/\/www.notibras.com\/site\/wp-json\/wp\/v2\/types\/post"}],"author":[{"embeddable":true,"href":"https:\/\/www.notibras.com\/site\/wp-json\/wp\/v2\/users\/2"}],"replies":[{"embeddable":true,"href":"https:\/\/www.notibras.com\/site\/wp-json\/wp\/v2\/comments?post=68405"}],"version-history":[{"count":6,"href":"https:\/\/www.notibras.com\/site\/wp-json\/wp\/v2\/posts\/68405\/revisions"}],"predecessor-version":[{"id":68486,"href":"https:\/\/www.notibras.com\/site\/wp-json\/wp\/v2\/posts\/68405\/revisions\/68486"}],"wp:featuredmedia":[{"embeddable":true,"href":"https:\/\/www.notibras.com\/site\/wp-json\/wp\/v2\/media\/68406"}],"wp:attachment":[{"href":"https:\/\/www.notibras.com\/site\/wp-json\/wp\/v2\/media?parent=68405"}],"wp:term":[{"taxonomy":"category","embeddable":true,"href":"https:\/\/www.notibras.com\/site\/wp-json\/wp\/v2\/categories?post=68405"},{"taxonomy":"post_tag","embeddable":true,"href":"https:\/\/www.notibras.com\/site\/wp-json\/wp\/v2\/tags?post=68405"}],"curies":[{"name":"wp","href":"https:\/\/api.w.org\/{rel}","templated":true}]}}