{"id":68447,"date":"2015-09-18T11:52:36","date_gmt":"2015-09-18T14:52:36","guid":{"rendered":"http:\/\/www.notibras.com\/site\/?p=68447"},"modified":"2015-09-18T11:53:29","modified_gmt":"2015-09-18T14:53:29","slug":"ibge-indica-reducao-de-64-de-empregos-maior-indice-dos-ultimos-seis-anos","status":"publish","type":"post","link":"https:\/\/www.notibras.com\/site\/ibge-indica-reducao-de-64-de-empregos-maior-indice-dos-ultimos-seis-anos\/","title":{"rendered":"IBGE indica uma redu\u00e7\u00e3o de 6,4% de empregos, maior \u00edndice dos \u00faltimos seis anos"},"content":{"rendered":"<p>A ind\u00fastria brasileira perdeu 0,7% de seus postos de trabalho de junho para julho deste ano, segundo a Pesquisa Industrial Mensal de Emprego e Sal\u00e1rio (Pimes), divulgada hoje (18) pelo Instituto Brasileiro de Geografia e Estat\u00edstica (IBGE).<\/p>\n<p>O total de pessoal ocupado na ind\u00fastria em julho deste ano \u00e9 6,4% inferior ao total de julho de 2014. Essa \u00e9 a 46\u00aa queda consecutiva neste tipo de compara\u00e7\u00e3o e a mais intensa desde julho de 2009, quando atingiu -6,7%. O emprego na ind\u00fastria tem quedas acumuladas de 5,4% no ano e de 4,9% no per\u00edodo de 12 meses.<\/p>\n<p>A queda de 6,4% na compara\u00e7\u00e3o com julho de 2014 pode ser explicada por perdas de postos de trabalho em 17 dos 18 setores pesquisados pelo IBGE, com destaque para meios de transporte (-11,9%), m\u00e1quinas e aparelhos eletroeletr\u00f4nicos e de comunica\u00e7\u00f5es (-15,1%), m\u00e1quinas e equipamentos (-9,1%), produtos de metal (-10,7%) e alimentos e bebidas (-2,8%).<\/p>\n<p>O IBGE tamb\u00e9m registrou resultados negativos em todos os tipos de compara\u00e7\u00e3o temporal, em outros dois indicadores: o n\u00famero de horas pagas e a folha de pagamento real. O n\u00famero de horas pagas caiu 1,2% na compara\u00e7\u00e3o com junho deste ano, 7,2% em rela\u00e7\u00e3o a julho de 2014, 6% no acumulado do ano e 5,5% no acumulado de 12 meses.<\/p>\n<p>J\u00e1 a folha de pagamento real recuou 1,8% na compara\u00e7\u00e3o com junho deste ano, 7% em rela\u00e7\u00e3o a julho de 2014, 6,3% no acumulado do ano e 5% no acumulado de 12 meses.<\/p>\n<p><strong>Vitor Abdala \u2013 ABr<\/strong><\/p>\n","protected":false},"excerpt":{"rendered":"<p>A ind\u00fastria brasileira perdeu 0,7% de seus postos de trabalho de junho para julho deste ano, segundo a Pesquisa Industrial Mensal de Emprego e Sal\u00e1rio (Pimes), divulgada hoje (18) pelo Instituto Brasileiro de Geografia e Estat\u00edstica (IBGE). O total de pessoal ocupado na ind\u00fastria em julho deste ano \u00e9 6,4% inferior ao total de julho [&hellip;]<\/p>\n","protected":false},"author":2,"featured_media":68448,"comment_status":"open","ping_status":"closed","sticky":false,"template":"","format":"standard","meta":{"_acf_changed":false,"footnotes":""},"categories":[16],"tags":[],"class_list":["post-68447","post","type-post","status-publish","format-standard","has-post-thumbnail","hentry","category-brasil"],"acf":[],"yoast_head":"<!-- This site is optimized with the Yoast SEO plugin v27.2 - https:\/\/yoast.com\/product\/yoast-seo-wordpress\/ -->\n<title>IBGE indica uma redu\u00e7\u00e3o de 6,4% de empregos, maior \u00edndice dos \u00faltimos seis anos - Notibras<\/title>\n<meta name=\"robots\" content=\"index, follow, max-snippet:-1, max-image-preview:large, max-video-preview:-1\" \/>\n<link rel=\"canonical\" href=\"https:\/\/www.notibras.com\/site\/ibge-indica-reducao-de-64-de-empregos-maior-indice-dos-ultimos-seis-anos\/\" \/>\n<meta property=\"og:locale\" content=\"pt_BR\" \/>\n<meta property=\"og:type\" content=\"article\" \/>\n<meta property=\"og:title\" content=\"IBGE indica uma redu\u00e7\u00e3o de 6,4% de empregos, maior \u00edndice dos \u00faltimos seis anos - Notibras\" \/>\n<meta property=\"og:description\" content=\"A ind\u00fastria brasileira perdeu 0,7% de seus postos de trabalho de junho para julho deste ano, segundo a Pesquisa Industrial Mensal de Emprego e Sal\u00e1rio (Pimes), divulgada hoje (18) pelo Instituto Brasileiro de Geografia e Estat\u00edstica (IBGE). O total de pessoal ocupado na ind\u00fastria em julho deste ano \u00e9 6,4% inferior ao total de julho [&hellip;]\" \/>\n<meta property=\"og:url\" content=\"https:\/\/www.notibras.com\/site\/ibge-indica-reducao-de-64-de-empregos-maior-indice-dos-ultimos-seis-anos\/\" \/>\n<meta property=\"og:site_name\" content=\"Notibras\" \/>\n<meta property=\"article:publisher\" content=\"https:\/\/www.facebook.com\/notibras\/\" \/>\n<meta property=\"article:published_time\" content=\"2015-09-18T14:52:36+00:00\" \/>\n<meta property=\"article:modified_time\" content=\"2015-09-18T14:53:29+00:00\" \/>\n<meta property=\"og:image\" content=\"https:\/\/www.notibras.com\/site\/wp-content\/uploads\/2015\/09\/desemprego-1.jpg\" \/>\n\t<meta property=\"og:image:width\" content=\"800\" \/>\n\t<meta property=\"og:image:height\" content=\"580\" \/>\n\t<meta property=\"og:image:type\" content=\"image\/jpeg\" \/>\n<meta name=\"author\" content=\"Reda\u00e7\u00e3o\" \/>\n<meta name=\"twitter:card\" content=\"summary_large_image\" \/>\n<meta name=\"twitter:creator\" content=\"@Notibras\" \/>\n<meta name=\"twitter:site\" content=\"@Notibras\" \/>\n<meta name=\"twitter:label1\" content=\"Escrito por\" \/>\n\t<meta name=\"twitter:data1\" content=\"Reda\u00e7\u00e3o\" \/>\n\t<meta name=\"twitter:label2\" content=\"Est. tempo de leitura\" \/>\n\t<meta name=\"twitter:data2\" content=\"1 minuto\" \/>\n<script type=\"application\/ld+json\" class=\"yoast-schema-graph\">{\"@context\":\"https:\/\/schema.org\",\"@graph\":[{\"@type\":\"Article\",\"@id\":\"https:\/\/www.notibras.com\/site\/ibge-indica-reducao-de-64-de-empregos-maior-indice-dos-ultimos-seis-anos\/#article\",\"isPartOf\":{\"@id\":\"https:\/\/www.notibras.com\/site\/ibge-indica-reducao-de-64-de-empregos-maior-indice-dos-ultimos-seis-anos\/\"},\"author\":{\"name\":\"Reda\u00e7\u00e3o\",\"@id\":\"https:\/\/www.notibras.com\/site\/#\/schema\/person\/36ab0979449956132d3e5b517ea76ac8\"},\"headline\":\"IBGE indica uma redu\u00e7\u00e3o de 6,4% de empregos, maior \u00edndice dos \u00faltimos seis anos\",\"datePublished\":\"2015-09-18T14:52:36+00:00\",\"dateModified\":\"2015-09-18T14:53:29+00:00\",\"mainEntityOfPage\":{\"@id\":\"https:\/\/www.notibras.com\/site\/ibge-indica-reducao-de-64-de-empregos-maior-indice-dos-ultimos-seis-anos\/\"},\"wordCount\":255,\"commentCount\":0,\"publisher\":{\"@id\":\"https:\/\/www.notibras.com\/site\/#organization\"},\"image\":{\"@id\":\"https:\/\/www.notibras.com\/site\/ibge-indica-reducao-de-64-de-empregos-maior-indice-dos-ultimos-seis-anos\/#primaryimage\"},\"thumbnailUrl\":\"https:\/\/www.notibras.com\/site\/wp-content\/uploads\/2015\/09\/desemprego-1.jpg\",\"articleSection\":[\"Brasil\"],\"inLanguage\":\"pt-BR\",\"potentialAction\":[{\"@type\":\"CommentAction\",\"name\":\"Comment\",\"target\":[\"https:\/\/www.notibras.com\/site\/ibge-indica-reducao-de-64-de-empregos-maior-indice-dos-ultimos-seis-anos\/#respond\"]}]},{\"@type\":\"WebPage\",\"@id\":\"https:\/\/www.notibras.com\/site\/ibge-indica-reducao-de-64-de-empregos-maior-indice-dos-ultimos-seis-anos\/\",\"url\":\"https:\/\/www.notibras.com\/site\/ibge-indica-reducao-de-64-de-empregos-maior-indice-dos-ultimos-seis-anos\/\",\"name\":\"IBGE indica uma redu\u00e7\u00e3o de 6,4% de empregos, maior \u00edndice dos \u00faltimos seis anos - Notibras\",\"isPartOf\":{\"@id\":\"https:\/\/www.notibras.com\/site\/#website\"},\"primaryImageOfPage\":{\"@id\":\"https:\/\/www.notibras.com\/site\/ibge-indica-reducao-de-64-de-empregos-maior-indice-dos-ultimos-seis-anos\/#primaryimage\"},\"image\":{\"@id\":\"https:\/\/www.notibras.com\/site\/ibge-indica-reducao-de-64-de-empregos-maior-indice-dos-ultimos-seis-anos\/#primaryimage\"},\"thumbnailUrl\":\"https:\/\/www.notibras.com\/site\/wp-content\/uploads\/2015\/09\/desemprego-1.jpg\",\"datePublished\":\"2015-09-18T14:52:36+00:00\",\"dateModified\":\"2015-09-18T14:53:29+00:00\",\"breadcrumb\":{\"@id\":\"https:\/\/www.notibras.com\/site\/ibge-indica-reducao-de-64-de-empregos-maior-indice-dos-ultimos-seis-anos\/#breadcrumb\"},\"inLanguage\":\"pt-BR\",\"potentialAction\":[{\"@type\":\"ReadAction\",\"target\":[\"https:\/\/www.notibras.com\/site\/ibge-indica-reducao-de-64-de-empregos-maior-indice-dos-ultimos-seis-anos\/\"]}]},{\"@type\":\"ImageObject\",\"inLanguage\":\"pt-BR\",\"@id\":\"https:\/\/www.notibras.com\/site\/ibge-indica-reducao-de-64-de-empregos-maior-indice-dos-ultimos-seis-anos\/#primaryimage\",\"url\":\"https:\/\/www.notibras.com\/site\/wp-content\/uploads\/2015\/09\/desemprego-1.jpg\",\"contentUrl\":\"https:\/\/www.notibras.com\/site\/wp-content\/uploads\/2015\/09\/desemprego-1.jpg\",\"width\":800,\"height\":580},{\"@type\":\"BreadcrumbList\",\"@id\":\"https:\/\/www.notibras.com\/site\/ibge-indica-reducao-de-64-de-empregos-maior-indice-dos-ultimos-seis-anos\/#breadcrumb\",\"itemListElement\":[{\"@type\":\"ListItem\",\"position\":1,\"name\":\"In\u00edcio\",\"item\":\"https:\/\/www.notibras.com\/site\/\"},{\"@type\":\"ListItem\",\"position\":2,\"name\":\"IBGE indica uma redu\u00e7\u00e3o de 6,4% de empregos, maior \u00edndice dos \u00faltimos seis anos\"}]},{\"@type\":\"WebSite\",\"@id\":\"https:\/\/www.notibras.com\/site\/#website\",\"url\":\"https:\/\/www.notibras.com\/site\/\",\"name\":\"Notibras\",\"description\":\"Not\u00edcias de Bras\u00edlia, do Brasil e do Mundo\",\"publisher\":{\"@id\":\"https:\/\/www.notibras.com\/site\/#organization\"},\"potentialAction\":[{\"@type\":\"SearchAction\",\"target\":{\"@type\":\"EntryPoint\",\"urlTemplate\":\"https:\/\/www.notibras.com\/site\/?s={search_term_string}\"},\"query-input\":{\"@type\":\"PropertyValueSpecification\",\"valueRequired\":true,\"valueName\":\"search_term_string\"}}],\"inLanguage\":\"pt-BR\"},{\"@type\":\"Organization\",\"@id\":\"https:\/\/www.notibras.com\/site\/#organization\",\"name\":\"Grupo Notibras de Comunica\u00e7\u00e3o\",\"url\":\"https:\/\/www.notibras.com\/site\/\",\"logo\":{\"@type\":\"ImageObject\",\"inLanguage\":\"pt-BR\",\"@id\":\"https:\/\/www.notibras.com\/site\/#\/schema\/logo\/image\/\",\"url\":\"https:\/\/www.notibras.com\/site\/wp-content\/uploads\/2023\/01\/notibras23.png\",\"contentUrl\":\"https:\/\/www.notibras.com\/site\/wp-content\/uploads\/2023\/01\/notibras23.png\",\"width\":350,\"height\":87,\"caption\":\"Grupo Notibras de Comunica\u00e7\u00e3o\"},\"image\":{\"@id\":\"https:\/\/www.notibras.com\/site\/#\/schema\/logo\/image\/\"},\"sameAs\":[\"https:\/\/www.facebook.com\/notibras\/\",\"https:\/\/x.com\/Notibras\",\"https:\/\/www.instagram.com\/notibras\/\"]},{\"@type\":\"Person\",\"@id\":\"https:\/\/www.notibras.com\/site\/#\/schema\/person\/36ab0979449956132d3e5b517ea76ac8\",\"name\":\"Reda\u00e7\u00e3o\",\"image\":{\"@type\":\"ImageObject\",\"inLanguage\":\"pt-BR\",\"@id\":\"https:\/\/secure.gravatar.com\/avatar\/e0a867bdedb85fd243eadf09663511f96fc81e0720a4a42581f334ad4303aa6b?s=96&d=mm&r=g\",\"url\":\"https:\/\/secure.gravatar.com\/avatar\/e0a867bdedb85fd243eadf09663511f96fc81e0720a4a42581f334ad4303aa6b?s=96&d=mm&r=g\",\"contentUrl\":\"https:\/\/secure.gravatar.com\/avatar\/e0a867bdedb85fd243eadf09663511f96fc81e0720a4a42581f334ad4303aa6b?s=96&d=mm&r=g\",\"caption\":\"Reda\u00e7\u00e3o\"}}]}<\/script>\n<!-- \/ Yoast SEO plugin. -->","yoast_head_json":{"title":"IBGE indica uma redu\u00e7\u00e3o de 6,4% de empregos, maior \u00edndice dos \u00faltimos seis anos - Notibras","robots":{"index":"index","follow":"follow","max-snippet":"max-snippet:-1","max-image-preview":"max-image-preview:large","max-video-preview":"max-video-preview:-1"},"canonical":"https:\/\/www.notibras.com\/site\/ibge-indica-reducao-de-64-de-empregos-maior-indice-dos-ultimos-seis-anos\/","og_locale":"pt_BR","og_type":"article","og_title":"IBGE indica uma redu\u00e7\u00e3o de 6,4% de empregos, maior \u00edndice dos \u00faltimos seis anos - Notibras","og_description":"A ind\u00fastria brasileira perdeu 0,7% de seus postos de trabalho de junho para julho deste ano, segundo a Pesquisa Industrial Mensal de Emprego e Sal\u00e1rio (Pimes), divulgada hoje (18) pelo Instituto Brasileiro de Geografia e Estat\u00edstica (IBGE). O total de pessoal ocupado na ind\u00fastria em julho deste ano \u00e9 6,4% inferior ao total de julho [&hellip;]","og_url":"https:\/\/www.notibras.com\/site\/ibge-indica-reducao-de-64-de-empregos-maior-indice-dos-ultimos-seis-anos\/","og_site_name":"Notibras","article_publisher":"https:\/\/www.facebook.com\/notibras\/","article_published_time":"2015-09-18T14:52:36+00:00","article_modified_time":"2015-09-18T14:53:29+00:00","og_image":[{"width":800,"height":580,"url":"https:\/\/www.notibras.com\/site\/wp-content\/uploads\/2015\/09\/desemprego-1.jpg","type":"image\/jpeg"}],"author":"Reda\u00e7\u00e3o","twitter_card":"summary_large_image","twitter_creator":"@Notibras","twitter_site":"@Notibras","twitter_misc":{"Escrito por":"Reda\u00e7\u00e3o","Est. tempo de leitura":"1 minuto"},"schema":{"@context":"https:\/\/schema.org","@graph":[{"@type":"Article","@id":"https:\/\/www.notibras.com\/site\/ibge-indica-reducao-de-64-de-empregos-maior-indice-dos-ultimos-seis-anos\/#article","isPartOf":{"@id":"https:\/\/www.notibras.com\/site\/ibge-indica-reducao-de-64-de-empregos-maior-indice-dos-ultimos-seis-anos\/"},"author":{"name":"Reda\u00e7\u00e3o","@id":"https:\/\/www.notibras.com\/site\/#\/schema\/person\/36ab0979449956132d3e5b517ea76ac8"},"headline":"IBGE indica uma redu\u00e7\u00e3o de 6,4% de empregos, maior \u00edndice dos \u00faltimos seis anos","datePublished":"2015-09-18T14:52:36+00:00","dateModified":"2015-09-18T14:53:29+00:00","mainEntityOfPage":{"@id":"https:\/\/www.notibras.com\/site\/ibge-indica-reducao-de-64-de-empregos-maior-indice-dos-ultimos-seis-anos\/"},"wordCount":255,"commentCount":0,"publisher":{"@id":"https:\/\/www.notibras.com\/site\/#organization"},"image":{"@id":"https:\/\/www.notibras.com\/site\/ibge-indica-reducao-de-64-de-empregos-maior-indice-dos-ultimos-seis-anos\/#primaryimage"},"thumbnailUrl":"https:\/\/www.notibras.com\/site\/wp-content\/uploads\/2015\/09\/desemprego-1.jpg","articleSection":["Brasil"],"inLanguage":"pt-BR","potentialAction":[{"@type":"CommentAction","name":"Comment","target":["https:\/\/www.notibras.com\/site\/ibge-indica-reducao-de-64-de-empregos-maior-indice-dos-ultimos-seis-anos\/#respond"]}]},{"@type":"WebPage","@id":"https:\/\/www.notibras.com\/site\/ibge-indica-reducao-de-64-de-empregos-maior-indice-dos-ultimos-seis-anos\/","url":"https:\/\/www.notibras.com\/site\/ibge-indica-reducao-de-64-de-empregos-maior-indice-dos-ultimos-seis-anos\/","name":"IBGE indica uma redu\u00e7\u00e3o de 6,4% de empregos, maior \u00edndice dos \u00faltimos seis anos - Notibras","isPartOf":{"@id":"https:\/\/www.notibras.com\/site\/#website"},"primaryImageOfPage":{"@id":"https:\/\/www.notibras.com\/site\/ibge-indica-reducao-de-64-de-empregos-maior-indice-dos-ultimos-seis-anos\/#primaryimage"},"image":{"@id":"https:\/\/www.notibras.com\/site\/ibge-indica-reducao-de-64-de-empregos-maior-indice-dos-ultimos-seis-anos\/#primaryimage"},"thumbnailUrl":"https:\/\/www.notibras.com\/site\/wp-content\/uploads\/2015\/09\/desemprego-1.jpg","datePublished":"2015-09-18T14:52:36+00:00","dateModified":"2015-09-18T14:53:29+00:00","breadcrumb":{"@id":"https:\/\/www.notibras.com\/site\/ibge-indica-reducao-de-64-de-empregos-maior-indice-dos-ultimos-seis-anos\/#breadcrumb"},"inLanguage":"pt-BR","potentialAction":[{"@type":"ReadAction","target":["https:\/\/www.notibras.com\/site\/ibge-indica-reducao-de-64-de-empregos-maior-indice-dos-ultimos-seis-anos\/"]}]},{"@type":"ImageObject","inLanguage":"pt-BR","@id":"https:\/\/www.notibras.com\/site\/ibge-indica-reducao-de-64-de-empregos-maior-indice-dos-ultimos-seis-anos\/#primaryimage","url":"https:\/\/www.notibras.com\/site\/wp-content\/uploads\/2015\/09\/desemprego-1.jpg","contentUrl":"https:\/\/www.notibras.com\/site\/wp-content\/uploads\/2015\/09\/desemprego-1.jpg","width":800,"height":580},{"@type":"BreadcrumbList","@id":"https:\/\/www.notibras.com\/site\/ibge-indica-reducao-de-64-de-empregos-maior-indice-dos-ultimos-seis-anos\/#breadcrumb","itemListElement":[{"@type":"ListItem","position":1,"name":"In\u00edcio","item":"https:\/\/www.notibras.com\/site\/"},{"@type":"ListItem","position":2,"name":"IBGE indica uma redu\u00e7\u00e3o de 6,4% de empregos, maior \u00edndice dos \u00faltimos seis anos"}]},{"@type":"WebSite","@id":"https:\/\/www.notibras.com\/site\/#website","url":"https:\/\/www.notibras.com\/site\/","name":"Notibras","description":"Not\u00edcias de Bras\u00edlia, do Brasil e do Mundo","publisher":{"@id":"https:\/\/www.notibras.com\/site\/#organization"},"potentialAction":[{"@type":"SearchAction","target":{"@type":"EntryPoint","urlTemplate":"https:\/\/www.notibras.com\/site\/?s={search_term_string}"},"query-input":{"@type":"PropertyValueSpecification","valueRequired":true,"valueName":"search_term_string"}}],"inLanguage":"pt-BR"},{"@type":"Organization","@id":"https:\/\/www.notibras.com\/site\/#organization","name":"Grupo Notibras de Comunica\u00e7\u00e3o","url":"https:\/\/www.notibras.com\/site\/","logo":{"@type":"ImageObject","inLanguage":"pt-BR","@id":"https:\/\/www.notibras.com\/site\/#\/schema\/logo\/image\/","url":"https:\/\/www.notibras.com\/site\/wp-content\/uploads\/2023\/01\/notibras23.png","contentUrl":"https:\/\/www.notibras.com\/site\/wp-content\/uploads\/2023\/01\/notibras23.png","width":350,"height":87,"caption":"Grupo Notibras de Comunica\u00e7\u00e3o"},"image":{"@id":"https:\/\/www.notibras.com\/site\/#\/schema\/logo\/image\/"},"sameAs":["https:\/\/www.facebook.com\/notibras\/","https:\/\/x.com\/Notibras","https:\/\/www.instagram.com\/notibras\/"]},{"@type":"Person","@id":"https:\/\/www.notibras.com\/site\/#\/schema\/person\/36ab0979449956132d3e5b517ea76ac8","name":"Reda\u00e7\u00e3o","image":{"@type":"ImageObject","inLanguage":"pt-BR","@id":"https:\/\/secure.gravatar.com\/avatar\/e0a867bdedb85fd243eadf09663511f96fc81e0720a4a42581f334ad4303aa6b?s=96&d=mm&r=g","url":"https:\/\/secure.gravatar.com\/avatar\/e0a867bdedb85fd243eadf09663511f96fc81e0720a4a42581f334ad4303aa6b?s=96&d=mm&r=g","contentUrl":"https:\/\/secure.gravatar.com\/avatar\/e0a867bdedb85fd243eadf09663511f96fc81e0720a4a42581f334ad4303aa6b?s=96&d=mm&r=g","caption":"Reda\u00e7\u00e3o"}}]}},"amp_enabled":true,"_links":{"self":[{"href":"https:\/\/www.notibras.com\/site\/wp-json\/wp\/v2\/posts\/68447","targetHints":{"allow":["GET"]}}],"collection":[{"href":"https:\/\/www.notibras.com\/site\/wp-json\/wp\/v2\/posts"}],"about":[{"href":"https:\/\/www.notibras.com\/site\/wp-json\/wp\/v2\/types\/post"}],"author":[{"embeddable":true,"href":"https:\/\/www.notibras.com\/site\/wp-json\/wp\/v2\/users\/2"}],"replies":[{"embeddable":true,"href":"https:\/\/www.notibras.com\/site\/wp-json\/wp\/v2\/comments?post=68447"}],"version-history":[{"count":2,"href":"https:\/\/www.notibras.com\/site\/wp-json\/wp\/v2\/posts\/68447\/revisions"}],"predecessor-version":[{"id":68450,"href":"https:\/\/www.notibras.com\/site\/wp-json\/wp\/v2\/posts\/68447\/revisions\/68450"}],"wp:featuredmedia":[{"embeddable":true,"href":"https:\/\/www.notibras.com\/site\/wp-json\/wp\/v2\/media\/68448"}],"wp:attachment":[{"href":"https:\/\/www.notibras.com\/site\/wp-json\/wp\/v2\/media?parent=68447"}],"wp:term":[{"taxonomy":"category","embeddable":true,"href":"https:\/\/www.notibras.com\/site\/wp-json\/wp\/v2\/categories?post=68447"},{"taxonomy":"post_tag","embeddable":true,"href":"https:\/\/www.notibras.com\/site\/wp-json\/wp\/v2\/tags?post=68447"}],"curies":[{"name":"wp","href":"https:\/\/api.w.org\/{rel}","templated":true}]}}