{"id":68456,"date":"2015-09-18T12:15:38","date_gmt":"2015-09-18T15:15:38","guid":{"rendered":"http:\/\/www.notibras.com\/site\/?p=68456"},"modified":"2015-09-18T18:48:58","modified_gmt":"2015-09-18T21:48:58","slug":"tempestade-de-granizo-danifica-1-mil-casas-no-rio-grande-do-sul","status":"publish","type":"post","link":"https:\/\/www.notibras.com\/site\/tempestade-de-granizo-danifica-1-mil-casas-no-rio-grande-do-sul\/","title":{"rendered":"Tempestade de granizo danifica mais de 1 mil casas na regi\u00e3o de Porto Alegre"},"content":{"rendered":"<p>Tempestades onde os pingos de \u00e1gua foram substitu\u00eddos por granizo danificaram mais de mil casas ao longo da madrugada e manh\u00e3 desta sexta-feira, 18, na regi\u00e3o do\u00a0Vale do Rio dos Sinos, pr\u00f3xima a\u00a0Porto Alegre.<\/p>\n<p>Segundo a Defesa Civil, o n\u00famero de fam\u00edlias pode aumentar quando forem contabilizados os estragos em regi\u00f5es de dif\u00edcil acesso.<\/p>\n<p>Segundo a MetSul, houve ocorr\u00eancia de granizo de maior ou menor intensidade em 138 cidades ga\u00fachas entre a \u00faltima quarta-feira e a manh\u00e3 desta sexta-feira.<\/p>\n<p>O bairro Santo Afonso, em Novo Hamburgo, teve 80% das resid\u00eancias atingidas pela tempestade, que iniciou por volta das 21h e se estendeu at\u00e9 perto da meia-noite. Outras regi\u00f5es com registro de preju\u00edzo foram os bairros Industrial, Liberdade e Lomba Grande.<\/p>\n<p>De acordo com o coordenador da Defesa Civil do Munic\u00edpio, Edson Monte Blanco, mais de 800 casas j\u00e1 haviam sido atendidas desde a madrugada desta sexta-feira e cem ainda aguardavam a chegada das equipes de socorro.<\/p>\n","protected":false},"excerpt":{"rendered":"<p>Tempestades onde os pingos de \u00e1gua foram substitu\u00eddos por granizo danificaram mais de mil casas ao longo da madrugada e manh\u00e3 desta sexta-feira, 18, na regi\u00e3o do\u00a0Vale do Rio dos Sinos, pr\u00f3xima a\u00a0Porto Alegre. Segundo a Defesa Civil, o n\u00famero de fam\u00edlias pode aumentar quando forem contabilizados os estragos em regi\u00f5es de dif\u00edcil acesso. Segundo [&hellip;]<\/p>\n","protected":false},"author":2,"featured_media":68457,"comment_status":"open","ping_status":"closed","sticky":false,"template":"","format":"standard","meta":{"_acf_changed":false,"footnotes":""},"categories":[16],"tags":[],"class_list":["post-68456","post","type-post","status-publish","format-standard","has-post-thumbnail","hentry","category-brasil"],"acf":[],"yoast_head":"<!-- This site is optimized with the Yoast SEO plugin v27.2 - https:\/\/yoast.com\/product\/yoast-seo-wordpress\/ -->\n<title>Tempestade de granizo danifica mais de 1 mil casas na regi\u00e3o de Porto Alegre - Notibras<\/title>\n<meta name=\"robots\" content=\"index, follow, max-snippet:-1, max-image-preview:large, max-video-preview:-1\" \/>\n<link rel=\"canonical\" href=\"https:\/\/www.notibras.com\/site\/tempestade-de-granizo-danifica-1-mil-casas-no-rio-grande-do-sul\/\" \/>\n<meta property=\"og:locale\" content=\"pt_BR\" \/>\n<meta property=\"og:type\" content=\"article\" \/>\n<meta property=\"og:title\" content=\"Tempestade de granizo danifica mais de 1 mil casas na regi\u00e3o de Porto Alegre - Notibras\" \/>\n<meta property=\"og:description\" content=\"Tempestades onde os pingos de \u00e1gua foram substitu\u00eddos por granizo danificaram mais de mil casas ao longo da madrugada e manh\u00e3 desta sexta-feira, 18, na regi\u00e3o do\u00a0Vale do Rio dos Sinos, pr\u00f3xima a\u00a0Porto Alegre. Segundo a Defesa Civil, o n\u00famero de fam\u00edlias pode aumentar quando forem contabilizados os estragos em regi\u00f5es de dif\u00edcil acesso. Segundo [&hellip;]\" \/>\n<meta property=\"og:url\" content=\"https:\/\/www.notibras.com\/site\/tempestade-de-granizo-danifica-1-mil-casas-no-rio-grande-do-sul\/\" \/>\n<meta property=\"og:site_name\" content=\"Notibras\" \/>\n<meta property=\"article:publisher\" content=\"https:\/\/www.facebook.com\/notibras\/\" \/>\n<meta property=\"article:published_time\" content=\"2015-09-18T15:15:38+00:00\" \/>\n<meta property=\"article:modified_time\" content=\"2015-09-18T21:48:58+00:00\" \/>\n<meta property=\"og:image\" content=\"https:\/\/www.notibras.com\/site\/wp-content\/uploads\/2015\/09\/14036986.jpg\" \/>\n\t<meta property=\"og:image:width\" content=\"800\" \/>\n\t<meta property=\"og:image:height\" content=\"532\" \/>\n\t<meta property=\"og:image:type\" content=\"image\/jpeg\" \/>\n<meta name=\"author\" content=\"Reda\u00e7\u00e3o\" \/>\n<meta name=\"twitter:card\" content=\"summary_large_image\" \/>\n<meta name=\"twitter:creator\" content=\"@Notibras\" \/>\n<meta name=\"twitter:site\" content=\"@Notibras\" \/>\n<meta name=\"twitter:label1\" content=\"Escrito por\" \/>\n\t<meta name=\"twitter:data1\" content=\"Reda\u00e7\u00e3o\" \/>\n\t<meta name=\"twitter:label2\" content=\"Est. tempo de leitura\" \/>\n\t<meta name=\"twitter:data2\" content=\"1 minuto\" \/>\n<script type=\"application\/ld+json\" class=\"yoast-schema-graph\">{\"@context\":\"https:\/\/schema.org\",\"@graph\":[{\"@type\":\"Article\",\"@id\":\"https:\/\/www.notibras.com\/site\/tempestade-de-granizo-danifica-1-mil-casas-no-rio-grande-do-sul\/#article\",\"isPartOf\":{\"@id\":\"https:\/\/www.notibras.com\/site\/tempestade-de-granizo-danifica-1-mil-casas-no-rio-grande-do-sul\/\"},\"author\":{\"name\":\"Reda\u00e7\u00e3o\",\"@id\":\"https:\/\/www.notibras.com\/site\/#\/schema\/person\/36ab0979449956132d3e5b517ea76ac8\"},\"headline\":\"Tempestade de granizo danifica mais de 1 mil casas na regi\u00e3o de Porto Alegre\",\"datePublished\":\"2015-09-18T15:15:38+00:00\",\"dateModified\":\"2015-09-18T21:48:58+00:00\",\"mainEntityOfPage\":{\"@id\":\"https:\/\/www.notibras.com\/site\/tempestade-de-granizo-danifica-1-mil-casas-no-rio-grande-do-sul\/\"},\"wordCount\":181,\"commentCount\":0,\"publisher\":{\"@id\":\"https:\/\/www.notibras.com\/site\/#organization\"},\"image\":{\"@id\":\"https:\/\/www.notibras.com\/site\/tempestade-de-granizo-danifica-1-mil-casas-no-rio-grande-do-sul\/#primaryimage\"},\"thumbnailUrl\":\"https:\/\/www.notibras.com\/site\/wp-content\/uploads\/2015\/09\/14036986.jpg\",\"articleSection\":[\"Brasil\"],\"inLanguage\":\"pt-BR\",\"potentialAction\":[{\"@type\":\"CommentAction\",\"name\":\"Comment\",\"target\":[\"https:\/\/www.notibras.com\/site\/tempestade-de-granizo-danifica-1-mil-casas-no-rio-grande-do-sul\/#respond\"]}]},{\"@type\":\"WebPage\",\"@id\":\"https:\/\/www.notibras.com\/site\/tempestade-de-granizo-danifica-1-mil-casas-no-rio-grande-do-sul\/\",\"url\":\"https:\/\/www.notibras.com\/site\/tempestade-de-granizo-danifica-1-mil-casas-no-rio-grande-do-sul\/\",\"name\":\"Tempestade de granizo danifica mais de 1 mil casas na regi\u00e3o de Porto Alegre - Notibras\",\"isPartOf\":{\"@id\":\"https:\/\/www.notibras.com\/site\/#website\"},\"primaryImageOfPage\":{\"@id\":\"https:\/\/www.notibras.com\/site\/tempestade-de-granizo-danifica-1-mil-casas-no-rio-grande-do-sul\/#primaryimage\"},\"image\":{\"@id\":\"https:\/\/www.notibras.com\/site\/tempestade-de-granizo-danifica-1-mil-casas-no-rio-grande-do-sul\/#primaryimage\"},\"thumbnailUrl\":\"https:\/\/www.notibras.com\/site\/wp-content\/uploads\/2015\/09\/14036986.jpg\",\"datePublished\":\"2015-09-18T15:15:38+00:00\",\"dateModified\":\"2015-09-18T21:48:58+00:00\",\"breadcrumb\":{\"@id\":\"https:\/\/www.notibras.com\/site\/tempestade-de-granizo-danifica-1-mil-casas-no-rio-grande-do-sul\/#breadcrumb\"},\"inLanguage\":\"pt-BR\",\"potentialAction\":[{\"@type\":\"ReadAction\",\"target\":[\"https:\/\/www.notibras.com\/site\/tempestade-de-granizo-danifica-1-mil-casas-no-rio-grande-do-sul\/\"]}]},{\"@type\":\"ImageObject\",\"inLanguage\":\"pt-BR\",\"@id\":\"https:\/\/www.notibras.com\/site\/tempestade-de-granizo-danifica-1-mil-casas-no-rio-grande-do-sul\/#primaryimage\",\"url\":\"https:\/\/www.notibras.com\/site\/wp-content\/uploads\/2015\/09\/14036986.jpg\",\"contentUrl\":\"https:\/\/www.notibras.com\/site\/wp-content\/uploads\/2015\/09\/14036986.jpg\",\"width\":800,\"height\":532},{\"@type\":\"BreadcrumbList\",\"@id\":\"https:\/\/www.notibras.com\/site\/tempestade-de-granizo-danifica-1-mil-casas-no-rio-grande-do-sul\/#breadcrumb\",\"itemListElement\":[{\"@type\":\"ListItem\",\"position\":1,\"name\":\"In\u00edcio\",\"item\":\"https:\/\/www.notibras.com\/site\/\"},{\"@type\":\"ListItem\",\"position\":2,\"name\":\"Tempestade de granizo danifica mais de 1 mil casas na regi\u00e3o de Porto Alegre\"}]},{\"@type\":\"WebSite\",\"@id\":\"https:\/\/www.notibras.com\/site\/#website\",\"url\":\"https:\/\/www.notibras.com\/site\/\",\"name\":\"Notibras\",\"description\":\"Not\u00edcias de Bras\u00edlia, do Brasil e do Mundo\",\"publisher\":{\"@id\":\"https:\/\/www.notibras.com\/site\/#organization\"},\"potentialAction\":[{\"@type\":\"SearchAction\",\"target\":{\"@type\":\"EntryPoint\",\"urlTemplate\":\"https:\/\/www.notibras.com\/site\/?s={search_term_string}\"},\"query-input\":{\"@type\":\"PropertyValueSpecification\",\"valueRequired\":true,\"valueName\":\"search_term_string\"}}],\"inLanguage\":\"pt-BR\"},{\"@type\":\"Organization\",\"@id\":\"https:\/\/www.notibras.com\/site\/#organization\",\"name\":\"Grupo Notibras de Comunica\u00e7\u00e3o\",\"url\":\"https:\/\/www.notibras.com\/site\/\",\"logo\":{\"@type\":\"ImageObject\",\"inLanguage\":\"pt-BR\",\"@id\":\"https:\/\/www.notibras.com\/site\/#\/schema\/logo\/image\/\",\"url\":\"https:\/\/www.notibras.com\/site\/wp-content\/uploads\/2023\/01\/notibras23.png\",\"contentUrl\":\"https:\/\/www.notibras.com\/site\/wp-content\/uploads\/2023\/01\/notibras23.png\",\"width\":350,\"height\":87,\"caption\":\"Grupo Notibras de Comunica\u00e7\u00e3o\"},\"image\":{\"@id\":\"https:\/\/www.notibras.com\/site\/#\/schema\/logo\/image\/\"},\"sameAs\":[\"https:\/\/www.facebook.com\/notibras\/\",\"https:\/\/x.com\/Notibras\",\"https:\/\/www.instagram.com\/notibras\/\"]},{\"@type\":\"Person\",\"@id\":\"https:\/\/www.notibras.com\/site\/#\/schema\/person\/36ab0979449956132d3e5b517ea76ac8\",\"name\":\"Reda\u00e7\u00e3o\",\"image\":{\"@type\":\"ImageObject\",\"inLanguage\":\"pt-BR\",\"@id\":\"https:\/\/secure.gravatar.com\/avatar\/e0a867bdedb85fd243eadf09663511f96fc81e0720a4a42581f334ad4303aa6b?s=96&d=mm&r=g\",\"url\":\"https:\/\/secure.gravatar.com\/avatar\/e0a867bdedb85fd243eadf09663511f96fc81e0720a4a42581f334ad4303aa6b?s=96&d=mm&r=g\",\"contentUrl\":\"https:\/\/secure.gravatar.com\/avatar\/e0a867bdedb85fd243eadf09663511f96fc81e0720a4a42581f334ad4303aa6b?s=96&d=mm&r=g\",\"caption\":\"Reda\u00e7\u00e3o\"}}]}<\/script>\n<!-- \/ Yoast SEO plugin. -->","yoast_head_json":{"title":"Tempestade de granizo danifica mais de 1 mil casas na regi\u00e3o de Porto Alegre - Notibras","robots":{"index":"index","follow":"follow","max-snippet":"max-snippet:-1","max-image-preview":"max-image-preview:large","max-video-preview":"max-video-preview:-1"},"canonical":"https:\/\/www.notibras.com\/site\/tempestade-de-granizo-danifica-1-mil-casas-no-rio-grande-do-sul\/","og_locale":"pt_BR","og_type":"article","og_title":"Tempestade de granizo danifica mais de 1 mil casas na regi\u00e3o de Porto Alegre - Notibras","og_description":"Tempestades onde os pingos de \u00e1gua foram substitu\u00eddos por granizo danificaram mais de mil casas ao longo da madrugada e manh\u00e3 desta sexta-feira, 18, na regi\u00e3o do\u00a0Vale do Rio dos Sinos, pr\u00f3xima a\u00a0Porto Alegre. Segundo a Defesa Civil, o n\u00famero de fam\u00edlias pode aumentar quando forem contabilizados os estragos em regi\u00f5es de dif\u00edcil acesso. Segundo [&hellip;]","og_url":"https:\/\/www.notibras.com\/site\/tempestade-de-granizo-danifica-1-mil-casas-no-rio-grande-do-sul\/","og_site_name":"Notibras","article_publisher":"https:\/\/www.facebook.com\/notibras\/","article_published_time":"2015-09-18T15:15:38+00:00","article_modified_time":"2015-09-18T21:48:58+00:00","og_image":[{"width":800,"height":532,"url":"https:\/\/www.notibras.com\/site\/wp-content\/uploads\/2015\/09\/14036986.jpg","type":"image\/jpeg"}],"author":"Reda\u00e7\u00e3o","twitter_card":"summary_large_image","twitter_creator":"@Notibras","twitter_site":"@Notibras","twitter_misc":{"Escrito por":"Reda\u00e7\u00e3o","Est. tempo de leitura":"1 minuto"},"schema":{"@context":"https:\/\/schema.org","@graph":[{"@type":"Article","@id":"https:\/\/www.notibras.com\/site\/tempestade-de-granizo-danifica-1-mil-casas-no-rio-grande-do-sul\/#article","isPartOf":{"@id":"https:\/\/www.notibras.com\/site\/tempestade-de-granizo-danifica-1-mil-casas-no-rio-grande-do-sul\/"},"author":{"name":"Reda\u00e7\u00e3o","@id":"https:\/\/www.notibras.com\/site\/#\/schema\/person\/36ab0979449956132d3e5b517ea76ac8"},"headline":"Tempestade de granizo danifica mais de 1 mil casas na regi\u00e3o de Porto Alegre","datePublished":"2015-09-18T15:15:38+00:00","dateModified":"2015-09-18T21:48:58+00:00","mainEntityOfPage":{"@id":"https:\/\/www.notibras.com\/site\/tempestade-de-granizo-danifica-1-mil-casas-no-rio-grande-do-sul\/"},"wordCount":181,"commentCount":0,"publisher":{"@id":"https:\/\/www.notibras.com\/site\/#organization"},"image":{"@id":"https:\/\/www.notibras.com\/site\/tempestade-de-granizo-danifica-1-mil-casas-no-rio-grande-do-sul\/#primaryimage"},"thumbnailUrl":"https:\/\/www.notibras.com\/site\/wp-content\/uploads\/2015\/09\/14036986.jpg","articleSection":["Brasil"],"inLanguage":"pt-BR","potentialAction":[{"@type":"CommentAction","name":"Comment","target":["https:\/\/www.notibras.com\/site\/tempestade-de-granizo-danifica-1-mil-casas-no-rio-grande-do-sul\/#respond"]}]},{"@type":"WebPage","@id":"https:\/\/www.notibras.com\/site\/tempestade-de-granizo-danifica-1-mil-casas-no-rio-grande-do-sul\/","url":"https:\/\/www.notibras.com\/site\/tempestade-de-granizo-danifica-1-mil-casas-no-rio-grande-do-sul\/","name":"Tempestade de granizo danifica mais de 1 mil casas na regi\u00e3o de Porto Alegre - Notibras","isPartOf":{"@id":"https:\/\/www.notibras.com\/site\/#website"},"primaryImageOfPage":{"@id":"https:\/\/www.notibras.com\/site\/tempestade-de-granizo-danifica-1-mil-casas-no-rio-grande-do-sul\/#primaryimage"},"image":{"@id":"https:\/\/www.notibras.com\/site\/tempestade-de-granizo-danifica-1-mil-casas-no-rio-grande-do-sul\/#primaryimage"},"thumbnailUrl":"https:\/\/www.notibras.com\/site\/wp-content\/uploads\/2015\/09\/14036986.jpg","datePublished":"2015-09-18T15:15:38+00:00","dateModified":"2015-09-18T21:48:58+00:00","breadcrumb":{"@id":"https:\/\/www.notibras.com\/site\/tempestade-de-granizo-danifica-1-mil-casas-no-rio-grande-do-sul\/#breadcrumb"},"inLanguage":"pt-BR","potentialAction":[{"@type":"ReadAction","target":["https:\/\/www.notibras.com\/site\/tempestade-de-granizo-danifica-1-mil-casas-no-rio-grande-do-sul\/"]}]},{"@type":"ImageObject","inLanguage":"pt-BR","@id":"https:\/\/www.notibras.com\/site\/tempestade-de-granizo-danifica-1-mil-casas-no-rio-grande-do-sul\/#primaryimage","url":"https:\/\/www.notibras.com\/site\/wp-content\/uploads\/2015\/09\/14036986.jpg","contentUrl":"https:\/\/www.notibras.com\/site\/wp-content\/uploads\/2015\/09\/14036986.jpg","width":800,"height":532},{"@type":"BreadcrumbList","@id":"https:\/\/www.notibras.com\/site\/tempestade-de-granizo-danifica-1-mil-casas-no-rio-grande-do-sul\/#breadcrumb","itemListElement":[{"@type":"ListItem","position":1,"name":"In\u00edcio","item":"https:\/\/www.notibras.com\/site\/"},{"@type":"ListItem","position":2,"name":"Tempestade de granizo danifica mais de 1 mil casas na regi\u00e3o de Porto Alegre"}]},{"@type":"WebSite","@id":"https:\/\/www.notibras.com\/site\/#website","url":"https:\/\/www.notibras.com\/site\/","name":"Notibras","description":"Not\u00edcias de Bras\u00edlia, do Brasil e do Mundo","publisher":{"@id":"https:\/\/www.notibras.com\/site\/#organization"},"potentialAction":[{"@type":"SearchAction","target":{"@type":"EntryPoint","urlTemplate":"https:\/\/www.notibras.com\/site\/?s={search_term_string}"},"query-input":{"@type":"PropertyValueSpecification","valueRequired":true,"valueName":"search_term_string"}}],"inLanguage":"pt-BR"},{"@type":"Organization","@id":"https:\/\/www.notibras.com\/site\/#organization","name":"Grupo Notibras de Comunica\u00e7\u00e3o","url":"https:\/\/www.notibras.com\/site\/","logo":{"@type":"ImageObject","inLanguage":"pt-BR","@id":"https:\/\/www.notibras.com\/site\/#\/schema\/logo\/image\/","url":"https:\/\/www.notibras.com\/site\/wp-content\/uploads\/2023\/01\/notibras23.png","contentUrl":"https:\/\/www.notibras.com\/site\/wp-content\/uploads\/2023\/01\/notibras23.png","width":350,"height":87,"caption":"Grupo Notibras de Comunica\u00e7\u00e3o"},"image":{"@id":"https:\/\/www.notibras.com\/site\/#\/schema\/logo\/image\/"},"sameAs":["https:\/\/www.facebook.com\/notibras\/","https:\/\/x.com\/Notibras","https:\/\/www.instagram.com\/notibras\/"]},{"@type":"Person","@id":"https:\/\/www.notibras.com\/site\/#\/schema\/person\/36ab0979449956132d3e5b517ea76ac8","name":"Reda\u00e7\u00e3o","image":{"@type":"ImageObject","inLanguage":"pt-BR","@id":"https:\/\/secure.gravatar.com\/avatar\/e0a867bdedb85fd243eadf09663511f96fc81e0720a4a42581f334ad4303aa6b?s=96&d=mm&r=g","url":"https:\/\/secure.gravatar.com\/avatar\/e0a867bdedb85fd243eadf09663511f96fc81e0720a4a42581f334ad4303aa6b?s=96&d=mm&r=g","contentUrl":"https:\/\/secure.gravatar.com\/avatar\/e0a867bdedb85fd243eadf09663511f96fc81e0720a4a42581f334ad4303aa6b?s=96&d=mm&r=g","caption":"Reda\u00e7\u00e3o"}}]}},"amp_enabled":true,"_links":{"self":[{"href":"https:\/\/www.notibras.com\/site\/wp-json\/wp\/v2\/posts\/68456","targetHints":{"allow":["GET"]}}],"collection":[{"href":"https:\/\/www.notibras.com\/site\/wp-json\/wp\/v2\/posts"}],"about":[{"href":"https:\/\/www.notibras.com\/site\/wp-json\/wp\/v2\/types\/post"}],"author":[{"embeddable":true,"href":"https:\/\/www.notibras.com\/site\/wp-json\/wp\/v2\/users\/2"}],"replies":[{"embeddable":true,"href":"https:\/\/www.notibras.com\/site\/wp-json\/wp\/v2\/comments?post=68456"}],"version-history":[{"count":5,"href":"https:\/\/www.notibras.com\/site\/wp-json\/wp\/v2\/posts\/68456\/revisions"}],"predecessor-version":[{"id":68540,"href":"https:\/\/www.notibras.com\/site\/wp-json\/wp\/v2\/posts\/68456\/revisions\/68540"}],"wp:featuredmedia":[{"embeddable":true,"href":"https:\/\/www.notibras.com\/site\/wp-json\/wp\/v2\/media\/68457"}],"wp:attachment":[{"href":"https:\/\/www.notibras.com\/site\/wp-json\/wp\/v2\/media?parent=68456"}],"wp:term":[{"taxonomy":"category","embeddable":true,"href":"https:\/\/www.notibras.com\/site\/wp-json\/wp\/v2\/categories?post=68456"},{"taxonomy":"post_tag","embeddable":true,"href":"https:\/\/www.notibras.com\/site\/wp-json\/wp\/v2\/tags?post=68456"}],"curies":[{"name":"wp","href":"https:\/\/api.w.org\/{rel}","templated":true}]}}