{"id":68506,"date":"2015-09-18T16:45:48","date_gmt":"2015-09-18T19:45:48","guid":{"rendered":"http:\/\/www.notibras.com\/site\/?p=68506"},"modified":"2015-10-29T14:32:19","modified_gmt":"2015-10-29T16:32:19","slug":"foragido-da-policia-ex-governador-silval-barbosa-se-entrega","status":"publish","type":"post","link":"https:\/\/www.notibras.com\/site\/foragido-da-policia-ex-governador-silval-barbosa-se-entrega\/","title":{"rendered":"Foragido da pol\u00edcia, ex-governador Silval Barbosa se entrega"},"content":{"rendered":"<p>O ex-governador de Mato Grosso Silval Barbosa (PMDB), considerado foragido desde que teve sua pris\u00e3o decretada pela ju\u00edza da 7\u00aa Vara de Combate ao Crime Organizado, Selma Rosane Santos Arruda, na \u00faltima ter\u00e7a-feira (15) decidiu se entregar. Ele se apresentou na quina, 17, acompanhado dos seus advogados \u00e0 ju\u00edza, no F\u00f3rum da capital.<\/p>\n<p>Barbosa aguardava decis\u00e3o de um pedido de habeas corpus impetrado na quarta-feira (16) no Tribunal de Justi\u00e7a de Mato Grosso (TJMT). Por ser advogado, o ex-governador teria de permanecer em cela especial, mas como n\u00e3o existe unidade com as caracter\u00edsticas exigidas por lei, ele ficar\u00e1 em uma cela das unidades do Corpo de Bombeiros. Antes disso, ele realizou exame de corpo de delito no IML. Ap\u00f3s o exame, foi levado \u00e0 Delegacia Fazend\u00e1ria para ser ouvido sobre as acusa\u00e7\u00f5es.<\/p>\n<p>O ex-governador e dois ex-secret\u00e1rios, Pedro Nadaf (Casa Civil) e Marcel Cursi (Fazenda), s\u00e3o acusados de corrup\u00e7\u00e3o e lavagem de dinheiro envolvendo um esquema de fraudes (vendas\/extors\u00e3o) a incentivos fiscais concedidos por meio do Programa e Desenvolvimento Industrial e Comercial (Prodeic).<\/p>\n<p>Pelo Prodeic, a empresa obt\u00e9m isen\u00e7\u00e3o parcial ou integral de tributos estaduais a t\u00edtulo de fomento na gera\u00e7\u00e3o de empregos e de est\u00edmulo \u00e0 economia das regi\u00f5es onde estejam instaladas. Investiga\u00e7\u00f5es da Pol\u00edcia Civil descobriram que pelo menos tr\u00eas empresas estavam sendo extorquidas para que pudessem permanecer no programa.<\/p>\n<p>Em sua decis\u00e3o, a ju\u00edza descreveu o ex-governador como &#8220;chefe de uma organiza\u00e7\u00e3o criminosa que cometia fraude na concess\u00e3o de incentivos fiscais&#8221; e justificou &#8220;que ele era o \u00fanico que tinha poder legal de conceder, mediante decreto legislativo, os incentivos fiscais do Prodeic&#8221;.<\/p>\n<p>Para a defesa do ex-governador, &#8220;a pris\u00e3o n\u00e3o possui fundamentos e que as imputa\u00e7\u00f5es contra ele s\u00e3o completamente infundadas&#8221;. &#8220;O pedido de habeas corpus tem por objetivo fazer cessar o constrangimento ilegal a que o ex-governador est\u00e1 sofrendo&#8221;, diz em nota divulgada pela defesa de Barbosa. &#8220;O ex-governador havia se disponibilizado a prestar esclarecimentos sobre fatos inver\u00eddicos atribu\u00eddos \u00e0 sua gest\u00e3o perante diversos \u00f3rg\u00e3os de controle&#8221;, afirma a defesa. O Tribunal de Justi\u00e7a de Mato Grosso (TJMT) ainda n\u00e3o julgou o pedido.<\/p>\n<p>Os dois ex-secret\u00e1rios foram presos na ter\u00e7a-feira durante a opera\u00e7\u00e3o Sodoma. O advogado do ex-secret\u00e1rio Nadaf, William Khalil, disse que entrou com pedido de habeas corpus. As investiga\u00e7\u00f5es do caso tinham come\u00e7ado h\u00e1 mais de quatro meses.<\/p>\n","protected":false},"excerpt":{"rendered":"<p>O ex-governador de Mato Grosso Silval Barbosa (PMDB), considerado foragido desde que teve sua pris\u00e3o decretada pela ju\u00edza da 7\u00aa Vara de Combate ao Crime Organizado, Selma Rosane Santos Arruda, na \u00faltima ter\u00e7a-feira (15) decidiu se entregar. Ele se apresentou na quina, 17, acompanhado dos seus advogados \u00e0 ju\u00edza, no F\u00f3rum da capital. Barbosa aguardava [&hellip;]<\/p>\n","protected":false},"author":2,"featured_media":68507,"comment_status":"open","ping_status":"closed","sticky":false,"template":"","format":"standard","meta":{"_acf_changed":false,"footnotes":""},"categories":[16],"tags":[],"class_list":["post-68506","post","type-post","status-publish","format-standard","has-post-thumbnail","hentry","category-brasil"],"acf":[],"yoast_head":"<!-- This site is optimized with the Yoast SEO plugin v27.2 - https:\/\/yoast.com\/product\/yoast-seo-wordpress\/ -->\n<title>Foragido da pol\u00edcia, ex-governador Silval Barbosa se entrega - Notibras<\/title>\n<meta name=\"robots\" content=\"index, follow, max-snippet:-1, max-image-preview:large, max-video-preview:-1\" \/>\n<link rel=\"canonical\" href=\"https:\/\/www.notibras.com\/site\/foragido-da-policia-ex-governador-silval-barbosa-se-entrega\/\" \/>\n<meta property=\"og:locale\" content=\"pt_BR\" \/>\n<meta property=\"og:type\" content=\"article\" \/>\n<meta property=\"og:title\" content=\"Foragido da pol\u00edcia, ex-governador Silval Barbosa se entrega - Notibras\" \/>\n<meta property=\"og:description\" content=\"O ex-governador de Mato Grosso Silval Barbosa (PMDB), considerado foragido desde que teve sua pris\u00e3o decretada pela ju\u00edza da 7\u00aa Vara de Combate ao Crime Organizado, Selma Rosane Santos Arruda, na \u00faltima ter\u00e7a-feira (15) decidiu se entregar. Ele se apresentou na quina, 17, acompanhado dos seus advogados \u00e0 ju\u00edza, no F\u00f3rum da capital. Barbosa aguardava [&hellip;]\" \/>\n<meta property=\"og:url\" content=\"https:\/\/www.notibras.com\/site\/foragido-da-policia-ex-governador-silval-barbosa-se-entrega\/\" \/>\n<meta property=\"og:site_name\" content=\"Notibras\" \/>\n<meta property=\"article:publisher\" content=\"https:\/\/www.facebook.com\/notibras\/\" \/>\n<meta property=\"article:published_time\" content=\"2015-09-18T19:45:48+00:00\" \/>\n<meta property=\"article:modified_time\" content=\"2015-10-29T16:32:19+00:00\" \/>\n<meta property=\"og:image\" content=\"https:\/\/www.notibras.com\/site\/wp-content\/uploads\/2015\/09\/silva.jpg\" \/>\n\t<meta property=\"og:image:width\" content=\"580\" \/>\n\t<meta property=\"og:image:height\" content=\"387\" \/>\n\t<meta property=\"og:image:type\" content=\"image\/jpeg\" \/>\n<meta name=\"author\" content=\"Reda\u00e7\u00e3o\" \/>\n<meta name=\"twitter:card\" content=\"summary_large_image\" \/>\n<meta name=\"twitter:creator\" content=\"@Notibras\" \/>\n<meta name=\"twitter:site\" content=\"@Notibras\" \/>\n<meta name=\"twitter:label1\" content=\"Escrito por\" \/>\n\t<meta name=\"twitter:data1\" content=\"Reda\u00e7\u00e3o\" \/>\n\t<meta name=\"twitter:label2\" content=\"Est. tempo de leitura\" \/>\n\t<meta name=\"twitter:data2\" content=\"2 minutos\" \/>\n<script type=\"application\/ld+json\" class=\"yoast-schema-graph\">{\"@context\":\"https:\/\/schema.org\",\"@graph\":[{\"@type\":\"Article\",\"@id\":\"https:\/\/www.notibras.com\/site\/foragido-da-policia-ex-governador-silval-barbosa-se-entrega\/#article\",\"isPartOf\":{\"@id\":\"https:\/\/www.notibras.com\/site\/foragido-da-policia-ex-governador-silval-barbosa-se-entrega\/\"},\"author\":{\"name\":\"Reda\u00e7\u00e3o\",\"@id\":\"https:\/\/www.notibras.com\/site\/#\/schema\/person\/36ab0979449956132d3e5b517ea76ac8\"},\"headline\":\"Foragido da pol\u00edcia, ex-governador Silval Barbosa se entrega\",\"datePublished\":\"2015-09-18T19:45:48+00:00\",\"dateModified\":\"2015-10-29T16:32:19+00:00\",\"mainEntityOfPage\":{\"@id\":\"https:\/\/www.notibras.com\/site\/foragido-da-policia-ex-governador-silval-barbosa-se-entrega\/\"},\"wordCount\":431,\"commentCount\":0,\"publisher\":{\"@id\":\"https:\/\/www.notibras.com\/site\/#organization\"},\"image\":{\"@id\":\"https:\/\/www.notibras.com\/site\/foragido-da-policia-ex-governador-silval-barbosa-se-entrega\/#primaryimage\"},\"thumbnailUrl\":\"https:\/\/www.notibras.com\/site\/wp-content\/uploads\/2015\/09\/silva.jpg\",\"articleSection\":[\"Brasil\"],\"inLanguage\":\"pt-BR\",\"potentialAction\":[{\"@type\":\"CommentAction\",\"name\":\"Comment\",\"target\":[\"https:\/\/www.notibras.com\/site\/foragido-da-policia-ex-governador-silval-barbosa-se-entrega\/#respond\"]}]},{\"@type\":\"WebPage\",\"@id\":\"https:\/\/www.notibras.com\/site\/foragido-da-policia-ex-governador-silval-barbosa-se-entrega\/\",\"url\":\"https:\/\/www.notibras.com\/site\/foragido-da-policia-ex-governador-silval-barbosa-se-entrega\/\",\"name\":\"Foragido da pol\u00edcia, ex-governador Silval Barbosa se entrega - Notibras\",\"isPartOf\":{\"@id\":\"https:\/\/www.notibras.com\/site\/#website\"},\"primaryImageOfPage\":{\"@id\":\"https:\/\/www.notibras.com\/site\/foragido-da-policia-ex-governador-silval-barbosa-se-entrega\/#primaryimage\"},\"image\":{\"@id\":\"https:\/\/www.notibras.com\/site\/foragido-da-policia-ex-governador-silval-barbosa-se-entrega\/#primaryimage\"},\"thumbnailUrl\":\"https:\/\/www.notibras.com\/site\/wp-content\/uploads\/2015\/09\/silva.jpg\",\"datePublished\":\"2015-09-18T19:45:48+00:00\",\"dateModified\":\"2015-10-29T16:32:19+00:00\",\"breadcrumb\":{\"@id\":\"https:\/\/www.notibras.com\/site\/foragido-da-policia-ex-governador-silval-barbosa-se-entrega\/#breadcrumb\"},\"inLanguage\":\"pt-BR\",\"potentialAction\":[{\"@type\":\"ReadAction\",\"target\":[\"https:\/\/www.notibras.com\/site\/foragido-da-policia-ex-governador-silval-barbosa-se-entrega\/\"]}]},{\"@type\":\"ImageObject\",\"inLanguage\":\"pt-BR\",\"@id\":\"https:\/\/www.notibras.com\/site\/foragido-da-policia-ex-governador-silval-barbosa-se-entrega\/#primaryimage\",\"url\":\"https:\/\/www.notibras.com\/site\/wp-content\/uploads\/2015\/09\/silva.jpg\",\"contentUrl\":\"https:\/\/www.notibras.com\/site\/wp-content\/uploads\/2015\/09\/silva.jpg\",\"width\":580,\"height\":387},{\"@type\":\"BreadcrumbList\",\"@id\":\"https:\/\/www.notibras.com\/site\/foragido-da-policia-ex-governador-silval-barbosa-se-entrega\/#breadcrumb\",\"itemListElement\":[{\"@type\":\"ListItem\",\"position\":1,\"name\":\"In\u00edcio\",\"item\":\"https:\/\/www.notibras.com\/site\/\"},{\"@type\":\"ListItem\",\"position\":2,\"name\":\"Foragido da pol\u00edcia, ex-governador Silval Barbosa se entrega\"}]},{\"@type\":\"WebSite\",\"@id\":\"https:\/\/www.notibras.com\/site\/#website\",\"url\":\"https:\/\/www.notibras.com\/site\/\",\"name\":\"Notibras\",\"description\":\"Not\u00edcias de Bras\u00edlia, do Brasil e do Mundo\",\"publisher\":{\"@id\":\"https:\/\/www.notibras.com\/site\/#organization\"},\"potentialAction\":[{\"@type\":\"SearchAction\",\"target\":{\"@type\":\"EntryPoint\",\"urlTemplate\":\"https:\/\/www.notibras.com\/site\/?s={search_term_string}\"},\"query-input\":{\"@type\":\"PropertyValueSpecification\",\"valueRequired\":true,\"valueName\":\"search_term_string\"}}],\"inLanguage\":\"pt-BR\"},{\"@type\":\"Organization\",\"@id\":\"https:\/\/www.notibras.com\/site\/#organization\",\"name\":\"Grupo Notibras de Comunica\u00e7\u00e3o\",\"url\":\"https:\/\/www.notibras.com\/site\/\",\"logo\":{\"@type\":\"ImageObject\",\"inLanguage\":\"pt-BR\",\"@id\":\"https:\/\/www.notibras.com\/site\/#\/schema\/logo\/image\/\",\"url\":\"https:\/\/www.notibras.com\/site\/wp-content\/uploads\/2023\/01\/notibras23.png\",\"contentUrl\":\"https:\/\/www.notibras.com\/site\/wp-content\/uploads\/2023\/01\/notibras23.png\",\"width\":350,\"height\":87,\"caption\":\"Grupo Notibras de Comunica\u00e7\u00e3o\"},\"image\":{\"@id\":\"https:\/\/www.notibras.com\/site\/#\/schema\/logo\/image\/\"},\"sameAs\":[\"https:\/\/www.facebook.com\/notibras\/\",\"https:\/\/x.com\/Notibras\",\"https:\/\/www.instagram.com\/notibras\/\"]},{\"@type\":\"Person\",\"@id\":\"https:\/\/www.notibras.com\/site\/#\/schema\/person\/36ab0979449956132d3e5b517ea76ac8\",\"name\":\"Reda\u00e7\u00e3o\",\"image\":{\"@type\":\"ImageObject\",\"inLanguage\":\"pt-BR\",\"@id\":\"https:\/\/secure.gravatar.com\/avatar\/e0a867bdedb85fd243eadf09663511f96fc81e0720a4a42581f334ad4303aa6b?s=96&d=mm&r=g\",\"url\":\"https:\/\/secure.gravatar.com\/avatar\/e0a867bdedb85fd243eadf09663511f96fc81e0720a4a42581f334ad4303aa6b?s=96&d=mm&r=g\",\"contentUrl\":\"https:\/\/secure.gravatar.com\/avatar\/e0a867bdedb85fd243eadf09663511f96fc81e0720a4a42581f334ad4303aa6b?s=96&d=mm&r=g\",\"caption\":\"Reda\u00e7\u00e3o\"}}]}<\/script>\n<!-- \/ Yoast SEO plugin. -->","yoast_head_json":{"title":"Foragido da pol\u00edcia, ex-governador Silval Barbosa se entrega - Notibras","robots":{"index":"index","follow":"follow","max-snippet":"max-snippet:-1","max-image-preview":"max-image-preview:large","max-video-preview":"max-video-preview:-1"},"canonical":"https:\/\/www.notibras.com\/site\/foragido-da-policia-ex-governador-silval-barbosa-se-entrega\/","og_locale":"pt_BR","og_type":"article","og_title":"Foragido da pol\u00edcia, ex-governador Silval Barbosa se entrega - Notibras","og_description":"O ex-governador de Mato Grosso Silval Barbosa (PMDB), considerado foragido desde que teve sua pris\u00e3o decretada pela ju\u00edza da 7\u00aa Vara de Combate ao Crime Organizado, Selma Rosane Santos Arruda, na \u00faltima ter\u00e7a-feira (15) decidiu se entregar. Ele se apresentou na quina, 17, acompanhado dos seus advogados \u00e0 ju\u00edza, no F\u00f3rum da capital. Barbosa aguardava [&hellip;]","og_url":"https:\/\/www.notibras.com\/site\/foragido-da-policia-ex-governador-silval-barbosa-se-entrega\/","og_site_name":"Notibras","article_publisher":"https:\/\/www.facebook.com\/notibras\/","article_published_time":"2015-09-18T19:45:48+00:00","article_modified_time":"2015-10-29T16:32:19+00:00","og_image":[{"width":580,"height":387,"url":"https:\/\/www.notibras.com\/site\/wp-content\/uploads\/2015\/09\/silva.jpg","type":"image\/jpeg"}],"author":"Reda\u00e7\u00e3o","twitter_card":"summary_large_image","twitter_creator":"@Notibras","twitter_site":"@Notibras","twitter_misc":{"Escrito por":"Reda\u00e7\u00e3o","Est. tempo de leitura":"2 minutos"},"schema":{"@context":"https:\/\/schema.org","@graph":[{"@type":"Article","@id":"https:\/\/www.notibras.com\/site\/foragido-da-policia-ex-governador-silval-barbosa-se-entrega\/#article","isPartOf":{"@id":"https:\/\/www.notibras.com\/site\/foragido-da-policia-ex-governador-silval-barbosa-se-entrega\/"},"author":{"name":"Reda\u00e7\u00e3o","@id":"https:\/\/www.notibras.com\/site\/#\/schema\/person\/36ab0979449956132d3e5b517ea76ac8"},"headline":"Foragido da pol\u00edcia, ex-governador Silval Barbosa se entrega","datePublished":"2015-09-18T19:45:48+00:00","dateModified":"2015-10-29T16:32:19+00:00","mainEntityOfPage":{"@id":"https:\/\/www.notibras.com\/site\/foragido-da-policia-ex-governador-silval-barbosa-se-entrega\/"},"wordCount":431,"commentCount":0,"publisher":{"@id":"https:\/\/www.notibras.com\/site\/#organization"},"image":{"@id":"https:\/\/www.notibras.com\/site\/foragido-da-policia-ex-governador-silval-barbosa-se-entrega\/#primaryimage"},"thumbnailUrl":"https:\/\/www.notibras.com\/site\/wp-content\/uploads\/2015\/09\/silva.jpg","articleSection":["Brasil"],"inLanguage":"pt-BR","potentialAction":[{"@type":"CommentAction","name":"Comment","target":["https:\/\/www.notibras.com\/site\/foragido-da-policia-ex-governador-silval-barbosa-se-entrega\/#respond"]}]},{"@type":"WebPage","@id":"https:\/\/www.notibras.com\/site\/foragido-da-policia-ex-governador-silval-barbosa-se-entrega\/","url":"https:\/\/www.notibras.com\/site\/foragido-da-policia-ex-governador-silval-barbosa-se-entrega\/","name":"Foragido da pol\u00edcia, ex-governador Silval Barbosa se entrega - Notibras","isPartOf":{"@id":"https:\/\/www.notibras.com\/site\/#website"},"primaryImageOfPage":{"@id":"https:\/\/www.notibras.com\/site\/foragido-da-policia-ex-governador-silval-barbosa-se-entrega\/#primaryimage"},"image":{"@id":"https:\/\/www.notibras.com\/site\/foragido-da-policia-ex-governador-silval-barbosa-se-entrega\/#primaryimage"},"thumbnailUrl":"https:\/\/www.notibras.com\/site\/wp-content\/uploads\/2015\/09\/silva.jpg","datePublished":"2015-09-18T19:45:48+00:00","dateModified":"2015-10-29T16:32:19+00:00","breadcrumb":{"@id":"https:\/\/www.notibras.com\/site\/foragido-da-policia-ex-governador-silval-barbosa-se-entrega\/#breadcrumb"},"inLanguage":"pt-BR","potentialAction":[{"@type":"ReadAction","target":["https:\/\/www.notibras.com\/site\/foragido-da-policia-ex-governador-silval-barbosa-se-entrega\/"]}]},{"@type":"ImageObject","inLanguage":"pt-BR","@id":"https:\/\/www.notibras.com\/site\/foragido-da-policia-ex-governador-silval-barbosa-se-entrega\/#primaryimage","url":"https:\/\/www.notibras.com\/site\/wp-content\/uploads\/2015\/09\/silva.jpg","contentUrl":"https:\/\/www.notibras.com\/site\/wp-content\/uploads\/2015\/09\/silva.jpg","width":580,"height":387},{"@type":"BreadcrumbList","@id":"https:\/\/www.notibras.com\/site\/foragido-da-policia-ex-governador-silval-barbosa-se-entrega\/#breadcrumb","itemListElement":[{"@type":"ListItem","position":1,"name":"In\u00edcio","item":"https:\/\/www.notibras.com\/site\/"},{"@type":"ListItem","position":2,"name":"Foragido da pol\u00edcia, ex-governador Silval Barbosa se entrega"}]},{"@type":"WebSite","@id":"https:\/\/www.notibras.com\/site\/#website","url":"https:\/\/www.notibras.com\/site\/","name":"Notibras","description":"Not\u00edcias de Bras\u00edlia, do Brasil e do Mundo","publisher":{"@id":"https:\/\/www.notibras.com\/site\/#organization"},"potentialAction":[{"@type":"SearchAction","target":{"@type":"EntryPoint","urlTemplate":"https:\/\/www.notibras.com\/site\/?s={search_term_string}"},"query-input":{"@type":"PropertyValueSpecification","valueRequired":true,"valueName":"search_term_string"}}],"inLanguage":"pt-BR"},{"@type":"Organization","@id":"https:\/\/www.notibras.com\/site\/#organization","name":"Grupo Notibras de Comunica\u00e7\u00e3o","url":"https:\/\/www.notibras.com\/site\/","logo":{"@type":"ImageObject","inLanguage":"pt-BR","@id":"https:\/\/www.notibras.com\/site\/#\/schema\/logo\/image\/","url":"https:\/\/www.notibras.com\/site\/wp-content\/uploads\/2023\/01\/notibras23.png","contentUrl":"https:\/\/www.notibras.com\/site\/wp-content\/uploads\/2023\/01\/notibras23.png","width":350,"height":87,"caption":"Grupo Notibras de Comunica\u00e7\u00e3o"},"image":{"@id":"https:\/\/www.notibras.com\/site\/#\/schema\/logo\/image\/"},"sameAs":["https:\/\/www.facebook.com\/notibras\/","https:\/\/x.com\/Notibras","https:\/\/www.instagram.com\/notibras\/"]},{"@type":"Person","@id":"https:\/\/www.notibras.com\/site\/#\/schema\/person\/36ab0979449956132d3e5b517ea76ac8","name":"Reda\u00e7\u00e3o","image":{"@type":"ImageObject","inLanguage":"pt-BR","@id":"https:\/\/secure.gravatar.com\/avatar\/e0a867bdedb85fd243eadf09663511f96fc81e0720a4a42581f334ad4303aa6b?s=96&d=mm&r=g","url":"https:\/\/secure.gravatar.com\/avatar\/e0a867bdedb85fd243eadf09663511f96fc81e0720a4a42581f334ad4303aa6b?s=96&d=mm&r=g","contentUrl":"https:\/\/secure.gravatar.com\/avatar\/e0a867bdedb85fd243eadf09663511f96fc81e0720a4a42581f334ad4303aa6b?s=96&d=mm&r=g","caption":"Reda\u00e7\u00e3o"}}]}},"amp_enabled":true,"_links":{"self":[{"href":"https:\/\/www.notibras.com\/site\/wp-json\/wp\/v2\/posts\/68506","targetHints":{"allow":["GET"]}}],"collection":[{"href":"https:\/\/www.notibras.com\/site\/wp-json\/wp\/v2\/posts"}],"about":[{"href":"https:\/\/www.notibras.com\/site\/wp-json\/wp\/v2\/types\/post"}],"author":[{"embeddable":true,"href":"https:\/\/www.notibras.com\/site\/wp-json\/wp\/v2\/users\/2"}],"replies":[{"embeddable":true,"href":"https:\/\/www.notibras.com\/site\/wp-json\/wp\/v2\/comments?post=68506"}],"version-history":[{"count":1,"href":"https:\/\/www.notibras.com\/site\/wp-json\/wp\/v2\/posts\/68506\/revisions"}],"predecessor-version":[{"id":68508,"href":"https:\/\/www.notibras.com\/site\/wp-json\/wp\/v2\/posts\/68506\/revisions\/68508"}],"wp:featuredmedia":[{"embeddable":true,"href":"https:\/\/www.notibras.com\/site\/wp-json\/wp\/v2\/media\/68507"}],"wp:attachment":[{"href":"https:\/\/www.notibras.com\/site\/wp-json\/wp\/v2\/media?parent=68506"}],"wp:term":[{"taxonomy":"category","embeddable":true,"href":"https:\/\/www.notibras.com\/site\/wp-json\/wp\/v2\/categories?post=68506"},{"taxonomy":"post_tag","embeddable":true,"href":"https:\/\/www.notibras.com\/site\/wp-json\/wp\/v2\/tags?post=68506"}],"curies":[{"name":"wp","href":"https:\/\/api.w.org\/{rel}","templated":true}]}}