{"id":68574,"date":"2015-09-18T22:35:11","date_gmt":"2015-09-19T01:35:11","guid":{"rendered":"http:\/\/www.notibras.com\/site\/?p=68574"},"modified":"2015-09-19T00:36:48","modified_gmt":"2015-09-19T03:36:48","slug":"vitoria-vai-a-natal-empata-em-0x0-com-abc-e-ve-lideres-mais-distantes-na-tabela","status":"publish","type":"post","link":"https:\/\/www.notibras.com\/site\/vitoria-vai-a-natal-empata-em-0x0-com-abc-e-ve-lideres-mais-distantes-na-tabela\/","title":{"rendered":"Vit\u00f3ria vai a Natal, empata em 0x0 com ABC e v\u00ea l\u00edderes mais distantes na tabela"},"content":{"rendered":"<p>O Vit\u00f3ria da Bahia empatou nesta sexta-feira, fora, com o ABC de Natal em 0x0. O resultado n\u00e3o deixou que os baianos ficassem mais colados nos l\u00edderes da Segundona. As duas equipes ficaram estagnadas na tabela.<\/p>\n<p>O Le\u00e3o chegou a 46 pontos e segue na terceira coloca\u00e7\u00e3o do torneio. J\u00e1 o ABC se manteve na 19\u00aa posi\u00e7\u00e3o, com 23 pontos ganhos.<\/p>\n<p>Na pr\u00f3xima rodada, o Rubro-Negro encara o Paysandu em confronto direto em Salvador, enquanto o time potiguar enfrenta o N\u00e1utico, fora de casa.<\/p>\n<p>Apesar da boa coloca\u00e7\u00e3o na tabela, o Vit\u00f3ria foi dominado durante todo o confronto e quase saiu de Natal com um rev\u00e9s. As duas equipes criaram boas chances, mas n\u00e3o conseguiram concluir bem a gol.<\/p>\n<p>Quem mais se aproximou do tento foi o time Alvinegro, que testou o goleiro Gatito Fern\u00e1ndez. Por\u00e9m, o arqueiro do Rubro-Negro baiano teve excelente desempenho e conseguiu neutralizar o ataque potiguar.<\/p>\n","protected":false},"excerpt":{"rendered":"<p>O Vit\u00f3ria da Bahia empatou nesta sexta-feira, fora, com o ABC de Natal em 0x0. O resultado n\u00e3o deixou que os baianos ficassem mais colados nos l\u00edderes da Segundona. As duas equipes ficaram estagnadas na tabela. O Le\u00e3o chegou a 46 pontos e segue na terceira coloca\u00e7\u00e3o do torneio. J\u00e1 o ABC se manteve na [&hellip;]<\/p>\n","protected":false},"author":2,"featured_media":68575,"comment_status":"open","ping_status":"closed","sticky":false,"template":"","format":"standard","meta":{"_acf_changed":false,"footnotes":""},"categories":[29],"tags":[],"class_list":["post-68574","post","type-post","status-publish","format-standard","has-post-thumbnail","hentry","category-futebol"],"acf":[],"yoast_head":"<!-- This site is optimized with the Yoast SEO plugin v27.2 - https:\/\/yoast.com\/product\/yoast-seo-wordpress\/ -->\n<title>Vit\u00f3ria vai a Natal, empata em 0x0 com ABC e v\u00ea l\u00edderes mais distantes na tabela - Notibras<\/title>\n<meta name=\"robots\" content=\"index, follow, max-snippet:-1, max-image-preview:large, max-video-preview:-1\" \/>\n<link rel=\"canonical\" href=\"https:\/\/www.notibras.com\/site\/vitoria-vai-a-natal-empata-em-0x0-com-abc-e-ve-lideres-mais-distantes-na-tabela\/\" \/>\n<meta property=\"og:locale\" content=\"pt_BR\" \/>\n<meta property=\"og:type\" content=\"article\" \/>\n<meta property=\"og:title\" content=\"Vit\u00f3ria vai a Natal, empata em 0x0 com ABC e v\u00ea l\u00edderes mais distantes na tabela - Notibras\" \/>\n<meta property=\"og:description\" content=\"O Vit\u00f3ria da Bahia empatou nesta sexta-feira, fora, com o ABC de Natal em 0x0. O resultado n\u00e3o deixou que os baianos ficassem mais colados nos l\u00edderes da Segundona. As duas equipes ficaram estagnadas na tabela. O Le\u00e3o chegou a 46 pontos e segue na terceira coloca\u00e7\u00e3o do torneio. J\u00e1 o ABC se manteve na [&hellip;]\" \/>\n<meta property=\"og:url\" content=\"https:\/\/www.notibras.com\/site\/vitoria-vai-a-natal-empata-em-0x0-com-abc-e-ve-lideres-mais-distantes-na-tabela\/\" \/>\n<meta property=\"og:site_name\" content=\"Notibras\" \/>\n<meta property=\"article:publisher\" content=\"https:\/\/www.facebook.com\/notibras\/\" \/>\n<meta property=\"article:published_time\" content=\"2015-09-19T01:35:11+00:00\" \/>\n<meta property=\"article:modified_time\" content=\"2015-09-19T03:36:48+00:00\" \/>\n<meta property=\"og:image\" content=\"https:\/\/www.notibras.com\/site\/wp-content\/uploads\/2015\/09\/vibc.jpg\" \/>\n\t<meta property=\"og:image:width\" content=\"300\" \/>\n\t<meta property=\"og:image:height\" content=\"230\" \/>\n\t<meta property=\"og:image:type\" content=\"image\/jpeg\" \/>\n<meta name=\"author\" content=\"Reda\u00e7\u00e3o\" \/>\n<meta name=\"twitter:card\" content=\"summary_large_image\" \/>\n<meta name=\"twitter:creator\" content=\"@Notibras\" \/>\n<meta name=\"twitter:site\" content=\"@Notibras\" \/>\n<meta name=\"twitter:label1\" content=\"Escrito por\" \/>\n\t<meta name=\"twitter:data1\" content=\"Reda\u00e7\u00e3o\" \/>\n\t<meta name=\"twitter:label2\" content=\"Est. tempo de leitura\" \/>\n\t<meta name=\"twitter:data2\" content=\"1 minuto\" \/>\n<script type=\"application\/ld+json\" class=\"yoast-schema-graph\">{\"@context\":\"https:\/\/schema.org\",\"@graph\":[{\"@type\":\"Article\",\"@id\":\"https:\/\/www.notibras.com\/site\/vitoria-vai-a-natal-empata-em-0x0-com-abc-e-ve-lideres-mais-distantes-na-tabela\/#article\",\"isPartOf\":{\"@id\":\"https:\/\/www.notibras.com\/site\/vitoria-vai-a-natal-empata-em-0x0-com-abc-e-ve-lideres-mais-distantes-na-tabela\/\"},\"author\":{\"name\":\"Reda\u00e7\u00e3o\",\"@id\":\"https:\/\/www.notibras.com\/site\/#\/schema\/person\/36ab0979449956132d3e5b517ea76ac8\"},\"headline\":\"Vit\u00f3ria vai a Natal, empata em 0x0 com ABC e v\u00ea l\u00edderes mais distantes na tabela\",\"datePublished\":\"2015-09-19T01:35:11+00:00\",\"dateModified\":\"2015-09-19T03:36:48+00:00\",\"mainEntityOfPage\":{\"@id\":\"https:\/\/www.notibras.com\/site\/vitoria-vai-a-natal-empata-em-0x0-com-abc-e-ve-lideres-mais-distantes-na-tabela\/\"},\"wordCount\":179,\"commentCount\":0,\"publisher\":{\"@id\":\"https:\/\/www.notibras.com\/site\/#organization\"},\"image\":{\"@id\":\"https:\/\/www.notibras.com\/site\/vitoria-vai-a-natal-empata-em-0x0-com-abc-e-ve-lideres-mais-distantes-na-tabela\/#primaryimage\"},\"thumbnailUrl\":\"https:\/\/www.notibras.com\/site\/wp-content\/uploads\/2015\/09\/vibc.jpg\",\"articleSection\":[\"Futebol\"],\"inLanguage\":\"pt-BR\",\"potentialAction\":[{\"@type\":\"CommentAction\",\"name\":\"Comment\",\"target\":[\"https:\/\/www.notibras.com\/site\/vitoria-vai-a-natal-empata-em-0x0-com-abc-e-ve-lideres-mais-distantes-na-tabela\/#respond\"]}]},{\"@type\":\"WebPage\",\"@id\":\"https:\/\/www.notibras.com\/site\/vitoria-vai-a-natal-empata-em-0x0-com-abc-e-ve-lideres-mais-distantes-na-tabela\/\",\"url\":\"https:\/\/www.notibras.com\/site\/vitoria-vai-a-natal-empata-em-0x0-com-abc-e-ve-lideres-mais-distantes-na-tabela\/\",\"name\":\"Vit\u00f3ria vai a Natal, empata em 0x0 com ABC e v\u00ea l\u00edderes mais distantes na tabela - Notibras\",\"isPartOf\":{\"@id\":\"https:\/\/www.notibras.com\/site\/#website\"},\"primaryImageOfPage\":{\"@id\":\"https:\/\/www.notibras.com\/site\/vitoria-vai-a-natal-empata-em-0x0-com-abc-e-ve-lideres-mais-distantes-na-tabela\/#primaryimage\"},\"image\":{\"@id\":\"https:\/\/www.notibras.com\/site\/vitoria-vai-a-natal-empata-em-0x0-com-abc-e-ve-lideres-mais-distantes-na-tabela\/#primaryimage\"},\"thumbnailUrl\":\"https:\/\/www.notibras.com\/site\/wp-content\/uploads\/2015\/09\/vibc.jpg\",\"datePublished\":\"2015-09-19T01:35:11+00:00\",\"dateModified\":\"2015-09-19T03:36:48+00:00\",\"breadcrumb\":{\"@id\":\"https:\/\/www.notibras.com\/site\/vitoria-vai-a-natal-empata-em-0x0-com-abc-e-ve-lideres-mais-distantes-na-tabela\/#breadcrumb\"},\"inLanguage\":\"pt-BR\",\"potentialAction\":[{\"@type\":\"ReadAction\",\"target\":[\"https:\/\/www.notibras.com\/site\/vitoria-vai-a-natal-empata-em-0x0-com-abc-e-ve-lideres-mais-distantes-na-tabela\/\"]}]},{\"@type\":\"ImageObject\",\"inLanguage\":\"pt-BR\",\"@id\":\"https:\/\/www.notibras.com\/site\/vitoria-vai-a-natal-empata-em-0x0-com-abc-e-ve-lideres-mais-distantes-na-tabela\/#primaryimage\",\"url\":\"https:\/\/www.notibras.com\/site\/wp-content\/uploads\/2015\/09\/vibc.jpg\",\"contentUrl\":\"https:\/\/www.notibras.com\/site\/wp-content\/uploads\/2015\/09\/vibc.jpg\",\"width\":300,\"height\":230},{\"@type\":\"BreadcrumbList\",\"@id\":\"https:\/\/www.notibras.com\/site\/vitoria-vai-a-natal-empata-em-0x0-com-abc-e-ve-lideres-mais-distantes-na-tabela\/#breadcrumb\",\"itemListElement\":[{\"@type\":\"ListItem\",\"position\":1,\"name\":\"In\u00edcio\",\"item\":\"https:\/\/www.notibras.com\/site\/\"},{\"@type\":\"ListItem\",\"position\":2,\"name\":\"Vit\u00f3ria vai a Natal, empata em 0x0 com ABC e v\u00ea l\u00edderes mais distantes na tabela\"}]},{\"@type\":\"WebSite\",\"@id\":\"https:\/\/www.notibras.com\/site\/#website\",\"url\":\"https:\/\/www.notibras.com\/site\/\",\"name\":\"Notibras\",\"description\":\"Not\u00edcias de Bras\u00edlia, do Brasil e do Mundo\",\"publisher\":{\"@id\":\"https:\/\/www.notibras.com\/site\/#organization\"},\"potentialAction\":[{\"@type\":\"SearchAction\",\"target\":{\"@type\":\"EntryPoint\",\"urlTemplate\":\"https:\/\/www.notibras.com\/site\/?s={search_term_string}\"},\"query-input\":{\"@type\":\"PropertyValueSpecification\",\"valueRequired\":true,\"valueName\":\"search_term_string\"}}],\"inLanguage\":\"pt-BR\"},{\"@type\":\"Organization\",\"@id\":\"https:\/\/www.notibras.com\/site\/#organization\",\"name\":\"Grupo Notibras de Comunica\u00e7\u00e3o\",\"url\":\"https:\/\/www.notibras.com\/site\/\",\"logo\":{\"@type\":\"ImageObject\",\"inLanguage\":\"pt-BR\",\"@id\":\"https:\/\/www.notibras.com\/site\/#\/schema\/logo\/image\/\",\"url\":\"https:\/\/www.notibras.com\/site\/wp-content\/uploads\/2023\/01\/notibras23.png\",\"contentUrl\":\"https:\/\/www.notibras.com\/site\/wp-content\/uploads\/2023\/01\/notibras23.png\",\"width\":350,\"height\":87,\"caption\":\"Grupo Notibras de Comunica\u00e7\u00e3o\"},\"image\":{\"@id\":\"https:\/\/www.notibras.com\/site\/#\/schema\/logo\/image\/\"},\"sameAs\":[\"https:\/\/www.facebook.com\/notibras\/\",\"https:\/\/x.com\/Notibras\",\"https:\/\/www.instagram.com\/notibras\/\"]},{\"@type\":\"Person\",\"@id\":\"https:\/\/www.notibras.com\/site\/#\/schema\/person\/36ab0979449956132d3e5b517ea76ac8\",\"name\":\"Reda\u00e7\u00e3o\",\"image\":{\"@type\":\"ImageObject\",\"inLanguage\":\"pt-BR\",\"@id\":\"https:\/\/secure.gravatar.com\/avatar\/e0a867bdedb85fd243eadf09663511f96fc81e0720a4a42581f334ad4303aa6b?s=96&d=mm&r=g\",\"url\":\"https:\/\/secure.gravatar.com\/avatar\/e0a867bdedb85fd243eadf09663511f96fc81e0720a4a42581f334ad4303aa6b?s=96&d=mm&r=g\",\"contentUrl\":\"https:\/\/secure.gravatar.com\/avatar\/e0a867bdedb85fd243eadf09663511f96fc81e0720a4a42581f334ad4303aa6b?s=96&d=mm&r=g\",\"caption\":\"Reda\u00e7\u00e3o\"}}]}<\/script>\n<!-- \/ Yoast SEO plugin. -->","yoast_head_json":{"title":"Vit\u00f3ria vai a Natal, empata em 0x0 com ABC e v\u00ea l\u00edderes mais distantes na tabela - Notibras","robots":{"index":"index","follow":"follow","max-snippet":"max-snippet:-1","max-image-preview":"max-image-preview:large","max-video-preview":"max-video-preview:-1"},"canonical":"https:\/\/www.notibras.com\/site\/vitoria-vai-a-natal-empata-em-0x0-com-abc-e-ve-lideres-mais-distantes-na-tabela\/","og_locale":"pt_BR","og_type":"article","og_title":"Vit\u00f3ria vai a Natal, empata em 0x0 com ABC e v\u00ea l\u00edderes mais distantes na tabela - Notibras","og_description":"O Vit\u00f3ria da Bahia empatou nesta sexta-feira, fora, com o ABC de Natal em 0x0. O resultado n\u00e3o deixou que os baianos ficassem mais colados nos l\u00edderes da Segundona. As duas equipes ficaram estagnadas na tabela. O Le\u00e3o chegou a 46 pontos e segue na terceira coloca\u00e7\u00e3o do torneio. J\u00e1 o ABC se manteve na [&hellip;]","og_url":"https:\/\/www.notibras.com\/site\/vitoria-vai-a-natal-empata-em-0x0-com-abc-e-ve-lideres-mais-distantes-na-tabela\/","og_site_name":"Notibras","article_publisher":"https:\/\/www.facebook.com\/notibras\/","article_published_time":"2015-09-19T01:35:11+00:00","article_modified_time":"2015-09-19T03:36:48+00:00","og_image":[{"width":300,"height":230,"url":"https:\/\/www.notibras.com\/site\/wp-content\/uploads\/2015\/09\/vibc.jpg","type":"image\/jpeg"}],"author":"Reda\u00e7\u00e3o","twitter_card":"summary_large_image","twitter_creator":"@Notibras","twitter_site":"@Notibras","twitter_misc":{"Escrito por":"Reda\u00e7\u00e3o","Est. tempo de leitura":"1 minuto"},"schema":{"@context":"https:\/\/schema.org","@graph":[{"@type":"Article","@id":"https:\/\/www.notibras.com\/site\/vitoria-vai-a-natal-empata-em-0x0-com-abc-e-ve-lideres-mais-distantes-na-tabela\/#article","isPartOf":{"@id":"https:\/\/www.notibras.com\/site\/vitoria-vai-a-natal-empata-em-0x0-com-abc-e-ve-lideres-mais-distantes-na-tabela\/"},"author":{"name":"Reda\u00e7\u00e3o","@id":"https:\/\/www.notibras.com\/site\/#\/schema\/person\/36ab0979449956132d3e5b517ea76ac8"},"headline":"Vit\u00f3ria vai a Natal, empata em 0x0 com ABC e v\u00ea l\u00edderes mais distantes na tabela","datePublished":"2015-09-19T01:35:11+00:00","dateModified":"2015-09-19T03:36:48+00:00","mainEntityOfPage":{"@id":"https:\/\/www.notibras.com\/site\/vitoria-vai-a-natal-empata-em-0x0-com-abc-e-ve-lideres-mais-distantes-na-tabela\/"},"wordCount":179,"commentCount":0,"publisher":{"@id":"https:\/\/www.notibras.com\/site\/#organization"},"image":{"@id":"https:\/\/www.notibras.com\/site\/vitoria-vai-a-natal-empata-em-0x0-com-abc-e-ve-lideres-mais-distantes-na-tabela\/#primaryimage"},"thumbnailUrl":"https:\/\/www.notibras.com\/site\/wp-content\/uploads\/2015\/09\/vibc.jpg","articleSection":["Futebol"],"inLanguage":"pt-BR","potentialAction":[{"@type":"CommentAction","name":"Comment","target":["https:\/\/www.notibras.com\/site\/vitoria-vai-a-natal-empata-em-0x0-com-abc-e-ve-lideres-mais-distantes-na-tabela\/#respond"]}]},{"@type":"WebPage","@id":"https:\/\/www.notibras.com\/site\/vitoria-vai-a-natal-empata-em-0x0-com-abc-e-ve-lideres-mais-distantes-na-tabela\/","url":"https:\/\/www.notibras.com\/site\/vitoria-vai-a-natal-empata-em-0x0-com-abc-e-ve-lideres-mais-distantes-na-tabela\/","name":"Vit\u00f3ria vai a Natal, empata em 0x0 com ABC e v\u00ea l\u00edderes mais distantes na tabela - Notibras","isPartOf":{"@id":"https:\/\/www.notibras.com\/site\/#website"},"primaryImageOfPage":{"@id":"https:\/\/www.notibras.com\/site\/vitoria-vai-a-natal-empata-em-0x0-com-abc-e-ve-lideres-mais-distantes-na-tabela\/#primaryimage"},"image":{"@id":"https:\/\/www.notibras.com\/site\/vitoria-vai-a-natal-empata-em-0x0-com-abc-e-ve-lideres-mais-distantes-na-tabela\/#primaryimage"},"thumbnailUrl":"https:\/\/www.notibras.com\/site\/wp-content\/uploads\/2015\/09\/vibc.jpg","datePublished":"2015-09-19T01:35:11+00:00","dateModified":"2015-09-19T03:36:48+00:00","breadcrumb":{"@id":"https:\/\/www.notibras.com\/site\/vitoria-vai-a-natal-empata-em-0x0-com-abc-e-ve-lideres-mais-distantes-na-tabela\/#breadcrumb"},"inLanguage":"pt-BR","potentialAction":[{"@type":"ReadAction","target":["https:\/\/www.notibras.com\/site\/vitoria-vai-a-natal-empata-em-0x0-com-abc-e-ve-lideres-mais-distantes-na-tabela\/"]}]},{"@type":"ImageObject","inLanguage":"pt-BR","@id":"https:\/\/www.notibras.com\/site\/vitoria-vai-a-natal-empata-em-0x0-com-abc-e-ve-lideres-mais-distantes-na-tabela\/#primaryimage","url":"https:\/\/www.notibras.com\/site\/wp-content\/uploads\/2015\/09\/vibc.jpg","contentUrl":"https:\/\/www.notibras.com\/site\/wp-content\/uploads\/2015\/09\/vibc.jpg","width":300,"height":230},{"@type":"BreadcrumbList","@id":"https:\/\/www.notibras.com\/site\/vitoria-vai-a-natal-empata-em-0x0-com-abc-e-ve-lideres-mais-distantes-na-tabela\/#breadcrumb","itemListElement":[{"@type":"ListItem","position":1,"name":"In\u00edcio","item":"https:\/\/www.notibras.com\/site\/"},{"@type":"ListItem","position":2,"name":"Vit\u00f3ria vai a Natal, empata em 0x0 com ABC e v\u00ea l\u00edderes mais distantes na tabela"}]},{"@type":"WebSite","@id":"https:\/\/www.notibras.com\/site\/#website","url":"https:\/\/www.notibras.com\/site\/","name":"Notibras","description":"Not\u00edcias de Bras\u00edlia, do Brasil e do Mundo","publisher":{"@id":"https:\/\/www.notibras.com\/site\/#organization"},"potentialAction":[{"@type":"SearchAction","target":{"@type":"EntryPoint","urlTemplate":"https:\/\/www.notibras.com\/site\/?s={search_term_string}"},"query-input":{"@type":"PropertyValueSpecification","valueRequired":true,"valueName":"search_term_string"}}],"inLanguage":"pt-BR"},{"@type":"Organization","@id":"https:\/\/www.notibras.com\/site\/#organization","name":"Grupo Notibras de Comunica\u00e7\u00e3o","url":"https:\/\/www.notibras.com\/site\/","logo":{"@type":"ImageObject","inLanguage":"pt-BR","@id":"https:\/\/www.notibras.com\/site\/#\/schema\/logo\/image\/","url":"https:\/\/www.notibras.com\/site\/wp-content\/uploads\/2023\/01\/notibras23.png","contentUrl":"https:\/\/www.notibras.com\/site\/wp-content\/uploads\/2023\/01\/notibras23.png","width":350,"height":87,"caption":"Grupo Notibras de Comunica\u00e7\u00e3o"},"image":{"@id":"https:\/\/www.notibras.com\/site\/#\/schema\/logo\/image\/"},"sameAs":["https:\/\/www.facebook.com\/notibras\/","https:\/\/x.com\/Notibras","https:\/\/www.instagram.com\/notibras\/"]},{"@type":"Person","@id":"https:\/\/www.notibras.com\/site\/#\/schema\/person\/36ab0979449956132d3e5b517ea76ac8","name":"Reda\u00e7\u00e3o","image":{"@type":"ImageObject","inLanguage":"pt-BR","@id":"https:\/\/secure.gravatar.com\/avatar\/e0a867bdedb85fd243eadf09663511f96fc81e0720a4a42581f334ad4303aa6b?s=96&d=mm&r=g","url":"https:\/\/secure.gravatar.com\/avatar\/e0a867bdedb85fd243eadf09663511f96fc81e0720a4a42581f334ad4303aa6b?s=96&d=mm&r=g","contentUrl":"https:\/\/secure.gravatar.com\/avatar\/e0a867bdedb85fd243eadf09663511f96fc81e0720a4a42581f334ad4303aa6b?s=96&d=mm&r=g","caption":"Reda\u00e7\u00e3o"}}]}},"amp_enabled":true,"_links":{"self":[{"href":"https:\/\/www.notibras.com\/site\/wp-json\/wp\/v2\/posts\/68574","targetHints":{"allow":["GET"]}}],"collection":[{"href":"https:\/\/www.notibras.com\/site\/wp-json\/wp\/v2\/posts"}],"about":[{"href":"https:\/\/www.notibras.com\/site\/wp-json\/wp\/v2\/types\/post"}],"author":[{"embeddable":true,"href":"https:\/\/www.notibras.com\/site\/wp-json\/wp\/v2\/users\/2"}],"replies":[{"embeddable":true,"href":"https:\/\/www.notibras.com\/site\/wp-json\/wp\/v2\/comments?post=68574"}],"version-history":[{"count":1,"href":"https:\/\/www.notibras.com\/site\/wp-json\/wp\/v2\/posts\/68574\/revisions"}],"predecessor-version":[{"id":68576,"href":"https:\/\/www.notibras.com\/site\/wp-json\/wp\/v2\/posts\/68574\/revisions\/68576"}],"wp:featuredmedia":[{"embeddable":true,"href":"https:\/\/www.notibras.com\/site\/wp-json\/wp\/v2\/media\/68575"}],"wp:attachment":[{"href":"https:\/\/www.notibras.com\/site\/wp-json\/wp\/v2\/media?parent=68574"}],"wp:term":[{"taxonomy":"category","embeddable":true,"href":"https:\/\/www.notibras.com\/site\/wp-json\/wp\/v2\/categories?post=68574"},{"taxonomy":"post_tag","embeddable":true,"href":"https:\/\/www.notibras.com\/site\/wp-json\/wp\/v2\/tags?post=68574"}],"curies":[{"name":"wp","href":"https:\/\/api.w.org\/{rel}","templated":true}]}}