{"id":68577,"date":"2015-09-18T22:09:05","date_gmt":"2015-09-19T01:09:05","guid":{"rendered":"http:\/\/www.notibras.com\/site\/?p=68577"},"modified":"2015-09-19T00:42:32","modified_gmt":"2015-09-19T03:42:32","slug":"atletico-go-sai-na-frente-no-serra-dourada-mas-cede-empate-no-fim-ao-america-mg","status":"publish","type":"post","link":"https:\/\/www.notibras.com\/site\/atletico-go-sai-na-frente-no-serra-dourada-mas-cede-empate-no-fim-ao-america-mg\/","title":{"rendered":"Atl\u00e9tico-GO sai na frente no Serra Dourada mas cede empate no fim ao Am\u00e9rica"},"content":{"rendered":"<p>Jogando no Serra Dourada na noite desta sexta-feira (18) o Atl\u00e9tico-GO cedeu o empate ao Am\u00e9rica-MG, que busca vaga no G-4, com o placar final ficando em 1 a 1.<\/p>\n<p>O resultado deixou o Drag\u00e3o com 31 pontos, na 15\u00aa coloca\u00e7\u00e3o. J\u00e1 o Coelho perdeu a oportunidade de se aproximar dos clubes que brigam pelo acesso. A equipe mineira tem 42 pontos e est\u00e1 na sexta coloca\u00e7\u00e3o.<\/p>\n<p>Ap\u00f3s um primeiro tempo sem gols, a segunda etapa parecia que terminaria tamb\u00e9m empatada. No entanto, aos 41 do segundo tempo, Arthur marcou e abriu o placar no Serra Dourada.<\/p>\n<p>A partida parecia que estava definida, mas o Am\u00e9rica-MG reagiu e, aos 48, em jogada de grande oportunismo do zagueiro Wesley Matos, o Coelho igualou, frustrando o time goiano.<\/p>\n","protected":false},"excerpt":{"rendered":"<p>Jogando no Serra Dourada na noite desta sexta-feira (18) o Atl\u00e9tico-GO cedeu o empate ao Am\u00e9rica-MG, que busca vaga no G-4, com o placar final ficando em 1 a 1. O resultado deixou o Drag\u00e3o com 31 pontos, na 15\u00aa coloca\u00e7\u00e3o. J\u00e1 o Coelho perdeu a oportunidade de se aproximar dos clubes que brigam pelo [&hellip;]<\/p>\n","protected":false},"author":2,"featured_media":68578,"comment_status":"open","ping_status":"closed","sticky":false,"template":"","format":"standard","meta":{"_acf_changed":false,"footnotes":""},"categories":[29],"tags":[],"class_list":["post-68577","post","type-post","status-publish","format-standard","has-post-thumbnail","hentry","category-futebol"],"acf":[],"yoast_head":"<!-- This site is optimized with the Yoast SEO plugin v27.2 - https:\/\/yoast.com\/product\/yoast-seo-wordpress\/ -->\n<title>Atl\u00e9tico-GO sai na frente no Serra Dourada mas cede empate no fim ao Am\u00e9rica - Notibras<\/title>\n<meta name=\"robots\" content=\"index, follow, max-snippet:-1, max-image-preview:large, max-video-preview:-1\" \/>\n<link rel=\"canonical\" href=\"https:\/\/www.notibras.com\/site\/atletico-go-sai-na-frente-no-serra-dourada-mas-cede-empate-no-fim-ao-america-mg\/\" \/>\n<meta property=\"og:locale\" content=\"pt_BR\" \/>\n<meta property=\"og:type\" content=\"article\" \/>\n<meta property=\"og:title\" content=\"Atl\u00e9tico-GO sai na frente no Serra Dourada mas cede empate no fim ao Am\u00e9rica - Notibras\" \/>\n<meta property=\"og:description\" content=\"Jogando no Serra Dourada na noite desta sexta-feira (18) o Atl\u00e9tico-GO cedeu o empate ao Am\u00e9rica-MG, que busca vaga no G-4, com o placar final ficando em 1 a 1. O resultado deixou o Drag\u00e3o com 31 pontos, na 15\u00aa coloca\u00e7\u00e3o. J\u00e1 o Coelho perdeu a oportunidade de se aproximar dos clubes que brigam pelo [&hellip;]\" \/>\n<meta property=\"og:url\" content=\"https:\/\/www.notibras.com\/site\/atletico-go-sai-na-frente-no-serra-dourada-mas-cede-empate-no-fim-ao-america-mg\/\" \/>\n<meta property=\"og:site_name\" content=\"Notibras\" \/>\n<meta property=\"article:publisher\" content=\"https:\/\/www.facebook.com\/notibras\/\" \/>\n<meta property=\"article:published_time\" content=\"2015-09-19T01:09:05+00:00\" \/>\n<meta property=\"article:modified_time\" content=\"2015-09-19T03:42:32+00:00\" \/>\n<meta property=\"og:image\" content=\"https:\/\/www.notibras.com\/site\/wp-content\/uploads\/2015\/09\/atle..jpg\" \/>\n\t<meta property=\"og:image:width\" content=\"622\" \/>\n\t<meta property=\"og:image:height\" content=\"350\" \/>\n\t<meta property=\"og:image:type\" content=\"image\/jpeg\" \/>\n<meta name=\"author\" content=\"Reda\u00e7\u00e3o\" \/>\n<meta name=\"twitter:card\" content=\"summary_large_image\" \/>\n<meta name=\"twitter:creator\" content=\"@Notibras\" \/>\n<meta name=\"twitter:site\" content=\"@Notibras\" \/>\n<meta name=\"twitter:label1\" content=\"Escrito por\" \/>\n\t<meta name=\"twitter:data1\" content=\"Reda\u00e7\u00e3o\" \/>\n\t<meta name=\"twitter:label2\" content=\"Est. tempo de leitura\" \/>\n\t<meta name=\"twitter:data2\" content=\"1 minuto\" \/>\n<script type=\"application\/ld+json\" class=\"yoast-schema-graph\">{\"@context\":\"https:\/\/schema.org\",\"@graph\":[{\"@type\":\"Article\",\"@id\":\"https:\/\/www.notibras.com\/site\/atletico-go-sai-na-frente-no-serra-dourada-mas-cede-empate-no-fim-ao-america-mg\/#article\",\"isPartOf\":{\"@id\":\"https:\/\/www.notibras.com\/site\/atletico-go-sai-na-frente-no-serra-dourada-mas-cede-empate-no-fim-ao-america-mg\/\"},\"author\":{\"name\":\"Reda\u00e7\u00e3o\",\"@id\":\"https:\/\/www.notibras.com\/site\/#\/schema\/person\/36ab0979449956132d3e5b517ea76ac8\"},\"headline\":\"Atl\u00e9tico-GO sai na frente no Serra Dourada mas cede empate no fim ao Am\u00e9rica\",\"datePublished\":\"2015-09-19T01:09:05+00:00\",\"dateModified\":\"2015-09-19T03:42:32+00:00\",\"mainEntityOfPage\":{\"@id\":\"https:\/\/www.notibras.com\/site\/atletico-go-sai-na-frente-no-serra-dourada-mas-cede-empate-no-fim-ao-america-mg\/\"},\"wordCount\":142,\"commentCount\":0,\"publisher\":{\"@id\":\"https:\/\/www.notibras.com\/site\/#organization\"},\"image\":{\"@id\":\"https:\/\/www.notibras.com\/site\/atletico-go-sai-na-frente-no-serra-dourada-mas-cede-empate-no-fim-ao-america-mg\/#primaryimage\"},\"thumbnailUrl\":\"https:\/\/www.notibras.com\/site\/wp-content\/uploads\/2015\/09\/atle..jpg\",\"articleSection\":[\"Futebol\"],\"inLanguage\":\"pt-BR\",\"potentialAction\":[{\"@type\":\"CommentAction\",\"name\":\"Comment\",\"target\":[\"https:\/\/www.notibras.com\/site\/atletico-go-sai-na-frente-no-serra-dourada-mas-cede-empate-no-fim-ao-america-mg\/#respond\"]}]},{\"@type\":\"WebPage\",\"@id\":\"https:\/\/www.notibras.com\/site\/atletico-go-sai-na-frente-no-serra-dourada-mas-cede-empate-no-fim-ao-america-mg\/\",\"url\":\"https:\/\/www.notibras.com\/site\/atletico-go-sai-na-frente-no-serra-dourada-mas-cede-empate-no-fim-ao-america-mg\/\",\"name\":\"Atl\u00e9tico-GO sai na frente no Serra Dourada mas cede empate no fim ao Am\u00e9rica - Notibras\",\"isPartOf\":{\"@id\":\"https:\/\/www.notibras.com\/site\/#website\"},\"primaryImageOfPage\":{\"@id\":\"https:\/\/www.notibras.com\/site\/atletico-go-sai-na-frente-no-serra-dourada-mas-cede-empate-no-fim-ao-america-mg\/#primaryimage\"},\"image\":{\"@id\":\"https:\/\/www.notibras.com\/site\/atletico-go-sai-na-frente-no-serra-dourada-mas-cede-empate-no-fim-ao-america-mg\/#primaryimage\"},\"thumbnailUrl\":\"https:\/\/www.notibras.com\/site\/wp-content\/uploads\/2015\/09\/atle..jpg\",\"datePublished\":\"2015-09-19T01:09:05+00:00\",\"dateModified\":\"2015-09-19T03:42:32+00:00\",\"breadcrumb\":{\"@id\":\"https:\/\/www.notibras.com\/site\/atletico-go-sai-na-frente-no-serra-dourada-mas-cede-empate-no-fim-ao-america-mg\/#breadcrumb\"},\"inLanguage\":\"pt-BR\",\"potentialAction\":[{\"@type\":\"ReadAction\",\"target\":[\"https:\/\/www.notibras.com\/site\/atletico-go-sai-na-frente-no-serra-dourada-mas-cede-empate-no-fim-ao-america-mg\/\"]}]},{\"@type\":\"ImageObject\",\"inLanguage\":\"pt-BR\",\"@id\":\"https:\/\/www.notibras.com\/site\/atletico-go-sai-na-frente-no-serra-dourada-mas-cede-empate-no-fim-ao-america-mg\/#primaryimage\",\"url\":\"https:\/\/www.notibras.com\/site\/wp-content\/uploads\/2015\/09\/atle..jpg\",\"contentUrl\":\"https:\/\/www.notibras.com\/site\/wp-content\/uploads\/2015\/09\/atle..jpg\",\"width\":622,\"height\":350},{\"@type\":\"BreadcrumbList\",\"@id\":\"https:\/\/www.notibras.com\/site\/atletico-go-sai-na-frente-no-serra-dourada-mas-cede-empate-no-fim-ao-america-mg\/#breadcrumb\",\"itemListElement\":[{\"@type\":\"ListItem\",\"position\":1,\"name\":\"In\u00edcio\",\"item\":\"https:\/\/www.notibras.com\/site\/\"},{\"@type\":\"ListItem\",\"position\":2,\"name\":\"Atl\u00e9tico-GO sai na frente no Serra Dourada mas cede empate no fim ao Am\u00e9rica\"}]},{\"@type\":\"WebSite\",\"@id\":\"https:\/\/www.notibras.com\/site\/#website\",\"url\":\"https:\/\/www.notibras.com\/site\/\",\"name\":\"Notibras\",\"description\":\"Not\u00edcias de Bras\u00edlia, do Brasil e do Mundo\",\"publisher\":{\"@id\":\"https:\/\/www.notibras.com\/site\/#organization\"},\"potentialAction\":[{\"@type\":\"SearchAction\",\"target\":{\"@type\":\"EntryPoint\",\"urlTemplate\":\"https:\/\/www.notibras.com\/site\/?s={search_term_string}\"},\"query-input\":{\"@type\":\"PropertyValueSpecification\",\"valueRequired\":true,\"valueName\":\"search_term_string\"}}],\"inLanguage\":\"pt-BR\"},{\"@type\":\"Organization\",\"@id\":\"https:\/\/www.notibras.com\/site\/#organization\",\"name\":\"Grupo Notibras de Comunica\u00e7\u00e3o\",\"url\":\"https:\/\/www.notibras.com\/site\/\",\"logo\":{\"@type\":\"ImageObject\",\"inLanguage\":\"pt-BR\",\"@id\":\"https:\/\/www.notibras.com\/site\/#\/schema\/logo\/image\/\",\"url\":\"https:\/\/www.notibras.com\/site\/wp-content\/uploads\/2023\/01\/notibras23.png\",\"contentUrl\":\"https:\/\/www.notibras.com\/site\/wp-content\/uploads\/2023\/01\/notibras23.png\",\"width\":350,\"height\":87,\"caption\":\"Grupo Notibras de Comunica\u00e7\u00e3o\"},\"image\":{\"@id\":\"https:\/\/www.notibras.com\/site\/#\/schema\/logo\/image\/\"},\"sameAs\":[\"https:\/\/www.facebook.com\/notibras\/\",\"https:\/\/x.com\/Notibras\",\"https:\/\/www.instagram.com\/notibras\/\"]},{\"@type\":\"Person\",\"@id\":\"https:\/\/www.notibras.com\/site\/#\/schema\/person\/36ab0979449956132d3e5b517ea76ac8\",\"name\":\"Reda\u00e7\u00e3o\",\"image\":{\"@type\":\"ImageObject\",\"inLanguage\":\"pt-BR\",\"@id\":\"https:\/\/secure.gravatar.com\/avatar\/e0a867bdedb85fd243eadf09663511f96fc81e0720a4a42581f334ad4303aa6b?s=96&d=mm&r=g\",\"url\":\"https:\/\/secure.gravatar.com\/avatar\/e0a867bdedb85fd243eadf09663511f96fc81e0720a4a42581f334ad4303aa6b?s=96&d=mm&r=g\",\"contentUrl\":\"https:\/\/secure.gravatar.com\/avatar\/e0a867bdedb85fd243eadf09663511f96fc81e0720a4a42581f334ad4303aa6b?s=96&d=mm&r=g\",\"caption\":\"Reda\u00e7\u00e3o\"}}]}<\/script>\n<!-- \/ Yoast SEO plugin. -->","yoast_head_json":{"title":"Atl\u00e9tico-GO sai na frente no Serra Dourada mas cede empate no fim ao Am\u00e9rica - Notibras","robots":{"index":"index","follow":"follow","max-snippet":"max-snippet:-1","max-image-preview":"max-image-preview:large","max-video-preview":"max-video-preview:-1"},"canonical":"https:\/\/www.notibras.com\/site\/atletico-go-sai-na-frente-no-serra-dourada-mas-cede-empate-no-fim-ao-america-mg\/","og_locale":"pt_BR","og_type":"article","og_title":"Atl\u00e9tico-GO sai na frente no Serra Dourada mas cede empate no fim ao Am\u00e9rica - Notibras","og_description":"Jogando no Serra Dourada na noite desta sexta-feira (18) o Atl\u00e9tico-GO cedeu o empate ao Am\u00e9rica-MG, que busca vaga no G-4, com o placar final ficando em 1 a 1. O resultado deixou o Drag\u00e3o com 31 pontos, na 15\u00aa coloca\u00e7\u00e3o. J\u00e1 o Coelho perdeu a oportunidade de se aproximar dos clubes que brigam pelo [&hellip;]","og_url":"https:\/\/www.notibras.com\/site\/atletico-go-sai-na-frente-no-serra-dourada-mas-cede-empate-no-fim-ao-america-mg\/","og_site_name":"Notibras","article_publisher":"https:\/\/www.facebook.com\/notibras\/","article_published_time":"2015-09-19T01:09:05+00:00","article_modified_time":"2015-09-19T03:42:32+00:00","og_image":[{"width":622,"height":350,"url":"https:\/\/www.notibras.com\/site\/wp-content\/uploads\/2015\/09\/atle..jpg","type":"image\/jpeg"}],"author":"Reda\u00e7\u00e3o","twitter_card":"summary_large_image","twitter_creator":"@Notibras","twitter_site":"@Notibras","twitter_misc":{"Escrito por":"Reda\u00e7\u00e3o","Est. tempo de leitura":"1 minuto"},"schema":{"@context":"https:\/\/schema.org","@graph":[{"@type":"Article","@id":"https:\/\/www.notibras.com\/site\/atletico-go-sai-na-frente-no-serra-dourada-mas-cede-empate-no-fim-ao-america-mg\/#article","isPartOf":{"@id":"https:\/\/www.notibras.com\/site\/atletico-go-sai-na-frente-no-serra-dourada-mas-cede-empate-no-fim-ao-america-mg\/"},"author":{"name":"Reda\u00e7\u00e3o","@id":"https:\/\/www.notibras.com\/site\/#\/schema\/person\/36ab0979449956132d3e5b517ea76ac8"},"headline":"Atl\u00e9tico-GO sai na frente no Serra Dourada mas cede empate no fim ao Am\u00e9rica","datePublished":"2015-09-19T01:09:05+00:00","dateModified":"2015-09-19T03:42:32+00:00","mainEntityOfPage":{"@id":"https:\/\/www.notibras.com\/site\/atletico-go-sai-na-frente-no-serra-dourada-mas-cede-empate-no-fim-ao-america-mg\/"},"wordCount":142,"commentCount":0,"publisher":{"@id":"https:\/\/www.notibras.com\/site\/#organization"},"image":{"@id":"https:\/\/www.notibras.com\/site\/atletico-go-sai-na-frente-no-serra-dourada-mas-cede-empate-no-fim-ao-america-mg\/#primaryimage"},"thumbnailUrl":"https:\/\/www.notibras.com\/site\/wp-content\/uploads\/2015\/09\/atle..jpg","articleSection":["Futebol"],"inLanguage":"pt-BR","potentialAction":[{"@type":"CommentAction","name":"Comment","target":["https:\/\/www.notibras.com\/site\/atletico-go-sai-na-frente-no-serra-dourada-mas-cede-empate-no-fim-ao-america-mg\/#respond"]}]},{"@type":"WebPage","@id":"https:\/\/www.notibras.com\/site\/atletico-go-sai-na-frente-no-serra-dourada-mas-cede-empate-no-fim-ao-america-mg\/","url":"https:\/\/www.notibras.com\/site\/atletico-go-sai-na-frente-no-serra-dourada-mas-cede-empate-no-fim-ao-america-mg\/","name":"Atl\u00e9tico-GO sai na frente no Serra Dourada mas cede empate no fim ao Am\u00e9rica - Notibras","isPartOf":{"@id":"https:\/\/www.notibras.com\/site\/#website"},"primaryImageOfPage":{"@id":"https:\/\/www.notibras.com\/site\/atletico-go-sai-na-frente-no-serra-dourada-mas-cede-empate-no-fim-ao-america-mg\/#primaryimage"},"image":{"@id":"https:\/\/www.notibras.com\/site\/atletico-go-sai-na-frente-no-serra-dourada-mas-cede-empate-no-fim-ao-america-mg\/#primaryimage"},"thumbnailUrl":"https:\/\/www.notibras.com\/site\/wp-content\/uploads\/2015\/09\/atle..jpg","datePublished":"2015-09-19T01:09:05+00:00","dateModified":"2015-09-19T03:42:32+00:00","breadcrumb":{"@id":"https:\/\/www.notibras.com\/site\/atletico-go-sai-na-frente-no-serra-dourada-mas-cede-empate-no-fim-ao-america-mg\/#breadcrumb"},"inLanguage":"pt-BR","potentialAction":[{"@type":"ReadAction","target":["https:\/\/www.notibras.com\/site\/atletico-go-sai-na-frente-no-serra-dourada-mas-cede-empate-no-fim-ao-america-mg\/"]}]},{"@type":"ImageObject","inLanguage":"pt-BR","@id":"https:\/\/www.notibras.com\/site\/atletico-go-sai-na-frente-no-serra-dourada-mas-cede-empate-no-fim-ao-america-mg\/#primaryimage","url":"https:\/\/www.notibras.com\/site\/wp-content\/uploads\/2015\/09\/atle..jpg","contentUrl":"https:\/\/www.notibras.com\/site\/wp-content\/uploads\/2015\/09\/atle..jpg","width":622,"height":350},{"@type":"BreadcrumbList","@id":"https:\/\/www.notibras.com\/site\/atletico-go-sai-na-frente-no-serra-dourada-mas-cede-empate-no-fim-ao-america-mg\/#breadcrumb","itemListElement":[{"@type":"ListItem","position":1,"name":"In\u00edcio","item":"https:\/\/www.notibras.com\/site\/"},{"@type":"ListItem","position":2,"name":"Atl\u00e9tico-GO sai na frente no Serra Dourada mas cede empate no fim ao Am\u00e9rica"}]},{"@type":"WebSite","@id":"https:\/\/www.notibras.com\/site\/#website","url":"https:\/\/www.notibras.com\/site\/","name":"Notibras","description":"Not\u00edcias de Bras\u00edlia, do Brasil e do Mundo","publisher":{"@id":"https:\/\/www.notibras.com\/site\/#organization"},"potentialAction":[{"@type":"SearchAction","target":{"@type":"EntryPoint","urlTemplate":"https:\/\/www.notibras.com\/site\/?s={search_term_string}"},"query-input":{"@type":"PropertyValueSpecification","valueRequired":true,"valueName":"search_term_string"}}],"inLanguage":"pt-BR"},{"@type":"Organization","@id":"https:\/\/www.notibras.com\/site\/#organization","name":"Grupo Notibras de Comunica\u00e7\u00e3o","url":"https:\/\/www.notibras.com\/site\/","logo":{"@type":"ImageObject","inLanguage":"pt-BR","@id":"https:\/\/www.notibras.com\/site\/#\/schema\/logo\/image\/","url":"https:\/\/www.notibras.com\/site\/wp-content\/uploads\/2023\/01\/notibras23.png","contentUrl":"https:\/\/www.notibras.com\/site\/wp-content\/uploads\/2023\/01\/notibras23.png","width":350,"height":87,"caption":"Grupo Notibras de Comunica\u00e7\u00e3o"},"image":{"@id":"https:\/\/www.notibras.com\/site\/#\/schema\/logo\/image\/"},"sameAs":["https:\/\/www.facebook.com\/notibras\/","https:\/\/x.com\/Notibras","https:\/\/www.instagram.com\/notibras\/"]},{"@type":"Person","@id":"https:\/\/www.notibras.com\/site\/#\/schema\/person\/36ab0979449956132d3e5b517ea76ac8","name":"Reda\u00e7\u00e3o","image":{"@type":"ImageObject","inLanguage":"pt-BR","@id":"https:\/\/secure.gravatar.com\/avatar\/e0a867bdedb85fd243eadf09663511f96fc81e0720a4a42581f334ad4303aa6b?s=96&d=mm&r=g","url":"https:\/\/secure.gravatar.com\/avatar\/e0a867bdedb85fd243eadf09663511f96fc81e0720a4a42581f334ad4303aa6b?s=96&d=mm&r=g","contentUrl":"https:\/\/secure.gravatar.com\/avatar\/e0a867bdedb85fd243eadf09663511f96fc81e0720a4a42581f334ad4303aa6b?s=96&d=mm&r=g","caption":"Reda\u00e7\u00e3o"}}]}},"amp_enabled":true,"_links":{"self":[{"href":"https:\/\/www.notibras.com\/site\/wp-json\/wp\/v2\/posts\/68577","targetHints":{"allow":["GET"]}}],"collection":[{"href":"https:\/\/www.notibras.com\/site\/wp-json\/wp\/v2\/posts"}],"about":[{"href":"https:\/\/www.notibras.com\/site\/wp-json\/wp\/v2\/types\/post"}],"author":[{"embeddable":true,"href":"https:\/\/www.notibras.com\/site\/wp-json\/wp\/v2\/users\/2"}],"replies":[{"embeddable":true,"href":"https:\/\/www.notibras.com\/site\/wp-json\/wp\/v2\/comments?post=68577"}],"version-history":[{"count":2,"href":"https:\/\/www.notibras.com\/site\/wp-json\/wp\/v2\/posts\/68577\/revisions"}],"predecessor-version":[{"id":68580,"href":"https:\/\/www.notibras.com\/site\/wp-json\/wp\/v2\/posts\/68577\/revisions\/68580"}],"wp:featuredmedia":[{"embeddable":true,"href":"https:\/\/www.notibras.com\/site\/wp-json\/wp\/v2\/media\/68578"}],"wp:attachment":[{"href":"https:\/\/www.notibras.com\/site\/wp-json\/wp\/v2\/media?parent=68577"}],"wp:term":[{"taxonomy":"category","embeddable":true,"href":"https:\/\/www.notibras.com\/site\/wp-json\/wp\/v2\/categories?post=68577"},{"taxonomy":"post_tag","embeddable":true,"href":"https:\/\/www.notibras.com\/site\/wp-json\/wp\/v2\/tags?post=68577"}],"curies":[{"name":"wp","href":"https:\/\/api.w.org\/{rel}","templated":true}]}}