{"id":68654,"date":"2015-09-19T20:44:48","date_gmt":"2015-09-19T23:44:48","guid":{"rendered":"http:\/\/www.notibras.com\/site\/?p=68654"},"modified":"2015-09-19T23:04:33","modified_gmt":"2015-09-20T02:04:33","slug":"figueirense-barra-ascensao-do-inter-que-amarga-empate-em-casa","status":"publish","type":"post","link":"https:\/\/www.notibras.com\/site\/figueirense-barra-ascensao-do-inter-que-amarga-empate-em-casa\/","title":{"rendered":"Figueirense barra ascens\u00e3o do Internacional, que amarga um empate em casa"},"content":{"rendered":"<p>A s\u00e9rie de vit\u00f3rias seguidas do Internacional terminou neste s\u00e1bado (19). No reencontro de Argel com o Figueirense, o Colorado saiu na frente, mas jogou pouco e cedeu o empate. Placar de 1 a 1, com os gols de Alex, em cobran\u00e7a de p\u00eanalti, e Thiago Santana. O resultado breca a ascens\u00e3o do time ga\u00facho, que chegou a enfileirar tr\u00eas triunfos consecutivos no Brasileir\u00e3o e sonhou com um ingresso no G4.<\/p>\n<p>Ap\u00f3s as derrotas de Flamengo e o empate do S\u00e3o Paulo, o Internacional ficou perto da zona de classifica\u00e7\u00e3o a Copa Libertadores. Era preciso vencer a antiga equipe de Argel Fucks para depois secar advers\u00e1rios diretos e aparecer no topo da tabela. Mas n\u00e3o deu certo, o rendimento foi fraco e a dist\u00e2ncia que era de um ponto passa a ser de tr\u00eas (com a vit\u00f3ria do Palmeiras) e pode aumentar com os demais jogos da rodada.<\/p>\n<p>O resultado no est\u00e1dio Beira-Rio foi justo. A escala\u00e7\u00e3o com dois centroavantes deixou o Inter pesado. Previs\u00edvel. Sem D&#8217;Alessandro e Eduardo Sasha e com Vald\u00edvia no banco, o Colorado s\u00f3 conseguiu marcar um gol de p\u00eanalti. Na etapa final, o Figueirense fez for\u00e7a e conseguiu empatar.<\/p>\n<p>Com o placar, o Internacional vai aos 41 pontos e aguarda o complemento da 27\u00aa rodada para saber sua posi\u00e7\u00e3o. O Figueirense, com o t\u00e9cnico interino Hudson Coutinho, chega aos 28 pontos e continua na zona do rebaixamento.<\/p>\n<p>Na pr\u00f3xima rodada o Internacional visita o Santos, \u00e0s 11h (Bras\u00edlia) e o Figueirense recebe o Corinthians &#8211; ambos os jogos no dia 27 de setembro, mas o Colorado atuando \u00e0s 11h e os catarinenses \u00e0s 16h. S\u00f3 que antes disto, ambos os times voltar\u00e3o a jogar a Copa do Brasil. Na quarta-feira, a equipe de Argel recebe o Palmeiras e o time de Floripa mede for\u00e7as com o Santos no Orlando Scarpelli.<\/p>\n","protected":false},"excerpt":{"rendered":"<p>A s\u00e9rie de vit\u00f3rias seguidas do Internacional terminou neste s\u00e1bado (19). No reencontro de Argel com o Figueirense, o Colorado saiu na frente, mas jogou pouco e cedeu o empate. Placar de 1 a 1, com os gols de Alex, em cobran\u00e7a de p\u00eanalti, e Thiago Santana. O resultado breca a ascens\u00e3o do time ga\u00facho, [&hellip;]<\/p>\n","protected":false},"author":2,"featured_media":68655,"comment_status":"open","ping_status":"closed","sticky":false,"template":"","format":"standard","meta":{"_acf_changed":false,"footnotes":""},"categories":[29],"tags":[],"class_list":["post-68654","post","type-post","status-publish","format-standard","has-post-thumbnail","hentry","category-futebol"],"acf":[],"yoast_head":"<!-- This site is optimized with the Yoast SEO plugin v27.2 - https:\/\/yoast.com\/product\/yoast-seo-wordpress\/ -->\n<title>Figueirense barra ascens\u00e3o do Internacional, que amarga um empate em casa - Notibras<\/title>\n<meta name=\"robots\" content=\"index, follow, max-snippet:-1, max-image-preview:large, max-video-preview:-1\" \/>\n<link rel=\"canonical\" href=\"https:\/\/www.notibras.com\/site\/figueirense-barra-ascensao-do-inter-que-amarga-empate-em-casa\/\" \/>\n<meta property=\"og:locale\" content=\"pt_BR\" \/>\n<meta property=\"og:type\" content=\"article\" \/>\n<meta property=\"og:title\" content=\"Figueirense barra ascens\u00e3o do Internacional, que amarga um empate em casa - Notibras\" \/>\n<meta property=\"og:description\" content=\"A s\u00e9rie de vit\u00f3rias seguidas do Internacional terminou neste s\u00e1bado (19). No reencontro de Argel com o Figueirense, o Colorado saiu na frente, mas jogou pouco e cedeu o empate. Placar de 1 a 1, com os gols de Alex, em cobran\u00e7a de p\u00eanalti, e Thiago Santana. O resultado breca a ascens\u00e3o do time ga\u00facho, [&hellip;]\" \/>\n<meta property=\"og:url\" content=\"https:\/\/www.notibras.com\/site\/figueirense-barra-ascensao-do-inter-que-amarga-empate-em-casa\/\" \/>\n<meta property=\"og:site_name\" content=\"Notibras\" \/>\n<meta property=\"article:publisher\" content=\"https:\/\/www.facebook.com\/notibras\/\" \/>\n<meta property=\"article:published_time\" content=\"2015-09-19T23:44:48+00:00\" \/>\n<meta property=\"article:modified_time\" content=\"2015-09-20T02:04:33+00:00\" \/>\n<meta property=\"og:image\" content=\"https:\/\/www.notibras.com\/site\/wp-content\/uploads\/2015\/09\/rafain.jpg\" \/>\n\t<meta property=\"og:image:width\" content=\"645\" \/>\n\t<meta property=\"og:image:height\" content=\"492\" \/>\n\t<meta property=\"og:image:type\" content=\"image\/jpeg\" \/>\n<meta name=\"author\" content=\"Reda\u00e7\u00e3o\" \/>\n<meta name=\"twitter:card\" content=\"summary_large_image\" \/>\n<meta name=\"twitter:creator\" content=\"@Notibras\" \/>\n<meta name=\"twitter:site\" content=\"@Notibras\" \/>\n<meta name=\"twitter:label1\" content=\"Escrito por\" \/>\n\t<meta name=\"twitter:data1\" content=\"Reda\u00e7\u00e3o\" \/>\n\t<meta name=\"twitter:label2\" content=\"Est. tempo de leitura\" \/>\n\t<meta name=\"twitter:data2\" content=\"2 minutos\" \/>\n<script type=\"application\/ld+json\" class=\"yoast-schema-graph\">{\"@context\":\"https:\/\/schema.org\",\"@graph\":[{\"@type\":\"Article\",\"@id\":\"https:\/\/www.notibras.com\/site\/figueirense-barra-ascensao-do-inter-que-amarga-empate-em-casa\/#article\",\"isPartOf\":{\"@id\":\"https:\/\/www.notibras.com\/site\/figueirense-barra-ascensao-do-inter-que-amarga-empate-em-casa\/\"},\"author\":{\"name\":\"Reda\u00e7\u00e3o\",\"@id\":\"https:\/\/www.notibras.com\/site\/#\/schema\/person\/36ab0979449956132d3e5b517ea76ac8\"},\"headline\":\"Figueirense barra ascens\u00e3o do Internacional, que amarga um empate em casa\",\"datePublished\":\"2015-09-19T23:44:48+00:00\",\"dateModified\":\"2015-09-20T02:04:33+00:00\",\"mainEntityOfPage\":{\"@id\":\"https:\/\/www.notibras.com\/site\/figueirense-barra-ascensao-do-inter-que-amarga-empate-em-casa\/\"},\"wordCount\":339,\"commentCount\":0,\"publisher\":{\"@id\":\"https:\/\/www.notibras.com\/site\/#organization\"},\"image\":{\"@id\":\"https:\/\/www.notibras.com\/site\/figueirense-barra-ascensao-do-inter-que-amarga-empate-em-casa\/#primaryimage\"},\"thumbnailUrl\":\"https:\/\/www.notibras.com\/site\/wp-content\/uploads\/2015\/09\/rafain.jpg\",\"articleSection\":[\"Futebol\"],\"inLanguage\":\"pt-BR\",\"potentialAction\":[{\"@type\":\"CommentAction\",\"name\":\"Comment\",\"target\":[\"https:\/\/www.notibras.com\/site\/figueirense-barra-ascensao-do-inter-que-amarga-empate-em-casa\/#respond\"]}]},{\"@type\":\"WebPage\",\"@id\":\"https:\/\/www.notibras.com\/site\/figueirense-barra-ascensao-do-inter-que-amarga-empate-em-casa\/\",\"url\":\"https:\/\/www.notibras.com\/site\/figueirense-barra-ascensao-do-inter-que-amarga-empate-em-casa\/\",\"name\":\"Figueirense barra ascens\u00e3o do Internacional, que amarga um empate em casa - Notibras\",\"isPartOf\":{\"@id\":\"https:\/\/www.notibras.com\/site\/#website\"},\"primaryImageOfPage\":{\"@id\":\"https:\/\/www.notibras.com\/site\/figueirense-barra-ascensao-do-inter-que-amarga-empate-em-casa\/#primaryimage\"},\"image\":{\"@id\":\"https:\/\/www.notibras.com\/site\/figueirense-barra-ascensao-do-inter-que-amarga-empate-em-casa\/#primaryimage\"},\"thumbnailUrl\":\"https:\/\/www.notibras.com\/site\/wp-content\/uploads\/2015\/09\/rafain.jpg\",\"datePublished\":\"2015-09-19T23:44:48+00:00\",\"dateModified\":\"2015-09-20T02:04:33+00:00\",\"breadcrumb\":{\"@id\":\"https:\/\/www.notibras.com\/site\/figueirense-barra-ascensao-do-inter-que-amarga-empate-em-casa\/#breadcrumb\"},\"inLanguage\":\"pt-BR\",\"potentialAction\":[{\"@type\":\"ReadAction\",\"target\":[\"https:\/\/www.notibras.com\/site\/figueirense-barra-ascensao-do-inter-que-amarga-empate-em-casa\/\"]}]},{\"@type\":\"ImageObject\",\"inLanguage\":\"pt-BR\",\"@id\":\"https:\/\/www.notibras.com\/site\/figueirense-barra-ascensao-do-inter-que-amarga-empate-em-casa\/#primaryimage\",\"url\":\"https:\/\/www.notibras.com\/site\/wp-content\/uploads\/2015\/09\/rafain.jpg\",\"contentUrl\":\"https:\/\/www.notibras.com\/site\/wp-content\/uploads\/2015\/09\/rafain.jpg\",\"width\":645,\"height\":492},{\"@type\":\"BreadcrumbList\",\"@id\":\"https:\/\/www.notibras.com\/site\/figueirense-barra-ascensao-do-inter-que-amarga-empate-em-casa\/#breadcrumb\",\"itemListElement\":[{\"@type\":\"ListItem\",\"position\":1,\"name\":\"In\u00edcio\",\"item\":\"https:\/\/www.notibras.com\/site\/\"},{\"@type\":\"ListItem\",\"position\":2,\"name\":\"Figueirense barra ascens\u00e3o do Internacional, que amarga um empate em casa\"}]},{\"@type\":\"WebSite\",\"@id\":\"https:\/\/www.notibras.com\/site\/#website\",\"url\":\"https:\/\/www.notibras.com\/site\/\",\"name\":\"Notibras\",\"description\":\"Not\u00edcias de Bras\u00edlia, do Brasil e do Mundo\",\"publisher\":{\"@id\":\"https:\/\/www.notibras.com\/site\/#organization\"},\"potentialAction\":[{\"@type\":\"SearchAction\",\"target\":{\"@type\":\"EntryPoint\",\"urlTemplate\":\"https:\/\/www.notibras.com\/site\/?s={search_term_string}\"},\"query-input\":{\"@type\":\"PropertyValueSpecification\",\"valueRequired\":true,\"valueName\":\"search_term_string\"}}],\"inLanguage\":\"pt-BR\"},{\"@type\":\"Organization\",\"@id\":\"https:\/\/www.notibras.com\/site\/#organization\",\"name\":\"Grupo Notibras de Comunica\u00e7\u00e3o\",\"url\":\"https:\/\/www.notibras.com\/site\/\",\"logo\":{\"@type\":\"ImageObject\",\"inLanguage\":\"pt-BR\",\"@id\":\"https:\/\/www.notibras.com\/site\/#\/schema\/logo\/image\/\",\"url\":\"https:\/\/www.notibras.com\/site\/wp-content\/uploads\/2023\/01\/notibras23.png\",\"contentUrl\":\"https:\/\/www.notibras.com\/site\/wp-content\/uploads\/2023\/01\/notibras23.png\",\"width\":350,\"height\":87,\"caption\":\"Grupo Notibras de Comunica\u00e7\u00e3o\"},\"image\":{\"@id\":\"https:\/\/www.notibras.com\/site\/#\/schema\/logo\/image\/\"},\"sameAs\":[\"https:\/\/www.facebook.com\/notibras\/\",\"https:\/\/x.com\/Notibras\",\"https:\/\/www.instagram.com\/notibras\/\"]},{\"@type\":\"Person\",\"@id\":\"https:\/\/www.notibras.com\/site\/#\/schema\/person\/36ab0979449956132d3e5b517ea76ac8\",\"name\":\"Reda\u00e7\u00e3o\",\"image\":{\"@type\":\"ImageObject\",\"inLanguage\":\"pt-BR\",\"@id\":\"https:\/\/secure.gravatar.com\/avatar\/e0a867bdedb85fd243eadf09663511f96fc81e0720a4a42581f334ad4303aa6b?s=96&d=mm&r=g\",\"url\":\"https:\/\/secure.gravatar.com\/avatar\/e0a867bdedb85fd243eadf09663511f96fc81e0720a4a42581f334ad4303aa6b?s=96&d=mm&r=g\",\"contentUrl\":\"https:\/\/secure.gravatar.com\/avatar\/e0a867bdedb85fd243eadf09663511f96fc81e0720a4a42581f334ad4303aa6b?s=96&d=mm&r=g\",\"caption\":\"Reda\u00e7\u00e3o\"}}]}<\/script>\n<!-- \/ Yoast SEO plugin. -->","yoast_head_json":{"title":"Figueirense barra ascens\u00e3o do Internacional, que amarga um empate em casa - Notibras","robots":{"index":"index","follow":"follow","max-snippet":"max-snippet:-1","max-image-preview":"max-image-preview:large","max-video-preview":"max-video-preview:-1"},"canonical":"https:\/\/www.notibras.com\/site\/figueirense-barra-ascensao-do-inter-que-amarga-empate-em-casa\/","og_locale":"pt_BR","og_type":"article","og_title":"Figueirense barra ascens\u00e3o do Internacional, que amarga um empate em casa - Notibras","og_description":"A s\u00e9rie de vit\u00f3rias seguidas do Internacional terminou neste s\u00e1bado (19). No reencontro de Argel com o Figueirense, o Colorado saiu na frente, mas jogou pouco e cedeu o empate. Placar de 1 a 1, com os gols de Alex, em cobran\u00e7a de p\u00eanalti, e Thiago Santana. O resultado breca a ascens\u00e3o do time ga\u00facho, [&hellip;]","og_url":"https:\/\/www.notibras.com\/site\/figueirense-barra-ascensao-do-inter-que-amarga-empate-em-casa\/","og_site_name":"Notibras","article_publisher":"https:\/\/www.facebook.com\/notibras\/","article_published_time":"2015-09-19T23:44:48+00:00","article_modified_time":"2015-09-20T02:04:33+00:00","og_image":[{"width":645,"height":492,"url":"https:\/\/www.notibras.com\/site\/wp-content\/uploads\/2015\/09\/rafain.jpg","type":"image\/jpeg"}],"author":"Reda\u00e7\u00e3o","twitter_card":"summary_large_image","twitter_creator":"@Notibras","twitter_site":"@Notibras","twitter_misc":{"Escrito por":"Reda\u00e7\u00e3o","Est. tempo de leitura":"2 minutos"},"schema":{"@context":"https:\/\/schema.org","@graph":[{"@type":"Article","@id":"https:\/\/www.notibras.com\/site\/figueirense-barra-ascensao-do-inter-que-amarga-empate-em-casa\/#article","isPartOf":{"@id":"https:\/\/www.notibras.com\/site\/figueirense-barra-ascensao-do-inter-que-amarga-empate-em-casa\/"},"author":{"name":"Reda\u00e7\u00e3o","@id":"https:\/\/www.notibras.com\/site\/#\/schema\/person\/36ab0979449956132d3e5b517ea76ac8"},"headline":"Figueirense barra ascens\u00e3o do Internacional, que amarga um empate em casa","datePublished":"2015-09-19T23:44:48+00:00","dateModified":"2015-09-20T02:04:33+00:00","mainEntityOfPage":{"@id":"https:\/\/www.notibras.com\/site\/figueirense-barra-ascensao-do-inter-que-amarga-empate-em-casa\/"},"wordCount":339,"commentCount":0,"publisher":{"@id":"https:\/\/www.notibras.com\/site\/#organization"},"image":{"@id":"https:\/\/www.notibras.com\/site\/figueirense-barra-ascensao-do-inter-que-amarga-empate-em-casa\/#primaryimage"},"thumbnailUrl":"https:\/\/www.notibras.com\/site\/wp-content\/uploads\/2015\/09\/rafain.jpg","articleSection":["Futebol"],"inLanguage":"pt-BR","potentialAction":[{"@type":"CommentAction","name":"Comment","target":["https:\/\/www.notibras.com\/site\/figueirense-barra-ascensao-do-inter-que-amarga-empate-em-casa\/#respond"]}]},{"@type":"WebPage","@id":"https:\/\/www.notibras.com\/site\/figueirense-barra-ascensao-do-inter-que-amarga-empate-em-casa\/","url":"https:\/\/www.notibras.com\/site\/figueirense-barra-ascensao-do-inter-que-amarga-empate-em-casa\/","name":"Figueirense barra ascens\u00e3o do Internacional, que amarga um empate em casa - Notibras","isPartOf":{"@id":"https:\/\/www.notibras.com\/site\/#website"},"primaryImageOfPage":{"@id":"https:\/\/www.notibras.com\/site\/figueirense-barra-ascensao-do-inter-que-amarga-empate-em-casa\/#primaryimage"},"image":{"@id":"https:\/\/www.notibras.com\/site\/figueirense-barra-ascensao-do-inter-que-amarga-empate-em-casa\/#primaryimage"},"thumbnailUrl":"https:\/\/www.notibras.com\/site\/wp-content\/uploads\/2015\/09\/rafain.jpg","datePublished":"2015-09-19T23:44:48+00:00","dateModified":"2015-09-20T02:04:33+00:00","breadcrumb":{"@id":"https:\/\/www.notibras.com\/site\/figueirense-barra-ascensao-do-inter-que-amarga-empate-em-casa\/#breadcrumb"},"inLanguage":"pt-BR","potentialAction":[{"@type":"ReadAction","target":["https:\/\/www.notibras.com\/site\/figueirense-barra-ascensao-do-inter-que-amarga-empate-em-casa\/"]}]},{"@type":"ImageObject","inLanguage":"pt-BR","@id":"https:\/\/www.notibras.com\/site\/figueirense-barra-ascensao-do-inter-que-amarga-empate-em-casa\/#primaryimage","url":"https:\/\/www.notibras.com\/site\/wp-content\/uploads\/2015\/09\/rafain.jpg","contentUrl":"https:\/\/www.notibras.com\/site\/wp-content\/uploads\/2015\/09\/rafain.jpg","width":645,"height":492},{"@type":"BreadcrumbList","@id":"https:\/\/www.notibras.com\/site\/figueirense-barra-ascensao-do-inter-que-amarga-empate-em-casa\/#breadcrumb","itemListElement":[{"@type":"ListItem","position":1,"name":"In\u00edcio","item":"https:\/\/www.notibras.com\/site\/"},{"@type":"ListItem","position":2,"name":"Figueirense barra ascens\u00e3o do Internacional, que amarga um empate em casa"}]},{"@type":"WebSite","@id":"https:\/\/www.notibras.com\/site\/#website","url":"https:\/\/www.notibras.com\/site\/","name":"Notibras","description":"Not\u00edcias de Bras\u00edlia, do Brasil e do Mundo","publisher":{"@id":"https:\/\/www.notibras.com\/site\/#organization"},"potentialAction":[{"@type":"SearchAction","target":{"@type":"EntryPoint","urlTemplate":"https:\/\/www.notibras.com\/site\/?s={search_term_string}"},"query-input":{"@type":"PropertyValueSpecification","valueRequired":true,"valueName":"search_term_string"}}],"inLanguage":"pt-BR"},{"@type":"Organization","@id":"https:\/\/www.notibras.com\/site\/#organization","name":"Grupo Notibras de Comunica\u00e7\u00e3o","url":"https:\/\/www.notibras.com\/site\/","logo":{"@type":"ImageObject","inLanguage":"pt-BR","@id":"https:\/\/www.notibras.com\/site\/#\/schema\/logo\/image\/","url":"https:\/\/www.notibras.com\/site\/wp-content\/uploads\/2023\/01\/notibras23.png","contentUrl":"https:\/\/www.notibras.com\/site\/wp-content\/uploads\/2023\/01\/notibras23.png","width":350,"height":87,"caption":"Grupo Notibras de Comunica\u00e7\u00e3o"},"image":{"@id":"https:\/\/www.notibras.com\/site\/#\/schema\/logo\/image\/"},"sameAs":["https:\/\/www.facebook.com\/notibras\/","https:\/\/x.com\/Notibras","https:\/\/www.instagram.com\/notibras\/"]},{"@type":"Person","@id":"https:\/\/www.notibras.com\/site\/#\/schema\/person\/36ab0979449956132d3e5b517ea76ac8","name":"Reda\u00e7\u00e3o","image":{"@type":"ImageObject","inLanguage":"pt-BR","@id":"https:\/\/secure.gravatar.com\/avatar\/e0a867bdedb85fd243eadf09663511f96fc81e0720a4a42581f334ad4303aa6b?s=96&d=mm&r=g","url":"https:\/\/secure.gravatar.com\/avatar\/e0a867bdedb85fd243eadf09663511f96fc81e0720a4a42581f334ad4303aa6b?s=96&d=mm&r=g","contentUrl":"https:\/\/secure.gravatar.com\/avatar\/e0a867bdedb85fd243eadf09663511f96fc81e0720a4a42581f334ad4303aa6b?s=96&d=mm&r=g","caption":"Reda\u00e7\u00e3o"}}]}},"amp_enabled":true,"_links":{"self":[{"href":"https:\/\/www.notibras.com\/site\/wp-json\/wp\/v2\/posts\/68654","targetHints":{"allow":["GET"]}}],"collection":[{"href":"https:\/\/www.notibras.com\/site\/wp-json\/wp\/v2\/posts"}],"about":[{"href":"https:\/\/www.notibras.com\/site\/wp-json\/wp\/v2\/types\/post"}],"author":[{"embeddable":true,"href":"https:\/\/www.notibras.com\/site\/wp-json\/wp\/v2\/users\/2"}],"replies":[{"embeddable":true,"href":"https:\/\/www.notibras.com\/site\/wp-json\/wp\/v2\/comments?post=68654"}],"version-history":[{"count":3,"href":"https:\/\/www.notibras.com\/site\/wp-json\/wp\/v2\/posts\/68654\/revisions"}],"predecessor-version":[{"id":68689,"href":"https:\/\/www.notibras.com\/site\/wp-json\/wp\/v2\/posts\/68654\/revisions\/68689"}],"wp:featuredmedia":[{"embeddable":true,"href":"https:\/\/www.notibras.com\/site\/wp-json\/wp\/v2\/media\/68655"}],"wp:attachment":[{"href":"https:\/\/www.notibras.com\/site\/wp-json\/wp\/v2\/media?parent=68654"}],"wp:term":[{"taxonomy":"category","embeddable":true,"href":"https:\/\/www.notibras.com\/site\/wp-json\/wp\/v2\/categories?post=68654"},{"taxonomy":"post_tag","embeddable":true,"href":"https:\/\/www.notibras.com\/site\/wp-json\/wp\/v2\/tags?post=68654"}],"curies":[{"name":"wp","href":"https:\/\/api.w.org\/{rel}","templated":true}]}}