{"id":68697,"date":"2015-09-20T10:23:41","date_gmt":"2015-09-20T13:23:41","guid":{"rendered":"http:\/\/www.notibras.com\/site\/?p=68697"},"modified":"2015-09-20T10:45:57","modified_gmt":"2015-09-20T13:45:57","slug":"brasil-veta-embaixador-de-israel-que-tomou-terras-dos-palestinos","status":"publish","type":"post","link":"https:\/\/www.notibras.com\/site\/brasil-veta-embaixador-de-israel-que-tomou-terras-dos-palestinos\/","title":{"rendered":"Brasil veta embaixador de Israel que tomou terras dos palestinos para dar a judeus"},"content":{"rendered":"<p>A presidente Dilma Rousseff enviou neste domingo (20) uma mensagem a Israel no qual rejeita a nomea\u00e7\u00e3o de um antigo dirigente colono, Dani Dayan, como embaixador israelense em Bras\u00edlia devido \u00e0 mensagem que a iniciativa poderia passar.<\/p>\n<p>Dilma transmitiu a Israel seu inc\u00f4modo com a designa\u00e7\u00e3o porque Dayan vive em um assentamento no territ\u00f3rio ocupado palestino e foi o m\u00e1ximo representante de um movimento que a comunidade internacional rejeita plenamente, informou hoje o jornal &#8220;Yedioth Ahronoth&#8221;.<\/p>\n<p>A mensagem foi transmitida atrav\u00e9s dos canais diplom\u00e1ticos e p\u00f5e o primeiro-ministro israelense, Benjamin Netanyahu, em uma posi\u00e7\u00e3o inc\u00f4moda devido a que a nomea\u00e7\u00e3o foi aprovada por seu governo no dia 6 de setembro.<\/p>\n<p>Ap\u00f3s saber a decis\u00e3o no m\u00eas passado, movimentos sociais brasileiros questionaram a nomea\u00e7\u00e3o como representante em Bras\u00edlia de Dayan, empres\u00e1rio de origem argentina acusado de violar o direito internacional nas comunidades palestinas, e pediram que n\u00e3o fossem concedidas a ele as credenciais diplom\u00e1ticas.<\/p>\n<p>Nascido em Buenos Aires h\u00e1 59 anos e formado em Finan\u00e7as, Dayan foi presidente do Conselho Yesha &#8211; de assentamentos judaicos na Cisjord\u00e2nia &#8211; entre 2007 e 2013, e esteve envolvido na diplomacia p\u00fablica israelense dentro e fora do pa\u00eds, informou ap\u00f3s ser divulgada sua nomea\u00e7\u00e3o o Escrit\u00f3rio do primeiro-ministro israelense.<\/p>\n<p>Fontes diplom\u00e1ticas citadas pelo &#8220;Yedioth asseguraram que quando se designa um embaixador o governo transfere seu nome ao pa\u00eds que o receber\u00e1 para sua aprova\u00e7\u00e3o e que a rejei\u00e7\u00e3o \u00e0 nomea\u00e7\u00e3o \u00e9 um fato quase ins\u00f3lito, embora em caso de n\u00e3o quer\u00ea-lo o pa\u00eds anfitri\u00e3o costuma enviar mensagens atrav\u00e9s de canais diplom\u00e1ticos para evitar uma rejei\u00e7\u00e3o oficial que provoque uma crise entre os dois pa\u00edses.<\/p>\n<p>No caso de o primeiro-ministro israelense continuar insistindo na nomea\u00e7\u00e3o o caso poderia voltar contra si e representar uma barreira para seu governo e Israel, porque o Brasil poderia exercer sua rejei\u00e7\u00e3o de maneira aberta e oficial, constata o meio.<\/p>\n<p>O Brasil \u00e9 um pa\u00eds que Netanyahu considera estrat\u00e9gico nas rela\u00e7\u00f5es de seu pa\u00eds com a Am\u00e9rica Latina, da mesma forma que o terreno econ\u00f4mico com um atrativo mercado para qualquer investidor.<\/p>\n<p>No \u00faltimo tempo, assegura o jornal, se registrou uma melhoria nas rela\u00e7\u00f5es bilaterais entre ambos os pa\u00edses, e prova do fato \u00e9 que o Brasil se absteve esta semana em uma vota\u00e7\u00e3o no seio da Confer\u00eancia Geral da Ag\u00eancia Internacional de Energia At\u00f4mica promovida pelo Egito e que contava com o apoio dos pa\u00edses \u00e1rabes, que chamava \u00e0 supervis\u00e3o internacional das instala\u00e7\u00f5es nucleares israelenses.<\/p>\n<p>A proposta foi rejeitada e o voto de absten\u00e7\u00e3o do Brasil \u00e9 interpretado em Israel como uma mudan\u00e7a de atitude em seu tradicional pol\u00edtica dos \u00faltimos anos de censura a suas pol\u00edticas especialmente no terreno do conflito com os palestinos.<\/p>\n<p>Netanyahu quer poder resolver a ofensa com o Brasil de forma direta e em conversas com a presidente Dilma e em caso de n\u00e3o poder consegui-lo dever\u00e1 buscar outro destino para Dayan.<\/p>\n<p>Interpelado sobre a quest\u00e3o, o Escrit\u00f3rio do Primeiro-Ministro israelense recusou se pronunciar, enquanto a Chancelaria israelense n\u00e3o fez nenhuma comunica\u00e7\u00e3o oficial a respeito.<\/p>\n","protected":false},"excerpt":{"rendered":"<p>A presidente Dilma Rousseff enviou neste domingo (20) uma mensagem a Israel no qual rejeita a nomea\u00e7\u00e3o de um antigo dirigente colono, Dani Dayan, como embaixador israelense em Bras\u00edlia devido \u00e0 mensagem que a iniciativa poderia passar. Dilma transmitiu a Israel seu inc\u00f4modo com a designa\u00e7\u00e3o porque Dayan vive em um assentamento no territ\u00f3rio ocupado [&hellip;]<\/p>\n","protected":false},"author":2,"featured_media":68698,"comment_status":"open","ping_status":"closed","sticky":false,"template":"","format":"standard","meta":{"_acf_changed":false,"footnotes":""},"categories":[16],"tags":[],"class_list":["post-68697","post","type-post","status-publish","format-standard","has-post-thumbnail","hentry","category-brasil"],"acf":[],"yoast_head":"<!-- This site is optimized with the Yoast SEO plugin v27.2 - https:\/\/yoast.com\/product\/yoast-seo-wordpress\/ -->\n<title>Brasil veta embaixador de Israel que tomou terras dos palestinos para dar a judeus - Notibras<\/title>\n<meta name=\"robots\" content=\"index, follow, max-snippet:-1, max-image-preview:large, max-video-preview:-1\" \/>\n<link rel=\"canonical\" href=\"https:\/\/www.notibras.com\/site\/brasil-veta-embaixador-de-israel-que-tomou-terras-dos-palestinos\/\" \/>\n<meta property=\"og:locale\" content=\"pt_BR\" \/>\n<meta property=\"og:type\" content=\"article\" \/>\n<meta property=\"og:title\" content=\"Brasil veta embaixador de Israel que tomou terras dos palestinos para dar a judeus - Notibras\" \/>\n<meta property=\"og:description\" content=\"A presidente Dilma Rousseff enviou neste domingo (20) uma mensagem a Israel no qual rejeita a nomea\u00e7\u00e3o de um antigo dirigente colono, Dani Dayan, como embaixador israelense em Bras\u00edlia devido \u00e0 mensagem que a iniciativa poderia passar. Dilma transmitiu a Israel seu inc\u00f4modo com a designa\u00e7\u00e3o porque Dayan vive em um assentamento no territ\u00f3rio ocupado [&hellip;]\" \/>\n<meta property=\"og:url\" content=\"https:\/\/www.notibras.com\/site\/brasil-veta-embaixador-de-israel-que-tomou-terras-dos-palestinos\/\" \/>\n<meta property=\"og:site_name\" content=\"Notibras\" \/>\n<meta property=\"article:publisher\" content=\"https:\/\/www.facebook.com\/notibras\/\" \/>\n<meta property=\"article:published_time\" content=\"2015-09-20T13:23:41+00:00\" \/>\n<meta property=\"article:modified_time\" content=\"2015-09-20T13:45:57+00:00\" \/>\n<meta property=\"og:image\" content=\"https:\/\/www.notibras.com\/site\/wp-content\/uploads\/2015\/09\/F070717NS03-512x341.jpg\" \/>\n\t<meta property=\"og:image:width\" content=\"512\" \/>\n\t<meta property=\"og:image:height\" content=\"341\" \/>\n\t<meta property=\"og:image:type\" content=\"image\/jpeg\" \/>\n<meta name=\"author\" content=\"Reda\u00e7\u00e3o\" \/>\n<meta name=\"twitter:card\" content=\"summary_large_image\" \/>\n<meta name=\"twitter:creator\" content=\"@Notibras\" \/>\n<meta name=\"twitter:site\" content=\"@Notibras\" \/>\n<meta name=\"twitter:label1\" content=\"Escrito por\" \/>\n\t<meta name=\"twitter:data1\" content=\"Reda\u00e7\u00e3o\" \/>\n\t<meta name=\"twitter:label2\" content=\"Est. tempo de leitura\" \/>\n\t<meta name=\"twitter:data2\" content=\"3 minutos\" \/>\n<script type=\"application\/ld+json\" class=\"yoast-schema-graph\">{\"@context\":\"https:\/\/schema.org\",\"@graph\":[{\"@type\":\"Article\",\"@id\":\"https:\/\/www.notibras.com\/site\/brasil-veta-embaixador-de-israel-que-tomou-terras-dos-palestinos\/#article\",\"isPartOf\":{\"@id\":\"https:\/\/www.notibras.com\/site\/brasil-veta-embaixador-de-israel-que-tomou-terras-dos-palestinos\/\"},\"author\":{\"name\":\"Reda\u00e7\u00e3o\",\"@id\":\"https:\/\/www.notibras.com\/site\/#\/schema\/person\/36ab0979449956132d3e5b517ea76ac8\"},\"headline\":\"Brasil veta embaixador de Israel que tomou terras dos palestinos para dar a judeus\",\"datePublished\":\"2015-09-20T13:23:41+00:00\",\"dateModified\":\"2015-09-20T13:45:57+00:00\",\"mainEntityOfPage\":{\"@id\":\"https:\/\/www.notibras.com\/site\/brasil-veta-embaixador-de-israel-que-tomou-terras-dos-palestinos\/\"},\"wordCount\":569,\"commentCount\":0,\"publisher\":{\"@id\":\"https:\/\/www.notibras.com\/site\/#organization\"},\"image\":{\"@id\":\"https:\/\/www.notibras.com\/site\/brasil-veta-embaixador-de-israel-que-tomou-terras-dos-palestinos\/#primaryimage\"},\"thumbnailUrl\":\"https:\/\/www.notibras.com\/site\/wp-content\/uploads\/2015\/09\/F070717NS03-512x341.jpg\",\"articleSection\":[\"Brasil\"],\"inLanguage\":\"pt-BR\",\"potentialAction\":[{\"@type\":\"CommentAction\",\"name\":\"Comment\",\"target\":[\"https:\/\/www.notibras.com\/site\/brasil-veta-embaixador-de-israel-que-tomou-terras-dos-palestinos\/#respond\"]}]},{\"@type\":\"WebPage\",\"@id\":\"https:\/\/www.notibras.com\/site\/brasil-veta-embaixador-de-israel-que-tomou-terras-dos-palestinos\/\",\"url\":\"https:\/\/www.notibras.com\/site\/brasil-veta-embaixador-de-israel-que-tomou-terras-dos-palestinos\/\",\"name\":\"Brasil veta embaixador de Israel que tomou terras dos palestinos para dar a judeus - Notibras\",\"isPartOf\":{\"@id\":\"https:\/\/www.notibras.com\/site\/#website\"},\"primaryImageOfPage\":{\"@id\":\"https:\/\/www.notibras.com\/site\/brasil-veta-embaixador-de-israel-que-tomou-terras-dos-palestinos\/#primaryimage\"},\"image\":{\"@id\":\"https:\/\/www.notibras.com\/site\/brasil-veta-embaixador-de-israel-que-tomou-terras-dos-palestinos\/#primaryimage\"},\"thumbnailUrl\":\"https:\/\/www.notibras.com\/site\/wp-content\/uploads\/2015\/09\/F070717NS03-512x341.jpg\",\"datePublished\":\"2015-09-20T13:23:41+00:00\",\"dateModified\":\"2015-09-20T13:45:57+00:00\",\"breadcrumb\":{\"@id\":\"https:\/\/www.notibras.com\/site\/brasil-veta-embaixador-de-israel-que-tomou-terras-dos-palestinos\/#breadcrumb\"},\"inLanguage\":\"pt-BR\",\"potentialAction\":[{\"@type\":\"ReadAction\",\"target\":[\"https:\/\/www.notibras.com\/site\/brasil-veta-embaixador-de-israel-que-tomou-terras-dos-palestinos\/\"]}]},{\"@type\":\"ImageObject\",\"inLanguage\":\"pt-BR\",\"@id\":\"https:\/\/www.notibras.com\/site\/brasil-veta-embaixador-de-israel-que-tomou-terras-dos-palestinos\/#primaryimage\",\"url\":\"https:\/\/www.notibras.com\/site\/wp-content\/uploads\/2015\/09\/F070717NS03-512x341.jpg\",\"contentUrl\":\"https:\/\/www.notibras.com\/site\/wp-content\/uploads\/2015\/09\/F070717NS03-512x341.jpg\",\"width\":512,\"height\":341},{\"@type\":\"BreadcrumbList\",\"@id\":\"https:\/\/www.notibras.com\/site\/brasil-veta-embaixador-de-israel-que-tomou-terras-dos-palestinos\/#breadcrumb\",\"itemListElement\":[{\"@type\":\"ListItem\",\"position\":1,\"name\":\"In\u00edcio\",\"item\":\"https:\/\/www.notibras.com\/site\/\"},{\"@type\":\"ListItem\",\"position\":2,\"name\":\"Brasil veta embaixador de Israel que tomou terras dos palestinos para dar a judeus\"}]},{\"@type\":\"WebSite\",\"@id\":\"https:\/\/www.notibras.com\/site\/#website\",\"url\":\"https:\/\/www.notibras.com\/site\/\",\"name\":\"Notibras\",\"description\":\"Not\u00edcias de Bras\u00edlia, do Brasil e do Mundo\",\"publisher\":{\"@id\":\"https:\/\/www.notibras.com\/site\/#organization\"},\"potentialAction\":[{\"@type\":\"SearchAction\",\"target\":{\"@type\":\"EntryPoint\",\"urlTemplate\":\"https:\/\/www.notibras.com\/site\/?s={search_term_string}\"},\"query-input\":{\"@type\":\"PropertyValueSpecification\",\"valueRequired\":true,\"valueName\":\"search_term_string\"}}],\"inLanguage\":\"pt-BR\"},{\"@type\":\"Organization\",\"@id\":\"https:\/\/www.notibras.com\/site\/#organization\",\"name\":\"Grupo Notibras de Comunica\u00e7\u00e3o\",\"url\":\"https:\/\/www.notibras.com\/site\/\",\"logo\":{\"@type\":\"ImageObject\",\"inLanguage\":\"pt-BR\",\"@id\":\"https:\/\/www.notibras.com\/site\/#\/schema\/logo\/image\/\",\"url\":\"https:\/\/www.notibras.com\/site\/wp-content\/uploads\/2023\/01\/notibras23.png\",\"contentUrl\":\"https:\/\/www.notibras.com\/site\/wp-content\/uploads\/2023\/01\/notibras23.png\",\"width\":350,\"height\":87,\"caption\":\"Grupo Notibras de Comunica\u00e7\u00e3o\"},\"image\":{\"@id\":\"https:\/\/www.notibras.com\/site\/#\/schema\/logo\/image\/\"},\"sameAs\":[\"https:\/\/www.facebook.com\/notibras\/\",\"https:\/\/x.com\/Notibras\",\"https:\/\/www.instagram.com\/notibras\/\"]},{\"@type\":\"Person\",\"@id\":\"https:\/\/www.notibras.com\/site\/#\/schema\/person\/36ab0979449956132d3e5b517ea76ac8\",\"name\":\"Reda\u00e7\u00e3o\",\"image\":{\"@type\":\"ImageObject\",\"inLanguage\":\"pt-BR\",\"@id\":\"https:\/\/secure.gravatar.com\/avatar\/e0a867bdedb85fd243eadf09663511f96fc81e0720a4a42581f334ad4303aa6b?s=96&d=mm&r=g\",\"url\":\"https:\/\/secure.gravatar.com\/avatar\/e0a867bdedb85fd243eadf09663511f96fc81e0720a4a42581f334ad4303aa6b?s=96&d=mm&r=g\",\"contentUrl\":\"https:\/\/secure.gravatar.com\/avatar\/e0a867bdedb85fd243eadf09663511f96fc81e0720a4a42581f334ad4303aa6b?s=96&d=mm&r=g\",\"caption\":\"Reda\u00e7\u00e3o\"}}]}<\/script>\n<!-- \/ Yoast SEO plugin. -->","yoast_head_json":{"title":"Brasil veta embaixador de Israel que tomou terras dos palestinos para dar a judeus - Notibras","robots":{"index":"index","follow":"follow","max-snippet":"max-snippet:-1","max-image-preview":"max-image-preview:large","max-video-preview":"max-video-preview:-1"},"canonical":"https:\/\/www.notibras.com\/site\/brasil-veta-embaixador-de-israel-que-tomou-terras-dos-palestinos\/","og_locale":"pt_BR","og_type":"article","og_title":"Brasil veta embaixador de Israel que tomou terras dos palestinos para dar a judeus - Notibras","og_description":"A presidente Dilma Rousseff enviou neste domingo (20) uma mensagem a Israel no qual rejeita a nomea\u00e7\u00e3o de um antigo dirigente colono, Dani Dayan, como embaixador israelense em Bras\u00edlia devido \u00e0 mensagem que a iniciativa poderia passar. Dilma transmitiu a Israel seu inc\u00f4modo com a designa\u00e7\u00e3o porque Dayan vive em um assentamento no territ\u00f3rio ocupado [&hellip;]","og_url":"https:\/\/www.notibras.com\/site\/brasil-veta-embaixador-de-israel-que-tomou-terras-dos-palestinos\/","og_site_name":"Notibras","article_publisher":"https:\/\/www.facebook.com\/notibras\/","article_published_time":"2015-09-20T13:23:41+00:00","article_modified_time":"2015-09-20T13:45:57+00:00","og_image":[{"width":512,"height":341,"url":"https:\/\/www.notibras.com\/site\/wp-content\/uploads\/2015\/09\/F070717NS03-512x341.jpg","type":"image\/jpeg"}],"author":"Reda\u00e7\u00e3o","twitter_card":"summary_large_image","twitter_creator":"@Notibras","twitter_site":"@Notibras","twitter_misc":{"Escrito por":"Reda\u00e7\u00e3o","Est. tempo de leitura":"3 minutos"},"schema":{"@context":"https:\/\/schema.org","@graph":[{"@type":"Article","@id":"https:\/\/www.notibras.com\/site\/brasil-veta-embaixador-de-israel-que-tomou-terras-dos-palestinos\/#article","isPartOf":{"@id":"https:\/\/www.notibras.com\/site\/brasil-veta-embaixador-de-israel-que-tomou-terras-dos-palestinos\/"},"author":{"name":"Reda\u00e7\u00e3o","@id":"https:\/\/www.notibras.com\/site\/#\/schema\/person\/36ab0979449956132d3e5b517ea76ac8"},"headline":"Brasil veta embaixador de Israel que tomou terras dos palestinos para dar a judeus","datePublished":"2015-09-20T13:23:41+00:00","dateModified":"2015-09-20T13:45:57+00:00","mainEntityOfPage":{"@id":"https:\/\/www.notibras.com\/site\/brasil-veta-embaixador-de-israel-que-tomou-terras-dos-palestinos\/"},"wordCount":569,"commentCount":0,"publisher":{"@id":"https:\/\/www.notibras.com\/site\/#organization"},"image":{"@id":"https:\/\/www.notibras.com\/site\/brasil-veta-embaixador-de-israel-que-tomou-terras-dos-palestinos\/#primaryimage"},"thumbnailUrl":"https:\/\/www.notibras.com\/site\/wp-content\/uploads\/2015\/09\/F070717NS03-512x341.jpg","articleSection":["Brasil"],"inLanguage":"pt-BR","potentialAction":[{"@type":"CommentAction","name":"Comment","target":["https:\/\/www.notibras.com\/site\/brasil-veta-embaixador-de-israel-que-tomou-terras-dos-palestinos\/#respond"]}]},{"@type":"WebPage","@id":"https:\/\/www.notibras.com\/site\/brasil-veta-embaixador-de-israel-que-tomou-terras-dos-palestinos\/","url":"https:\/\/www.notibras.com\/site\/brasil-veta-embaixador-de-israel-que-tomou-terras-dos-palestinos\/","name":"Brasil veta embaixador de Israel que tomou terras dos palestinos para dar a judeus - Notibras","isPartOf":{"@id":"https:\/\/www.notibras.com\/site\/#website"},"primaryImageOfPage":{"@id":"https:\/\/www.notibras.com\/site\/brasil-veta-embaixador-de-israel-que-tomou-terras-dos-palestinos\/#primaryimage"},"image":{"@id":"https:\/\/www.notibras.com\/site\/brasil-veta-embaixador-de-israel-que-tomou-terras-dos-palestinos\/#primaryimage"},"thumbnailUrl":"https:\/\/www.notibras.com\/site\/wp-content\/uploads\/2015\/09\/F070717NS03-512x341.jpg","datePublished":"2015-09-20T13:23:41+00:00","dateModified":"2015-09-20T13:45:57+00:00","breadcrumb":{"@id":"https:\/\/www.notibras.com\/site\/brasil-veta-embaixador-de-israel-que-tomou-terras-dos-palestinos\/#breadcrumb"},"inLanguage":"pt-BR","potentialAction":[{"@type":"ReadAction","target":["https:\/\/www.notibras.com\/site\/brasil-veta-embaixador-de-israel-que-tomou-terras-dos-palestinos\/"]}]},{"@type":"ImageObject","inLanguage":"pt-BR","@id":"https:\/\/www.notibras.com\/site\/brasil-veta-embaixador-de-israel-que-tomou-terras-dos-palestinos\/#primaryimage","url":"https:\/\/www.notibras.com\/site\/wp-content\/uploads\/2015\/09\/F070717NS03-512x341.jpg","contentUrl":"https:\/\/www.notibras.com\/site\/wp-content\/uploads\/2015\/09\/F070717NS03-512x341.jpg","width":512,"height":341},{"@type":"BreadcrumbList","@id":"https:\/\/www.notibras.com\/site\/brasil-veta-embaixador-de-israel-que-tomou-terras-dos-palestinos\/#breadcrumb","itemListElement":[{"@type":"ListItem","position":1,"name":"In\u00edcio","item":"https:\/\/www.notibras.com\/site\/"},{"@type":"ListItem","position":2,"name":"Brasil veta embaixador de Israel que tomou terras dos palestinos para dar a judeus"}]},{"@type":"WebSite","@id":"https:\/\/www.notibras.com\/site\/#website","url":"https:\/\/www.notibras.com\/site\/","name":"Notibras","description":"Not\u00edcias de Bras\u00edlia, do Brasil e do Mundo","publisher":{"@id":"https:\/\/www.notibras.com\/site\/#organization"},"potentialAction":[{"@type":"SearchAction","target":{"@type":"EntryPoint","urlTemplate":"https:\/\/www.notibras.com\/site\/?s={search_term_string}"},"query-input":{"@type":"PropertyValueSpecification","valueRequired":true,"valueName":"search_term_string"}}],"inLanguage":"pt-BR"},{"@type":"Organization","@id":"https:\/\/www.notibras.com\/site\/#organization","name":"Grupo Notibras de Comunica\u00e7\u00e3o","url":"https:\/\/www.notibras.com\/site\/","logo":{"@type":"ImageObject","inLanguage":"pt-BR","@id":"https:\/\/www.notibras.com\/site\/#\/schema\/logo\/image\/","url":"https:\/\/www.notibras.com\/site\/wp-content\/uploads\/2023\/01\/notibras23.png","contentUrl":"https:\/\/www.notibras.com\/site\/wp-content\/uploads\/2023\/01\/notibras23.png","width":350,"height":87,"caption":"Grupo Notibras de Comunica\u00e7\u00e3o"},"image":{"@id":"https:\/\/www.notibras.com\/site\/#\/schema\/logo\/image\/"},"sameAs":["https:\/\/www.facebook.com\/notibras\/","https:\/\/x.com\/Notibras","https:\/\/www.instagram.com\/notibras\/"]},{"@type":"Person","@id":"https:\/\/www.notibras.com\/site\/#\/schema\/person\/36ab0979449956132d3e5b517ea76ac8","name":"Reda\u00e7\u00e3o","image":{"@type":"ImageObject","inLanguage":"pt-BR","@id":"https:\/\/secure.gravatar.com\/avatar\/e0a867bdedb85fd243eadf09663511f96fc81e0720a4a42581f334ad4303aa6b?s=96&d=mm&r=g","url":"https:\/\/secure.gravatar.com\/avatar\/e0a867bdedb85fd243eadf09663511f96fc81e0720a4a42581f334ad4303aa6b?s=96&d=mm&r=g","contentUrl":"https:\/\/secure.gravatar.com\/avatar\/e0a867bdedb85fd243eadf09663511f96fc81e0720a4a42581f334ad4303aa6b?s=96&d=mm&r=g","caption":"Reda\u00e7\u00e3o"}}]}},"amp_enabled":true,"_links":{"self":[{"href":"https:\/\/www.notibras.com\/site\/wp-json\/wp\/v2\/posts\/68697","targetHints":{"allow":["GET"]}}],"collection":[{"href":"https:\/\/www.notibras.com\/site\/wp-json\/wp\/v2\/posts"}],"about":[{"href":"https:\/\/www.notibras.com\/site\/wp-json\/wp\/v2\/types\/post"}],"author":[{"embeddable":true,"href":"https:\/\/www.notibras.com\/site\/wp-json\/wp\/v2\/users\/2"}],"replies":[{"embeddable":true,"href":"https:\/\/www.notibras.com\/site\/wp-json\/wp\/v2\/comments?post=68697"}],"version-history":[{"count":2,"href":"https:\/\/www.notibras.com\/site\/wp-json\/wp\/v2\/posts\/68697\/revisions"}],"predecessor-version":[{"id":68712,"href":"https:\/\/www.notibras.com\/site\/wp-json\/wp\/v2\/posts\/68697\/revisions\/68712"}],"wp:featuredmedia":[{"embeddable":true,"href":"https:\/\/www.notibras.com\/site\/wp-json\/wp\/v2\/media\/68698"}],"wp:attachment":[{"href":"https:\/\/www.notibras.com\/site\/wp-json\/wp\/v2\/media?parent=68697"}],"wp:term":[{"taxonomy":"category","embeddable":true,"href":"https:\/\/www.notibras.com\/site\/wp-json\/wp\/v2\/categories?post=68697"},{"taxonomy":"post_tag","embeddable":true,"href":"https:\/\/www.notibras.com\/site\/wp-json\/wp\/v2\/tags?post=68697"}],"curies":[{"name":"wp","href":"https:\/\/api.w.org\/{rel}","templated":true}]}}