{"id":68717,"date":"2015-09-20T04:53:11","date_gmt":"2015-09-20T07:53:11","guid":{"rendered":"http:\/\/www.notibras.com\/site\/?p=68717"},"modified":"2015-09-20T11:01:38","modified_gmt":"2015-09-20T14:01:38","slug":"lula-pixuleco-e-esfaqueado-durante-protesto-e-agoniza-nas-ruas-de-caxias-do-sul","status":"publish","type":"post","link":"https:\/\/www.notibras.com\/site\/lula-pixuleco-e-esfaqueado-durante-protesto-e-agoniza-nas-ruas-de-caxias-do-sul\/","title":{"rendered":"Lula Pixuleco \u00e9 esfaqueado durante protesto e agoniza nas ruas de Caxias do Sul"},"content":{"rendered":"<p>Em sua primeira visita ao Rio Grande do Sul, o Pixuleko \u2013 boneco que representa o ex-presidente Luiz In\u00e1cio Lula da Silva como presidi\u00e1rio \u2013 foi esfaqueado ap\u00f3s um protesto em Caxias do Sul.<\/p>\n<p>O boneco foi inflado na pra\u00e7a Dante Alighieri, na regi\u00e3o central da cidade, por volta das 10h deste s\u00e1bado (19), pelo Movimento Brasil. Uma hora depois, devido \u00e0 forte chuva que atingiu o munic\u00edpio, ele foi esvaziado.<\/p>\n<p>Quando j\u00e1 estava murcho, duas pessoas rasgaram o boneco com uma faca. As pessoas n\u00e3o foram identificadas at\u00e9 a tarde deste s\u00e1bado, de acordo com a Brigada Militar de Caxias do Sul.<br \/>\nImagens de c\u00e2meras de seguran\u00e7a no entorno da pra\u00e7a devem ser usadas para tentar identificar os autores.<\/p>\n<p>Ap\u00f3s se tornar \u00edcone dos protestos de 16 de agosto em Bras\u00edlia, o boneco Pixuleko iniciou uma turn\u00ea por outas cidades. Ele esteve em Presidente Prudente na \u00faltima quarta-feira (16), data em que a presidente Dilma Rousseff entregou 2.343 casas do programa Minha Casa, Minha Vida.<\/p>\n<p>Tr\u00eas dias antes, o boneco foi visto por 18 mil torcedores que foram ao est\u00e1dio Santa Cruz, em Ribeir\u00e3o Preto, para o jogo entre Botafogo e Santa Cruz, pela S\u00e9rie D do Campeonato Brasileiro.<\/p>\n","protected":false},"excerpt":{"rendered":"<p>Em sua primeira visita ao Rio Grande do Sul, o Pixuleko \u2013 boneco que representa o ex-presidente Luiz In\u00e1cio Lula da Silva como presidi\u00e1rio \u2013 foi esfaqueado ap\u00f3s um protesto em Caxias do Sul. O boneco foi inflado na pra\u00e7a Dante Alighieri, na regi\u00e3o central da cidade, por volta das 10h deste s\u00e1bado (19), pelo [&hellip;]<\/p>\n","protected":false},"author":2,"featured_media":68718,"comment_status":"open","ping_status":"closed","sticky":false,"template":"","format":"standard","meta":{"_acf_changed":false,"footnotes":""},"categories":[16],"tags":[],"class_list":["post-68717","post","type-post","status-publish","format-standard","has-post-thumbnail","hentry","category-brasil"],"acf":[],"yoast_head":"<!-- This site is optimized with the Yoast SEO plugin v27.2 - https:\/\/yoast.com\/product\/yoast-seo-wordpress\/ -->\n<title>Lula Pixuleco \u00e9 esfaqueado durante protesto e agoniza nas ruas de Caxias do Sul - Notibras<\/title>\n<meta name=\"robots\" content=\"index, follow, max-snippet:-1, max-image-preview:large, max-video-preview:-1\" \/>\n<link rel=\"canonical\" href=\"https:\/\/www.notibras.com\/site\/lula-pixuleco-e-esfaqueado-durante-protesto-e-agoniza-nas-ruas-de-caxias-do-sul\/\" \/>\n<meta property=\"og:locale\" content=\"pt_BR\" \/>\n<meta property=\"og:type\" content=\"article\" \/>\n<meta property=\"og:title\" content=\"Lula Pixuleco \u00e9 esfaqueado durante protesto e agoniza nas ruas de Caxias do Sul - Notibras\" \/>\n<meta property=\"og:description\" content=\"Em sua primeira visita ao Rio Grande do Sul, o Pixuleko \u2013 boneco que representa o ex-presidente Luiz In\u00e1cio Lula da Silva como presidi\u00e1rio \u2013 foi esfaqueado ap\u00f3s um protesto em Caxias do Sul. O boneco foi inflado na pra\u00e7a Dante Alighieri, na regi\u00e3o central da cidade, por volta das 10h deste s\u00e1bado (19), pelo [&hellip;]\" \/>\n<meta property=\"og:url\" content=\"https:\/\/www.notibras.com\/site\/lula-pixuleco-e-esfaqueado-durante-protesto-e-agoniza-nas-ruas-de-caxias-do-sul\/\" \/>\n<meta property=\"og:site_name\" content=\"Notibras\" \/>\n<meta property=\"article:publisher\" content=\"https:\/\/www.facebook.com\/notibras\/\" \/>\n<meta property=\"article:published_time\" content=\"2015-09-20T07:53:11+00:00\" \/>\n<meta property=\"article:modified_time\" content=\"2015-09-20T14:01:38+00:00\" \/>\n<meta property=\"og:image\" content=\"https:\/\/www.notibras.com\/site\/wp-content\/uploads\/2015\/09\/lula-inflado-580x359.jpeg\" \/>\n\t<meta property=\"og:image:width\" content=\"580\" \/>\n\t<meta property=\"og:image:height\" content=\"359\" \/>\n\t<meta property=\"og:image:type\" content=\"image\/jpeg\" \/>\n<meta name=\"author\" content=\"Reda\u00e7\u00e3o\" \/>\n<meta name=\"twitter:card\" content=\"summary_large_image\" \/>\n<meta name=\"twitter:creator\" content=\"@Notibras\" \/>\n<meta name=\"twitter:site\" content=\"@Notibras\" \/>\n<meta name=\"twitter:label1\" content=\"Escrito por\" \/>\n\t<meta name=\"twitter:data1\" content=\"Reda\u00e7\u00e3o\" \/>\n\t<meta name=\"twitter:label2\" content=\"Est. tempo de leitura\" \/>\n\t<meta name=\"twitter:data2\" content=\"1 minuto\" \/>\n<script type=\"application\/ld+json\" class=\"yoast-schema-graph\">{\"@context\":\"https:\/\/schema.org\",\"@graph\":[{\"@type\":\"Article\",\"@id\":\"https:\/\/www.notibras.com\/site\/lula-pixuleco-e-esfaqueado-durante-protesto-e-agoniza-nas-ruas-de-caxias-do-sul\/#article\",\"isPartOf\":{\"@id\":\"https:\/\/www.notibras.com\/site\/lula-pixuleco-e-esfaqueado-durante-protesto-e-agoniza-nas-ruas-de-caxias-do-sul\/\"},\"author\":{\"name\":\"Reda\u00e7\u00e3o\",\"@id\":\"https:\/\/www.notibras.com\/site\/#\/schema\/person\/36ab0979449956132d3e5b517ea76ac8\"},\"headline\":\"Lula Pixuleco \u00e9 esfaqueado durante protesto e agoniza nas ruas de Caxias do Sul\",\"datePublished\":\"2015-09-20T07:53:11+00:00\",\"dateModified\":\"2015-09-20T14:01:38+00:00\",\"mainEntityOfPage\":{\"@id\":\"https:\/\/www.notibras.com\/site\/lula-pixuleco-e-esfaqueado-durante-protesto-e-agoniza-nas-ruas-de-caxias-do-sul\/\"},\"wordCount\":223,\"commentCount\":0,\"publisher\":{\"@id\":\"https:\/\/www.notibras.com\/site\/#organization\"},\"image\":{\"@id\":\"https:\/\/www.notibras.com\/site\/lula-pixuleco-e-esfaqueado-durante-protesto-e-agoniza-nas-ruas-de-caxias-do-sul\/#primaryimage\"},\"thumbnailUrl\":\"https:\/\/www.notibras.com\/site\/wp-content\/uploads\/2015\/09\/lula-inflado-580x359.jpeg\",\"articleSection\":[\"Brasil\"],\"inLanguage\":\"pt-BR\",\"potentialAction\":[{\"@type\":\"CommentAction\",\"name\":\"Comment\",\"target\":[\"https:\/\/www.notibras.com\/site\/lula-pixuleco-e-esfaqueado-durante-protesto-e-agoniza-nas-ruas-de-caxias-do-sul\/#respond\"]}]},{\"@type\":\"WebPage\",\"@id\":\"https:\/\/www.notibras.com\/site\/lula-pixuleco-e-esfaqueado-durante-protesto-e-agoniza-nas-ruas-de-caxias-do-sul\/\",\"url\":\"https:\/\/www.notibras.com\/site\/lula-pixuleco-e-esfaqueado-durante-protesto-e-agoniza-nas-ruas-de-caxias-do-sul\/\",\"name\":\"Lula Pixuleco \u00e9 esfaqueado durante protesto e agoniza nas ruas de Caxias do Sul - Notibras\",\"isPartOf\":{\"@id\":\"https:\/\/www.notibras.com\/site\/#website\"},\"primaryImageOfPage\":{\"@id\":\"https:\/\/www.notibras.com\/site\/lula-pixuleco-e-esfaqueado-durante-protesto-e-agoniza-nas-ruas-de-caxias-do-sul\/#primaryimage\"},\"image\":{\"@id\":\"https:\/\/www.notibras.com\/site\/lula-pixuleco-e-esfaqueado-durante-protesto-e-agoniza-nas-ruas-de-caxias-do-sul\/#primaryimage\"},\"thumbnailUrl\":\"https:\/\/www.notibras.com\/site\/wp-content\/uploads\/2015\/09\/lula-inflado-580x359.jpeg\",\"datePublished\":\"2015-09-20T07:53:11+00:00\",\"dateModified\":\"2015-09-20T14:01:38+00:00\",\"breadcrumb\":{\"@id\":\"https:\/\/www.notibras.com\/site\/lula-pixuleco-e-esfaqueado-durante-protesto-e-agoniza-nas-ruas-de-caxias-do-sul\/#breadcrumb\"},\"inLanguage\":\"pt-BR\",\"potentialAction\":[{\"@type\":\"ReadAction\",\"target\":[\"https:\/\/www.notibras.com\/site\/lula-pixuleco-e-esfaqueado-durante-protesto-e-agoniza-nas-ruas-de-caxias-do-sul\/\"]}]},{\"@type\":\"ImageObject\",\"inLanguage\":\"pt-BR\",\"@id\":\"https:\/\/www.notibras.com\/site\/lula-pixuleco-e-esfaqueado-durante-protesto-e-agoniza-nas-ruas-de-caxias-do-sul\/#primaryimage\",\"url\":\"https:\/\/www.notibras.com\/site\/wp-content\/uploads\/2015\/09\/lula-inflado-580x359.jpeg\",\"contentUrl\":\"https:\/\/www.notibras.com\/site\/wp-content\/uploads\/2015\/09\/lula-inflado-580x359.jpeg\",\"width\":580,\"height\":359},{\"@type\":\"BreadcrumbList\",\"@id\":\"https:\/\/www.notibras.com\/site\/lula-pixuleco-e-esfaqueado-durante-protesto-e-agoniza-nas-ruas-de-caxias-do-sul\/#breadcrumb\",\"itemListElement\":[{\"@type\":\"ListItem\",\"position\":1,\"name\":\"In\u00edcio\",\"item\":\"https:\/\/www.notibras.com\/site\/\"},{\"@type\":\"ListItem\",\"position\":2,\"name\":\"Lula Pixuleco \u00e9 esfaqueado durante protesto e agoniza nas ruas de Caxias do Sul\"}]},{\"@type\":\"WebSite\",\"@id\":\"https:\/\/www.notibras.com\/site\/#website\",\"url\":\"https:\/\/www.notibras.com\/site\/\",\"name\":\"Notibras\",\"description\":\"Not\u00edcias de Bras\u00edlia, do Brasil e do Mundo\",\"publisher\":{\"@id\":\"https:\/\/www.notibras.com\/site\/#organization\"},\"potentialAction\":[{\"@type\":\"SearchAction\",\"target\":{\"@type\":\"EntryPoint\",\"urlTemplate\":\"https:\/\/www.notibras.com\/site\/?s={search_term_string}\"},\"query-input\":{\"@type\":\"PropertyValueSpecification\",\"valueRequired\":true,\"valueName\":\"search_term_string\"}}],\"inLanguage\":\"pt-BR\"},{\"@type\":\"Organization\",\"@id\":\"https:\/\/www.notibras.com\/site\/#organization\",\"name\":\"Grupo Notibras de Comunica\u00e7\u00e3o\",\"url\":\"https:\/\/www.notibras.com\/site\/\",\"logo\":{\"@type\":\"ImageObject\",\"inLanguage\":\"pt-BR\",\"@id\":\"https:\/\/www.notibras.com\/site\/#\/schema\/logo\/image\/\",\"url\":\"https:\/\/www.notibras.com\/site\/wp-content\/uploads\/2023\/01\/notibras23.png\",\"contentUrl\":\"https:\/\/www.notibras.com\/site\/wp-content\/uploads\/2023\/01\/notibras23.png\",\"width\":350,\"height\":87,\"caption\":\"Grupo Notibras de Comunica\u00e7\u00e3o\"},\"image\":{\"@id\":\"https:\/\/www.notibras.com\/site\/#\/schema\/logo\/image\/\"},\"sameAs\":[\"https:\/\/www.facebook.com\/notibras\/\",\"https:\/\/x.com\/Notibras\",\"https:\/\/www.instagram.com\/notibras\/\"]},{\"@type\":\"Person\",\"@id\":\"https:\/\/www.notibras.com\/site\/#\/schema\/person\/36ab0979449956132d3e5b517ea76ac8\",\"name\":\"Reda\u00e7\u00e3o\",\"image\":{\"@type\":\"ImageObject\",\"inLanguage\":\"pt-BR\",\"@id\":\"https:\/\/secure.gravatar.com\/avatar\/e0a867bdedb85fd243eadf09663511f96fc81e0720a4a42581f334ad4303aa6b?s=96&d=mm&r=g\",\"url\":\"https:\/\/secure.gravatar.com\/avatar\/e0a867bdedb85fd243eadf09663511f96fc81e0720a4a42581f334ad4303aa6b?s=96&d=mm&r=g\",\"contentUrl\":\"https:\/\/secure.gravatar.com\/avatar\/e0a867bdedb85fd243eadf09663511f96fc81e0720a4a42581f334ad4303aa6b?s=96&d=mm&r=g\",\"caption\":\"Reda\u00e7\u00e3o\"}}]}<\/script>\n<!-- \/ Yoast SEO plugin. -->","yoast_head_json":{"title":"Lula Pixuleco \u00e9 esfaqueado durante protesto e agoniza nas ruas de Caxias do Sul - Notibras","robots":{"index":"index","follow":"follow","max-snippet":"max-snippet:-1","max-image-preview":"max-image-preview:large","max-video-preview":"max-video-preview:-1"},"canonical":"https:\/\/www.notibras.com\/site\/lula-pixuleco-e-esfaqueado-durante-protesto-e-agoniza-nas-ruas-de-caxias-do-sul\/","og_locale":"pt_BR","og_type":"article","og_title":"Lula Pixuleco \u00e9 esfaqueado durante protesto e agoniza nas ruas de Caxias do Sul - Notibras","og_description":"Em sua primeira visita ao Rio Grande do Sul, o Pixuleko \u2013 boneco que representa o ex-presidente Luiz In\u00e1cio Lula da Silva como presidi\u00e1rio \u2013 foi esfaqueado ap\u00f3s um protesto em Caxias do Sul. O boneco foi inflado na pra\u00e7a Dante Alighieri, na regi\u00e3o central da cidade, por volta das 10h deste s\u00e1bado (19), pelo [&hellip;]","og_url":"https:\/\/www.notibras.com\/site\/lula-pixuleco-e-esfaqueado-durante-protesto-e-agoniza-nas-ruas-de-caxias-do-sul\/","og_site_name":"Notibras","article_publisher":"https:\/\/www.facebook.com\/notibras\/","article_published_time":"2015-09-20T07:53:11+00:00","article_modified_time":"2015-09-20T14:01:38+00:00","og_image":[{"width":580,"height":359,"url":"https:\/\/www.notibras.com\/site\/wp-content\/uploads\/2015\/09\/lula-inflado-580x359.jpeg","type":"image\/jpeg"}],"author":"Reda\u00e7\u00e3o","twitter_card":"summary_large_image","twitter_creator":"@Notibras","twitter_site":"@Notibras","twitter_misc":{"Escrito por":"Reda\u00e7\u00e3o","Est. tempo de leitura":"1 minuto"},"schema":{"@context":"https:\/\/schema.org","@graph":[{"@type":"Article","@id":"https:\/\/www.notibras.com\/site\/lula-pixuleco-e-esfaqueado-durante-protesto-e-agoniza-nas-ruas-de-caxias-do-sul\/#article","isPartOf":{"@id":"https:\/\/www.notibras.com\/site\/lula-pixuleco-e-esfaqueado-durante-protesto-e-agoniza-nas-ruas-de-caxias-do-sul\/"},"author":{"name":"Reda\u00e7\u00e3o","@id":"https:\/\/www.notibras.com\/site\/#\/schema\/person\/36ab0979449956132d3e5b517ea76ac8"},"headline":"Lula Pixuleco \u00e9 esfaqueado durante protesto e agoniza nas ruas de Caxias do Sul","datePublished":"2015-09-20T07:53:11+00:00","dateModified":"2015-09-20T14:01:38+00:00","mainEntityOfPage":{"@id":"https:\/\/www.notibras.com\/site\/lula-pixuleco-e-esfaqueado-durante-protesto-e-agoniza-nas-ruas-de-caxias-do-sul\/"},"wordCount":223,"commentCount":0,"publisher":{"@id":"https:\/\/www.notibras.com\/site\/#organization"},"image":{"@id":"https:\/\/www.notibras.com\/site\/lula-pixuleco-e-esfaqueado-durante-protesto-e-agoniza-nas-ruas-de-caxias-do-sul\/#primaryimage"},"thumbnailUrl":"https:\/\/www.notibras.com\/site\/wp-content\/uploads\/2015\/09\/lula-inflado-580x359.jpeg","articleSection":["Brasil"],"inLanguage":"pt-BR","potentialAction":[{"@type":"CommentAction","name":"Comment","target":["https:\/\/www.notibras.com\/site\/lula-pixuleco-e-esfaqueado-durante-protesto-e-agoniza-nas-ruas-de-caxias-do-sul\/#respond"]}]},{"@type":"WebPage","@id":"https:\/\/www.notibras.com\/site\/lula-pixuleco-e-esfaqueado-durante-protesto-e-agoniza-nas-ruas-de-caxias-do-sul\/","url":"https:\/\/www.notibras.com\/site\/lula-pixuleco-e-esfaqueado-durante-protesto-e-agoniza-nas-ruas-de-caxias-do-sul\/","name":"Lula Pixuleco \u00e9 esfaqueado durante protesto e agoniza nas ruas de Caxias do Sul - Notibras","isPartOf":{"@id":"https:\/\/www.notibras.com\/site\/#website"},"primaryImageOfPage":{"@id":"https:\/\/www.notibras.com\/site\/lula-pixuleco-e-esfaqueado-durante-protesto-e-agoniza-nas-ruas-de-caxias-do-sul\/#primaryimage"},"image":{"@id":"https:\/\/www.notibras.com\/site\/lula-pixuleco-e-esfaqueado-durante-protesto-e-agoniza-nas-ruas-de-caxias-do-sul\/#primaryimage"},"thumbnailUrl":"https:\/\/www.notibras.com\/site\/wp-content\/uploads\/2015\/09\/lula-inflado-580x359.jpeg","datePublished":"2015-09-20T07:53:11+00:00","dateModified":"2015-09-20T14:01:38+00:00","breadcrumb":{"@id":"https:\/\/www.notibras.com\/site\/lula-pixuleco-e-esfaqueado-durante-protesto-e-agoniza-nas-ruas-de-caxias-do-sul\/#breadcrumb"},"inLanguage":"pt-BR","potentialAction":[{"@type":"ReadAction","target":["https:\/\/www.notibras.com\/site\/lula-pixuleco-e-esfaqueado-durante-protesto-e-agoniza-nas-ruas-de-caxias-do-sul\/"]}]},{"@type":"ImageObject","inLanguage":"pt-BR","@id":"https:\/\/www.notibras.com\/site\/lula-pixuleco-e-esfaqueado-durante-protesto-e-agoniza-nas-ruas-de-caxias-do-sul\/#primaryimage","url":"https:\/\/www.notibras.com\/site\/wp-content\/uploads\/2015\/09\/lula-inflado-580x359.jpeg","contentUrl":"https:\/\/www.notibras.com\/site\/wp-content\/uploads\/2015\/09\/lula-inflado-580x359.jpeg","width":580,"height":359},{"@type":"BreadcrumbList","@id":"https:\/\/www.notibras.com\/site\/lula-pixuleco-e-esfaqueado-durante-protesto-e-agoniza-nas-ruas-de-caxias-do-sul\/#breadcrumb","itemListElement":[{"@type":"ListItem","position":1,"name":"In\u00edcio","item":"https:\/\/www.notibras.com\/site\/"},{"@type":"ListItem","position":2,"name":"Lula Pixuleco \u00e9 esfaqueado durante protesto e agoniza nas ruas de Caxias do Sul"}]},{"@type":"WebSite","@id":"https:\/\/www.notibras.com\/site\/#website","url":"https:\/\/www.notibras.com\/site\/","name":"Notibras","description":"Not\u00edcias de Bras\u00edlia, do Brasil e do Mundo","publisher":{"@id":"https:\/\/www.notibras.com\/site\/#organization"},"potentialAction":[{"@type":"SearchAction","target":{"@type":"EntryPoint","urlTemplate":"https:\/\/www.notibras.com\/site\/?s={search_term_string}"},"query-input":{"@type":"PropertyValueSpecification","valueRequired":true,"valueName":"search_term_string"}}],"inLanguage":"pt-BR"},{"@type":"Organization","@id":"https:\/\/www.notibras.com\/site\/#organization","name":"Grupo Notibras de Comunica\u00e7\u00e3o","url":"https:\/\/www.notibras.com\/site\/","logo":{"@type":"ImageObject","inLanguage":"pt-BR","@id":"https:\/\/www.notibras.com\/site\/#\/schema\/logo\/image\/","url":"https:\/\/www.notibras.com\/site\/wp-content\/uploads\/2023\/01\/notibras23.png","contentUrl":"https:\/\/www.notibras.com\/site\/wp-content\/uploads\/2023\/01\/notibras23.png","width":350,"height":87,"caption":"Grupo Notibras de Comunica\u00e7\u00e3o"},"image":{"@id":"https:\/\/www.notibras.com\/site\/#\/schema\/logo\/image\/"},"sameAs":["https:\/\/www.facebook.com\/notibras\/","https:\/\/x.com\/Notibras","https:\/\/www.instagram.com\/notibras\/"]},{"@type":"Person","@id":"https:\/\/www.notibras.com\/site\/#\/schema\/person\/36ab0979449956132d3e5b517ea76ac8","name":"Reda\u00e7\u00e3o","image":{"@type":"ImageObject","inLanguage":"pt-BR","@id":"https:\/\/secure.gravatar.com\/avatar\/e0a867bdedb85fd243eadf09663511f96fc81e0720a4a42581f334ad4303aa6b?s=96&d=mm&r=g","url":"https:\/\/secure.gravatar.com\/avatar\/e0a867bdedb85fd243eadf09663511f96fc81e0720a4a42581f334ad4303aa6b?s=96&d=mm&r=g","contentUrl":"https:\/\/secure.gravatar.com\/avatar\/e0a867bdedb85fd243eadf09663511f96fc81e0720a4a42581f334ad4303aa6b?s=96&d=mm&r=g","caption":"Reda\u00e7\u00e3o"}}]}},"amp_enabled":true,"_links":{"self":[{"href":"https:\/\/www.notibras.com\/site\/wp-json\/wp\/v2\/posts\/68717","targetHints":{"allow":["GET"]}}],"collection":[{"href":"https:\/\/www.notibras.com\/site\/wp-json\/wp\/v2\/posts"}],"about":[{"href":"https:\/\/www.notibras.com\/site\/wp-json\/wp\/v2\/types\/post"}],"author":[{"embeddable":true,"href":"https:\/\/www.notibras.com\/site\/wp-json\/wp\/v2\/users\/2"}],"replies":[{"embeddable":true,"href":"https:\/\/www.notibras.com\/site\/wp-json\/wp\/v2\/comments?post=68717"}],"version-history":[{"count":1,"href":"https:\/\/www.notibras.com\/site\/wp-json\/wp\/v2\/posts\/68717\/revisions"}],"predecessor-version":[{"id":68719,"href":"https:\/\/www.notibras.com\/site\/wp-json\/wp\/v2\/posts\/68717\/revisions\/68719"}],"wp:featuredmedia":[{"embeddable":true,"href":"https:\/\/www.notibras.com\/site\/wp-json\/wp\/v2\/media\/68718"}],"wp:attachment":[{"href":"https:\/\/www.notibras.com\/site\/wp-json\/wp\/v2\/media?parent=68717"}],"wp:term":[{"taxonomy":"category","embeddable":true,"href":"https:\/\/www.notibras.com\/site\/wp-json\/wp\/v2\/categories?post=68717"},{"taxonomy":"post_tag","embeddable":true,"href":"https:\/\/www.notibras.com\/site\/wp-json\/wp\/v2\/tags?post=68717"}],"curies":[{"name":"wp","href":"https:\/\/api.w.org\/{rel}","templated":true}]}}