{"id":68724,"date":"2015-09-20T12:07:35","date_gmt":"2015-09-20T15:07:35","guid":{"rendered":"http:\/\/www.notibras.com\/site\/?p=68724"},"modified":"2015-10-29T14:31:29","modified_gmt":"2015-10-29T16:31:29","slug":"se-ha-mais-medicos-por-que-yasmim-3-meses-agoniza-em-maca","status":"publish","type":"post","link":"https:\/\/www.notibras.com\/site\/se-ha-mais-medicos-por-que-yasmim-3-meses-agoniza-em-maca\/","title":{"rendered":"Se h\u00e1 &#8216;mais m\u00e9dicos&#8217;, por que beb\u00ea Yasmim agoniza em maca?"},"content":{"rendered":"<p>O programa Mais M\u00e9dicos, que a presidente Dilma Rousseff apresenta \u00e0 sociedade como um ant\u00eddoto para acabar com os problemas de sa\u00fade no Pa\u00eds, est\u00e1 longe de salvar vidas \u2013 ao menos daquelas pessoas mais distantes de Bras\u00edlia, onde o povo depende de uma Gra\u00e7a Divina para vencer dificuldades.<\/p>\n<p>A realidade \u00e9 diferente da que o governo mostra. O problema reside n\u00e3o apenas na falta de m\u00e9dicos, como tamb\u00e9m, e principalmente, na total aus\u00eancia de hospitais ou mesmo centro de sa\u00fade em condi\u00e7\u00f5es m\u00ednimas de garantir a vida do cidad\u00e3o, por mais carente que seja.<\/p>\n<p>Um exemplo claro \u00e9 o drama vivido pelos familiares do beb\u00ea Yasmim Gabrielle Rodrigues da Silva, de Boa Vista, Roraima.<\/p>\n<p>Yasmim nasceu h\u00e1 tr\u00eas meses, com uma anomalia grave no cora\u00e7\u00e3o, a estenose da valva a\u00f3rtica \u2013 o que se chama popularmente de sopro &#8211; em Roraima. Internada, n\u00e3o pode submeter-se a cirurgia por falta de equipamentos e especialistas nos hospitais (p\u00fablicos ou privados) do Estado.<\/p>\n<p>Yasmim j\u00e1 teve pneumonia e uma parada card\u00edaca. Novas complica\u00e7\u00f5es podem debilitar ainda mais a crian\u00e7a, e ela n\u00e3o resistir\u00e1. O hospital onde ela est\u00e1 internada j\u00e1 enviou TFD (Pedido de transfer\u00eancia para atendimento fora do domic\u00edlio), aos hospitais que s\u00e3o refer\u00eancia nesses casos, mas nenhum disp\u00f5e de vaga para receber a crian\u00e7a.<\/p>\n<p>&#8211; Estamos desesperados, pedimos ajuda a v\u00e1rios pessoas, e at\u00e9 agora nada, dizem pais, tios, av\u00f3s e amigos de Yasmim, enquanto aguardam um milagre nos corredores do Hospital da Crian\u00e7a Santo Ant\u00f4nio de Boa Vista.<\/p>\n<p><strong>A doen\u00e7a<\/strong><\/p>\n<p>O sopro card\u00edaco \u00e9 um ru\u00eddo produzido pela passagem do fluxo de sangue atrav\u00e9s das estruturas do cora\u00e7\u00e3o. Ele pode ser funcional ou fisiol\u00f3gico (sopro inocente), ou patol\u00f3gico em decorr\u00eancia de defeitos no cora\u00e7\u00e3o. Cerca de 40%, 50% das crian\u00e7as saud\u00e1veis apresentam sopros inocentes sem nenhuma outra altera\u00e7\u00e3o e com desenvolvimento f\u00edsico absolutamente normal.<\/p>\n<p>Nos adultos, predominam os sopros que aparecem como complica\u00e7\u00f5es de cardiopatias provocadas pela febre reum\u00e1tica ocorrida na inf\u00e2ncia, doen\u00e7a que tamb\u00e9m pode afetar o sistema nervoso central e o sistema osteoarticular.<\/p>\n<p>N\u00e3o existe explica\u00e7\u00e3o precisa para o aparecimento de sopros fisiol\u00f3gicos. No per\u00edodo neonatal, por exemplo, o sistema circulat\u00f3rio passa por modifica\u00e7\u00f5es e o rec\u00e9m-nascido pode ter sopros na \u00e1rea pulmonar ou da valva tric\u00faspide que desaparecem em alguns dias. Nas crian\u00e7as em idade pr\u00e9-escolar, \u00e0s vezes, o ecocardiograma indica a presen\u00e7a de um falso tend\u00e3o no ventr\u00edculo esquerdo.<\/p>\n<p>Os sopros patol\u00f3gicos podem ser cong\u00eanitos ou adquiridos e s\u00e3o provocados, por exemplo, por altera\u00e7\u00f5es nas valvas, ou seja, por pequenos orif\u00edcios no septo que separa o lado direito do lado esquerdo do cora\u00e7\u00e3o, ou por comunica\u00e7\u00e3o entre a aorta e a art\u00e9ria pulmonar.<\/p>\n<p>Outra causa de sopro no cora\u00e7\u00e3o \u00e9 a febre reum\u00e1tica provocada por rea\u00e7\u00e3o imunol\u00f3gica do organismo contra ant\u00edgenos ou componentes do estreptococo, uma bact\u00e9ria que, em geral, infecta a garganta.<\/p>\n<p>Doen\u00e7as degenerativas, que raramente se manifestam na inf\u00e2ncia, est\u00e3o entre as causas do sopro card\u00edaco. Um exemplo \u00e9 a coarta\u00e7\u00e3o da aorta e a altera\u00e7\u00e3o da estrutura da valva a\u00f3rtica que provoca calcifica\u00e7\u00e3o e estenose nessa v\u00e1lvula.<\/p>\n<p><a href=\"http:\/\/www.notibras.com\/Yasmim%20Gabrielle%20Rodrigues%20da%20Silva.pdf\" target=\"_blank\">Veja o laudo m\u00e9dico.<\/a><\/p>\n<p><strong>Felipe Meirelles<\/strong><\/p>\n","protected":false},"excerpt":{"rendered":"<p>O programa Mais M\u00e9dicos, que a presidente Dilma Rousseff apresenta \u00e0 sociedade como um ant\u00eddoto para acabar com os problemas de sa\u00fade no Pa\u00eds, est\u00e1 longe de salvar vidas \u2013 ao menos daquelas pessoas mais distantes de Bras\u00edlia, onde o povo depende de uma Gra\u00e7a Divina para vencer dificuldades. A realidade \u00e9 diferente da que [&hellip;]<\/p>\n","protected":false},"author":2,"featured_media":0,"comment_status":"open","ping_status":"closed","sticky":false,"template":"","format":"standard","meta":{"_acf_changed":false,"footnotes":""},"categories":[16],"tags":[],"class_list":["post-68724","post","type-post","status-publish","format-standard","hentry","category-brasil"],"acf":[],"yoast_head":"<!-- This site is optimized with the Yoast SEO plugin v27.2 - https:\/\/yoast.com\/product\/yoast-seo-wordpress\/ -->\n<title>Se h\u00e1 &#039;mais m\u00e9dicos&#039;, por que beb\u00ea Yasmim agoniza em maca? - Notibras<\/title>\n<meta name=\"robots\" content=\"index, follow, max-snippet:-1, max-image-preview:large, max-video-preview:-1\" \/>\n<link rel=\"canonical\" href=\"https:\/\/www.notibras.com\/site\/se-ha-mais-medicos-por-que-yasmim-3-meses-agoniza-em-maca\/\" \/>\n<meta property=\"og:locale\" content=\"pt_BR\" \/>\n<meta property=\"og:type\" content=\"article\" \/>\n<meta property=\"og:title\" content=\"Se h\u00e1 &#039;mais m\u00e9dicos&#039;, por que beb\u00ea Yasmim agoniza em maca? - Notibras\" \/>\n<meta property=\"og:description\" content=\"O programa Mais M\u00e9dicos, que a presidente Dilma Rousseff apresenta \u00e0 sociedade como um ant\u00eddoto para acabar com os problemas de sa\u00fade no Pa\u00eds, est\u00e1 longe de salvar vidas \u2013 ao menos daquelas pessoas mais distantes de Bras\u00edlia, onde o povo depende de uma Gra\u00e7a Divina para vencer dificuldades. A realidade \u00e9 diferente da que [&hellip;]\" \/>\n<meta property=\"og:url\" content=\"https:\/\/www.notibras.com\/site\/se-ha-mais-medicos-por-que-yasmim-3-meses-agoniza-em-maca\/\" \/>\n<meta property=\"og:site_name\" content=\"Notibras\" \/>\n<meta property=\"article:publisher\" content=\"https:\/\/www.facebook.com\/notibras\/\" \/>\n<meta property=\"article:published_time\" content=\"2015-09-20T15:07:35+00:00\" \/>\n<meta property=\"article:modified_time\" content=\"2015-10-29T16:31:29+00:00\" \/>\n<meta property=\"og:image\" content=\"https:\/\/www.notibras.com\/site\/wp-content\/uploads\/2015\/09\/yasmim.jpg\" \/>\n\t<meta property=\"og:image:width\" content=\"500\" \/>\n\t<meta property=\"og:image:height\" content=\"462\" \/>\n\t<meta property=\"og:image:type\" content=\"image\/jpeg\" \/>\n<meta name=\"author\" content=\"Reda\u00e7\u00e3o\" \/>\n<meta name=\"twitter:card\" content=\"summary_large_image\" \/>\n<meta name=\"twitter:creator\" content=\"@Notibras\" \/>\n<meta name=\"twitter:site\" content=\"@Notibras\" \/>\n<meta name=\"twitter:label1\" content=\"Escrito por\" \/>\n\t<meta name=\"twitter:data1\" content=\"Reda\u00e7\u00e3o\" \/>\n\t<meta name=\"twitter:label2\" content=\"Est. tempo de leitura\" \/>\n\t<meta name=\"twitter:data2\" content=\"3 minutos\" \/>\n<script type=\"application\/ld+json\" class=\"yoast-schema-graph\">{\"@context\":\"https:\/\/schema.org\",\"@graph\":[{\"@type\":\"Article\",\"@id\":\"https:\/\/www.notibras.com\/site\/se-ha-mais-medicos-por-que-yasmim-3-meses-agoniza-em-maca\/#article\",\"isPartOf\":{\"@id\":\"https:\/\/www.notibras.com\/site\/se-ha-mais-medicos-por-que-yasmim-3-meses-agoniza-em-maca\/\"},\"author\":{\"name\":\"Reda\u00e7\u00e3o\",\"@id\":\"https:\/\/www.notibras.com\/site\/#\/schema\/person\/36ab0979449956132d3e5b517ea76ac8\"},\"headline\":\"Se h\u00e1 &#8216;mais m\u00e9dicos&#8217;, por que beb\u00ea Yasmim agoniza em maca?\",\"datePublished\":\"2015-09-20T15:07:35+00:00\",\"dateModified\":\"2015-10-29T16:31:29+00:00\",\"mainEntityOfPage\":{\"@id\":\"https:\/\/www.notibras.com\/site\/se-ha-mais-medicos-por-que-yasmim-3-meses-agoniza-em-maca\/\"},\"wordCount\":601,\"commentCount\":0,\"publisher\":{\"@id\":\"https:\/\/www.notibras.com\/site\/#organization\"},\"articleSection\":[\"Brasil\"],\"inLanguage\":\"pt-BR\",\"potentialAction\":[{\"@type\":\"CommentAction\",\"name\":\"Comment\",\"target\":[\"https:\/\/www.notibras.com\/site\/se-ha-mais-medicos-por-que-yasmim-3-meses-agoniza-em-maca\/#respond\"]}]},{\"@type\":\"WebPage\",\"@id\":\"https:\/\/www.notibras.com\/site\/se-ha-mais-medicos-por-que-yasmim-3-meses-agoniza-em-maca\/\",\"url\":\"https:\/\/www.notibras.com\/site\/se-ha-mais-medicos-por-que-yasmim-3-meses-agoniza-em-maca\/\",\"name\":\"Se h\u00e1 'mais m\u00e9dicos', por que beb\u00ea Yasmim agoniza em maca? - Notibras\",\"isPartOf\":{\"@id\":\"https:\/\/www.notibras.com\/site\/#website\"},\"datePublished\":\"2015-09-20T15:07:35+00:00\",\"dateModified\":\"2015-10-29T16:31:29+00:00\",\"breadcrumb\":{\"@id\":\"https:\/\/www.notibras.com\/site\/se-ha-mais-medicos-por-que-yasmim-3-meses-agoniza-em-maca\/#breadcrumb\"},\"inLanguage\":\"pt-BR\",\"potentialAction\":[{\"@type\":\"ReadAction\",\"target\":[\"https:\/\/www.notibras.com\/site\/se-ha-mais-medicos-por-que-yasmim-3-meses-agoniza-em-maca\/\"]}]},{\"@type\":\"BreadcrumbList\",\"@id\":\"https:\/\/www.notibras.com\/site\/se-ha-mais-medicos-por-que-yasmim-3-meses-agoniza-em-maca\/#breadcrumb\",\"itemListElement\":[{\"@type\":\"ListItem\",\"position\":1,\"name\":\"In\u00edcio\",\"item\":\"https:\/\/www.notibras.com\/site\/\"},{\"@type\":\"ListItem\",\"position\":2,\"name\":\"Se h\u00e1 &#8216;mais m\u00e9dicos&#8217;, por que beb\u00ea Yasmim agoniza em maca?\"}]},{\"@type\":\"WebSite\",\"@id\":\"https:\/\/www.notibras.com\/site\/#website\",\"url\":\"https:\/\/www.notibras.com\/site\/\",\"name\":\"Notibras\",\"description\":\"Not\u00edcias de Bras\u00edlia, do Brasil e do Mundo\",\"publisher\":{\"@id\":\"https:\/\/www.notibras.com\/site\/#organization\"},\"potentialAction\":[{\"@type\":\"SearchAction\",\"target\":{\"@type\":\"EntryPoint\",\"urlTemplate\":\"https:\/\/www.notibras.com\/site\/?s={search_term_string}\"},\"query-input\":{\"@type\":\"PropertyValueSpecification\",\"valueRequired\":true,\"valueName\":\"search_term_string\"}}],\"inLanguage\":\"pt-BR\"},{\"@type\":\"Organization\",\"@id\":\"https:\/\/www.notibras.com\/site\/#organization\",\"name\":\"Grupo Notibras de Comunica\u00e7\u00e3o\",\"url\":\"https:\/\/www.notibras.com\/site\/\",\"logo\":{\"@type\":\"ImageObject\",\"inLanguage\":\"pt-BR\",\"@id\":\"https:\/\/www.notibras.com\/site\/#\/schema\/logo\/image\/\",\"url\":\"https:\/\/www.notibras.com\/site\/wp-content\/uploads\/2023\/01\/notibras23.png\",\"contentUrl\":\"https:\/\/www.notibras.com\/site\/wp-content\/uploads\/2023\/01\/notibras23.png\",\"width\":350,\"height\":87,\"caption\":\"Grupo Notibras de Comunica\u00e7\u00e3o\"},\"image\":{\"@id\":\"https:\/\/www.notibras.com\/site\/#\/schema\/logo\/image\/\"},\"sameAs\":[\"https:\/\/www.facebook.com\/notibras\/\",\"https:\/\/x.com\/Notibras\",\"https:\/\/www.instagram.com\/notibras\/\"]},{\"@type\":\"Person\",\"@id\":\"https:\/\/www.notibras.com\/site\/#\/schema\/person\/36ab0979449956132d3e5b517ea76ac8\",\"name\":\"Reda\u00e7\u00e3o\",\"image\":{\"@type\":\"ImageObject\",\"inLanguage\":\"pt-BR\",\"@id\":\"https:\/\/secure.gravatar.com\/avatar\/e0a867bdedb85fd243eadf09663511f96fc81e0720a4a42581f334ad4303aa6b?s=96&d=mm&r=g\",\"url\":\"https:\/\/secure.gravatar.com\/avatar\/e0a867bdedb85fd243eadf09663511f96fc81e0720a4a42581f334ad4303aa6b?s=96&d=mm&r=g\",\"contentUrl\":\"https:\/\/secure.gravatar.com\/avatar\/e0a867bdedb85fd243eadf09663511f96fc81e0720a4a42581f334ad4303aa6b?s=96&d=mm&r=g\",\"caption\":\"Reda\u00e7\u00e3o\"}}]}<\/script>\n<!-- \/ Yoast SEO plugin. -->","yoast_head_json":{"title":"Se h\u00e1 'mais m\u00e9dicos', por que beb\u00ea Yasmim agoniza em maca? - Notibras","robots":{"index":"index","follow":"follow","max-snippet":"max-snippet:-1","max-image-preview":"max-image-preview:large","max-video-preview":"max-video-preview:-1"},"canonical":"https:\/\/www.notibras.com\/site\/se-ha-mais-medicos-por-que-yasmim-3-meses-agoniza-em-maca\/","og_locale":"pt_BR","og_type":"article","og_title":"Se h\u00e1 'mais m\u00e9dicos', por que beb\u00ea Yasmim agoniza em maca? - Notibras","og_description":"O programa Mais M\u00e9dicos, que a presidente Dilma Rousseff apresenta \u00e0 sociedade como um ant\u00eddoto para acabar com os problemas de sa\u00fade no Pa\u00eds, est\u00e1 longe de salvar vidas \u2013 ao menos daquelas pessoas mais distantes de Bras\u00edlia, onde o povo depende de uma Gra\u00e7a Divina para vencer dificuldades. A realidade \u00e9 diferente da que [&hellip;]","og_url":"https:\/\/www.notibras.com\/site\/se-ha-mais-medicos-por-que-yasmim-3-meses-agoniza-em-maca\/","og_site_name":"Notibras","article_publisher":"https:\/\/www.facebook.com\/notibras\/","article_published_time":"2015-09-20T15:07:35+00:00","article_modified_time":"2015-10-29T16:31:29+00:00","og_image":[{"width":500,"height":462,"url":"https:\/\/www.notibras.com\/site\/wp-content\/uploads\/2015\/09\/yasmim.jpg","type":"image\/jpeg"}],"author":"Reda\u00e7\u00e3o","twitter_card":"summary_large_image","twitter_creator":"@Notibras","twitter_site":"@Notibras","twitter_misc":{"Escrito por":"Reda\u00e7\u00e3o","Est. tempo de leitura":"3 minutos"},"schema":{"@context":"https:\/\/schema.org","@graph":[{"@type":"Article","@id":"https:\/\/www.notibras.com\/site\/se-ha-mais-medicos-por-que-yasmim-3-meses-agoniza-em-maca\/#article","isPartOf":{"@id":"https:\/\/www.notibras.com\/site\/se-ha-mais-medicos-por-que-yasmim-3-meses-agoniza-em-maca\/"},"author":{"name":"Reda\u00e7\u00e3o","@id":"https:\/\/www.notibras.com\/site\/#\/schema\/person\/36ab0979449956132d3e5b517ea76ac8"},"headline":"Se h\u00e1 &#8216;mais m\u00e9dicos&#8217;, por que beb\u00ea Yasmim agoniza em maca?","datePublished":"2015-09-20T15:07:35+00:00","dateModified":"2015-10-29T16:31:29+00:00","mainEntityOfPage":{"@id":"https:\/\/www.notibras.com\/site\/se-ha-mais-medicos-por-que-yasmim-3-meses-agoniza-em-maca\/"},"wordCount":601,"commentCount":0,"publisher":{"@id":"https:\/\/www.notibras.com\/site\/#organization"},"articleSection":["Brasil"],"inLanguage":"pt-BR","potentialAction":[{"@type":"CommentAction","name":"Comment","target":["https:\/\/www.notibras.com\/site\/se-ha-mais-medicos-por-que-yasmim-3-meses-agoniza-em-maca\/#respond"]}]},{"@type":"WebPage","@id":"https:\/\/www.notibras.com\/site\/se-ha-mais-medicos-por-que-yasmim-3-meses-agoniza-em-maca\/","url":"https:\/\/www.notibras.com\/site\/se-ha-mais-medicos-por-que-yasmim-3-meses-agoniza-em-maca\/","name":"Se h\u00e1 'mais m\u00e9dicos', por que beb\u00ea Yasmim agoniza em maca? - Notibras","isPartOf":{"@id":"https:\/\/www.notibras.com\/site\/#website"},"datePublished":"2015-09-20T15:07:35+00:00","dateModified":"2015-10-29T16:31:29+00:00","breadcrumb":{"@id":"https:\/\/www.notibras.com\/site\/se-ha-mais-medicos-por-que-yasmim-3-meses-agoniza-em-maca\/#breadcrumb"},"inLanguage":"pt-BR","potentialAction":[{"@type":"ReadAction","target":["https:\/\/www.notibras.com\/site\/se-ha-mais-medicos-por-que-yasmim-3-meses-agoniza-em-maca\/"]}]},{"@type":"BreadcrumbList","@id":"https:\/\/www.notibras.com\/site\/se-ha-mais-medicos-por-que-yasmim-3-meses-agoniza-em-maca\/#breadcrumb","itemListElement":[{"@type":"ListItem","position":1,"name":"In\u00edcio","item":"https:\/\/www.notibras.com\/site\/"},{"@type":"ListItem","position":2,"name":"Se h\u00e1 &#8216;mais m\u00e9dicos&#8217;, por que beb\u00ea Yasmim agoniza em maca?"}]},{"@type":"WebSite","@id":"https:\/\/www.notibras.com\/site\/#website","url":"https:\/\/www.notibras.com\/site\/","name":"Notibras","description":"Not\u00edcias de Bras\u00edlia, do Brasil e do Mundo","publisher":{"@id":"https:\/\/www.notibras.com\/site\/#organization"},"potentialAction":[{"@type":"SearchAction","target":{"@type":"EntryPoint","urlTemplate":"https:\/\/www.notibras.com\/site\/?s={search_term_string}"},"query-input":{"@type":"PropertyValueSpecification","valueRequired":true,"valueName":"search_term_string"}}],"inLanguage":"pt-BR"},{"@type":"Organization","@id":"https:\/\/www.notibras.com\/site\/#organization","name":"Grupo Notibras de Comunica\u00e7\u00e3o","url":"https:\/\/www.notibras.com\/site\/","logo":{"@type":"ImageObject","inLanguage":"pt-BR","@id":"https:\/\/www.notibras.com\/site\/#\/schema\/logo\/image\/","url":"https:\/\/www.notibras.com\/site\/wp-content\/uploads\/2023\/01\/notibras23.png","contentUrl":"https:\/\/www.notibras.com\/site\/wp-content\/uploads\/2023\/01\/notibras23.png","width":350,"height":87,"caption":"Grupo Notibras de Comunica\u00e7\u00e3o"},"image":{"@id":"https:\/\/www.notibras.com\/site\/#\/schema\/logo\/image\/"},"sameAs":["https:\/\/www.facebook.com\/notibras\/","https:\/\/x.com\/Notibras","https:\/\/www.instagram.com\/notibras\/"]},{"@type":"Person","@id":"https:\/\/www.notibras.com\/site\/#\/schema\/person\/36ab0979449956132d3e5b517ea76ac8","name":"Reda\u00e7\u00e3o","image":{"@type":"ImageObject","inLanguage":"pt-BR","@id":"https:\/\/secure.gravatar.com\/avatar\/e0a867bdedb85fd243eadf09663511f96fc81e0720a4a42581f334ad4303aa6b?s=96&d=mm&r=g","url":"https:\/\/secure.gravatar.com\/avatar\/e0a867bdedb85fd243eadf09663511f96fc81e0720a4a42581f334ad4303aa6b?s=96&d=mm&r=g","contentUrl":"https:\/\/secure.gravatar.com\/avatar\/e0a867bdedb85fd243eadf09663511f96fc81e0720a4a42581f334ad4303aa6b?s=96&d=mm&r=g","caption":"Reda\u00e7\u00e3o"}}]}},"amp_enabled":true,"_links":{"self":[{"href":"https:\/\/www.notibras.com\/site\/wp-json\/wp\/v2\/posts\/68724","targetHints":{"allow":["GET"]}}],"collection":[{"href":"https:\/\/www.notibras.com\/site\/wp-json\/wp\/v2\/posts"}],"about":[{"href":"https:\/\/www.notibras.com\/site\/wp-json\/wp\/v2\/types\/post"}],"author":[{"embeddable":true,"href":"https:\/\/www.notibras.com\/site\/wp-json\/wp\/v2\/users\/2"}],"replies":[{"embeddable":true,"href":"https:\/\/www.notibras.com\/site\/wp-json\/wp\/v2\/comments?post=68724"}],"version-history":[{"count":5,"href":"https:\/\/www.notibras.com\/site\/wp-json\/wp\/v2\/posts\/68724\/revisions"}],"predecessor-version":[{"id":68789,"href":"https:\/\/www.notibras.com\/site\/wp-json\/wp\/v2\/posts\/68724\/revisions\/68789"}],"wp:attachment":[{"href":"https:\/\/www.notibras.com\/site\/wp-json\/wp\/v2\/media?parent=68724"}],"wp:term":[{"taxonomy":"category","embeddable":true,"href":"https:\/\/www.notibras.com\/site\/wp-json\/wp\/v2\/categories?post=68724"},{"taxonomy":"post_tag","embeddable":true,"href":"https:\/\/www.notibras.com\/site\/wp-json\/wp\/v2\/tags?post=68724"}],"curies":[{"name":"wp","href":"https:\/\/api.w.org\/{rel}","templated":true}]}}