{"id":68764,"date":"2015-09-20T18:03:46","date_gmt":"2015-09-20T21:03:46","guid":{"rendered":"http:\/\/www.notibras.com\/site\/?p=68764"},"modified":"2015-09-21T08:58:46","modified_gmt":"2015-09-21T11:58:46","slug":"vasco-passa-pelo-sport-e-deixa-a-lanterna-na-luta-contra-a-degola","status":"publish","type":"post","link":"https:\/\/www.notibras.com\/site\/vasco-passa-pelo-sport-e-deixa-a-lanterna-na-luta-contra-a-degola\/","title":{"rendered":"Vasco passa pelo Sport e deixa a lanterna na luta contra a degola"},"content":{"rendered":"<p>A rea\u00e7\u00e3o continua. Em busca de um &#8216;milagre&#8217; para escapar do rebaixamento ao final da temporada, o Vasco segue dando sinais de que tem condi\u00e7\u00f5es de alcan\u00e7a-lo. Em jogo disputado na tarde deste domingo no Maracan\u00e3, o time cruzmaltino venceu o Sport por 2 a 1 \u2013 gols de Nen\u00ea e Rafael Vaz \u2013 e assim deixou a lanterna do Brasileir\u00e3o depois de nove rodadas.<\/p>\n<p>Mas foi sofrido. O al\u00edvio s\u00f3 veio mesmo com o apito final. Antes disso, o excesso de passes errados impediu que o Vasco &#8216;matasse&#8217; o jogo e tranquilizasse a torcida. Desta forma, o Sport buscou o gol de empate at\u00e9 os \u00faltimos segundos, mas faltou precis\u00e3o nas finaliza\u00e7\u00f5es.<\/p>\n<p>Com o resultado, o Vasco chega aos 23 pontos (dez deles conquistados nas \u00faltimas quatro rodadas) e ultrapassa o Joinville no n\u00famero de vit\u00f3rias. J\u00e1 o Sport, que perdeu o t\u00e9cnico Eduardo Baptista para o Fluminense no meio da semana, segue sem vencer como visitante neste Brasileiro e estaciona nos 37 pontos, ficando a sete tanto do G-4 como da degola.<\/p>\n<p>O Vasco n\u00e3o precisou nem de dois minutos para &#8216;incendiar&#8217; a torcida no j\u00e1 quente Maracan\u00e3. Em jogada pela direita, Madson cruzou para a \u00e1rea e Durval afastou mal. No rebote, Nen\u00ea cortou para a direita e bateu de canhota, colocado; no meio do caminho, Ferrugem tentou fazer o corte, mas acabou n\u00e3o conseguindo e mandando a bola para as redes. 1 a 0. E tudo parecia a favor do time carioca.<\/p>\n<p>Apesar da press\u00e3o que vive, o Vasco mostrava-se tranquilo na partida e at\u00e9 criava algumas chances, como a de Rafael Silva, que deu um toque por cima de Danilo e quase marcou, aos 11min, e a de Nen\u00ea, que arriscou de fora da \u00e1rea aos 18min em rebote de escanteio e assustou. Por\u00e9m, um cochilo da defesa cruzmaltina voltou a deixar o placar em igualdade, aos 39min. Marlone deu um lindo lan\u00e7amento nas costas dos zagueiros e encontrou \u00c9lber, que matou no ombro e, com categoria, girou e finalizou de primeira. 1 a 1.<\/p>\n<p>O gol desestabilizou o Vasco e, principalmente, o t\u00e9cnico Jorginho, que chegou a atirar longe um copo d&#8217;\u00e1gua depois de mais um erro bobo de sua equipe.<\/p>\n<p>Na etapa final, foi a vez de a defesa do Sport cochilar. Logo aos 3min, ap\u00f3s escanteio cobrado por Andrezinho da direita, Rafael Vaz apareceu entre os zagueiros e, com liberdade, cabeceou com estilo no canto esquerdo de Danilo. 2 a 1 e festa de novo no Maracan\u00e3. Mas o sofrimento seguiu. Errando muitos passes, especialmente na hora de aproveitar os contra-ataques, o Vasco pouco incomodava o Sport, que por sua vez partia para cima em busca do empate e assustava quase sempre em bolas a\u00e9reas.<\/p>\n<p>Aos 30min, Nen\u00ea teve a chance de &#8216;matar&#8217; o jogo ap\u00f3s rebote da trave, mas sem goleiro conseguiu isolar. Sorte do Vasco que conseguiu segurar o ataque do Sport e o gol acabou n\u00e3o fazendo falta.<\/p>\n","protected":false},"excerpt":{"rendered":"<p>A rea\u00e7\u00e3o continua. Em busca de um &#8216;milagre&#8217; para escapar do rebaixamento ao final da temporada, o Vasco segue dando sinais de que tem condi\u00e7\u00f5es de alcan\u00e7a-lo. Em jogo disputado na tarde deste domingo no Maracan\u00e3, o time cruzmaltino venceu o Sport por 2 a 1 \u2013 gols de Nen\u00ea e Rafael Vaz \u2013 e [&hellip;]<\/p>\n","protected":false},"author":2,"featured_media":68765,"comment_status":"open","ping_status":"closed","sticky":false,"template":"","format":"standard","meta":{"_acf_changed":false,"footnotes":""},"categories":[29],"tags":[],"class_list":["post-68764","post","type-post","status-publish","format-standard","has-post-thumbnail","hentry","category-futebol"],"acf":[],"yoast_head":"<!-- This site is optimized with the Yoast SEO plugin v27.2 - https:\/\/yoast.com\/product\/yoast-seo-wordpress\/ -->\n<title>Vasco passa pelo Sport e deixa a lanterna na luta contra a degola - Notibras<\/title>\n<meta name=\"robots\" content=\"index, follow, max-snippet:-1, max-image-preview:large, max-video-preview:-1\" \/>\n<link rel=\"canonical\" href=\"https:\/\/www.notibras.com\/site\/vasco-passa-pelo-sport-e-deixa-a-lanterna-na-luta-contra-a-degola\/\" \/>\n<meta property=\"og:locale\" content=\"pt_BR\" \/>\n<meta property=\"og:type\" content=\"article\" \/>\n<meta property=\"og:title\" content=\"Vasco passa pelo Sport e deixa a lanterna na luta contra a degola - Notibras\" \/>\n<meta property=\"og:description\" content=\"A rea\u00e7\u00e3o continua. Em busca de um &#8216;milagre&#8217; para escapar do rebaixamento ao final da temporada, o Vasco segue dando sinais de que tem condi\u00e7\u00f5es de alcan\u00e7a-lo. Em jogo disputado na tarde deste domingo no Maracan\u00e3, o time cruzmaltino venceu o Sport por 2 a 1 \u2013 gols de Nen\u00ea e Rafael Vaz \u2013 e [&hellip;]\" \/>\n<meta property=\"og:url\" content=\"https:\/\/www.notibras.com\/site\/vasco-passa-pelo-sport-e-deixa-a-lanterna-na-luta-contra-a-degola\/\" \/>\n<meta property=\"og:site_name\" content=\"Notibras\" \/>\n<meta property=\"article:publisher\" content=\"https:\/\/www.facebook.com\/notibras\/\" \/>\n<meta property=\"article:published_time\" content=\"2015-09-20T21:03:46+00:00\" \/>\n<meta property=\"article:modified_time\" content=\"2015-09-21T11:58:46+00:00\" \/>\n<meta property=\"og:image\" content=\"https:\/\/www.notibras.com\/site\/wp-content\/uploads\/2015\/09\/Vasco-Sport-Foto-Marcelo-CortesLANCEPress_LANIMA20150920_0134_54.jpg\" \/>\n\t<meta property=\"og:image:width\" content=\"527\" \/>\n\t<meta property=\"og:image:height\" content=\"307\" \/>\n\t<meta property=\"og:image:type\" content=\"image\/jpeg\" \/>\n<meta name=\"author\" content=\"Reda\u00e7\u00e3o\" \/>\n<meta name=\"twitter:card\" content=\"summary_large_image\" \/>\n<meta name=\"twitter:creator\" content=\"@Notibras\" \/>\n<meta name=\"twitter:site\" content=\"@Notibras\" \/>\n<meta name=\"twitter:label1\" content=\"Escrito por\" \/>\n\t<meta name=\"twitter:data1\" content=\"Reda\u00e7\u00e3o\" \/>\n\t<meta name=\"twitter:label2\" content=\"Est. tempo de leitura\" \/>\n\t<meta name=\"twitter:data2\" content=\"2 minutos\" \/>\n<script type=\"application\/ld+json\" class=\"yoast-schema-graph\">{\"@context\":\"https:\/\/schema.org\",\"@graph\":[{\"@type\":\"Article\",\"@id\":\"https:\/\/www.notibras.com\/site\/vasco-passa-pelo-sport-e-deixa-a-lanterna-na-luta-contra-a-degola\/#article\",\"isPartOf\":{\"@id\":\"https:\/\/www.notibras.com\/site\/vasco-passa-pelo-sport-e-deixa-a-lanterna-na-luta-contra-a-degola\/\"},\"author\":{\"name\":\"Reda\u00e7\u00e3o\",\"@id\":\"https:\/\/www.notibras.com\/site\/#\/schema\/person\/36ab0979449956132d3e5b517ea76ac8\"},\"headline\":\"Vasco passa pelo Sport e deixa a lanterna na luta contra a degola\",\"datePublished\":\"2015-09-20T21:03:46+00:00\",\"dateModified\":\"2015-09-21T11:58:46+00:00\",\"mainEntityOfPage\":{\"@id\":\"https:\/\/www.notibras.com\/site\/vasco-passa-pelo-sport-e-deixa-a-lanterna-na-luta-contra-a-degola\/\"},\"wordCount\":511,\"commentCount\":0,\"publisher\":{\"@id\":\"https:\/\/www.notibras.com\/site\/#organization\"},\"image\":{\"@id\":\"https:\/\/www.notibras.com\/site\/vasco-passa-pelo-sport-e-deixa-a-lanterna-na-luta-contra-a-degola\/#primaryimage\"},\"thumbnailUrl\":\"https:\/\/www.notibras.com\/site\/wp-content\/uploads\/2015\/09\/Vasco-Sport-Foto-Marcelo-CortesLANCEPress_LANIMA20150920_0134_54.jpg\",\"articleSection\":[\"Futebol\"],\"inLanguage\":\"pt-BR\",\"potentialAction\":[{\"@type\":\"CommentAction\",\"name\":\"Comment\",\"target\":[\"https:\/\/www.notibras.com\/site\/vasco-passa-pelo-sport-e-deixa-a-lanterna-na-luta-contra-a-degola\/#respond\"]}]},{\"@type\":\"WebPage\",\"@id\":\"https:\/\/www.notibras.com\/site\/vasco-passa-pelo-sport-e-deixa-a-lanterna-na-luta-contra-a-degola\/\",\"url\":\"https:\/\/www.notibras.com\/site\/vasco-passa-pelo-sport-e-deixa-a-lanterna-na-luta-contra-a-degola\/\",\"name\":\"Vasco passa pelo Sport e deixa a lanterna na luta contra a degola - Notibras\",\"isPartOf\":{\"@id\":\"https:\/\/www.notibras.com\/site\/#website\"},\"primaryImageOfPage\":{\"@id\":\"https:\/\/www.notibras.com\/site\/vasco-passa-pelo-sport-e-deixa-a-lanterna-na-luta-contra-a-degola\/#primaryimage\"},\"image\":{\"@id\":\"https:\/\/www.notibras.com\/site\/vasco-passa-pelo-sport-e-deixa-a-lanterna-na-luta-contra-a-degola\/#primaryimage\"},\"thumbnailUrl\":\"https:\/\/www.notibras.com\/site\/wp-content\/uploads\/2015\/09\/Vasco-Sport-Foto-Marcelo-CortesLANCEPress_LANIMA20150920_0134_54.jpg\",\"datePublished\":\"2015-09-20T21:03:46+00:00\",\"dateModified\":\"2015-09-21T11:58:46+00:00\",\"breadcrumb\":{\"@id\":\"https:\/\/www.notibras.com\/site\/vasco-passa-pelo-sport-e-deixa-a-lanterna-na-luta-contra-a-degola\/#breadcrumb\"},\"inLanguage\":\"pt-BR\",\"potentialAction\":[{\"@type\":\"ReadAction\",\"target\":[\"https:\/\/www.notibras.com\/site\/vasco-passa-pelo-sport-e-deixa-a-lanterna-na-luta-contra-a-degola\/\"]}]},{\"@type\":\"ImageObject\",\"inLanguage\":\"pt-BR\",\"@id\":\"https:\/\/www.notibras.com\/site\/vasco-passa-pelo-sport-e-deixa-a-lanterna-na-luta-contra-a-degola\/#primaryimage\",\"url\":\"https:\/\/www.notibras.com\/site\/wp-content\/uploads\/2015\/09\/Vasco-Sport-Foto-Marcelo-CortesLANCEPress_LANIMA20150920_0134_54.jpg\",\"contentUrl\":\"https:\/\/www.notibras.com\/site\/wp-content\/uploads\/2015\/09\/Vasco-Sport-Foto-Marcelo-CortesLANCEPress_LANIMA20150920_0134_54.jpg\",\"width\":527,\"height\":307},{\"@type\":\"BreadcrumbList\",\"@id\":\"https:\/\/www.notibras.com\/site\/vasco-passa-pelo-sport-e-deixa-a-lanterna-na-luta-contra-a-degola\/#breadcrumb\",\"itemListElement\":[{\"@type\":\"ListItem\",\"position\":1,\"name\":\"In\u00edcio\",\"item\":\"https:\/\/www.notibras.com\/site\/\"},{\"@type\":\"ListItem\",\"position\":2,\"name\":\"Vasco passa pelo Sport e deixa a lanterna na luta contra a degola\"}]},{\"@type\":\"WebSite\",\"@id\":\"https:\/\/www.notibras.com\/site\/#website\",\"url\":\"https:\/\/www.notibras.com\/site\/\",\"name\":\"Notibras\",\"description\":\"Not\u00edcias de Bras\u00edlia, do Brasil e do Mundo\",\"publisher\":{\"@id\":\"https:\/\/www.notibras.com\/site\/#organization\"},\"potentialAction\":[{\"@type\":\"SearchAction\",\"target\":{\"@type\":\"EntryPoint\",\"urlTemplate\":\"https:\/\/www.notibras.com\/site\/?s={search_term_string}\"},\"query-input\":{\"@type\":\"PropertyValueSpecification\",\"valueRequired\":true,\"valueName\":\"search_term_string\"}}],\"inLanguage\":\"pt-BR\"},{\"@type\":\"Organization\",\"@id\":\"https:\/\/www.notibras.com\/site\/#organization\",\"name\":\"Grupo Notibras de Comunica\u00e7\u00e3o\",\"url\":\"https:\/\/www.notibras.com\/site\/\",\"logo\":{\"@type\":\"ImageObject\",\"inLanguage\":\"pt-BR\",\"@id\":\"https:\/\/www.notibras.com\/site\/#\/schema\/logo\/image\/\",\"url\":\"https:\/\/www.notibras.com\/site\/wp-content\/uploads\/2023\/01\/notibras23.png\",\"contentUrl\":\"https:\/\/www.notibras.com\/site\/wp-content\/uploads\/2023\/01\/notibras23.png\",\"width\":350,\"height\":87,\"caption\":\"Grupo Notibras de Comunica\u00e7\u00e3o\"},\"image\":{\"@id\":\"https:\/\/www.notibras.com\/site\/#\/schema\/logo\/image\/\"},\"sameAs\":[\"https:\/\/www.facebook.com\/notibras\/\",\"https:\/\/x.com\/Notibras\",\"https:\/\/www.instagram.com\/notibras\/\"]},{\"@type\":\"Person\",\"@id\":\"https:\/\/www.notibras.com\/site\/#\/schema\/person\/36ab0979449956132d3e5b517ea76ac8\",\"name\":\"Reda\u00e7\u00e3o\",\"image\":{\"@type\":\"ImageObject\",\"inLanguage\":\"pt-BR\",\"@id\":\"https:\/\/secure.gravatar.com\/avatar\/e0a867bdedb85fd243eadf09663511f96fc81e0720a4a42581f334ad4303aa6b?s=96&d=mm&r=g\",\"url\":\"https:\/\/secure.gravatar.com\/avatar\/e0a867bdedb85fd243eadf09663511f96fc81e0720a4a42581f334ad4303aa6b?s=96&d=mm&r=g\",\"contentUrl\":\"https:\/\/secure.gravatar.com\/avatar\/e0a867bdedb85fd243eadf09663511f96fc81e0720a4a42581f334ad4303aa6b?s=96&d=mm&r=g\",\"caption\":\"Reda\u00e7\u00e3o\"}}]}<\/script>\n<!-- \/ Yoast SEO plugin. -->","yoast_head_json":{"title":"Vasco passa pelo Sport e deixa a lanterna na luta contra a degola - Notibras","robots":{"index":"index","follow":"follow","max-snippet":"max-snippet:-1","max-image-preview":"max-image-preview:large","max-video-preview":"max-video-preview:-1"},"canonical":"https:\/\/www.notibras.com\/site\/vasco-passa-pelo-sport-e-deixa-a-lanterna-na-luta-contra-a-degola\/","og_locale":"pt_BR","og_type":"article","og_title":"Vasco passa pelo Sport e deixa a lanterna na luta contra a degola - Notibras","og_description":"A rea\u00e7\u00e3o continua. Em busca de um &#8216;milagre&#8217; para escapar do rebaixamento ao final da temporada, o Vasco segue dando sinais de que tem condi\u00e7\u00f5es de alcan\u00e7a-lo. Em jogo disputado na tarde deste domingo no Maracan\u00e3, o time cruzmaltino venceu o Sport por 2 a 1 \u2013 gols de Nen\u00ea e Rafael Vaz \u2013 e [&hellip;]","og_url":"https:\/\/www.notibras.com\/site\/vasco-passa-pelo-sport-e-deixa-a-lanterna-na-luta-contra-a-degola\/","og_site_name":"Notibras","article_publisher":"https:\/\/www.facebook.com\/notibras\/","article_published_time":"2015-09-20T21:03:46+00:00","article_modified_time":"2015-09-21T11:58:46+00:00","og_image":[{"width":527,"height":307,"url":"https:\/\/www.notibras.com\/site\/wp-content\/uploads\/2015\/09\/Vasco-Sport-Foto-Marcelo-CortesLANCEPress_LANIMA20150920_0134_54.jpg","type":"image\/jpeg"}],"author":"Reda\u00e7\u00e3o","twitter_card":"summary_large_image","twitter_creator":"@Notibras","twitter_site":"@Notibras","twitter_misc":{"Escrito por":"Reda\u00e7\u00e3o","Est. tempo de leitura":"2 minutos"},"schema":{"@context":"https:\/\/schema.org","@graph":[{"@type":"Article","@id":"https:\/\/www.notibras.com\/site\/vasco-passa-pelo-sport-e-deixa-a-lanterna-na-luta-contra-a-degola\/#article","isPartOf":{"@id":"https:\/\/www.notibras.com\/site\/vasco-passa-pelo-sport-e-deixa-a-lanterna-na-luta-contra-a-degola\/"},"author":{"name":"Reda\u00e7\u00e3o","@id":"https:\/\/www.notibras.com\/site\/#\/schema\/person\/36ab0979449956132d3e5b517ea76ac8"},"headline":"Vasco passa pelo Sport e deixa a lanterna na luta contra a degola","datePublished":"2015-09-20T21:03:46+00:00","dateModified":"2015-09-21T11:58:46+00:00","mainEntityOfPage":{"@id":"https:\/\/www.notibras.com\/site\/vasco-passa-pelo-sport-e-deixa-a-lanterna-na-luta-contra-a-degola\/"},"wordCount":511,"commentCount":0,"publisher":{"@id":"https:\/\/www.notibras.com\/site\/#organization"},"image":{"@id":"https:\/\/www.notibras.com\/site\/vasco-passa-pelo-sport-e-deixa-a-lanterna-na-luta-contra-a-degola\/#primaryimage"},"thumbnailUrl":"https:\/\/www.notibras.com\/site\/wp-content\/uploads\/2015\/09\/Vasco-Sport-Foto-Marcelo-CortesLANCEPress_LANIMA20150920_0134_54.jpg","articleSection":["Futebol"],"inLanguage":"pt-BR","potentialAction":[{"@type":"CommentAction","name":"Comment","target":["https:\/\/www.notibras.com\/site\/vasco-passa-pelo-sport-e-deixa-a-lanterna-na-luta-contra-a-degola\/#respond"]}]},{"@type":"WebPage","@id":"https:\/\/www.notibras.com\/site\/vasco-passa-pelo-sport-e-deixa-a-lanterna-na-luta-contra-a-degola\/","url":"https:\/\/www.notibras.com\/site\/vasco-passa-pelo-sport-e-deixa-a-lanterna-na-luta-contra-a-degola\/","name":"Vasco passa pelo Sport e deixa a lanterna na luta contra a degola - Notibras","isPartOf":{"@id":"https:\/\/www.notibras.com\/site\/#website"},"primaryImageOfPage":{"@id":"https:\/\/www.notibras.com\/site\/vasco-passa-pelo-sport-e-deixa-a-lanterna-na-luta-contra-a-degola\/#primaryimage"},"image":{"@id":"https:\/\/www.notibras.com\/site\/vasco-passa-pelo-sport-e-deixa-a-lanterna-na-luta-contra-a-degola\/#primaryimage"},"thumbnailUrl":"https:\/\/www.notibras.com\/site\/wp-content\/uploads\/2015\/09\/Vasco-Sport-Foto-Marcelo-CortesLANCEPress_LANIMA20150920_0134_54.jpg","datePublished":"2015-09-20T21:03:46+00:00","dateModified":"2015-09-21T11:58:46+00:00","breadcrumb":{"@id":"https:\/\/www.notibras.com\/site\/vasco-passa-pelo-sport-e-deixa-a-lanterna-na-luta-contra-a-degola\/#breadcrumb"},"inLanguage":"pt-BR","potentialAction":[{"@type":"ReadAction","target":["https:\/\/www.notibras.com\/site\/vasco-passa-pelo-sport-e-deixa-a-lanterna-na-luta-contra-a-degola\/"]}]},{"@type":"ImageObject","inLanguage":"pt-BR","@id":"https:\/\/www.notibras.com\/site\/vasco-passa-pelo-sport-e-deixa-a-lanterna-na-luta-contra-a-degola\/#primaryimage","url":"https:\/\/www.notibras.com\/site\/wp-content\/uploads\/2015\/09\/Vasco-Sport-Foto-Marcelo-CortesLANCEPress_LANIMA20150920_0134_54.jpg","contentUrl":"https:\/\/www.notibras.com\/site\/wp-content\/uploads\/2015\/09\/Vasco-Sport-Foto-Marcelo-CortesLANCEPress_LANIMA20150920_0134_54.jpg","width":527,"height":307},{"@type":"BreadcrumbList","@id":"https:\/\/www.notibras.com\/site\/vasco-passa-pelo-sport-e-deixa-a-lanterna-na-luta-contra-a-degola\/#breadcrumb","itemListElement":[{"@type":"ListItem","position":1,"name":"In\u00edcio","item":"https:\/\/www.notibras.com\/site\/"},{"@type":"ListItem","position":2,"name":"Vasco passa pelo Sport e deixa a lanterna na luta contra a degola"}]},{"@type":"WebSite","@id":"https:\/\/www.notibras.com\/site\/#website","url":"https:\/\/www.notibras.com\/site\/","name":"Notibras","description":"Not\u00edcias de Bras\u00edlia, do Brasil e do Mundo","publisher":{"@id":"https:\/\/www.notibras.com\/site\/#organization"},"potentialAction":[{"@type":"SearchAction","target":{"@type":"EntryPoint","urlTemplate":"https:\/\/www.notibras.com\/site\/?s={search_term_string}"},"query-input":{"@type":"PropertyValueSpecification","valueRequired":true,"valueName":"search_term_string"}}],"inLanguage":"pt-BR"},{"@type":"Organization","@id":"https:\/\/www.notibras.com\/site\/#organization","name":"Grupo Notibras de Comunica\u00e7\u00e3o","url":"https:\/\/www.notibras.com\/site\/","logo":{"@type":"ImageObject","inLanguage":"pt-BR","@id":"https:\/\/www.notibras.com\/site\/#\/schema\/logo\/image\/","url":"https:\/\/www.notibras.com\/site\/wp-content\/uploads\/2023\/01\/notibras23.png","contentUrl":"https:\/\/www.notibras.com\/site\/wp-content\/uploads\/2023\/01\/notibras23.png","width":350,"height":87,"caption":"Grupo Notibras de Comunica\u00e7\u00e3o"},"image":{"@id":"https:\/\/www.notibras.com\/site\/#\/schema\/logo\/image\/"},"sameAs":["https:\/\/www.facebook.com\/notibras\/","https:\/\/x.com\/Notibras","https:\/\/www.instagram.com\/notibras\/"]},{"@type":"Person","@id":"https:\/\/www.notibras.com\/site\/#\/schema\/person\/36ab0979449956132d3e5b517ea76ac8","name":"Reda\u00e7\u00e3o","image":{"@type":"ImageObject","inLanguage":"pt-BR","@id":"https:\/\/secure.gravatar.com\/avatar\/e0a867bdedb85fd243eadf09663511f96fc81e0720a4a42581f334ad4303aa6b?s=96&d=mm&r=g","url":"https:\/\/secure.gravatar.com\/avatar\/e0a867bdedb85fd243eadf09663511f96fc81e0720a4a42581f334ad4303aa6b?s=96&d=mm&r=g","contentUrl":"https:\/\/secure.gravatar.com\/avatar\/e0a867bdedb85fd243eadf09663511f96fc81e0720a4a42581f334ad4303aa6b?s=96&d=mm&r=g","caption":"Reda\u00e7\u00e3o"}}]}},"amp_enabled":true,"_links":{"self":[{"href":"https:\/\/www.notibras.com\/site\/wp-json\/wp\/v2\/posts\/68764","targetHints":{"allow":["GET"]}}],"collection":[{"href":"https:\/\/www.notibras.com\/site\/wp-json\/wp\/v2\/posts"}],"about":[{"href":"https:\/\/www.notibras.com\/site\/wp-json\/wp\/v2\/types\/post"}],"author":[{"embeddable":true,"href":"https:\/\/www.notibras.com\/site\/wp-json\/wp\/v2\/users\/2"}],"replies":[{"embeddable":true,"href":"https:\/\/www.notibras.com\/site\/wp-json\/wp\/v2\/comments?post=68764"}],"version-history":[{"count":1,"href":"https:\/\/www.notibras.com\/site\/wp-json\/wp\/v2\/posts\/68764\/revisions"}],"predecessor-version":[{"id":68766,"href":"https:\/\/www.notibras.com\/site\/wp-json\/wp\/v2\/posts\/68764\/revisions\/68766"}],"wp:featuredmedia":[{"embeddable":true,"href":"https:\/\/www.notibras.com\/site\/wp-json\/wp\/v2\/media\/68765"}],"wp:attachment":[{"href":"https:\/\/www.notibras.com\/site\/wp-json\/wp\/v2\/media?parent=68764"}],"wp:term":[{"taxonomy":"category","embeddable":true,"href":"https:\/\/www.notibras.com\/site\/wp-json\/wp\/v2\/categories?post=68764"},{"taxonomy":"post_tag","embeddable":true,"href":"https:\/\/www.notibras.com\/site\/wp-json\/wp\/v2\/tags?post=68764"}],"curies":[{"name":"wp","href":"https:\/\/api.w.org\/{rel}","templated":true}]}}