{"id":68771,"date":"2015-09-20T17:56:47","date_gmt":"2015-09-20T20:56:47","guid":{"rendered":"http:\/\/www.notibras.com\/site\/?p=68771"},"modified":"2015-09-21T08:57:41","modified_gmt":"2015-09-21T11:57:41","slug":"avai-pega-sao-paulo-desfalcado-nao-perdoa-e-enfia-2-a-1-no-estadio-da-ressacada","status":"publish","type":"post","link":"https:\/\/www.notibras.com\/site\/avai-pega-sao-paulo-desfalcado-nao-perdoa-e-enfia-2-a-1-no-estadio-da-ressacada\/","title":{"rendered":"Ava\u00ed pega S\u00e3o Paulo com desfalques, n\u00e3o perdoa e enfia 2 a 1 na Ressacada"},"content":{"rendered":"<p>O S\u00e3o Paulo, com muitos desfalques, fez a torcida do Ava\u00ed respirar aliviada com a vit\u00f3ria por 2 a 1 em jogo da 27\u00aa rodada do Brasileir\u00e3o na Ressacada, neste domingo. A equipe catarinense venceu um time misto do advers\u00e1rio, que iniciou a partida com Alexandre Pato, destaque do clube paulista na competi\u00e7\u00e3o, entre os reservas.<\/p>\n<p>Melhor para o time treinado por Gilson Kleina, que foi aos 32 pontos e saltou provisoriamente para a 13\u00aa coloca\u00e7\u00e3o do torneio e atrapalhou as pretens\u00f5es do S\u00e3o Paulo, que acabou ultrapassado pelo rival Palmeiras na tabela e ficou em quinto, a dois pontos do G-4.<\/p>\n<p>Marquinhos, de falta, abriu o placar para o Ava\u00ed, que foi melhor durante toda a partida, mas permitiu o empate do S\u00e3o Paulo com Breno, que n\u00e3o balan\u00e7ava as redes h\u00e1 oito anos. Ambos os t\u00e9cnicos realizaram altera\u00e7\u00f5es no segundo tempo visando a vit\u00f3ria, e foi Gilson Kleina quem teve estrela na tarde de domingo ao colocar Anderson Lopes no lugar de Renan Oliveira.<\/p>\n<p>Diante de um S\u00e3o Paulo misto e com o mando de campo, o Ava\u00ed prop\u00f4s o jogo desde o in\u00edcio, mas deixou espa\u00e7os para o rival paulista levar perigo no contra-ataque pelas pontas, com Rog\u00e9rio e Carlinhos.<\/p>\n<p>A equipe catarinense por pouco n\u00e3o teve uma penalidade marcada a seu favor, mas o \u00e1rbitro Jailson Macedo Freitas mudou de ideia ap\u00f3s chegar a apontar ao centro da \u00e1rea no segundo minuto de bola rolando. Foi na bola parada, por\u00e9m, que os donos da casa abriram o placar, em uma cobran\u00e7a de falta de Marquinhos aos 17min. Atr\u00e1s no marcador, o S\u00e3o Paulo se soltou e partiu em busca do empate, que veio com Breno aos 42min.<\/p>\n<p>Depois do intervalo, o confronto ficou marcado pelo equil\u00edbrio, embora o Ava\u00ed tenha chegado com maior perigo. Aos 7min, Marquinhos arriscou uma finaliza\u00e7\u00e3o estranha dentro da \u00e1rea e por pouco n\u00e3o recolocou o time da casa na frente, pois acertou na trave. Vendo seus comandados produzirem pouco em campo, tanto Juan Carlos Osorio quanto Gilson Kleina mexeram no time.<\/p>\n<p>O treinador s\u00e3o-paulino colocou em campo os titulares Alexandre Pato e Thiago Mendes para qualificar o setor ofensivo da equipe. O suplente que fez a diferen\u00e7a foi outro: Anderson Lopes. Em uma jogada individual no centro da \u00e1rea do S\u00e3o Paulo, o atacante limpou a marca\u00e7\u00e3o rival e chutou cruzado para fazer 2 a 1 aos 25min e controlar o jogo dali em diante.<\/p>\n","protected":false},"excerpt":{"rendered":"<p>O S\u00e3o Paulo, com muitos desfalques, fez a torcida do Ava\u00ed respirar aliviada com a vit\u00f3ria por 2 a 1 em jogo da 27\u00aa rodada do Brasileir\u00e3o na Ressacada, neste domingo. A equipe catarinense venceu um time misto do advers\u00e1rio, que iniciou a partida com Alexandre Pato, destaque do clube paulista na competi\u00e7\u00e3o, entre os [&hellip;]<\/p>\n","protected":false},"author":2,"featured_media":68772,"comment_status":"open","ping_status":"closed","sticky":false,"template":"","format":"standard","meta":{"_acf_changed":false,"footnotes":""},"categories":[29],"tags":[],"class_list":["post-68771","post","type-post","status-publish","format-standard","has-post-thumbnail","hentry","category-futebol"],"acf":[],"yoast_head":"<!-- This site is optimized with the Yoast SEO plugin v27.2 - https:\/\/yoast.com\/product\/yoast-seo-wordpress\/ -->\n<title>Ava\u00ed pega S\u00e3o Paulo com desfalques, n\u00e3o perdoa e enfia 2 a 1 na Ressacada - Notibras<\/title>\n<meta name=\"robots\" content=\"index, follow, max-snippet:-1, max-image-preview:large, max-video-preview:-1\" \/>\n<link rel=\"canonical\" href=\"https:\/\/www.notibras.com\/site\/avai-pega-sao-paulo-desfalcado-nao-perdoa-e-enfia-2-a-1-no-estadio-da-ressacada\/\" \/>\n<meta property=\"og:locale\" content=\"pt_BR\" \/>\n<meta property=\"og:type\" content=\"article\" \/>\n<meta property=\"og:title\" content=\"Ava\u00ed pega S\u00e3o Paulo com desfalques, n\u00e3o perdoa e enfia 2 a 1 na Ressacada - Notibras\" \/>\n<meta property=\"og:description\" content=\"O S\u00e3o Paulo, com muitos desfalques, fez a torcida do Ava\u00ed respirar aliviada com a vit\u00f3ria por 2 a 1 em jogo da 27\u00aa rodada do Brasileir\u00e3o na Ressacada, neste domingo. A equipe catarinense venceu um time misto do advers\u00e1rio, que iniciou a partida com Alexandre Pato, destaque do clube paulista na competi\u00e7\u00e3o, entre os [&hellip;]\" \/>\n<meta property=\"og:url\" content=\"https:\/\/www.notibras.com\/site\/avai-pega-sao-paulo-desfalcado-nao-perdoa-e-enfia-2-a-1-no-estadio-da-ressacada\/\" \/>\n<meta property=\"og:site_name\" content=\"Notibras\" \/>\n<meta property=\"article:publisher\" content=\"https:\/\/www.facebook.com\/notibras\/\" \/>\n<meta property=\"article:published_time\" content=\"2015-09-20T20:56:47+00:00\" \/>\n<meta property=\"article:modified_time\" content=\"2015-09-21T11:57:41+00:00\" \/>\n<meta property=\"og:image\" content=\"https:\/\/www.notibras.com\/site\/wp-content\/uploads\/2015\/09\/sampafora.jpg\" \/>\n\t<meta property=\"og:image:width\" content=\"527\" \/>\n\t<meta property=\"og:image:height\" content=\"307\" \/>\n\t<meta property=\"og:image:type\" content=\"image\/jpeg\" \/>\n<meta name=\"author\" content=\"Reda\u00e7\u00e3o\" \/>\n<meta name=\"twitter:card\" content=\"summary_large_image\" \/>\n<meta name=\"twitter:creator\" content=\"@Notibras\" \/>\n<meta name=\"twitter:site\" content=\"@Notibras\" \/>\n<meta name=\"twitter:label1\" content=\"Escrito por\" \/>\n\t<meta name=\"twitter:data1\" content=\"Reda\u00e7\u00e3o\" \/>\n\t<meta name=\"twitter:label2\" content=\"Est. tempo de leitura\" \/>\n\t<meta name=\"twitter:data2\" content=\"2 minutos\" \/>\n<script type=\"application\/ld+json\" class=\"yoast-schema-graph\">{\"@context\":\"https:\/\/schema.org\",\"@graph\":[{\"@type\":\"Article\",\"@id\":\"https:\/\/www.notibras.com\/site\/avai-pega-sao-paulo-desfalcado-nao-perdoa-e-enfia-2-a-1-no-estadio-da-ressacada\/#article\",\"isPartOf\":{\"@id\":\"https:\/\/www.notibras.com\/site\/avai-pega-sao-paulo-desfalcado-nao-perdoa-e-enfia-2-a-1-no-estadio-da-ressacada\/\"},\"author\":{\"name\":\"Reda\u00e7\u00e3o\",\"@id\":\"https:\/\/www.notibras.com\/site\/#\/schema\/person\/36ab0979449956132d3e5b517ea76ac8\"},\"headline\":\"Ava\u00ed pega S\u00e3o Paulo com desfalques, n\u00e3o perdoa e enfia 2 a 1 na Ressacada\",\"datePublished\":\"2015-09-20T20:56:47+00:00\",\"dateModified\":\"2015-09-21T11:57:41+00:00\",\"mainEntityOfPage\":{\"@id\":\"https:\/\/www.notibras.com\/site\/avai-pega-sao-paulo-desfalcado-nao-perdoa-e-enfia-2-a-1-no-estadio-da-ressacada\/\"},\"wordCount\":444,\"commentCount\":0,\"publisher\":{\"@id\":\"https:\/\/www.notibras.com\/site\/#organization\"},\"image\":{\"@id\":\"https:\/\/www.notibras.com\/site\/avai-pega-sao-paulo-desfalcado-nao-perdoa-e-enfia-2-a-1-no-estadio-da-ressacada\/#primaryimage\"},\"thumbnailUrl\":\"https:\/\/www.notibras.com\/site\/wp-content\/uploads\/2015\/09\/sampafora.jpg\",\"articleSection\":[\"Futebol\"],\"inLanguage\":\"pt-BR\",\"potentialAction\":[{\"@type\":\"CommentAction\",\"name\":\"Comment\",\"target\":[\"https:\/\/www.notibras.com\/site\/avai-pega-sao-paulo-desfalcado-nao-perdoa-e-enfia-2-a-1-no-estadio-da-ressacada\/#respond\"]}]},{\"@type\":\"WebPage\",\"@id\":\"https:\/\/www.notibras.com\/site\/avai-pega-sao-paulo-desfalcado-nao-perdoa-e-enfia-2-a-1-no-estadio-da-ressacada\/\",\"url\":\"https:\/\/www.notibras.com\/site\/avai-pega-sao-paulo-desfalcado-nao-perdoa-e-enfia-2-a-1-no-estadio-da-ressacada\/\",\"name\":\"Ava\u00ed pega S\u00e3o Paulo com desfalques, n\u00e3o perdoa e enfia 2 a 1 na Ressacada - Notibras\",\"isPartOf\":{\"@id\":\"https:\/\/www.notibras.com\/site\/#website\"},\"primaryImageOfPage\":{\"@id\":\"https:\/\/www.notibras.com\/site\/avai-pega-sao-paulo-desfalcado-nao-perdoa-e-enfia-2-a-1-no-estadio-da-ressacada\/#primaryimage\"},\"image\":{\"@id\":\"https:\/\/www.notibras.com\/site\/avai-pega-sao-paulo-desfalcado-nao-perdoa-e-enfia-2-a-1-no-estadio-da-ressacada\/#primaryimage\"},\"thumbnailUrl\":\"https:\/\/www.notibras.com\/site\/wp-content\/uploads\/2015\/09\/sampafora.jpg\",\"datePublished\":\"2015-09-20T20:56:47+00:00\",\"dateModified\":\"2015-09-21T11:57:41+00:00\",\"breadcrumb\":{\"@id\":\"https:\/\/www.notibras.com\/site\/avai-pega-sao-paulo-desfalcado-nao-perdoa-e-enfia-2-a-1-no-estadio-da-ressacada\/#breadcrumb\"},\"inLanguage\":\"pt-BR\",\"potentialAction\":[{\"@type\":\"ReadAction\",\"target\":[\"https:\/\/www.notibras.com\/site\/avai-pega-sao-paulo-desfalcado-nao-perdoa-e-enfia-2-a-1-no-estadio-da-ressacada\/\"]}]},{\"@type\":\"ImageObject\",\"inLanguage\":\"pt-BR\",\"@id\":\"https:\/\/www.notibras.com\/site\/avai-pega-sao-paulo-desfalcado-nao-perdoa-e-enfia-2-a-1-no-estadio-da-ressacada\/#primaryimage\",\"url\":\"https:\/\/www.notibras.com\/site\/wp-content\/uploads\/2015\/09\/sampafora.jpg\",\"contentUrl\":\"https:\/\/www.notibras.com\/site\/wp-content\/uploads\/2015\/09\/sampafora.jpg\",\"width\":527,\"height\":307},{\"@type\":\"BreadcrumbList\",\"@id\":\"https:\/\/www.notibras.com\/site\/avai-pega-sao-paulo-desfalcado-nao-perdoa-e-enfia-2-a-1-no-estadio-da-ressacada\/#breadcrumb\",\"itemListElement\":[{\"@type\":\"ListItem\",\"position\":1,\"name\":\"In\u00edcio\",\"item\":\"https:\/\/www.notibras.com\/site\/\"},{\"@type\":\"ListItem\",\"position\":2,\"name\":\"Ava\u00ed pega S\u00e3o Paulo com desfalques, n\u00e3o perdoa e enfia 2 a 1 na Ressacada\"}]},{\"@type\":\"WebSite\",\"@id\":\"https:\/\/www.notibras.com\/site\/#website\",\"url\":\"https:\/\/www.notibras.com\/site\/\",\"name\":\"Notibras\",\"description\":\"Not\u00edcias de Bras\u00edlia, do Brasil e do Mundo\",\"publisher\":{\"@id\":\"https:\/\/www.notibras.com\/site\/#organization\"},\"potentialAction\":[{\"@type\":\"SearchAction\",\"target\":{\"@type\":\"EntryPoint\",\"urlTemplate\":\"https:\/\/www.notibras.com\/site\/?s={search_term_string}\"},\"query-input\":{\"@type\":\"PropertyValueSpecification\",\"valueRequired\":true,\"valueName\":\"search_term_string\"}}],\"inLanguage\":\"pt-BR\"},{\"@type\":\"Organization\",\"@id\":\"https:\/\/www.notibras.com\/site\/#organization\",\"name\":\"Grupo Notibras de Comunica\u00e7\u00e3o\",\"url\":\"https:\/\/www.notibras.com\/site\/\",\"logo\":{\"@type\":\"ImageObject\",\"inLanguage\":\"pt-BR\",\"@id\":\"https:\/\/www.notibras.com\/site\/#\/schema\/logo\/image\/\",\"url\":\"https:\/\/www.notibras.com\/site\/wp-content\/uploads\/2023\/01\/notibras23.png\",\"contentUrl\":\"https:\/\/www.notibras.com\/site\/wp-content\/uploads\/2023\/01\/notibras23.png\",\"width\":350,\"height\":87,\"caption\":\"Grupo Notibras de Comunica\u00e7\u00e3o\"},\"image\":{\"@id\":\"https:\/\/www.notibras.com\/site\/#\/schema\/logo\/image\/\"},\"sameAs\":[\"https:\/\/www.facebook.com\/notibras\/\",\"https:\/\/x.com\/Notibras\",\"https:\/\/www.instagram.com\/notibras\/\"]},{\"@type\":\"Person\",\"@id\":\"https:\/\/www.notibras.com\/site\/#\/schema\/person\/36ab0979449956132d3e5b517ea76ac8\",\"name\":\"Reda\u00e7\u00e3o\",\"image\":{\"@type\":\"ImageObject\",\"inLanguage\":\"pt-BR\",\"@id\":\"https:\/\/secure.gravatar.com\/avatar\/e0a867bdedb85fd243eadf09663511f96fc81e0720a4a42581f334ad4303aa6b?s=96&d=mm&r=g\",\"url\":\"https:\/\/secure.gravatar.com\/avatar\/e0a867bdedb85fd243eadf09663511f96fc81e0720a4a42581f334ad4303aa6b?s=96&d=mm&r=g\",\"contentUrl\":\"https:\/\/secure.gravatar.com\/avatar\/e0a867bdedb85fd243eadf09663511f96fc81e0720a4a42581f334ad4303aa6b?s=96&d=mm&r=g\",\"caption\":\"Reda\u00e7\u00e3o\"}}]}<\/script>\n<!-- \/ Yoast SEO plugin. -->","yoast_head_json":{"title":"Ava\u00ed pega S\u00e3o Paulo com desfalques, n\u00e3o perdoa e enfia 2 a 1 na Ressacada - Notibras","robots":{"index":"index","follow":"follow","max-snippet":"max-snippet:-1","max-image-preview":"max-image-preview:large","max-video-preview":"max-video-preview:-1"},"canonical":"https:\/\/www.notibras.com\/site\/avai-pega-sao-paulo-desfalcado-nao-perdoa-e-enfia-2-a-1-no-estadio-da-ressacada\/","og_locale":"pt_BR","og_type":"article","og_title":"Ava\u00ed pega S\u00e3o Paulo com desfalques, n\u00e3o perdoa e enfia 2 a 1 na Ressacada - Notibras","og_description":"O S\u00e3o Paulo, com muitos desfalques, fez a torcida do Ava\u00ed respirar aliviada com a vit\u00f3ria por 2 a 1 em jogo da 27\u00aa rodada do Brasileir\u00e3o na Ressacada, neste domingo. A equipe catarinense venceu um time misto do advers\u00e1rio, que iniciou a partida com Alexandre Pato, destaque do clube paulista na competi\u00e7\u00e3o, entre os [&hellip;]","og_url":"https:\/\/www.notibras.com\/site\/avai-pega-sao-paulo-desfalcado-nao-perdoa-e-enfia-2-a-1-no-estadio-da-ressacada\/","og_site_name":"Notibras","article_publisher":"https:\/\/www.facebook.com\/notibras\/","article_published_time":"2015-09-20T20:56:47+00:00","article_modified_time":"2015-09-21T11:57:41+00:00","og_image":[{"width":527,"height":307,"url":"https:\/\/www.notibras.com\/site\/wp-content\/uploads\/2015\/09\/sampafora.jpg","type":"image\/jpeg"}],"author":"Reda\u00e7\u00e3o","twitter_card":"summary_large_image","twitter_creator":"@Notibras","twitter_site":"@Notibras","twitter_misc":{"Escrito por":"Reda\u00e7\u00e3o","Est. tempo de leitura":"2 minutos"},"schema":{"@context":"https:\/\/schema.org","@graph":[{"@type":"Article","@id":"https:\/\/www.notibras.com\/site\/avai-pega-sao-paulo-desfalcado-nao-perdoa-e-enfia-2-a-1-no-estadio-da-ressacada\/#article","isPartOf":{"@id":"https:\/\/www.notibras.com\/site\/avai-pega-sao-paulo-desfalcado-nao-perdoa-e-enfia-2-a-1-no-estadio-da-ressacada\/"},"author":{"name":"Reda\u00e7\u00e3o","@id":"https:\/\/www.notibras.com\/site\/#\/schema\/person\/36ab0979449956132d3e5b517ea76ac8"},"headline":"Ava\u00ed pega S\u00e3o Paulo com desfalques, n\u00e3o perdoa e enfia 2 a 1 na Ressacada","datePublished":"2015-09-20T20:56:47+00:00","dateModified":"2015-09-21T11:57:41+00:00","mainEntityOfPage":{"@id":"https:\/\/www.notibras.com\/site\/avai-pega-sao-paulo-desfalcado-nao-perdoa-e-enfia-2-a-1-no-estadio-da-ressacada\/"},"wordCount":444,"commentCount":0,"publisher":{"@id":"https:\/\/www.notibras.com\/site\/#organization"},"image":{"@id":"https:\/\/www.notibras.com\/site\/avai-pega-sao-paulo-desfalcado-nao-perdoa-e-enfia-2-a-1-no-estadio-da-ressacada\/#primaryimage"},"thumbnailUrl":"https:\/\/www.notibras.com\/site\/wp-content\/uploads\/2015\/09\/sampafora.jpg","articleSection":["Futebol"],"inLanguage":"pt-BR","potentialAction":[{"@type":"CommentAction","name":"Comment","target":["https:\/\/www.notibras.com\/site\/avai-pega-sao-paulo-desfalcado-nao-perdoa-e-enfia-2-a-1-no-estadio-da-ressacada\/#respond"]}]},{"@type":"WebPage","@id":"https:\/\/www.notibras.com\/site\/avai-pega-sao-paulo-desfalcado-nao-perdoa-e-enfia-2-a-1-no-estadio-da-ressacada\/","url":"https:\/\/www.notibras.com\/site\/avai-pega-sao-paulo-desfalcado-nao-perdoa-e-enfia-2-a-1-no-estadio-da-ressacada\/","name":"Ava\u00ed pega S\u00e3o Paulo com desfalques, n\u00e3o perdoa e enfia 2 a 1 na Ressacada - Notibras","isPartOf":{"@id":"https:\/\/www.notibras.com\/site\/#website"},"primaryImageOfPage":{"@id":"https:\/\/www.notibras.com\/site\/avai-pega-sao-paulo-desfalcado-nao-perdoa-e-enfia-2-a-1-no-estadio-da-ressacada\/#primaryimage"},"image":{"@id":"https:\/\/www.notibras.com\/site\/avai-pega-sao-paulo-desfalcado-nao-perdoa-e-enfia-2-a-1-no-estadio-da-ressacada\/#primaryimage"},"thumbnailUrl":"https:\/\/www.notibras.com\/site\/wp-content\/uploads\/2015\/09\/sampafora.jpg","datePublished":"2015-09-20T20:56:47+00:00","dateModified":"2015-09-21T11:57:41+00:00","breadcrumb":{"@id":"https:\/\/www.notibras.com\/site\/avai-pega-sao-paulo-desfalcado-nao-perdoa-e-enfia-2-a-1-no-estadio-da-ressacada\/#breadcrumb"},"inLanguage":"pt-BR","potentialAction":[{"@type":"ReadAction","target":["https:\/\/www.notibras.com\/site\/avai-pega-sao-paulo-desfalcado-nao-perdoa-e-enfia-2-a-1-no-estadio-da-ressacada\/"]}]},{"@type":"ImageObject","inLanguage":"pt-BR","@id":"https:\/\/www.notibras.com\/site\/avai-pega-sao-paulo-desfalcado-nao-perdoa-e-enfia-2-a-1-no-estadio-da-ressacada\/#primaryimage","url":"https:\/\/www.notibras.com\/site\/wp-content\/uploads\/2015\/09\/sampafora.jpg","contentUrl":"https:\/\/www.notibras.com\/site\/wp-content\/uploads\/2015\/09\/sampafora.jpg","width":527,"height":307},{"@type":"BreadcrumbList","@id":"https:\/\/www.notibras.com\/site\/avai-pega-sao-paulo-desfalcado-nao-perdoa-e-enfia-2-a-1-no-estadio-da-ressacada\/#breadcrumb","itemListElement":[{"@type":"ListItem","position":1,"name":"In\u00edcio","item":"https:\/\/www.notibras.com\/site\/"},{"@type":"ListItem","position":2,"name":"Ava\u00ed pega S\u00e3o Paulo com desfalques, n\u00e3o perdoa e enfia 2 a 1 na Ressacada"}]},{"@type":"WebSite","@id":"https:\/\/www.notibras.com\/site\/#website","url":"https:\/\/www.notibras.com\/site\/","name":"Notibras","description":"Not\u00edcias de Bras\u00edlia, do Brasil e do Mundo","publisher":{"@id":"https:\/\/www.notibras.com\/site\/#organization"},"potentialAction":[{"@type":"SearchAction","target":{"@type":"EntryPoint","urlTemplate":"https:\/\/www.notibras.com\/site\/?s={search_term_string}"},"query-input":{"@type":"PropertyValueSpecification","valueRequired":true,"valueName":"search_term_string"}}],"inLanguage":"pt-BR"},{"@type":"Organization","@id":"https:\/\/www.notibras.com\/site\/#organization","name":"Grupo Notibras de Comunica\u00e7\u00e3o","url":"https:\/\/www.notibras.com\/site\/","logo":{"@type":"ImageObject","inLanguage":"pt-BR","@id":"https:\/\/www.notibras.com\/site\/#\/schema\/logo\/image\/","url":"https:\/\/www.notibras.com\/site\/wp-content\/uploads\/2023\/01\/notibras23.png","contentUrl":"https:\/\/www.notibras.com\/site\/wp-content\/uploads\/2023\/01\/notibras23.png","width":350,"height":87,"caption":"Grupo Notibras de Comunica\u00e7\u00e3o"},"image":{"@id":"https:\/\/www.notibras.com\/site\/#\/schema\/logo\/image\/"},"sameAs":["https:\/\/www.facebook.com\/notibras\/","https:\/\/x.com\/Notibras","https:\/\/www.instagram.com\/notibras\/"]},{"@type":"Person","@id":"https:\/\/www.notibras.com\/site\/#\/schema\/person\/36ab0979449956132d3e5b517ea76ac8","name":"Reda\u00e7\u00e3o","image":{"@type":"ImageObject","inLanguage":"pt-BR","@id":"https:\/\/secure.gravatar.com\/avatar\/e0a867bdedb85fd243eadf09663511f96fc81e0720a4a42581f334ad4303aa6b?s=96&d=mm&r=g","url":"https:\/\/secure.gravatar.com\/avatar\/e0a867bdedb85fd243eadf09663511f96fc81e0720a4a42581f334ad4303aa6b?s=96&d=mm&r=g","contentUrl":"https:\/\/secure.gravatar.com\/avatar\/e0a867bdedb85fd243eadf09663511f96fc81e0720a4a42581f334ad4303aa6b?s=96&d=mm&r=g","caption":"Reda\u00e7\u00e3o"}}]}},"amp_enabled":true,"_links":{"self":[{"href":"https:\/\/www.notibras.com\/site\/wp-json\/wp\/v2\/posts\/68771","targetHints":{"allow":["GET"]}}],"collection":[{"href":"https:\/\/www.notibras.com\/site\/wp-json\/wp\/v2\/posts"}],"about":[{"href":"https:\/\/www.notibras.com\/site\/wp-json\/wp\/v2\/types\/post"}],"author":[{"embeddable":true,"href":"https:\/\/www.notibras.com\/site\/wp-json\/wp\/v2\/users\/2"}],"replies":[{"embeddable":true,"href":"https:\/\/www.notibras.com\/site\/wp-json\/wp\/v2\/comments?post=68771"}],"version-history":[{"count":3,"href":"https:\/\/www.notibras.com\/site\/wp-json\/wp\/v2\/posts\/68771\/revisions"}],"predecessor-version":[{"id":68775,"href":"https:\/\/www.notibras.com\/site\/wp-json\/wp\/v2\/posts\/68771\/revisions\/68775"}],"wp:featuredmedia":[{"embeddable":true,"href":"https:\/\/www.notibras.com\/site\/wp-json\/wp\/v2\/media\/68772"}],"wp:attachment":[{"href":"https:\/\/www.notibras.com\/site\/wp-json\/wp\/v2\/media?parent=68771"}],"wp:term":[{"taxonomy":"category","embeddable":true,"href":"https:\/\/www.notibras.com\/site\/wp-json\/wp\/v2\/categories?post=68771"},{"taxonomy":"post_tag","embeddable":true,"href":"https:\/\/www.notibras.com\/site\/wp-json\/wp\/v2\/tags?post=68771"}],"curies":[{"name":"wp","href":"https:\/\/api.w.org\/{rel}","templated":true}]}}