{"id":68784,"date":"2015-09-20T19:50:09","date_gmt":"2015-09-20T22:50:09","guid":{"rendered":"http:\/\/www.notibras.com\/site\/?p=68784"},"modified":"2015-09-21T04:54:09","modified_gmt":"2015-09-21T07:54:09","slug":"ex-petista-sugere-tirar-dilma-e-eleicoes-gerais-incluindo-congresso","status":"publish","type":"post","link":"https:\/\/www.notibras.com\/site\/ex-petista-sugere-tirar-dilma-e-eleicoes-gerais-incluindo-congresso\/","title":{"rendered":"Ex-petista sugere tirar Dilma e promover elei\u00e7\u00f5es gerais at\u00e9 para o Congresso Nacional"},"content":{"rendered":"<p>O caminho\u00a0para o Brasil vencer a crise n\u00e3o se restringe ao impeachment de\u00a0Dilma Rousseff. \u00c9 preciso ter coragem para empossar um governo provis\u00f3rio e convocar elei\u00e7\u00f5es gerais (para o Planalto e o Congresso Nacional, por exemplo). A opini\u00e3o \u00e9 do jurista H\u00e9lio Bicudo, 93, um dos signat\u00e1rios do principal pedido de impeachment contra a presidente Dilma Rousseff.<\/p>\n<p>A crise pol\u00edtica, disse o ex-petista em entrevista ao jornal O Estado de S\u00e3o Paulo, n\u00e3o se resume \u00e0 aprova\u00e7\u00e3o do impeachment que ele protocolou na C\u00e2mara dos Deputados na semana passada. &#8220;O melhor seria convocar novas elei\u00e7\u00f5es gerais. Mudar toda a C\u00e2mara e o Senado seria o rem\u00e9dio mais democr\u00e1tico&#8221;, enfatizou.<\/p>\n<p>A ideia de Bicudo sobre a antecipa\u00e7\u00e3o das elei\u00e7\u00f5es prev\u00ea um governo interino do vice-presidente Michel Temer que duraria 90 dias. &#8220;\u00c9 poss\u00edvel antecipar por meio de um decreto partindo do Executivo. Vamos convocar e ver que bicho d\u00e1&#8221;, sinalizou.<\/p>\n<p>Cortejado pela oposi\u00e7\u00e3o desde que decidiu assinar a peti\u00e7\u00e3o, Bicudo passou a ser criticado por\u00a0petistas nas redes sociais, que questionam o fato de ele ser classificado como &#8220;fundador do PT&#8221;. Para &#8220;corroborar&#8221; a tese de que o jurista estaria sendo &#8220;manipulado&#8221;, defensores da presidente divulgaram um texto escrito por um dos sete filhos de Bicudo, Jos\u00e9 Eduardo Pereira Bicudo, que afirmou que o pai &#8220;est\u00e1 sendo usado pelos articuladores do golpe&#8221;.<\/p>\n<p>&#8220;Criei meus filhos democraticamente. Nunca exigi fidelidade aos meus pontos de vista. Atuo segundo minha consci\u00eancia&#8221;, afirma. O jurista foi candidato a vice de Luiz In\u00e1cio Lula da Silva em sua primeira disputa eleitoral, para o governo de S\u00e3o Paulo, em 1982.<\/p>\n<p>Depois disso, foi deputado federal pelo PT e ocupou v\u00e1rios cargos na sigla, tendo sido vice-prefeito e secret\u00e1rio de Assuntos Jur\u00eddicos de Marta Suplicy na Prefeitura de S\u00e3o Paulo. Seu rompimento com o partido ocorreu em 2005, ap\u00f3s a divulga\u00e7\u00e3o do caso do mensal\u00e3o.<\/p>\n<p>&#8220;Essas pessoas que me criticam hoje nas redes sociais talvez nem me conhe\u00e7am. Faz dez anos que deixei o PT&#8221;, afirma. Apesar de dizer que n\u00e3o se incomoda com as cr\u00edticas dos ex-aliados, Bicudo responde no mesmo tom. &#8220;O PT tornou-se ponto de partida para enriquecimento il\u00edcito.&#8221;<\/p>\n<p>Ele tamb\u00e9m se irrita quando algu\u00e9m classifica sua iniciativa como &#8220;golpe&#8221;. &#8220;Impeachment n\u00e3o \u00e9 golpe coisa nenhuma. \u00c9 um processo legal, jur\u00eddico. Dizer que \u00e9 golpismo \u00e9 escapismo, \u00e9 fazer discuss\u00e3o pol\u00edtica de baixo n\u00edvel.&#8221;<\/p>\n<p>A parceria com Miguel Reale J\u00fanior, que foi ministro da Justi\u00e7a do governo Fernando Henrique Cardoso, no pedido de impeachment reuniu pela primeira vez os dois juristas no mesmo campo pol\u00edtico. Em um ato simb\u00f3lico, os dois foram juntos na semana passada a um cart\u00f3rio de S\u00e3o Paulo para registrar o documento que foi protocolado na C\u00e2mara. Na hora da assinatura, ativistas entoaram palavras de ordem contra o PT e foram aplaudidos por Bicudo.<\/p>\n<p>Ao falar sobre a aproxima\u00e7\u00e3o com Reale, ele recordou de uma passagem curiosa. &#8220;Quando fiz a Faculdade de Direito na S\u00e3o Francisco nos anos 1940, n\u00f3s est\u00e1vamos unidos contra a ditadura do Get\u00falio Vargas. Havia na \u00e9poca uma rea\u00e7\u00e3o muito forte contra o professor Miguel Reale, pai do Reale J\u00fanior, porque ele era do Partido Integralista. Havia repulsa por ele ser professor. No dia em que foi dar sua primeira aula de Filosofia do Direito, em 1946, foi uma gritaria na Faculdade de Direito.&#8221; Segundo Bicudo, naquele tempo, o Largo de S\u00e3o Francisco era uma &#8220;pra\u00e7a de guerra&#8221;.<\/p>\n","protected":false},"excerpt":{"rendered":"<p>O caminho\u00a0para o Brasil vencer a crise n\u00e3o se restringe ao impeachment de\u00a0Dilma Rousseff. \u00c9 preciso ter coragem para empossar um governo provis\u00f3rio e convocar elei\u00e7\u00f5es gerais (para o Planalto e o Congresso Nacional, por exemplo). A opini\u00e3o \u00e9 do jurista H\u00e9lio Bicudo, 93, um dos signat\u00e1rios do principal pedido de impeachment contra a presidente [&hellip;]<\/p>\n","protected":false},"author":2,"featured_media":68785,"comment_status":"open","ping_status":"closed","sticky":false,"template":"","format":"standard","meta":{"_acf_changed":false,"footnotes":""},"categories":[16],"tags":[],"class_list":["post-68784","post","type-post","status-publish","format-standard","has-post-thumbnail","hentry","category-brasil"],"acf":[],"yoast_head":"<!-- This site is optimized with the Yoast SEO plugin v27.2 - https:\/\/yoast.com\/product\/yoast-seo-wordpress\/ -->\n<title>Ex-petista sugere tirar Dilma e promover elei\u00e7\u00f5es gerais at\u00e9 para o Congresso Nacional - Notibras<\/title>\n<meta name=\"robots\" content=\"index, follow, max-snippet:-1, max-image-preview:large, max-video-preview:-1\" \/>\n<link rel=\"canonical\" href=\"https:\/\/www.notibras.com\/site\/ex-petista-sugere-tirar-dilma-e-eleicoes-gerais-incluindo-congresso\/\" \/>\n<meta property=\"og:locale\" content=\"pt_BR\" \/>\n<meta property=\"og:type\" content=\"article\" \/>\n<meta property=\"og:title\" content=\"Ex-petista sugere tirar Dilma e promover elei\u00e7\u00f5es gerais at\u00e9 para o Congresso Nacional - Notibras\" \/>\n<meta property=\"og:description\" content=\"O caminho\u00a0para o Brasil vencer a crise n\u00e3o se restringe ao impeachment de\u00a0Dilma Rousseff. \u00c9 preciso ter coragem para empossar um governo provis\u00f3rio e convocar elei\u00e7\u00f5es gerais (para o Planalto e o Congresso Nacional, por exemplo). A opini\u00e3o \u00e9 do jurista H\u00e9lio Bicudo, 93, um dos signat\u00e1rios do principal pedido de impeachment contra a presidente [&hellip;]\" \/>\n<meta property=\"og:url\" content=\"https:\/\/www.notibras.com\/site\/ex-petista-sugere-tirar-dilma-e-eleicoes-gerais-incluindo-congresso\/\" \/>\n<meta property=\"og:site_name\" content=\"Notibras\" \/>\n<meta property=\"article:publisher\" content=\"https:\/\/www.facebook.com\/notibras\/\" \/>\n<meta property=\"article:published_time\" content=\"2015-09-20T22:50:09+00:00\" \/>\n<meta property=\"article:modified_time\" content=\"2015-09-21T07:54:09+00:00\" \/>\n<meta property=\"og:image\" content=\"https:\/\/www.notibras.com\/site\/wp-content\/uploads\/2015\/09\/hb20.jpg\" \/>\n\t<meta property=\"og:image:width\" content=\"467\" \/>\n\t<meta property=\"og:image:height\" content=\"350\" \/>\n\t<meta property=\"og:image:type\" content=\"image\/jpeg\" \/>\n<meta name=\"author\" content=\"Reda\u00e7\u00e3o\" \/>\n<meta name=\"twitter:card\" content=\"summary_large_image\" \/>\n<meta name=\"twitter:creator\" content=\"@Notibras\" \/>\n<meta name=\"twitter:site\" content=\"@Notibras\" \/>\n<meta name=\"twitter:label1\" content=\"Escrito por\" \/>\n\t<meta name=\"twitter:data1\" content=\"Reda\u00e7\u00e3o\" \/>\n\t<meta name=\"twitter:label2\" content=\"Est. tempo de leitura\" \/>\n\t<meta name=\"twitter:data2\" content=\"3 minutos\" \/>\n<script type=\"application\/ld+json\" class=\"yoast-schema-graph\">{\"@context\":\"https:\/\/schema.org\",\"@graph\":[{\"@type\":\"Article\",\"@id\":\"https:\/\/www.notibras.com\/site\/ex-petista-sugere-tirar-dilma-e-eleicoes-gerais-incluindo-congresso\/#article\",\"isPartOf\":{\"@id\":\"https:\/\/www.notibras.com\/site\/ex-petista-sugere-tirar-dilma-e-eleicoes-gerais-incluindo-congresso\/\"},\"author\":{\"name\":\"Reda\u00e7\u00e3o\",\"@id\":\"https:\/\/www.notibras.com\/site\/#\/schema\/person\/36ab0979449956132d3e5b517ea76ac8\"},\"headline\":\"Ex-petista sugere tirar Dilma e promover elei\u00e7\u00f5es gerais at\u00e9 para o Congresso Nacional\",\"datePublished\":\"2015-09-20T22:50:09+00:00\",\"dateModified\":\"2015-09-21T07:54:09+00:00\",\"mainEntityOfPage\":{\"@id\":\"https:\/\/www.notibras.com\/site\/ex-petista-sugere-tirar-dilma-e-eleicoes-gerais-incluindo-congresso\/\"},\"wordCount\":619,\"commentCount\":0,\"publisher\":{\"@id\":\"https:\/\/www.notibras.com\/site\/#organization\"},\"image\":{\"@id\":\"https:\/\/www.notibras.com\/site\/ex-petista-sugere-tirar-dilma-e-eleicoes-gerais-incluindo-congresso\/#primaryimage\"},\"thumbnailUrl\":\"https:\/\/www.notibras.com\/site\/wp-content\/uploads\/2015\/09\/hb20.jpg\",\"articleSection\":[\"Brasil\"],\"inLanguage\":\"pt-BR\",\"potentialAction\":[{\"@type\":\"CommentAction\",\"name\":\"Comment\",\"target\":[\"https:\/\/www.notibras.com\/site\/ex-petista-sugere-tirar-dilma-e-eleicoes-gerais-incluindo-congresso\/#respond\"]}]},{\"@type\":\"WebPage\",\"@id\":\"https:\/\/www.notibras.com\/site\/ex-petista-sugere-tirar-dilma-e-eleicoes-gerais-incluindo-congresso\/\",\"url\":\"https:\/\/www.notibras.com\/site\/ex-petista-sugere-tirar-dilma-e-eleicoes-gerais-incluindo-congresso\/\",\"name\":\"Ex-petista sugere tirar Dilma e promover elei\u00e7\u00f5es gerais at\u00e9 para o Congresso Nacional - Notibras\",\"isPartOf\":{\"@id\":\"https:\/\/www.notibras.com\/site\/#website\"},\"primaryImageOfPage\":{\"@id\":\"https:\/\/www.notibras.com\/site\/ex-petista-sugere-tirar-dilma-e-eleicoes-gerais-incluindo-congresso\/#primaryimage\"},\"image\":{\"@id\":\"https:\/\/www.notibras.com\/site\/ex-petista-sugere-tirar-dilma-e-eleicoes-gerais-incluindo-congresso\/#primaryimage\"},\"thumbnailUrl\":\"https:\/\/www.notibras.com\/site\/wp-content\/uploads\/2015\/09\/hb20.jpg\",\"datePublished\":\"2015-09-20T22:50:09+00:00\",\"dateModified\":\"2015-09-21T07:54:09+00:00\",\"breadcrumb\":{\"@id\":\"https:\/\/www.notibras.com\/site\/ex-petista-sugere-tirar-dilma-e-eleicoes-gerais-incluindo-congresso\/#breadcrumb\"},\"inLanguage\":\"pt-BR\",\"potentialAction\":[{\"@type\":\"ReadAction\",\"target\":[\"https:\/\/www.notibras.com\/site\/ex-petista-sugere-tirar-dilma-e-eleicoes-gerais-incluindo-congresso\/\"]}]},{\"@type\":\"ImageObject\",\"inLanguage\":\"pt-BR\",\"@id\":\"https:\/\/www.notibras.com\/site\/ex-petista-sugere-tirar-dilma-e-eleicoes-gerais-incluindo-congresso\/#primaryimage\",\"url\":\"https:\/\/www.notibras.com\/site\/wp-content\/uploads\/2015\/09\/hb20.jpg\",\"contentUrl\":\"https:\/\/www.notibras.com\/site\/wp-content\/uploads\/2015\/09\/hb20.jpg\",\"width\":467,\"height\":350},{\"@type\":\"BreadcrumbList\",\"@id\":\"https:\/\/www.notibras.com\/site\/ex-petista-sugere-tirar-dilma-e-eleicoes-gerais-incluindo-congresso\/#breadcrumb\",\"itemListElement\":[{\"@type\":\"ListItem\",\"position\":1,\"name\":\"In\u00edcio\",\"item\":\"https:\/\/www.notibras.com\/site\/\"},{\"@type\":\"ListItem\",\"position\":2,\"name\":\"Ex-petista sugere tirar Dilma e promover elei\u00e7\u00f5es gerais at\u00e9 para o Congresso Nacional\"}]},{\"@type\":\"WebSite\",\"@id\":\"https:\/\/www.notibras.com\/site\/#website\",\"url\":\"https:\/\/www.notibras.com\/site\/\",\"name\":\"Notibras\",\"description\":\"Not\u00edcias de Bras\u00edlia, do Brasil e do Mundo\",\"publisher\":{\"@id\":\"https:\/\/www.notibras.com\/site\/#organization\"},\"potentialAction\":[{\"@type\":\"SearchAction\",\"target\":{\"@type\":\"EntryPoint\",\"urlTemplate\":\"https:\/\/www.notibras.com\/site\/?s={search_term_string}\"},\"query-input\":{\"@type\":\"PropertyValueSpecification\",\"valueRequired\":true,\"valueName\":\"search_term_string\"}}],\"inLanguage\":\"pt-BR\"},{\"@type\":\"Organization\",\"@id\":\"https:\/\/www.notibras.com\/site\/#organization\",\"name\":\"Grupo Notibras de Comunica\u00e7\u00e3o\",\"url\":\"https:\/\/www.notibras.com\/site\/\",\"logo\":{\"@type\":\"ImageObject\",\"inLanguage\":\"pt-BR\",\"@id\":\"https:\/\/www.notibras.com\/site\/#\/schema\/logo\/image\/\",\"url\":\"https:\/\/www.notibras.com\/site\/wp-content\/uploads\/2023\/01\/notibras23.png\",\"contentUrl\":\"https:\/\/www.notibras.com\/site\/wp-content\/uploads\/2023\/01\/notibras23.png\",\"width\":350,\"height\":87,\"caption\":\"Grupo Notibras de Comunica\u00e7\u00e3o\"},\"image\":{\"@id\":\"https:\/\/www.notibras.com\/site\/#\/schema\/logo\/image\/\"},\"sameAs\":[\"https:\/\/www.facebook.com\/notibras\/\",\"https:\/\/x.com\/Notibras\",\"https:\/\/www.instagram.com\/notibras\/\"]},{\"@type\":\"Person\",\"@id\":\"https:\/\/www.notibras.com\/site\/#\/schema\/person\/36ab0979449956132d3e5b517ea76ac8\",\"name\":\"Reda\u00e7\u00e3o\",\"image\":{\"@type\":\"ImageObject\",\"inLanguage\":\"pt-BR\",\"@id\":\"https:\/\/secure.gravatar.com\/avatar\/e0a867bdedb85fd243eadf09663511f96fc81e0720a4a42581f334ad4303aa6b?s=96&d=mm&r=g\",\"url\":\"https:\/\/secure.gravatar.com\/avatar\/e0a867bdedb85fd243eadf09663511f96fc81e0720a4a42581f334ad4303aa6b?s=96&d=mm&r=g\",\"contentUrl\":\"https:\/\/secure.gravatar.com\/avatar\/e0a867bdedb85fd243eadf09663511f96fc81e0720a4a42581f334ad4303aa6b?s=96&d=mm&r=g\",\"caption\":\"Reda\u00e7\u00e3o\"}}]}<\/script>\n<!-- \/ Yoast SEO plugin. -->","yoast_head_json":{"title":"Ex-petista sugere tirar Dilma e promover elei\u00e7\u00f5es gerais at\u00e9 para o Congresso Nacional - Notibras","robots":{"index":"index","follow":"follow","max-snippet":"max-snippet:-1","max-image-preview":"max-image-preview:large","max-video-preview":"max-video-preview:-1"},"canonical":"https:\/\/www.notibras.com\/site\/ex-petista-sugere-tirar-dilma-e-eleicoes-gerais-incluindo-congresso\/","og_locale":"pt_BR","og_type":"article","og_title":"Ex-petista sugere tirar Dilma e promover elei\u00e7\u00f5es gerais at\u00e9 para o Congresso Nacional - Notibras","og_description":"O caminho\u00a0para o Brasil vencer a crise n\u00e3o se restringe ao impeachment de\u00a0Dilma Rousseff. \u00c9 preciso ter coragem para empossar um governo provis\u00f3rio e convocar elei\u00e7\u00f5es gerais (para o Planalto e o Congresso Nacional, por exemplo). A opini\u00e3o \u00e9 do jurista H\u00e9lio Bicudo, 93, um dos signat\u00e1rios do principal pedido de impeachment contra a presidente [&hellip;]","og_url":"https:\/\/www.notibras.com\/site\/ex-petista-sugere-tirar-dilma-e-eleicoes-gerais-incluindo-congresso\/","og_site_name":"Notibras","article_publisher":"https:\/\/www.facebook.com\/notibras\/","article_published_time":"2015-09-20T22:50:09+00:00","article_modified_time":"2015-09-21T07:54:09+00:00","og_image":[{"width":467,"height":350,"url":"https:\/\/www.notibras.com\/site\/wp-content\/uploads\/2015\/09\/hb20.jpg","type":"image\/jpeg"}],"author":"Reda\u00e7\u00e3o","twitter_card":"summary_large_image","twitter_creator":"@Notibras","twitter_site":"@Notibras","twitter_misc":{"Escrito por":"Reda\u00e7\u00e3o","Est. tempo de leitura":"3 minutos"},"schema":{"@context":"https:\/\/schema.org","@graph":[{"@type":"Article","@id":"https:\/\/www.notibras.com\/site\/ex-petista-sugere-tirar-dilma-e-eleicoes-gerais-incluindo-congresso\/#article","isPartOf":{"@id":"https:\/\/www.notibras.com\/site\/ex-petista-sugere-tirar-dilma-e-eleicoes-gerais-incluindo-congresso\/"},"author":{"name":"Reda\u00e7\u00e3o","@id":"https:\/\/www.notibras.com\/site\/#\/schema\/person\/36ab0979449956132d3e5b517ea76ac8"},"headline":"Ex-petista sugere tirar Dilma e promover elei\u00e7\u00f5es gerais at\u00e9 para o Congresso Nacional","datePublished":"2015-09-20T22:50:09+00:00","dateModified":"2015-09-21T07:54:09+00:00","mainEntityOfPage":{"@id":"https:\/\/www.notibras.com\/site\/ex-petista-sugere-tirar-dilma-e-eleicoes-gerais-incluindo-congresso\/"},"wordCount":619,"commentCount":0,"publisher":{"@id":"https:\/\/www.notibras.com\/site\/#organization"},"image":{"@id":"https:\/\/www.notibras.com\/site\/ex-petista-sugere-tirar-dilma-e-eleicoes-gerais-incluindo-congresso\/#primaryimage"},"thumbnailUrl":"https:\/\/www.notibras.com\/site\/wp-content\/uploads\/2015\/09\/hb20.jpg","articleSection":["Brasil"],"inLanguage":"pt-BR","potentialAction":[{"@type":"CommentAction","name":"Comment","target":["https:\/\/www.notibras.com\/site\/ex-petista-sugere-tirar-dilma-e-eleicoes-gerais-incluindo-congresso\/#respond"]}]},{"@type":"WebPage","@id":"https:\/\/www.notibras.com\/site\/ex-petista-sugere-tirar-dilma-e-eleicoes-gerais-incluindo-congresso\/","url":"https:\/\/www.notibras.com\/site\/ex-petista-sugere-tirar-dilma-e-eleicoes-gerais-incluindo-congresso\/","name":"Ex-petista sugere tirar Dilma e promover elei\u00e7\u00f5es gerais at\u00e9 para o Congresso Nacional - Notibras","isPartOf":{"@id":"https:\/\/www.notibras.com\/site\/#website"},"primaryImageOfPage":{"@id":"https:\/\/www.notibras.com\/site\/ex-petista-sugere-tirar-dilma-e-eleicoes-gerais-incluindo-congresso\/#primaryimage"},"image":{"@id":"https:\/\/www.notibras.com\/site\/ex-petista-sugere-tirar-dilma-e-eleicoes-gerais-incluindo-congresso\/#primaryimage"},"thumbnailUrl":"https:\/\/www.notibras.com\/site\/wp-content\/uploads\/2015\/09\/hb20.jpg","datePublished":"2015-09-20T22:50:09+00:00","dateModified":"2015-09-21T07:54:09+00:00","breadcrumb":{"@id":"https:\/\/www.notibras.com\/site\/ex-petista-sugere-tirar-dilma-e-eleicoes-gerais-incluindo-congresso\/#breadcrumb"},"inLanguage":"pt-BR","potentialAction":[{"@type":"ReadAction","target":["https:\/\/www.notibras.com\/site\/ex-petista-sugere-tirar-dilma-e-eleicoes-gerais-incluindo-congresso\/"]}]},{"@type":"ImageObject","inLanguage":"pt-BR","@id":"https:\/\/www.notibras.com\/site\/ex-petista-sugere-tirar-dilma-e-eleicoes-gerais-incluindo-congresso\/#primaryimage","url":"https:\/\/www.notibras.com\/site\/wp-content\/uploads\/2015\/09\/hb20.jpg","contentUrl":"https:\/\/www.notibras.com\/site\/wp-content\/uploads\/2015\/09\/hb20.jpg","width":467,"height":350},{"@type":"BreadcrumbList","@id":"https:\/\/www.notibras.com\/site\/ex-petista-sugere-tirar-dilma-e-eleicoes-gerais-incluindo-congresso\/#breadcrumb","itemListElement":[{"@type":"ListItem","position":1,"name":"In\u00edcio","item":"https:\/\/www.notibras.com\/site\/"},{"@type":"ListItem","position":2,"name":"Ex-petista sugere tirar Dilma e promover elei\u00e7\u00f5es gerais at\u00e9 para o Congresso Nacional"}]},{"@type":"WebSite","@id":"https:\/\/www.notibras.com\/site\/#website","url":"https:\/\/www.notibras.com\/site\/","name":"Notibras","description":"Not\u00edcias de Bras\u00edlia, do Brasil e do Mundo","publisher":{"@id":"https:\/\/www.notibras.com\/site\/#organization"},"potentialAction":[{"@type":"SearchAction","target":{"@type":"EntryPoint","urlTemplate":"https:\/\/www.notibras.com\/site\/?s={search_term_string}"},"query-input":{"@type":"PropertyValueSpecification","valueRequired":true,"valueName":"search_term_string"}}],"inLanguage":"pt-BR"},{"@type":"Organization","@id":"https:\/\/www.notibras.com\/site\/#organization","name":"Grupo Notibras de Comunica\u00e7\u00e3o","url":"https:\/\/www.notibras.com\/site\/","logo":{"@type":"ImageObject","inLanguage":"pt-BR","@id":"https:\/\/www.notibras.com\/site\/#\/schema\/logo\/image\/","url":"https:\/\/www.notibras.com\/site\/wp-content\/uploads\/2023\/01\/notibras23.png","contentUrl":"https:\/\/www.notibras.com\/site\/wp-content\/uploads\/2023\/01\/notibras23.png","width":350,"height":87,"caption":"Grupo Notibras de Comunica\u00e7\u00e3o"},"image":{"@id":"https:\/\/www.notibras.com\/site\/#\/schema\/logo\/image\/"},"sameAs":["https:\/\/www.facebook.com\/notibras\/","https:\/\/x.com\/Notibras","https:\/\/www.instagram.com\/notibras\/"]},{"@type":"Person","@id":"https:\/\/www.notibras.com\/site\/#\/schema\/person\/36ab0979449956132d3e5b517ea76ac8","name":"Reda\u00e7\u00e3o","image":{"@type":"ImageObject","inLanguage":"pt-BR","@id":"https:\/\/secure.gravatar.com\/avatar\/e0a867bdedb85fd243eadf09663511f96fc81e0720a4a42581f334ad4303aa6b?s=96&d=mm&r=g","url":"https:\/\/secure.gravatar.com\/avatar\/e0a867bdedb85fd243eadf09663511f96fc81e0720a4a42581f334ad4303aa6b?s=96&d=mm&r=g","contentUrl":"https:\/\/secure.gravatar.com\/avatar\/e0a867bdedb85fd243eadf09663511f96fc81e0720a4a42581f334ad4303aa6b?s=96&d=mm&r=g","caption":"Reda\u00e7\u00e3o"}}]}},"amp_enabled":true,"_links":{"self":[{"href":"https:\/\/www.notibras.com\/site\/wp-json\/wp\/v2\/posts\/68784","targetHints":{"allow":["GET"]}}],"collection":[{"href":"https:\/\/www.notibras.com\/site\/wp-json\/wp\/v2\/posts"}],"about":[{"href":"https:\/\/www.notibras.com\/site\/wp-json\/wp\/v2\/types\/post"}],"author":[{"embeddable":true,"href":"https:\/\/www.notibras.com\/site\/wp-json\/wp\/v2\/users\/2"}],"replies":[{"embeddable":true,"href":"https:\/\/www.notibras.com\/site\/wp-json\/wp\/v2\/comments?post=68784"}],"version-history":[{"count":5,"href":"https:\/\/www.notibras.com\/site\/wp-json\/wp\/v2\/posts\/68784\/revisions"}],"predecessor-version":[{"id":68822,"href":"https:\/\/www.notibras.com\/site\/wp-json\/wp\/v2\/posts\/68784\/revisions\/68822"}],"wp:featuredmedia":[{"embeddable":true,"href":"https:\/\/www.notibras.com\/site\/wp-json\/wp\/v2\/media\/68785"}],"wp:attachment":[{"href":"https:\/\/www.notibras.com\/site\/wp-json\/wp\/v2\/media?parent=68784"}],"wp:term":[{"taxonomy":"category","embeddable":true,"href":"https:\/\/www.notibras.com\/site\/wp-json\/wp\/v2\/categories?post=68784"},{"taxonomy":"post_tag","embeddable":true,"href":"https:\/\/www.notibras.com\/site\/wp-json\/wp\/v2\/tags?post=68784"}],"curies":[{"name":"wp","href":"https:\/\/api.w.org\/{rel}","templated":true}]}}