{"id":68801,"date":"2015-09-20T20:58:47","date_gmt":"2015-09-20T23:58:47","guid":{"rendered":"http:\/\/www.notibras.com\/site\/?p=68801"},"modified":"2015-09-20T21:04:27","modified_gmt":"2015-09-21T00:04:27","slug":"coritiba-vence-classico-com-furacao-e-deixa-zona-de-rebaixamento","status":"publish","type":"post","link":"https:\/\/www.notibras.com\/site\/coritiba-vence-classico-com-furacao-e-deixa-zona-de-rebaixamento\/","title":{"rendered":"Coritiba vence o cl\u00e1ssico contra o Furac\u00e3o e deixa a zona de rebaixamento"},"content":{"rendered":"<p>O Coritiba foi para o cl\u00e1ssico deste domingo, no Couto Pereira, precisando vencer para n\u00e3o terminar a rodada na zona de rebaixamento. E conseguiu. Cir\u00fargico, o time alviverde conseguiu dois gols ainda no primeiro tempo, com Henrique Almeida e Negueba, e assim venceu o Atl\u00e9tico-PR por 2 a 0, em jogo da 27\u00aa rodada da S\u00e9rie A do Campeonato Brasileiro.<\/p>\n<p>Com o resultado, o Coritiba \u2013 que conquista a terceira vit\u00f3ria em cinco jogos \u2013 chega a 33 pontos e termina esta rodada na 14\u00aa coloca\u00e7\u00e3o, a dois pontos da zona de rebaixamento.<\/p>\n<p>J\u00e1 o Atl\u00e9tico-PR de Milton Mendes segue em queda livre. Sofre a terceira derrota seguida, acumula a quinta partida consecutiva sem saber o que \u00e9 vit\u00f3ria e estaciona nos 38 pontos, distanciando-se ainda mais do G-4 \u2013 o quarto colocado Palmeiras soma 44.<\/p>\n","protected":false},"excerpt":{"rendered":"<p>O Coritiba foi para o cl\u00e1ssico deste domingo, no Couto Pereira, precisando vencer para n\u00e3o terminar a rodada na zona de rebaixamento. E conseguiu. Cir\u00fargico, o time alviverde conseguiu dois gols ainda no primeiro tempo, com Henrique Almeida e Negueba, e assim venceu o Atl\u00e9tico-PR por 2 a 0, em jogo da 27\u00aa rodada da [&hellip;]<\/p>\n","protected":false},"author":2,"featured_media":68802,"comment_status":"open","ping_status":"closed","sticky":false,"template":"","format":"standard","meta":{"_acf_changed":false,"footnotes":""},"categories":[29],"tags":[],"class_list":["post-68801","post","type-post","status-publish","format-standard","has-post-thumbnail","hentry","category-futebol"],"acf":[],"yoast_head":"<!-- This site is optimized with the Yoast SEO plugin v27.2 - https:\/\/yoast.com\/product\/yoast-seo-wordpress\/ -->\n<title>Coritiba vence o cl\u00e1ssico contra o Furac\u00e3o e deixa a zona de rebaixamento - Notibras<\/title>\n<meta name=\"robots\" content=\"index, follow, max-snippet:-1, max-image-preview:large, max-video-preview:-1\" \/>\n<link rel=\"canonical\" href=\"https:\/\/www.notibras.com\/site\/coritiba-vence-classico-com-furacao-e-deixa-zona-de-rebaixamento\/\" \/>\n<meta property=\"og:locale\" content=\"pt_BR\" \/>\n<meta property=\"og:type\" content=\"article\" \/>\n<meta property=\"og:title\" content=\"Coritiba vence o cl\u00e1ssico contra o Furac\u00e3o e deixa a zona de rebaixamento - Notibras\" \/>\n<meta property=\"og:description\" content=\"O Coritiba foi para o cl\u00e1ssico deste domingo, no Couto Pereira, precisando vencer para n\u00e3o terminar a rodada na zona de rebaixamento. E conseguiu. Cir\u00fargico, o time alviverde conseguiu dois gols ainda no primeiro tempo, com Henrique Almeida e Negueba, e assim venceu o Atl\u00e9tico-PR por 2 a 0, em jogo da 27\u00aa rodada da [&hellip;]\" \/>\n<meta property=\"og:url\" content=\"https:\/\/www.notibras.com\/site\/coritiba-vence-classico-com-furacao-e-deixa-zona-de-rebaixamento\/\" \/>\n<meta property=\"og:site_name\" content=\"Notibras\" \/>\n<meta property=\"article:publisher\" content=\"https:\/\/www.facebook.com\/notibras\/\" \/>\n<meta property=\"article:published_time\" content=\"2015-09-20T23:58:47+00:00\" \/>\n<meta property=\"article:modified_time\" content=\"2015-09-21T00:04:27+00:00\" \/>\n<meta property=\"og:image\" content=\"https:\/\/www.notibras.com\/site\/wp-content\/uploads\/2015\/09\/cori..jpg\" \/>\n\t<meta property=\"og:image:width\" content=\"940\" \/>\n\t<meta property=\"og:image:height\" content=\"627\" \/>\n\t<meta property=\"og:image:type\" content=\"image\/jpeg\" \/>\n<meta name=\"author\" content=\"Reda\u00e7\u00e3o\" \/>\n<meta name=\"twitter:card\" content=\"summary_large_image\" \/>\n<meta name=\"twitter:creator\" content=\"@Notibras\" \/>\n<meta name=\"twitter:site\" content=\"@Notibras\" \/>\n<meta name=\"twitter:label1\" content=\"Escrito por\" \/>\n\t<meta name=\"twitter:data1\" content=\"Reda\u00e7\u00e3o\" \/>\n\t<meta name=\"twitter:label2\" content=\"Est. tempo de leitura\" \/>\n\t<meta name=\"twitter:data2\" content=\"1 minuto\" \/>\n<script type=\"application\/ld+json\" class=\"yoast-schema-graph\">{\"@context\":\"https:\/\/schema.org\",\"@graph\":[{\"@type\":\"Article\",\"@id\":\"https:\/\/www.notibras.com\/site\/coritiba-vence-classico-com-furacao-e-deixa-zona-de-rebaixamento\/#article\",\"isPartOf\":{\"@id\":\"https:\/\/www.notibras.com\/site\/coritiba-vence-classico-com-furacao-e-deixa-zona-de-rebaixamento\/\"},\"author\":{\"name\":\"Reda\u00e7\u00e3o\",\"@id\":\"https:\/\/www.notibras.com\/site\/#\/schema\/person\/36ab0979449956132d3e5b517ea76ac8\"},\"headline\":\"Coritiba vence o cl\u00e1ssico contra o Furac\u00e3o e deixa a zona de rebaixamento\",\"datePublished\":\"2015-09-20T23:58:47+00:00\",\"dateModified\":\"2015-09-21T00:04:27+00:00\",\"mainEntityOfPage\":{\"@id\":\"https:\/\/www.notibras.com\/site\/coritiba-vence-classico-com-furacao-e-deixa-zona-de-rebaixamento\/\"},\"wordCount\":149,\"commentCount\":0,\"publisher\":{\"@id\":\"https:\/\/www.notibras.com\/site\/#organization\"},\"image\":{\"@id\":\"https:\/\/www.notibras.com\/site\/coritiba-vence-classico-com-furacao-e-deixa-zona-de-rebaixamento\/#primaryimage\"},\"thumbnailUrl\":\"https:\/\/www.notibras.com\/site\/wp-content\/uploads\/2015\/09\/cori..jpg\",\"articleSection\":[\"Futebol\"],\"inLanguage\":\"pt-BR\",\"potentialAction\":[{\"@type\":\"CommentAction\",\"name\":\"Comment\",\"target\":[\"https:\/\/www.notibras.com\/site\/coritiba-vence-classico-com-furacao-e-deixa-zona-de-rebaixamento\/#respond\"]}]},{\"@type\":\"WebPage\",\"@id\":\"https:\/\/www.notibras.com\/site\/coritiba-vence-classico-com-furacao-e-deixa-zona-de-rebaixamento\/\",\"url\":\"https:\/\/www.notibras.com\/site\/coritiba-vence-classico-com-furacao-e-deixa-zona-de-rebaixamento\/\",\"name\":\"Coritiba vence o cl\u00e1ssico contra o Furac\u00e3o e deixa a zona de rebaixamento - Notibras\",\"isPartOf\":{\"@id\":\"https:\/\/www.notibras.com\/site\/#website\"},\"primaryImageOfPage\":{\"@id\":\"https:\/\/www.notibras.com\/site\/coritiba-vence-classico-com-furacao-e-deixa-zona-de-rebaixamento\/#primaryimage\"},\"image\":{\"@id\":\"https:\/\/www.notibras.com\/site\/coritiba-vence-classico-com-furacao-e-deixa-zona-de-rebaixamento\/#primaryimage\"},\"thumbnailUrl\":\"https:\/\/www.notibras.com\/site\/wp-content\/uploads\/2015\/09\/cori..jpg\",\"datePublished\":\"2015-09-20T23:58:47+00:00\",\"dateModified\":\"2015-09-21T00:04:27+00:00\",\"breadcrumb\":{\"@id\":\"https:\/\/www.notibras.com\/site\/coritiba-vence-classico-com-furacao-e-deixa-zona-de-rebaixamento\/#breadcrumb\"},\"inLanguage\":\"pt-BR\",\"potentialAction\":[{\"@type\":\"ReadAction\",\"target\":[\"https:\/\/www.notibras.com\/site\/coritiba-vence-classico-com-furacao-e-deixa-zona-de-rebaixamento\/\"]}]},{\"@type\":\"ImageObject\",\"inLanguage\":\"pt-BR\",\"@id\":\"https:\/\/www.notibras.com\/site\/coritiba-vence-classico-com-furacao-e-deixa-zona-de-rebaixamento\/#primaryimage\",\"url\":\"https:\/\/www.notibras.com\/site\/wp-content\/uploads\/2015\/09\/cori..jpg\",\"contentUrl\":\"https:\/\/www.notibras.com\/site\/wp-content\/uploads\/2015\/09\/cori..jpg\",\"width\":940,\"height\":627},{\"@type\":\"BreadcrumbList\",\"@id\":\"https:\/\/www.notibras.com\/site\/coritiba-vence-classico-com-furacao-e-deixa-zona-de-rebaixamento\/#breadcrumb\",\"itemListElement\":[{\"@type\":\"ListItem\",\"position\":1,\"name\":\"In\u00edcio\",\"item\":\"https:\/\/www.notibras.com\/site\/\"},{\"@type\":\"ListItem\",\"position\":2,\"name\":\"Coritiba vence o cl\u00e1ssico contra o Furac\u00e3o e deixa a zona de rebaixamento\"}]},{\"@type\":\"WebSite\",\"@id\":\"https:\/\/www.notibras.com\/site\/#website\",\"url\":\"https:\/\/www.notibras.com\/site\/\",\"name\":\"Notibras\",\"description\":\"Not\u00edcias de Bras\u00edlia, do Brasil e do Mundo\",\"publisher\":{\"@id\":\"https:\/\/www.notibras.com\/site\/#organization\"},\"potentialAction\":[{\"@type\":\"SearchAction\",\"target\":{\"@type\":\"EntryPoint\",\"urlTemplate\":\"https:\/\/www.notibras.com\/site\/?s={search_term_string}\"},\"query-input\":{\"@type\":\"PropertyValueSpecification\",\"valueRequired\":true,\"valueName\":\"search_term_string\"}}],\"inLanguage\":\"pt-BR\"},{\"@type\":\"Organization\",\"@id\":\"https:\/\/www.notibras.com\/site\/#organization\",\"name\":\"Grupo Notibras de Comunica\u00e7\u00e3o\",\"url\":\"https:\/\/www.notibras.com\/site\/\",\"logo\":{\"@type\":\"ImageObject\",\"inLanguage\":\"pt-BR\",\"@id\":\"https:\/\/www.notibras.com\/site\/#\/schema\/logo\/image\/\",\"url\":\"https:\/\/www.notibras.com\/site\/wp-content\/uploads\/2023\/01\/notibras23.png\",\"contentUrl\":\"https:\/\/www.notibras.com\/site\/wp-content\/uploads\/2023\/01\/notibras23.png\",\"width\":350,\"height\":87,\"caption\":\"Grupo Notibras de Comunica\u00e7\u00e3o\"},\"image\":{\"@id\":\"https:\/\/www.notibras.com\/site\/#\/schema\/logo\/image\/\"},\"sameAs\":[\"https:\/\/www.facebook.com\/notibras\/\",\"https:\/\/x.com\/Notibras\",\"https:\/\/www.instagram.com\/notibras\/\"]},{\"@type\":\"Person\",\"@id\":\"https:\/\/www.notibras.com\/site\/#\/schema\/person\/36ab0979449956132d3e5b517ea76ac8\",\"name\":\"Reda\u00e7\u00e3o\",\"image\":{\"@type\":\"ImageObject\",\"inLanguage\":\"pt-BR\",\"@id\":\"https:\/\/secure.gravatar.com\/avatar\/e0a867bdedb85fd243eadf09663511f96fc81e0720a4a42581f334ad4303aa6b?s=96&d=mm&r=g\",\"url\":\"https:\/\/secure.gravatar.com\/avatar\/e0a867bdedb85fd243eadf09663511f96fc81e0720a4a42581f334ad4303aa6b?s=96&d=mm&r=g\",\"contentUrl\":\"https:\/\/secure.gravatar.com\/avatar\/e0a867bdedb85fd243eadf09663511f96fc81e0720a4a42581f334ad4303aa6b?s=96&d=mm&r=g\",\"caption\":\"Reda\u00e7\u00e3o\"}}]}<\/script>\n<!-- \/ Yoast SEO plugin. -->","yoast_head_json":{"title":"Coritiba vence o cl\u00e1ssico contra o Furac\u00e3o e deixa a zona de rebaixamento - Notibras","robots":{"index":"index","follow":"follow","max-snippet":"max-snippet:-1","max-image-preview":"max-image-preview:large","max-video-preview":"max-video-preview:-1"},"canonical":"https:\/\/www.notibras.com\/site\/coritiba-vence-classico-com-furacao-e-deixa-zona-de-rebaixamento\/","og_locale":"pt_BR","og_type":"article","og_title":"Coritiba vence o cl\u00e1ssico contra o Furac\u00e3o e deixa a zona de rebaixamento - Notibras","og_description":"O Coritiba foi para o cl\u00e1ssico deste domingo, no Couto Pereira, precisando vencer para n\u00e3o terminar a rodada na zona de rebaixamento. E conseguiu. Cir\u00fargico, o time alviverde conseguiu dois gols ainda no primeiro tempo, com Henrique Almeida e Negueba, e assim venceu o Atl\u00e9tico-PR por 2 a 0, em jogo da 27\u00aa rodada da [&hellip;]","og_url":"https:\/\/www.notibras.com\/site\/coritiba-vence-classico-com-furacao-e-deixa-zona-de-rebaixamento\/","og_site_name":"Notibras","article_publisher":"https:\/\/www.facebook.com\/notibras\/","article_published_time":"2015-09-20T23:58:47+00:00","article_modified_time":"2015-09-21T00:04:27+00:00","og_image":[{"width":940,"height":627,"url":"https:\/\/www.notibras.com\/site\/wp-content\/uploads\/2015\/09\/cori..jpg","type":"image\/jpeg"}],"author":"Reda\u00e7\u00e3o","twitter_card":"summary_large_image","twitter_creator":"@Notibras","twitter_site":"@Notibras","twitter_misc":{"Escrito por":"Reda\u00e7\u00e3o","Est. tempo de leitura":"1 minuto"},"schema":{"@context":"https:\/\/schema.org","@graph":[{"@type":"Article","@id":"https:\/\/www.notibras.com\/site\/coritiba-vence-classico-com-furacao-e-deixa-zona-de-rebaixamento\/#article","isPartOf":{"@id":"https:\/\/www.notibras.com\/site\/coritiba-vence-classico-com-furacao-e-deixa-zona-de-rebaixamento\/"},"author":{"name":"Reda\u00e7\u00e3o","@id":"https:\/\/www.notibras.com\/site\/#\/schema\/person\/36ab0979449956132d3e5b517ea76ac8"},"headline":"Coritiba vence o cl\u00e1ssico contra o Furac\u00e3o e deixa a zona de rebaixamento","datePublished":"2015-09-20T23:58:47+00:00","dateModified":"2015-09-21T00:04:27+00:00","mainEntityOfPage":{"@id":"https:\/\/www.notibras.com\/site\/coritiba-vence-classico-com-furacao-e-deixa-zona-de-rebaixamento\/"},"wordCount":149,"commentCount":0,"publisher":{"@id":"https:\/\/www.notibras.com\/site\/#organization"},"image":{"@id":"https:\/\/www.notibras.com\/site\/coritiba-vence-classico-com-furacao-e-deixa-zona-de-rebaixamento\/#primaryimage"},"thumbnailUrl":"https:\/\/www.notibras.com\/site\/wp-content\/uploads\/2015\/09\/cori..jpg","articleSection":["Futebol"],"inLanguage":"pt-BR","potentialAction":[{"@type":"CommentAction","name":"Comment","target":["https:\/\/www.notibras.com\/site\/coritiba-vence-classico-com-furacao-e-deixa-zona-de-rebaixamento\/#respond"]}]},{"@type":"WebPage","@id":"https:\/\/www.notibras.com\/site\/coritiba-vence-classico-com-furacao-e-deixa-zona-de-rebaixamento\/","url":"https:\/\/www.notibras.com\/site\/coritiba-vence-classico-com-furacao-e-deixa-zona-de-rebaixamento\/","name":"Coritiba vence o cl\u00e1ssico contra o Furac\u00e3o e deixa a zona de rebaixamento - Notibras","isPartOf":{"@id":"https:\/\/www.notibras.com\/site\/#website"},"primaryImageOfPage":{"@id":"https:\/\/www.notibras.com\/site\/coritiba-vence-classico-com-furacao-e-deixa-zona-de-rebaixamento\/#primaryimage"},"image":{"@id":"https:\/\/www.notibras.com\/site\/coritiba-vence-classico-com-furacao-e-deixa-zona-de-rebaixamento\/#primaryimage"},"thumbnailUrl":"https:\/\/www.notibras.com\/site\/wp-content\/uploads\/2015\/09\/cori..jpg","datePublished":"2015-09-20T23:58:47+00:00","dateModified":"2015-09-21T00:04:27+00:00","breadcrumb":{"@id":"https:\/\/www.notibras.com\/site\/coritiba-vence-classico-com-furacao-e-deixa-zona-de-rebaixamento\/#breadcrumb"},"inLanguage":"pt-BR","potentialAction":[{"@type":"ReadAction","target":["https:\/\/www.notibras.com\/site\/coritiba-vence-classico-com-furacao-e-deixa-zona-de-rebaixamento\/"]}]},{"@type":"ImageObject","inLanguage":"pt-BR","@id":"https:\/\/www.notibras.com\/site\/coritiba-vence-classico-com-furacao-e-deixa-zona-de-rebaixamento\/#primaryimage","url":"https:\/\/www.notibras.com\/site\/wp-content\/uploads\/2015\/09\/cori..jpg","contentUrl":"https:\/\/www.notibras.com\/site\/wp-content\/uploads\/2015\/09\/cori..jpg","width":940,"height":627},{"@type":"BreadcrumbList","@id":"https:\/\/www.notibras.com\/site\/coritiba-vence-classico-com-furacao-e-deixa-zona-de-rebaixamento\/#breadcrumb","itemListElement":[{"@type":"ListItem","position":1,"name":"In\u00edcio","item":"https:\/\/www.notibras.com\/site\/"},{"@type":"ListItem","position":2,"name":"Coritiba vence o cl\u00e1ssico contra o Furac\u00e3o e deixa a zona de rebaixamento"}]},{"@type":"WebSite","@id":"https:\/\/www.notibras.com\/site\/#website","url":"https:\/\/www.notibras.com\/site\/","name":"Notibras","description":"Not\u00edcias de Bras\u00edlia, do Brasil e do Mundo","publisher":{"@id":"https:\/\/www.notibras.com\/site\/#organization"},"potentialAction":[{"@type":"SearchAction","target":{"@type":"EntryPoint","urlTemplate":"https:\/\/www.notibras.com\/site\/?s={search_term_string}"},"query-input":{"@type":"PropertyValueSpecification","valueRequired":true,"valueName":"search_term_string"}}],"inLanguage":"pt-BR"},{"@type":"Organization","@id":"https:\/\/www.notibras.com\/site\/#organization","name":"Grupo Notibras de Comunica\u00e7\u00e3o","url":"https:\/\/www.notibras.com\/site\/","logo":{"@type":"ImageObject","inLanguage":"pt-BR","@id":"https:\/\/www.notibras.com\/site\/#\/schema\/logo\/image\/","url":"https:\/\/www.notibras.com\/site\/wp-content\/uploads\/2023\/01\/notibras23.png","contentUrl":"https:\/\/www.notibras.com\/site\/wp-content\/uploads\/2023\/01\/notibras23.png","width":350,"height":87,"caption":"Grupo Notibras de Comunica\u00e7\u00e3o"},"image":{"@id":"https:\/\/www.notibras.com\/site\/#\/schema\/logo\/image\/"},"sameAs":["https:\/\/www.facebook.com\/notibras\/","https:\/\/x.com\/Notibras","https:\/\/www.instagram.com\/notibras\/"]},{"@type":"Person","@id":"https:\/\/www.notibras.com\/site\/#\/schema\/person\/36ab0979449956132d3e5b517ea76ac8","name":"Reda\u00e7\u00e3o","image":{"@type":"ImageObject","inLanguage":"pt-BR","@id":"https:\/\/secure.gravatar.com\/avatar\/e0a867bdedb85fd243eadf09663511f96fc81e0720a4a42581f334ad4303aa6b?s=96&d=mm&r=g","url":"https:\/\/secure.gravatar.com\/avatar\/e0a867bdedb85fd243eadf09663511f96fc81e0720a4a42581f334ad4303aa6b?s=96&d=mm&r=g","contentUrl":"https:\/\/secure.gravatar.com\/avatar\/e0a867bdedb85fd243eadf09663511f96fc81e0720a4a42581f334ad4303aa6b?s=96&d=mm&r=g","caption":"Reda\u00e7\u00e3o"}}]}},"amp_enabled":true,"_links":{"self":[{"href":"https:\/\/www.notibras.com\/site\/wp-json\/wp\/v2\/posts\/68801","targetHints":{"allow":["GET"]}}],"collection":[{"href":"https:\/\/www.notibras.com\/site\/wp-json\/wp\/v2\/posts"}],"about":[{"href":"https:\/\/www.notibras.com\/site\/wp-json\/wp\/v2\/types\/post"}],"author":[{"embeddable":true,"href":"https:\/\/www.notibras.com\/site\/wp-json\/wp\/v2\/users\/2"}],"replies":[{"embeddable":true,"href":"https:\/\/www.notibras.com\/site\/wp-json\/wp\/v2\/comments?post=68801"}],"version-history":[{"count":2,"href":"https:\/\/www.notibras.com\/site\/wp-json\/wp\/v2\/posts\/68801\/revisions"}],"predecessor-version":[{"id":68807,"href":"https:\/\/www.notibras.com\/site\/wp-json\/wp\/v2\/posts\/68801\/revisions\/68807"}],"wp:featuredmedia":[{"embeddable":true,"href":"https:\/\/www.notibras.com\/site\/wp-json\/wp\/v2\/media\/68802"}],"wp:attachment":[{"href":"https:\/\/www.notibras.com\/site\/wp-json\/wp\/v2\/media?parent=68801"}],"wp:term":[{"taxonomy":"category","embeddable":true,"href":"https:\/\/www.notibras.com\/site\/wp-json\/wp\/v2\/categories?post=68801"},{"taxonomy":"post_tag","embeddable":true,"href":"https:\/\/www.notibras.com\/site\/wp-json\/wp\/v2\/tags?post=68801"}],"curies":[{"name":"wp","href":"https:\/\/api.w.org\/{rel}","templated":true}]}}