{"id":68809,"date":"2015-09-21T04:33:25","date_gmt":"2015-09-21T07:33:25","guid":{"rendered":"http:\/\/www.notibras.com\/site\/?p=68809"},"modified":"2015-09-21T04:36:06","modified_gmt":"2015-09-21T07:36:06","slug":"desemprego-e-falta-viram-drama-dos-refugiados-sirios-que-chegam-ao-brasil","status":"publish","type":"post","link":"https:\/\/www.notibras.com\/site\/desemprego-e-falta-viram-drama-dos-refugiados-sirios-que-chegam-ao-brasil\/","title":{"rendered":"Desemprego e casa viram o maior drama dos refugiados s\u00edrios que chegam ao Brasil"},"content":{"rendered":"<p>Com um gentil \u201cSallaam Aleikum\u201d, cumprimento \u00e1rabe que significa \u201ca paz esteja convosco\u201d, Hanaa Nachawaty cumprimenta os clientes, em uma cal\u00e7ada do Leme, na zona sul do Rio de Janeiro. Ela e a fam\u00edlia vendem esfirras, quibes e pastas \u00e1rabes em uma banquinha com duas bandeiras da S\u00edria. Como a maior parte dos refugiados que chegaram ao Brasil, eles elogiam a acolhida no pa\u00eds, mas enfrentam dificuldades em conseguir emprego e moradia definitiva.<\/p>\n<p>H\u00e1 dois anos no Brasil, Hanaa e a fam\u00edlia sobrevivem da venda de salgados, o principal meio de sustento da fam\u00edlia de cinco pessoas, incluindo uma crian\u00e7a de 5 anos. Ela alega ter escolhido o pa\u00eds pelas facilidades de conseguir asilo. Desde 2011, o Brasil acolheu 2.077 refugiados s\u00edrios, o maior n\u00famero na Am\u00e9rica Latina e bem \u00e0 frente da Argentina, que recebeu 268.<\/p>\n<p>Segundo o Alto Comissariado das Na\u00e7\u00f5es Unidas para os Refugiados (Acnur) e a organiza\u00e7\u00e3o n\u00e3o governamental Open Society Foundation, o Brasil est\u00e1 atr\u00e1s apenas da Alemanha, que recebeu 45 mil pessoas nos \u00faltimos quatro anos. Diferentemente da Europa, destino preferencial da maioria, os asilados que chegam ao pa\u00eds n\u00e3o recebem uma casa ou aux\u00edlio financeiro at\u00e9 reorganizarem a vida. \u00c9 tudo por conta do refugiado, que, muitas vezes, fica abandonado \u00e0 pr\u00f3pria sorte at\u00e9 conseguir ajuda.<\/p>\n<p>Conseguir uma casa \u00e9 exatamente o maior problema da fam\u00edlia Nachawaty desde que chegou ao Brasil. Atualmente, eles vivem em um apartamento emprestado, que ter\u00e3o de devolver em breve. \u201cO dono nos pediu de volta e n\u00e3o temos para onde ir\u201d, disse um dos filhos de Hanna, Armin Nachawaty, 24 anos. A fam\u00edlia prepara em casa os salgados que vendem nas ruas. Se perderem a casa, perdem o sustento.<\/p>\n<p>Em S\u00e3o Paulo, onde est\u00e3o 65% dos s\u00edrios que chegaram desde 2014, por causa da guerra, a Sociedade Beneficente Mu\u00e7ulmana (SBM) tamb\u00e9m reconhece que o acesso \u00e0 moradia \u00e9 uma dificuldade. Sem pol\u00edticas habitacionais espec\u00edficas e com condi\u00e7\u00f5es de aluguel, que, muitas vezes, exigem fiador ou pagamento de altas quantias como garantia, a entidade, que oferecia cestas b\u00e1sicas, al\u00e9m de colch\u00f5es e cobertores aos refugiados, passou a servir marmitas na institui\u00e7\u00e3o. Isso porque muitos n\u00e3o tinham sequer onde cozinhar.<\/p>\n<p>\u201cO grande objetivo deles \u00e9 ir para e Europa, ent\u00e3o, eles chegam aqui com as mesmas expectativas das pessoas que foram para l\u00e1\u201d, explica a coordenadora do Programa de Atendimento a Refugiados da C\u00e1ritas no Rio de Janeiro, Aline Thuller, que trabalha no acolhimento aos estrangeiros. Por\u00e9m, os tr\u00e2mites em alguns pa\u00edses s\u00e3o lentos ou exigem que as fam\u00edlias fiquem confinadas em campos de deten\u00e7\u00e3o, como na Fran\u00e7a. \u201c[L\u00e1] \u00e9 comum que as pessoas cheguem ao extremo de cometer suic\u00eddio, por frustra\u00e7\u00e3o, por se sentir improdutivo\u201d, completa.<\/p>\n<p><strong>Educa\u00e7\u00e3o e emprego<\/strong><\/p>\n<p>No Brasil, destaca Aline, a grande vantagem \u00e9 a possibilidade de conseguir um emprego. Assim que o refugiado chega, ele tem direito a carteira de trabalho, com os mesmos benef\u00edcios trabalhistas que qualquer brasileiro, como f\u00e9rias, horas extras e d\u00e9cimo terceiro sal\u00e1rio.<\/p>\n<p>Mesmo com a possibilidade de trabalhar, conseguir uma vaga n\u00e3o \u00e9 t\u00e3o f\u00e1cil. O n\u00edvel educacional dos refugiados s\u00edrios \u00e9 alto, mas eles n\u00e3o t\u00eam documentos para comprovarem a forma\u00e7\u00e3o acad\u00eamica ou revalidarem o t\u00edtulo das universidades. \u201cEles vem de um n\u00edvel social e educacional alto, mas ficam aqui em uma situa\u00e7\u00e3o complicada\u201d, reconheceu Aline. \u201cMuitos acabam em subempregos, dando aula de ingl\u00eas ou trabalhando em servi\u00e7os gerais\u201d, lamenta.<\/p>\n<p>Falando ingl\u00eas fluente, Armin, o filho mais velho da fam\u00edlia Nachawaty, que estudou hotelaria na capital da S\u00edria, Damasco, n\u00e3o consegue uma recoloca\u00e7\u00e3o profissional. Ele prefere vender comida \u00e1rabe nas ruas a lavar pratos por 12 horas em restaurantes na Lapa. \u201cSabemos de um caso em que o s\u00edrio era discriminado e tinha mais trabalho que os outros funcion\u00e1rios\u201d, revelou. O pai, conta, era um pequeno empres\u00e1rio do ramo imobili\u00e1rio e perdeu tudo nos bombardeios.<\/p>\n<p>H\u00e1 um ano no Brasil, Rabia Kafouzi, 29 anos, graduada em letras, deixou o seu pa\u00eds e emprego h\u00e1 tr\u00eas anos. \u201cHavia bombardeios a\u00e9reos e de tanques [na S\u00edria]. Sequestravam jovens para colocar no ex\u00e9rcito e, por causa disso, muitos amigos e parentes foram mortos\u201d. At\u00e9 hoje, n\u00e3o conseguiu emprego por causa do idioma. \u00c9 o marido que d\u00e1 aulas de ingl\u00eas, mas que na S\u00edria trabalhava com inform\u00e1tica, o respons\u00e1vel por sustentar a fam\u00edlia com duas filhas pequenas.<\/p>\n<p>Na Igreja Ortodoxa de Antioquia do Rio, que recebeu duas fam\u00edlias refugiadas, a situa\u00e7\u00e3o se repete. O padre Ignatios Al Sayegh empregou um s\u00edrio, tamb\u00e9m com n\u00edvel superior, na par\u00f3quia. Outro, com menos escolaridade, foi aceito em uma f\u00e1brica t\u00eaxtil. As mulheres ficam em casa, enquanto as crian\u00e7as est\u00e3o em escolas cat\u00f3licas. Como ainda n\u00e3o falam portugu\u00eas e tem medo de prejudicarem parentes que ficaram no pa\u00eds de origem, preferem n\u00e3o dar entrevistas.<\/p>\n<p><strong>Isabela Vieira \u2013 ABr<\/strong><\/p>\n","protected":false},"excerpt":{"rendered":"<p>Com um gentil \u201cSallaam Aleikum\u201d, cumprimento \u00e1rabe que significa \u201ca paz esteja convosco\u201d, Hanaa Nachawaty cumprimenta os clientes, em uma cal\u00e7ada do Leme, na zona sul do Rio de Janeiro. Ela e a fam\u00edlia vendem esfirras, quibes e pastas \u00e1rabes em uma banquinha com duas bandeiras da S\u00edria. Como a maior parte dos refugiados que [&hellip;]<\/p>\n","protected":false},"author":2,"featured_media":68810,"comment_status":"open","ping_status":"closed","sticky":false,"template":"","format":"standard","meta":{"_acf_changed":false,"footnotes":""},"categories":[16],"tags":[],"class_list":["post-68809","post","type-post","status-publish","format-standard","has-post-thumbnail","hentry","category-brasil"],"acf":[],"yoast_head":"<!-- This site is optimized with the Yoast SEO plugin v27.2 - https:\/\/yoast.com\/product\/yoast-seo-wordpress\/ -->\n<title>Desemprego e casa viram o maior drama dos refugiados s\u00edrios que chegam ao Brasil - Notibras<\/title>\n<meta name=\"robots\" content=\"index, follow, max-snippet:-1, max-image-preview:large, max-video-preview:-1\" \/>\n<link rel=\"canonical\" href=\"https:\/\/www.notibras.com\/site\/desemprego-e-falta-viram-drama-dos-refugiados-sirios-que-chegam-ao-brasil\/\" \/>\n<meta property=\"og:locale\" content=\"pt_BR\" \/>\n<meta property=\"og:type\" content=\"article\" \/>\n<meta property=\"og:title\" content=\"Desemprego e casa viram o maior drama dos refugiados s\u00edrios que chegam ao Brasil - Notibras\" \/>\n<meta property=\"og:description\" content=\"Com um gentil \u201cSallaam Aleikum\u201d, cumprimento \u00e1rabe que significa \u201ca paz esteja convosco\u201d, Hanaa Nachawaty cumprimenta os clientes, em uma cal\u00e7ada do Leme, na zona sul do Rio de Janeiro. Ela e a fam\u00edlia vendem esfirras, quibes e pastas \u00e1rabes em uma banquinha com duas bandeiras da S\u00edria. Como a maior parte dos refugiados que [&hellip;]\" \/>\n<meta property=\"og:url\" content=\"https:\/\/www.notibras.com\/site\/desemprego-e-falta-viram-drama-dos-refugiados-sirios-que-chegam-ao-brasil\/\" \/>\n<meta property=\"og:site_name\" content=\"Notibras\" \/>\n<meta property=\"article:publisher\" content=\"https:\/\/www.facebook.com\/notibras\/\" \/>\n<meta property=\"article:published_time\" content=\"2015-09-21T07:33:25+00:00\" \/>\n<meta property=\"article:modified_time\" content=\"2015-09-21T07:36:06+00:00\" \/>\n<meta property=\"og:image\" content=\"https:\/\/www.notibras.com\/site\/wp-content\/uploads\/2015\/09\/976557-refugiados-2018.jpg\" \/>\n\t<meta property=\"og:image:width\" content=\"580\" \/>\n\t<meta property=\"og:image:height\" content=\"388\" \/>\n\t<meta property=\"og:image:type\" content=\"image\/jpeg\" \/>\n<meta name=\"author\" content=\"Reda\u00e7\u00e3o\" \/>\n<meta name=\"twitter:card\" content=\"summary_large_image\" \/>\n<meta name=\"twitter:creator\" content=\"@Notibras\" \/>\n<meta name=\"twitter:site\" content=\"@Notibras\" \/>\n<meta name=\"twitter:label1\" content=\"Escrito por\" \/>\n\t<meta name=\"twitter:data1\" content=\"Reda\u00e7\u00e3o\" \/>\n\t<meta name=\"twitter:label2\" content=\"Est. tempo de leitura\" \/>\n\t<meta name=\"twitter:data2\" content=\"4 minutos\" \/>\n<script type=\"application\/ld+json\" class=\"yoast-schema-graph\">{\"@context\":\"https:\/\/schema.org\",\"@graph\":[{\"@type\":\"Article\",\"@id\":\"https:\/\/www.notibras.com\/site\/desemprego-e-falta-viram-drama-dos-refugiados-sirios-que-chegam-ao-brasil\/#article\",\"isPartOf\":{\"@id\":\"https:\/\/www.notibras.com\/site\/desemprego-e-falta-viram-drama-dos-refugiados-sirios-que-chegam-ao-brasil\/\"},\"author\":{\"name\":\"Reda\u00e7\u00e3o\",\"@id\":\"https:\/\/www.notibras.com\/site\/#\/schema\/person\/36ab0979449956132d3e5b517ea76ac8\"},\"headline\":\"Desemprego e casa viram o maior drama dos refugiados s\u00edrios que chegam ao Brasil\",\"datePublished\":\"2015-09-21T07:33:25+00:00\",\"dateModified\":\"2015-09-21T07:36:06+00:00\",\"mainEntityOfPage\":{\"@id\":\"https:\/\/www.notibras.com\/site\/desemprego-e-falta-viram-drama-dos-refugiados-sirios-que-chegam-ao-brasil\/\"},\"wordCount\":886,\"commentCount\":0,\"publisher\":{\"@id\":\"https:\/\/www.notibras.com\/site\/#organization\"},\"image\":{\"@id\":\"https:\/\/www.notibras.com\/site\/desemprego-e-falta-viram-drama-dos-refugiados-sirios-que-chegam-ao-brasil\/#primaryimage\"},\"thumbnailUrl\":\"https:\/\/www.notibras.com\/site\/wp-content\/uploads\/2015\/09\/976557-refugiados-2018.jpg\",\"articleSection\":[\"Brasil\"],\"inLanguage\":\"pt-BR\",\"potentialAction\":[{\"@type\":\"CommentAction\",\"name\":\"Comment\",\"target\":[\"https:\/\/www.notibras.com\/site\/desemprego-e-falta-viram-drama-dos-refugiados-sirios-que-chegam-ao-brasil\/#respond\"]}]},{\"@type\":\"WebPage\",\"@id\":\"https:\/\/www.notibras.com\/site\/desemprego-e-falta-viram-drama-dos-refugiados-sirios-que-chegam-ao-brasil\/\",\"url\":\"https:\/\/www.notibras.com\/site\/desemprego-e-falta-viram-drama-dos-refugiados-sirios-que-chegam-ao-brasil\/\",\"name\":\"Desemprego e casa viram o maior drama dos refugiados s\u00edrios que chegam ao Brasil - Notibras\",\"isPartOf\":{\"@id\":\"https:\/\/www.notibras.com\/site\/#website\"},\"primaryImageOfPage\":{\"@id\":\"https:\/\/www.notibras.com\/site\/desemprego-e-falta-viram-drama-dos-refugiados-sirios-que-chegam-ao-brasil\/#primaryimage\"},\"image\":{\"@id\":\"https:\/\/www.notibras.com\/site\/desemprego-e-falta-viram-drama-dos-refugiados-sirios-que-chegam-ao-brasil\/#primaryimage\"},\"thumbnailUrl\":\"https:\/\/www.notibras.com\/site\/wp-content\/uploads\/2015\/09\/976557-refugiados-2018.jpg\",\"datePublished\":\"2015-09-21T07:33:25+00:00\",\"dateModified\":\"2015-09-21T07:36:06+00:00\",\"breadcrumb\":{\"@id\":\"https:\/\/www.notibras.com\/site\/desemprego-e-falta-viram-drama-dos-refugiados-sirios-que-chegam-ao-brasil\/#breadcrumb\"},\"inLanguage\":\"pt-BR\",\"potentialAction\":[{\"@type\":\"ReadAction\",\"target\":[\"https:\/\/www.notibras.com\/site\/desemprego-e-falta-viram-drama-dos-refugiados-sirios-que-chegam-ao-brasil\/\"]}]},{\"@type\":\"ImageObject\",\"inLanguage\":\"pt-BR\",\"@id\":\"https:\/\/www.notibras.com\/site\/desemprego-e-falta-viram-drama-dos-refugiados-sirios-que-chegam-ao-brasil\/#primaryimage\",\"url\":\"https:\/\/www.notibras.com\/site\/wp-content\/uploads\/2015\/09\/976557-refugiados-2018.jpg\",\"contentUrl\":\"https:\/\/www.notibras.com\/site\/wp-content\/uploads\/2015\/09\/976557-refugiados-2018.jpg\",\"width\":580,\"height\":388},{\"@type\":\"BreadcrumbList\",\"@id\":\"https:\/\/www.notibras.com\/site\/desemprego-e-falta-viram-drama-dos-refugiados-sirios-que-chegam-ao-brasil\/#breadcrumb\",\"itemListElement\":[{\"@type\":\"ListItem\",\"position\":1,\"name\":\"In\u00edcio\",\"item\":\"https:\/\/www.notibras.com\/site\/\"},{\"@type\":\"ListItem\",\"position\":2,\"name\":\"Desemprego e casa viram o maior drama dos refugiados s\u00edrios que chegam ao Brasil\"}]},{\"@type\":\"WebSite\",\"@id\":\"https:\/\/www.notibras.com\/site\/#website\",\"url\":\"https:\/\/www.notibras.com\/site\/\",\"name\":\"Notibras\",\"description\":\"Not\u00edcias de Bras\u00edlia, do Brasil e do Mundo\",\"publisher\":{\"@id\":\"https:\/\/www.notibras.com\/site\/#organization\"},\"potentialAction\":[{\"@type\":\"SearchAction\",\"target\":{\"@type\":\"EntryPoint\",\"urlTemplate\":\"https:\/\/www.notibras.com\/site\/?s={search_term_string}\"},\"query-input\":{\"@type\":\"PropertyValueSpecification\",\"valueRequired\":true,\"valueName\":\"search_term_string\"}}],\"inLanguage\":\"pt-BR\"},{\"@type\":\"Organization\",\"@id\":\"https:\/\/www.notibras.com\/site\/#organization\",\"name\":\"Grupo Notibras de Comunica\u00e7\u00e3o\",\"url\":\"https:\/\/www.notibras.com\/site\/\",\"logo\":{\"@type\":\"ImageObject\",\"inLanguage\":\"pt-BR\",\"@id\":\"https:\/\/www.notibras.com\/site\/#\/schema\/logo\/image\/\",\"url\":\"https:\/\/www.notibras.com\/site\/wp-content\/uploads\/2023\/01\/notibras23.png\",\"contentUrl\":\"https:\/\/www.notibras.com\/site\/wp-content\/uploads\/2023\/01\/notibras23.png\",\"width\":350,\"height\":87,\"caption\":\"Grupo Notibras de Comunica\u00e7\u00e3o\"},\"image\":{\"@id\":\"https:\/\/www.notibras.com\/site\/#\/schema\/logo\/image\/\"},\"sameAs\":[\"https:\/\/www.facebook.com\/notibras\/\",\"https:\/\/x.com\/Notibras\",\"https:\/\/www.instagram.com\/notibras\/\"]},{\"@type\":\"Person\",\"@id\":\"https:\/\/www.notibras.com\/site\/#\/schema\/person\/36ab0979449956132d3e5b517ea76ac8\",\"name\":\"Reda\u00e7\u00e3o\",\"image\":{\"@type\":\"ImageObject\",\"inLanguage\":\"pt-BR\",\"@id\":\"https:\/\/secure.gravatar.com\/avatar\/e0a867bdedb85fd243eadf09663511f96fc81e0720a4a42581f334ad4303aa6b?s=96&d=mm&r=g\",\"url\":\"https:\/\/secure.gravatar.com\/avatar\/e0a867bdedb85fd243eadf09663511f96fc81e0720a4a42581f334ad4303aa6b?s=96&d=mm&r=g\",\"contentUrl\":\"https:\/\/secure.gravatar.com\/avatar\/e0a867bdedb85fd243eadf09663511f96fc81e0720a4a42581f334ad4303aa6b?s=96&d=mm&r=g\",\"caption\":\"Reda\u00e7\u00e3o\"}}]}<\/script>\n<!-- \/ Yoast SEO plugin. -->","yoast_head_json":{"title":"Desemprego e casa viram o maior drama dos refugiados s\u00edrios que chegam ao Brasil - Notibras","robots":{"index":"index","follow":"follow","max-snippet":"max-snippet:-1","max-image-preview":"max-image-preview:large","max-video-preview":"max-video-preview:-1"},"canonical":"https:\/\/www.notibras.com\/site\/desemprego-e-falta-viram-drama-dos-refugiados-sirios-que-chegam-ao-brasil\/","og_locale":"pt_BR","og_type":"article","og_title":"Desemprego e casa viram o maior drama dos refugiados s\u00edrios que chegam ao Brasil - Notibras","og_description":"Com um gentil \u201cSallaam Aleikum\u201d, cumprimento \u00e1rabe que significa \u201ca paz esteja convosco\u201d, Hanaa Nachawaty cumprimenta os clientes, em uma cal\u00e7ada do Leme, na zona sul do Rio de Janeiro. Ela e a fam\u00edlia vendem esfirras, quibes e pastas \u00e1rabes em uma banquinha com duas bandeiras da S\u00edria. Como a maior parte dos refugiados que [&hellip;]","og_url":"https:\/\/www.notibras.com\/site\/desemprego-e-falta-viram-drama-dos-refugiados-sirios-que-chegam-ao-brasil\/","og_site_name":"Notibras","article_publisher":"https:\/\/www.facebook.com\/notibras\/","article_published_time":"2015-09-21T07:33:25+00:00","article_modified_time":"2015-09-21T07:36:06+00:00","og_image":[{"width":580,"height":388,"url":"https:\/\/www.notibras.com\/site\/wp-content\/uploads\/2015\/09\/976557-refugiados-2018.jpg","type":"image\/jpeg"}],"author":"Reda\u00e7\u00e3o","twitter_card":"summary_large_image","twitter_creator":"@Notibras","twitter_site":"@Notibras","twitter_misc":{"Escrito por":"Reda\u00e7\u00e3o","Est. tempo de leitura":"4 minutos"},"schema":{"@context":"https:\/\/schema.org","@graph":[{"@type":"Article","@id":"https:\/\/www.notibras.com\/site\/desemprego-e-falta-viram-drama-dos-refugiados-sirios-que-chegam-ao-brasil\/#article","isPartOf":{"@id":"https:\/\/www.notibras.com\/site\/desemprego-e-falta-viram-drama-dos-refugiados-sirios-que-chegam-ao-brasil\/"},"author":{"name":"Reda\u00e7\u00e3o","@id":"https:\/\/www.notibras.com\/site\/#\/schema\/person\/36ab0979449956132d3e5b517ea76ac8"},"headline":"Desemprego e casa viram o maior drama dos refugiados s\u00edrios que chegam ao Brasil","datePublished":"2015-09-21T07:33:25+00:00","dateModified":"2015-09-21T07:36:06+00:00","mainEntityOfPage":{"@id":"https:\/\/www.notibras.com\/site\/desemprego-e-falta-viram-drama-dos-refugiados-sirios-que-chegam-ao-brasil\/"},"wordCount":886,"commentCount":0,"publisher":{"@id":"https:\/\/www.notibras.com\/site\/#organization"},"image":{"@id":"https:\/\/www.notibras.com\/site\/desemprego-e-falta-viram-drama-dos-refugiados-sirios-que-chegam-ao-brasil\/#primaryimage"},"thumbnailUrl":"https:\/\/www.notibras.com\/site\/wp-content\/uploads\/2015\/09\/976557-refugiados-2018.jpg","articleSection":["Brasil"],"inLanguage":"pt-BR","potentialAction":[{"@type":"CommentAction","name":"Comment","target":["https:\/\/www.notibras.com\/site\/desemprego-e-falta-viram-drama-dos-refugiados-sirios-que-chegam-ao-brasil\/#respond"]}]},{"@type":"WebPage","@id":"https:\/\/www.notibras.com\/site\/desemprego-e-falta-viram-drama-dos-refugiados-sirios-que-chegam-ao-brasil\/","url":"https:\/\/www.notibras.com\/site\/desemprego-e-falta-viram-drama-dos-refugiados-sirios-que-chegam-ao-brasil\/","name":"Desemprego e casa viram o maior drama dos refugiados s\u00edrios que chegam ao Brasil - Notibras","isPartOf":{"@id":"https:\/\/www.notibras.com\/site\/#website"},"primaryImageOfPage":{"@id":"https:\/\/www.notibras.com\/site\/desemprego-e-falta-viram-drama-dos-refugiados-sirios-que-chegam-ao-brasil\/#primaryimage"},"image":{"@id":"https:\/\/www.notibras.com\/site\/desemprego-e-falta-viram-drama-dos-refugiados-sirios-que-chegam-ao-brasil\/#primaryimage"},"thumbnailUrl":"https:\/\/www.notibras.com\/site\/wp-content\/uploads\/2015\/09\/976557-refugiados-2018.jpg","datePublished":"2015-09-21T07:33:25+00:00","dateModified":"2015-09-21T07:36:06+00:00","breadcrumb":{"@id":"https:\/\/www.notibras.com\/site\/desemprego-e-falta-viram-drama-dos-refugiados-sirios-que-chegam-ao-brasil\/#breadcrumb"},"inLanguage":"pt-BR","potentialAction":[{"@type":"ReadAction","target":["https:\/\/www.notibras.com\/site\/desemprego-e-falta-viram-drama-dos-refugiados-sirios-que-chegam-ao-brasil\/"]}]},{"@type":"ImageObject","inLanguage":"pt-BR","@id":"https:\/\/www.notibras.com\/site\/desemprego-e-falta-viram-drama-dos-refugiados-sirios-que-chegam-ao-brasil\/#primaryimage","url":"https:\/\/www.notibras.com\/site\/wp-content\/uploads\/2015\/09\/976557-refugiados-2018.jpg","contentUrl":"https:\/\/www.notibras.com\/site\/wp-content\/uploads\/2015\/09\/976557-refugiados-2018.jpg","width":580,"height":388},{"@type":"BreadcrumbList","@id":"https:\/\/www.notibras.com\/site\/desemprego-e-falta-viram-drama-dos-refugiados-sirios-que-chegam-ao-brasil\/#breadcrumb","itemListElement":[{"@type":"ListItem","position":1,"name":"In\u00edcio","item":"https:\/\/www.notibras.com\/site\/"},{"@type":"ListItem","position":2,"name":"Desemprego e casa viram o maior drama dos refugiados s\u00edrios que chegam ao Brasil"}]},{"@type":"WebSite","@id":"https:\/\/www.notibras.com\/site\/#website","url":"https:\/\/www.notibras.com\/site\/","name":"Notibras","description":"Not\u00edcias de Bras\u00edlia, do Brasil e do Mundo","publisher":{"@id":"https:\/\/www.notibras.com\/site\/#organization"},"potentialAction":[{"@type":"SearchAction","target":{"@type":"EntryPoint","urlTemplate":"https:\/\/www.notibras.com\/site\/?s={search_term_string}"},"query-input":{"@type":"PropertyValueSpecification","valueRequired":true,"valueName":"search_term_string"}}],"inLanguage":"pt-BR"},{"@type":"Organization","@id":"https:\/\/www.notibras.com\/site\/#organization","name":"Grupo Notibras de Comunica\u00e7\u00e3o","url":"https:\/\/www.notibras.com\/site\/","logo":{"@type":"ImageObject","inLanguage":"pt-BR","@id":"https:\/\/www.notibras.com\/site\/#\/schema\/logo\/image\/","url":"https:\/\/www.notibras.com\/site\/wp-content\/uploads\/2023\/01\/notibras23.png","contentUrl":"https:\/\/www.notibras.com\/site\/wp-content\/uploads\/2023\/01\/notibras23.png","width":350,"height":87,"caption":"Grupo Notibras de Comunica\u00e7\u00e3o"},"image":{"@id":"https:\/\/www.notibras.com\/site\/#\/schema\/logo\/image\/"},"sameAs":["https:\/\/www.facebook.com\/notibras\/","https:\/\/x.com\/Notibras","https:\/\/www.instagram.com\/notibras\/"]},{"@type":"Person","@id":"https:\/\/www.notibras.com\/site\/#\/schema\/person\/36ab0979449956132d3e5b517ea76ac8","name":"Reda\u00e7\u00e3o","image":{"@type":"ImageObject","inLanguage":"pt-BR","@id":"https:\/\/secure.gravatar.com\/avatar\/e0a867bdedb85fd243eadf09663511f96fc81e0720a4a42581f334ad4303aa6b?s=96&d=mm&r=g","url":"https:\/\/secure.gravatar.com\/avatar\/e0a867bdedb85fd243eadf09663511f96fc81e0720a4a42581f334ad4303aa6b?s=96&d=mm&r=g","contentUrl":"https:\/\/secure.gravatar.com\/avatar\/e0a867bdedb85fd243eadf09663511f96fc81e0720a4a42581f334ad4303aa6b?s=96&d=mm&r=g","caption":"Reda\u00e7\u00e3o"}}]}},"amp_enabled":true,"_links":{"self":[{"href":"https:\/\/www.notibras.com\/site\/wp-json\/wp\/v2\/posts\/68809","targetHints":{"allow":["GET"]}}],"collection":[{"href":"https:\/\/www.notibras.com\/site\/wp-json\/wp\/v2\/posts"}],"about":[{"href":"https:\/\/www.notibras.com\/site\/wp-json\/wp\/v2\/types\/post"}],"author":[{"embeddable":true,"href":"https:\/\/www.notibras.com\/site\/wp-json\/wp\/v2\/users\/2"}],"replies":[{"embeddable":true,"href":"https:\/\/www.notibras.com\/site\/wp-json\/wp\/v2\/comments?post=68809"}],"version-history":[{"count":4,"href":"https:\/\/www.notibras.com\/site\/wp-json\/wp\/v2\/posts\/68809\/revisions"}],"predecessor-version":[{"id":68814,"href":"https:\/\/www.notibras.com\/site\/wp-json\/wp\/v2\/posts\/68809\/revisions\/68814"}],"wp:featuredmedia":[{"embeddable":true,"href":"https:\/\/www.notibras.com\/site\/wp-json\/wp\/v2\/media\/68810"}],"wp:attachment":[{"href":"https:\/\/www.notibras.com\/site\/wp-json\/wp\/v2\/media?parent=68809"}],"wp:term":[{"taxonomy":"category","embeddable":true,"href":"https:\/\/www.notibras.com\/site\/wp-json\/wp\/v2\/categories?post=68809"},{"taxonomy":"post_tag","embeddable":true,"href":"https:\/\/www.notibras.com\/site\/wp-json\/wp\/v2\/tags?post=68809"}],"curies":[{"name":"wp","href":"https:\/\/api.w.org\/{rel}","templated":true}]}}