{"id":68831,"date":"2015-09-21T05:44:31","date_gmt":"2015-09-21T08:44:31","guid":{"rendered":"http:\/\/www.notibras.com\/site\/?p=68831"},"modified":"2015-09-21T05:44:31","modified_gmt":"2015-09-21T08:44:31","slug":"oposicao-alimenta-um-golpe-sem-apresentar-programa-de-governo","status":"publish","type":"post","link":"https:\/\/www.notibras.com\/site\/oposicao-alimenta-um-golpe-sem-apresentar-programa-de-governo\/","title":{"rendered":"Oposi\u00e7\u00e3o alimenta um golpe sem apresentar programa de governo"},"content":{"rendered":"<p>A C\u00e2mara Federal vive um alvoro\u00e7o entre aqueles que querem a sa\u00edda da presidenta Dilma do Pal\u00e1cio do Planalto. Reunidos em pequenas articula\u00e7\u00f5es, em restaurantes badalados da capital federal ou em encontros \u00edntimos &#8220;petit comit\u00ea&#8221;, buscam viabilizar um golpe branco, prevendo todos os cen\u00e1rios do certame &#8220;formal&#8221; para atingir seus objetivos. Quando perguntados, dir\u00e3o exatamente todas as etapas, votos necess\u00e1rios, atores a serem mobilizados, partidos e lideran\u00e7as envolvidas. No entanto, arrisco afirmar, o passo seguinte \u00e9 uma inc\u00f3gnita.<\/p>\n<p>Por que \u00e9 uma inc\u00f3gnita? Porque o horizonte estrat\u00e9gico m\u00e1ximo \u00e9 acordar o tipo de procedimento a ser levado a cabo, e a consequente resposta sobre quem assume. O dilema a ser enfrentado \u00e9 como compor o pr\u00f3ximo governo, ajeitar quem vai para onde e, sobretudo, decidir com quem ficar\u00e1 a cereja do bolo: a candidatura de 2018. Ou seja, &#8220;assumimos agora, provis\u00f3rio, e em 2018 consagramos nossa decis\u00e3o&#8221;.<\/p>\n<p>N\u00e3o contam as preocupa\u00e7\u00f5es daqueles que lutaram pela redemocratiza\u00e7\u00e3o do pa\u00eds, pela estabilidade institucional, pelo respeito \u00e0 soberania do voto popular e a imagem da jovem democracia brasileira perante o mundo. Tamb\u00e9m n\u00e3o conta o fato de que o estatuto do impedimento, na Constitui\u00e7\u00e3o Federal, exige a ocorr\u00eancia de crimes e pr\u00e1ticas por parte do mandat\u00e1rio \u2013que jamais foram evidenciados.<\/p>\n<p>Isso se chama golpe, e n\u00e3o tem outra qualifica\u00e7\u00e3o poss\u00edvel. E tanto \u00e9 golpe, que \u00e9 articulado logo ap\u00f3s a vit\u00f3ria petista no sufr\u00e1gio universal de outubro de 2014. Ou n\u00e3o \u00e9 verdade que a pauta do 3\u00ba turno foi montada ainda antes da posse de Dilma em seu segundo mandato?<\/p>\n<p>Na democracia, quem quer n\u00e3o deve impor. Porque tudo que \u00e9 imposto n\u00e3o conta com legitimidade. E tudo que n\u00e3o tem legitimidade, a hist\u00f3ria nos mostra, usa de for\u00e7a e da ilegalidade para garantir seus desejos.<\/p>\n<p>Mais grave ainda \u00e9 o passo seguinte. Qual \u00e9 o programa? O que fazer para al\u00e9m da verborragia do &#8220;fora isso, fora aquilo&#8221;? A instabilidade pol\u00edtica refor\u00e7a e amplia o cen\u00e1rio de dificuldades econ\u00f4micas. A ideia do caos, do &#8220;quanto pior, melhor&#8221;, est\u00e1 gerando obst\u00e1culos e mais obst\u00e1culos. Posta em pr\u00e1tica a marcha rumo ao atentado democr\u00e1tico, a situa\u00e7\u00e3o tender\u00e1 a deteriorar-se. E ent\u00e3o, o que far\u00e3o se conseguirem tomar conta do Planalto?<\/p>\n<p>Quem olha de forma ing\u00eanua para essa articula\u00e7\u00e3o, pode supor que n\u00e3o h\u00e1 um programa que unifique a turma, al\u00e9m da bandeira &#8220;anti-Dilma&#8221;. No entanto, um observador mais atento sabe que a resposta a essa inc\u00f3gnita de um programa para o Brasil j\u00e1 est\u00e1 escrita: privilegiar o capital financeiro em detrimento do setor produtivo, mudar o marco regulat\u00f3rio do pr\u00e9-sal e abrir indiscriminadamente o capital da Petrobras.<\/p>\n<p>Tamb\u00e9m ir\u00e3o promover uma agenda de austeridade que corta benef\u00edcios, direitos e programas sociais, e fazer um realinhamento autom\u00e1tico da pol\u00edtica externa brasileira junto \u00e0s economias que forjaram o Consenso de Washington, al\u00e9m de enxugamento das estruturas p\u00fablicas, flexibiliza\u00e7\u00e3o das rela\u00e7\u00f5es trabalhistas, generaliza\u00e7\u00e3o das terceiriza\u00e7\u00f5es, e por a\u00ed vai.<\/p>\n<p>Quem quer o poder, tem que propor. Mas isso n\u00e3o \u00e9 dito por que seria uma desmoraliza\u00e7\u00e3o de largada \u2013mas \u00e9 o que ser\u00e1 feito, n\u00e3o restam d\u00favidas. A pol\u00edtica \u00e9 constru\u00edda por alinhamentos, n\u00e3o nos enganemos.<\/p>\n<p>Neste momento, cruzando os corredores do Congresso, tenho a n\u00edtida impress\u00e3o que o interesse popular est\u00e1 distante. Muito distante. A pauta aqui deveria ser outra: melhoria das condi\u00e7\u00f5es de vida, emprego, sal\u00e1rio, aposentadoria, moradia, sa\u00fade, educa\u00e7\u00e3o, acesso \u00e0 terra e \u00e0 cultura, transporte p\u00fablico de qualidade, respeito \u00e0s diferen\u00e7as, inova\u00e7\u00e3o, ci\u00eancia e tecnologia. A instabilidade e a potencializa\u00e7\u00e3o da crise n\u00e3o interessam \u00e0 sociedade. O que interessa, em \u00faltima an\u00e1lise, \u00e9 a vida, que corre nas ruas, n\u00e3o nos conchavos golpistas.<\/p>\n<p><strong>Maria do Ros\u00e1rio<\/strong><\/p>\n","protected":false},"excerpt":{"rendered":"<p>A C\u00e2mara Federal vive um alvoro\u00e7o entre aqueles que querem a sa\u00edda da presidenta Dilma do Pal\u00e1cio do Planalto. Reunidos em pequenas articula\u00e7\u00f5es, em restaurantes badalados da capital federal ou em encontros \u00edntimos &#8220;petit comit\u00ea&#8221;, buscam viabilizar um golpe branco, prevendo todos os cen\u00e1rios do certame &#8220;formal&#8221; para atingir seus objetivos. Quando perguntados, dir\u00e3o exatamente [&hellip;]<\/p>\n","protected":false},"author":2,"featured_media":68832,"comment_status":"open","ping_status":"closed","sticky":false,"template":"","format":"standard","meta":{"_acf_changed":false,"footnotes":""},"categories":[25],"tags":[],"class_list":["post-68831","post","type-post","status-publish","format-standard","has-post-thumbnail","hentry","category-opina-ai"],"acf":[],"yoast_head":"<!-- This site is optimized with the Yoast SEO plugin v27.5 - https:\/\/yoast.com\/product\/yoast-seo-wordpress\/ -->\n<title>Oposi\u00e7\u00e3o alimenta um golpe sem apresentar programa de governo - Notibras<\/title>\n<meta name=\"robots\" content=\"index, follow, max-snippet:-1, max-image-preview:large, max-video-preview:-1\" \/>\n<link rel=\"canonical\" href=\"https:\/\/www.notibras.com\/site\/oposicao-alimenta-um-golpe-sem-apresentar-programa-de-governo\/\" \/>\n<meta property=\"og:locale\" content=\"pt_BR\" \/>\n<meta property=\"og:type\" content=\"article\" \/>\n<meta property=\"og:title\" content=\"Oposi\u00e7\u00e3o alimenta um golpe sem apresentar programa de governo - Notibras\" \/>\n<meta property=\"og:description\" content=\"A C\u00e2mara Federal vive um alvoro\u00e7o entre aqueles que querem a sa\u00edda da presidenta Dilma do Pal\u00e1cio do Planalto. Reunidos em pequenas articula\u00e7\u00f5es, em restaurantes badalados da capital federal ou em encontros \u00edntimos &#8220;petit comit\u00ea&#8221;, buscam viabilizar um golpe branco, prevendo todos os cen\u00e1rios do certame &#8220;formal&#8221; para atingir seus objetivos. Quando perguntados, dir\u00e3o exatamente [&hellip;]\" \/>\n<meta property=\"og:url\" content=\"https:\/\/www.notibras.com\/site\/oposicao-alimenta-um-golpe-sem-apresentar-programa-de-governo\/\" \/>\n<meta property=\"og:site_name\" content=\"Notibras\" \/>\n<meta property=\"article:publisher\" content=\"https:\/\/www.facebook.com\/notibras\/\" \/>\n<meta property=\"article:published_time\" content=\"2015-09-21T08:44:31+00:00\" \/>\n<meta property=\"og:image\" content=\"https:\/\/www.notibras.com\/site\/wp-content\/uploads\/2015\/09\/76.jpg\" \/>\n\t<meta property=\"og:image:width\" content=\"2000\" \/>\n\t<meta property=\"og:image:height\" content=\"1312\" \/>\n\t<meta property=\"og:image:type\" content=\"image\/jpeg\" \/>\n<meta name=\"author\" content=\"Reda\u00e7\u00e3o\" \/>\n<meta name=\"twitter:card\" content=\"summary_large_image\" \/>\n<meta name=\"twitter:creator\" content=\"@Notibras\" \/>\n<meta name=\"twitter:site\" content=\"@Notibras\" \/>\n<meta name=\"twitter:label1\" content=\"Escrito por\" \/>\n\t<meta name=\"twitter:data1\" content=\"Reda\u00e7\u00e3o\" \/>\n\t<meta name=\"twitter:label2\" content=\"Est. tempo de leitura\" \/>\n\t<meta name=\"twitter:data2\" content=\"3 minutos\" \/>\n<script type=\"application\/ld+json\" class=\"yoast-schema-graph\">{\"@context\":\"https:\\\/\\\/schema.org\",\"@graph\":[{\"@type\":\"Article\",\"@id\":\"https:\\\/\\\/www.notibras.com\\\/site\\\/oposicao-alimenta-um-golpe-sem-apresentar-programa-de-governo\\\/#article\",\"isPartOf\":{\"@id\":\"https:\\\/\\\/www.notibras.com\\\/site\\\/oposicao-alimenta-um-golpe-sem-apresentar-programa-de-governo\\\/\"},\"author\":{\"name\":\"Reda\u00e7\u00e3o\",\"@id\":\"https:\\\/\\\/www.notibras.com\\\/site\\\/#\\\/schema\\\/person\\\/36ab0979449956132d3e5b517ea76ac8\"},\"headline\":\"Oposi\u00e7\u00e3o alimenta um golpe sem apresentar programa de governo\",\"datePublished\":\"2015-09-21T08:44:31+00:00\",\"mainEntityOfPage\":{\"@id\":\"https:\\\/\\\/www.notibras.com\\\/site\\\/oposicao-alimenta-um-golpe-sem-apresentar-programa-de-governo\\\/\"},\"wordCount\":682,\"commentCount\":0,\"publisher\":{\"@id\":\"https:\\\/\\\/www.notibras.com\\\/site\\\/#organization\"},\"image\":{\"@id\":\"https:\\\/\\\/www.notibras.com\\\/site\\\/oposicao-alimenta-um-golpe-sem-apresentar-programa-de-governo\\\/#primaryimage\"},\"thumbnailUrl\":\"https:\\\/\\\/www.notibras.com\\\/site\\\/wp-content\\\/uploads\\\/2015\\\/09\\\/76.jpg\",\"articleSection\":[\"Opina a\u00ed\"],\"inLanguage\":\"pt-BR\",\"potentialAction\":[{\"@type\":\"CommentAction\",\"name\":\"Comment\",\"target\":[\"https:\\\/\\\/www.notibras.com\\\/site\\\/oposicao-alimenta-um-golpe-sem-apresentar-programa-de-governo\\\/#respond\"]}]},{\"@type\":\"WebPage\",\"@id\":\"https:\\\/\\\/www.notibras.com\\\/site\\\/oposicao-alimenta-um-golpe-sem-apresentar-programa-de-governo\\\/\",\"url\":\"https:\\\/\\\/www.notibras.com\\\/site\\\/oposicao-alimenta-um-golpe-sem-apresentar-programa-de-governo\\\/\",\"name\":\"Oposi\u00e7\u00e3o alimenta um golpe sem apresentar programa de governo - Notibras\",\"isPartOf\":{\"@id\":\"https:\\\/\\\/www.notibras.com\\\/site\\\/#website\"},\"primaryImageOfPage\":{\"@id\":\"https:\\\/\\\/www.notibras.com\\\/site\\\/oposicao-alimenta-um-golpe-sem-apresentar-programa-de-governo\\\/#primaryimage\"},\"image\":{\"@id\":\"https:\\\/\\\/www.notibras.com\\\/site\\\/oposicao-alimenta-um-golpe-sem-apresentar-programa-de-governo\\\/#primaryimage\"},\"thumbnailUrl\":\"https:\\\/\\\/www.notibras.com\\\/site\\\/wp-content\\\/uploads\\\/2015\\\/09\\\/76.jpg\",\"datePublished\":\"2015-09-21T08:44:31+00:00\",\"breadcrumb\":{\"@id\":\"https:\\\/\\\/www.notibras.com\\\/site\\\/oposicao-alimenta-um-golpe-sem-apresentar-programa-de-governo\\\/#breadcrumb\"},\"inLanguage\":\"pt-BR\",\"potentialAction\":[{\"@type\":\"ReadAction\",\"target\":[\"https:\\\/\\\/www.notibras.com\\\/site\\\/oposicao-alimenta-um-golpe-sem-apresentar-programa-de-governo\\\/\"]}]},{\"@type\":\"ImageObject\",\"inLanguage\":\"pt-BR\",\"@id\":\"https:\\\/\\\/www.notibras.com\\\/site\\\/oposicao-alimenta-um-golpe-sem-apresentar-programa-de-governo\\\/#primaryimage\",\"url\":\"https:\\\/\\\/www.notibras.com\\\/site\\\/wp-content\\\/uploads\\\/2015\\\/09\\\/76.jpg\",\"contentUrl\":\"https:\\\/\\\/www.notibras.com\\\/site\\\/wp-content\\\/uploads\\\/2015\\\/09\\\/76.jpg\",\"width\":2000,\"height\":1312},{\"@type\":\"BreadcrumbList\",\"@id\":\"https:\\\/\\\/www.notibras.com\\\/site\\\/oposicao-alimenta-um-golpe-sem-apresentar-programa-de-governo\\\/#breadcrumb\",\"itemListElement\":[{\"@type\":\"ListItem\",\"position\":1,\"name\":\"In\u00edcio\",\"item\":\"https:\\\/\\\/www.notibras.com\\\/site\\\/\"},{\"@type\":\"ListItem\",\"position\":2,\"name\":\"Oposi\u00e7\u00e3o alimenta um golpe sem apresentar programa de governo\"}]},{\"@type\":\"WebSite\",\"@id\":\"https:\\\/\\\/www.notibras.com\\\/site\\\/#website\",\"url\":\"https:\\\/\\\/www.notibras.com\\\/site\\\/\",\"name\":\"Notibras\",\"description\":\"Not\u00edcias de Bras\u00edlia, do Brasil e do Mundo\",\"publisher\":{\"@id\":\"https:\\\/\\\/www.notibras.com\\\/site\\\/#organization\"},\"potentialAction\":[{\"@type\":\"SearchAction\",\"target\":{\"@type\":\"EntryPoint\",\"urlTemplate\":\"https:\\\/\\\/www.notibras.com\\\/site\\\/?s={search_term_string}\"},\"query-input\":{\"@type\":\"PropertyValueSpecification\",\"valueRequired\":true,\"valueName\":\"search_term_string\"}}],\"inLanguage\":\"pt-BR\"},{\"@type\":\"Organization\",\"@id\":\"https:\\\/\\\/www.notibras.com\\\/site\\\/#organization\",\"name\":\"Grupo Notibras de Comunica\u00e7\u00e3o\",\"url\":\"https:\\\/\\\/www.notibras.com\\\/site\\\/\",\"logo\":{\"@type\":\"ImageObject\",\"inLanguage\":\"pt-BR\",\"@id\":\"https:\\\/\\\/www.notibras.com\\\/site\\\/#\\\/schema\\\/logo\\\/image\\\/\",\"url\":\"https:\\\/\\\/www.notibras.com\\\/site\\\/wp-content\\\/uploads\\\/2023\\\/01\\\/notibras23.png\",\"contentUrl\":\"https:\\\/\\\/www.notibras.com\\\/site\\\/wp-content\\\/uploads\\\/2023\\\/01\\\/notibras23.png\",\"width\":350,\"height\":87,\"caption\":\"Grupo Notibras de Comunica\u00e7\u00e3o\"},\"image\":{\"@id\":\"https:\\\/\\\/www.notibras.com\\\/site\\\/#\\\/schema\\\/logo\\\/image\\\/\"},\"sameAs\":[\"https:\\\/\\\/www.facebook.com\\\/notibras\\\/\",\"https:\\\/\\\/x.com\\\/Notibras\",\"https:\\\/\\\/www.instagram.com\\\/notibras\\\/\"]},{\"@type\":\"Person\",\"@id\":\"https:\\\/\\\/www.notibras.com\\\/site\\\/#\\\/schema\\\/person\\\/36ab0979449956132d3e5b517ea76ac8\",\"name\":\"Reda\u00e7\u00e3o\",\"image\":{\"@type\":\"ImageObject\",\"inLanguage\":\"pt-BR\",\"@id\":\"https:\\\/\\\/secure.gravatar.com\\\/avatar\\\/e0a867bdedb85fd243eadf09663511f96fc81e0720a4a42581f334ad4303aa6b?s=96&d=mm&r=g\",\"url\":\"https:\\\/\\\/secure.gravatar.com\\\/avatar\\\/e0a867bdedb85fd243eadf09663511f96fc81e0720a4a42581f334ad4303aa6b?s=96&d=mm&r=g\",\"contentUrl\":\"https:\\\/\\\/secure.gravatar.com\\\/avatar\\\/e0a867bdedb85fd243eadf09663511f96fc81e0720a4a42581f334ad4303aa6b?s=96&d=mm&r=g\",\"caption\":\"Reda\u00e7\u00e3o\"}}]}<\/script>\n<!-- \/ Yoast SEO plugin. -->","yoast_head_json":{"title":"Oposi\u00e7\u00e3o alimenta um golpe sem apresentar programa de governo - Notibras","robots":{"index":"index","follow":"follow","max-snippet":"max-snippet:-1","max-image-preview":"max-image-preview:large","max-video-preview":"max-video-preview:-1"},"canonical":"https:\/\/www.notibras.com\/site\/oposicao-alimenta-um-golpe-sem-apresentar-programa-de-governo\/","og_locale":"pt_BR","og_type":"article","og_title":"Oposi\u00e7\u00e3o alimenta um golpe sem apresentar programa de governo - Notibras","og_description":"A C\u00e2mara Federal vive um alvoro\u00e7o entre aqueles que querem a sa\u00edda da presidenta Dilma do Pal\u00e1cio do Planalto. Reunidos em pequenas articula\u00e7\u00f5es, em restaurantes badalados da capital federal ou em encontros \u00edntimos &#8220;petit comit\u00ea&#8221;, buscam viabilizar um golpe branco, prevendo todos os cen\u00e1rios do certame &#8220;formal&#8221; para atingir seus objetivos. Quando perguntados, dir\u00e3o exatamente [&hellip;]","og_url":"https:\/\/www.notibras.com\/site\/oposicao-alimenta-um-golpe-sem-apresentar-programa-de-governo\/","og_site_name":"Notibras","article_publisher":"https:\/\/www.facebook.com\/notibras\/","article_published_time":"2015-09-21T08:44:31+00:00","og_image":[{"width":2000,"height":1312,"url":"https:\/\/www.notibras.com\/site\/wp-content\/uploads\/2015\/09\/76.jpg","type":"image\/jpeg"}],"author":"Reda\u00e7\u00e3o","twitter_card":"summary_large_image","twitter_creator":"@Notibras","twitter_site":"@Notibras","twitter_misc":{"Escrito por":"Reda\u00e7\u00e3o","Est. tempo de leitura":"3 minutos"},"schema":{"@context":"https:\/\/schema.org","@graph":[{"@type":"Article","@id":"https:\/\/www.notibras.com\/site\/oposicao-alimenta-um-golpe-sem-apresentar-programa-de-governo\/#article","isPartOf":{"@id":"https:\/\/www.notibras.com\/site\/oposicao-alimenta-um-golpe-sem-apresentar-programa-de-governo\/"},"author":{"name":"Reda\u00e7\u00e3o","@id":"https:\/\/www.notibras.com\/site\/#\/schema\/person\/36ab0979449956132d3e5b517ea76ac8"},"headline":"Oposi\u00e7\u00e3o alimenta um golpe sem apresentar programa de governo","datePublished":"2015-09-21T08:44:31+00:00","mainEntityOfPage":{"@id":"https:\/\/www.notibras.com\/site\/oposicao-alimenta-um-golpe-sem-apresentar-programa-de-governo\/"},"wordCount":682,"commentCount":0,"publisher":{"@id":"https:\/\/www.notibras.com\/site\/#organization"},"image":{"@id":"https:\/\/www.notibras.com\/site\/oposicao-alimenta-um-golpe-sem-apresentar-programa-de-governo\/#primaryimage"},"thumbnailUrl":"https:\/\/www.notibras.com\/site\/wp-content\/uploads\/2015\/09\/76.jpg","articleSection":["Opina a\u00ed"],"inLanguage":"pt-BR","potentialAction":[{"@type":"CommentAction","name":"Comment","target":["https:\/\/www.notibras.com\/site\/oposicao-alimenta-um-golpe-sem-apresentar-programa-de-governo\/#respond"]}]},{"@type":"WebPage","@id":"https:\/\/www.notibras.com\/site\/oposicao-alimenta-um-golpe-sem-apresentar-programa-de-governo\/","url":"https:\/\/www.notibras.com\/site\/oposicao-alimenta-um-golpe-sem-apresentar-programa-de-governo\/","name":"Oposi\u00e7\u00e3o alimenta um golpe sem apresentar programa de governo - Notibras","isPartOf":{"@id":"https:\/\/www.notibras.com\/site\/#website"},"primaryImageOfPage":{"@id":"https:\/\/www.notibras.com\/site\/oposicao-alimenta-um-golpe-sem-apresentar-programa-de-governo\/#primaryimage"},"image":{"@id":"https:\/\/www.notibras.com\/site\/oposicao-alimenta-um-golpe-sem-apresentar-programa-de-governo\/#primaryimage"},"thumbnailUrl":"https:\/\/www.notibras.com\/site\/wp-content\/uploads\/2015\/09\/76.jpg","datePublished":"2015-09-21T08:44:31+00:00","breadcrumb":{"@id":"https:\/\/www.notibras.com\/site\/oposicao-alimenta-um-golpe-sem-apresentar-programa-de-governo\/#breadcrumb"},"inLanguage":"pt-BR","potentialAction":[{"@type":"ReadAction","target":["https:\/\/www.notibras.com\/site\/oposicao-alimenta-um-golpe-sem-apresentar-programa-de-governo\/"]}]},{"@type":"ImageObject","inLanguage":"pt-BR","@id":"https:\/\/www.notibras.com\/site\/oposicao-alimenta-um-golpe-sem-apresentar-programa-de-governo\/#primaryimage","url":"https:\/\/www.notibras.com\/site\/wp-content\/uploads\/2015\/09\/76.jpg","contentUrl":"https:\/\/www.notibras.com\/site\/wp-content\/uploads\/2015\/09\/76.jpg","width":2000,"height":1312},{"@type":"BreadcrumbList","@id":"https:\/\/www.notibras.com\/site\/oposicao-alimenta-um-golpe-sem-apresentar-programa-de-governo\/#breadcrumb","itemListElement":[{"@type":"ListItem","position":1,"name":"In\u00edcio","item":"https:\/\/www.notibras.com\/site\/"},{"@type":"ListItem","position":2,"name":"Oposi\u00e7\u00e3o alimenta um golpe sem apresentar programa de governo"}]},{"@type":"WebSite","@id":"https:\/\/www.notibras.com\/site\/#website","url":"https:\/\/www.notibras.com\/site\/","name":"Notibras","description":"Not\u00edcias de Bras\u00edlia, do Brasil e do Mundo","publisher":{"@id":"https:\/\/www.notibras.com\/site\/#organization"},"potentialAction":[{"@type":"SearchAction","target":{"@type":"EntryPoint","urlTemplate":"https:\/\/www.notibras.com\/site\/?s={search_term_string}"},"query-input":{"@type":"PropertyValueSpecification","valueRequired":true,"valueName":"search_term_string"}}],"inLanguage":"pt-BR"},{"@type":"Organization","@id":"https:\/\/www.notibras.com\/site\/#organization","name":"Grupo Notibras de Comunica\u00e7\u00e3o","url":"https:\/\/www.notibras.com\/site\/","logo":{"@type":"ImageObject","inLanguage":"pt-BR","@id":"https:\/\/www.notibras.com\/site\/#\/schema\/logo\/image\/","url":"https:\/\/www.notibras.com\/site\/wp-content\/uploads\/2023\/01\/notibras23.png","contentUrl":"https:\/\/www.notibras.com\/site\/wp-content\/uploads\/2023\/01\/notibras23.png","width":350,"height":87,"caption":"Grupo Notibras de Comunica\u00e7\u00e3o"},"image":{"@id":"https:\/\/www.notibras.com\/site\/#\/schema\/logo\/image\/"},"sameAs":["https:\/\/www.facebook.com\/notibras\/","https:\/\/x.com\/Notibras","https:\/\/www.instagram.com\/notibras\/"]},{"@type":"Person","@id":"https:\/\/www.notibras.com\/site\/#\/schema\/person\/36ab0979449956132d3e5b517ea76ac8","name":"Reda\u00e7\u00e3o","image":{"@type":"ImageObject","inLanguage":"pt-BR","@id":"https:\/\/secure.gravatar.com\/avatar\/e0a867bdedb85fd243eadf09663511f96fc81e0720a4a42581f334ad4303aa6b?s=96&d=mm&r=g","url":"https:\/\/secure.gravatar.com\/avatar\/e0a867bdedb85fd243eadf09663511f96fc81e0720a4a42581f334ad4303aa6b?s=96&d=mm&r=g","contentUrl":"https:\/\/secure.gravatar.com\/avatar\/e0a867bdedb85fd243eadf09663511f96fc81e0720a4a42581f334ad4303aa6b?s=96&d=mm&r=g","caption":"Reda\u00e7\u00e3o"}}]}},"amp_enabled":true,"_links":{"self":[{"href":"https:\/\/www.notibras.com\/site\/wp-json\/wp\/v2\/posts\/68831","targetHints":{"allow":["GET"]}}],"collection":[{"href":"https:\/\/www.notibras.com\/site\/wp-json\/wp\/v2\/posts"}],"about":[{"href":"https:\/\/www.notibras.com\/site\/wp-json\/wp\/v2\/types\/post"}],"author":[{"embeddable":true,"href":"https:\/\/www.notibras.com\/site\/wp-json\/wp\/v2\/users\/2"}],"replies":[{"embeddable":true,"href":"https:\/\/www.notibras.com\/site\/wp-json\/wp\/v2\/comments?post=68831"}],"version-history":[{"count":1,"href":"https:\/\/www.notibras.com\/site\/wp-json\/wp\/v2\/posts\/68831\/revisions"}],"predecessor-version":[{"id":68833,"href":"https:\/\/www.notibras.com\/site\/wp-json\/wp\/v2\/posts\/68831\/revisions\/68833"}],"wp:featuredmedia":[{"embeddable":true,"href":"https:\/\/www.notibras.com\/site\/wp-json\/wp\/v2\/media\/68832"}],"wp:attachment":[{"href":"https:\/\/www.notibras.com\/site\/wp-json\/wp\/v2\/media?parent=68831"}],"wp:term":[{"taxonomy":"category","embeddable":true,"href":"https:\/\/www.notibras.com\/site\/wp-json\/wp\/v2\/categories?post=68831"},{"taxonomy":"post_tag","embeddable":true,"href":"https:\/\/www.notibras.com\/site\/wp-json\/wp\/v2\/tags?post=68831"}],"curies":[{"name":"wp","href":"https:\/\/api.w.org\/{rel}","templated":true}]}}