{"id":68838,"date":"2015-09-21T08:02:03","date_gmt":"2015-09-21T11:02:03","guid":{"rendered":"http:\/\/www.notibras.com\/site\/?p=68838"},"modified":"2015-09-21T20:06:09","modified_gmt":"2015-09-21T23:06:09","slug":"dilma-apressa-cpmf-e-governadores-discutem-de-quanto-sera-fatia-para-os-estados","status":"publish","type":"post","link":"https:\/\/www.notibras.com\/site\/dilma-apressa-cpmf-e-governadores-discutem-de-quanto-sera-fatia-para-os-estados\/","title":{"rendered":"Dilma apressa CPMF e governadores discutem de quanto vai ser sua fatia"},"content":{"rendered":"<p>A presidente Dilma Rousseff deve encaminhar nesta segunda-feira, 21, aos parlamentares a Proposta de Emenda a Constitui\u00e7\u00e3o (PEC) que recria a antiga CPMF, contribui\u00e7\u00e3o que incide sobre a movimenta\u00e7\u00e3o financeira. Apesar das resist\u00eancias, o texto ir\u00e1 propor um novo tributo com al\u00edquota de 0,20% e dura\u00e7\u00e3o de quatro anos destinado \u00e0 Previd\u00eancia Social, conforme anunciado pela equipe econ\u00f4mica.<\/p>\n<p>A negocia\u00e7\u00e3o de Dilma e dos ministros com o Congresso come\u00e7ar\u00e1 imediatamente: o governo precisa urgentemente dos R$ 32 bilh\u00f5es que a CPMF despejar\u00e1 nos cofres federais ao longo de um ano.<\/p>\n<p>Os dois pontos principais da proposta &#8211; a al\u00edquota e a dura\u00e7\u00e3o &#8211; podem mudar no Congresso. O imposto pode ser elevado a 0,38%, repetindo a al\u00edquota que vigorou at\u00e9 dezembro de 2007 quando foi extinta pelos parlamentares. Governadores aliados ao Planalto decidiram apoiar a eleva\u00e7\u00e3o da al\u00edquota para que o tributo seja dividido com Estados e munic\u00edpios, mas o governo decidiu enviar uma proposta pr\u00f3pria, deixando as altera\u00e7\u00f5es nas m\u00e3os dos parlamentares.<\/p>\n<p>Al\u00e9m disso, deputados e senadores podem modificar a proposta para reduzir o prazo de dura\u00e7\u00e3o para dois ou tr\u00eas anos, de forma que a CPMF termine at\u00e9 2018.<\/p>\n<p>Enquanto isso, Estados e munic\u00edpios disputam como ser\u00e1 a divis\u00e3o dos recursos, caso a medida passe pelo Congresso. O imposto dever\u00e1 arrecadar R$ 32 bilh\u00f5es por ano com uma al\u00edquota de 0,20%.<\/p>\n<p>Entre os Estados, \u00e9 praticamente pac\u00edfico que os recursos da CPMF devem ser destinados para cobrir despesas com as previd\u00eancias estaduais, assim como ser\u00e1 feito para a Uni\u00e3o. J\u00e1 os prefeitos querem poder vincular sua fatia aos gastos com a Sa\u00fade.<\/p>\n<p>Nas conversas em Bras\u00edlia durante a semana passada, governadores e secret\u00e1rios de Fazenda deram in\u00edcio \u00e0s discuss\u00f5es dos crit\u00e9rios a serem adotados. Tr\u00eas regras principais est\u00e3o em discuss\u00e3o: dividir pela popula\u00e7\u00e3o, de acordo com os gastos previdenci\u00e1rios ou pelas regras dos fundos de participa\u00e7\u00e3o de Estados (FPE) e dos munic\u00edpios (FPM), que levam em conta tamb\u00e9m a renda de cada local.<\/p>\n","protected":false},"excerpt":{"rendered":"<p>A presidente Dilma Rousseff deve encaminhar nesta segunda-feira, 21, aos parlamentares a Proposta de Emenda a Constitui\u00e7\u00e3o (PEC) que recria a antiga CPMF, contribui\u00e7\u00e3o que incide sobre a movimenta\u00e7\u00e3o financeira. Apesar das resist\u00eancias, o texto ir\u00e1 propor um novo tributo com al\u00edquota de 0,20% e dura\u00e7\u00e3o de quatro anos destinado \u00e0 Previd\u00eancia Social, conforme anunciado [&hellip;]<\/p>\n","protected":false},"author":2,"featured_media":68839,"comment_status":"open","ping_status":"closed","sticky":false,"template":"","format":"standard","meta":{"_acf_changed":false,"footnotes":""},"categories":[16],"tags":[],"class_list":["post-68838","post","type-post","status-publish","format-standard","has-post-thumbnail","hentry","category-brasil"],"acf":[],"yoast_head":"<!-- This site is optimized with the Yoast SEO plugin v27.2 - https:\/\/yoast.com\/product\/yoast-seo-wordpress\/ -->\n<title>Dilma apressa CPMF e governadores discutem de quanto vai ser sua fatia - Notibras<\/title>\n<meta name=\"robots\" content=\"index, follow, max-snippet:-1, max-image-preview:large, max-video-preview:-1\" \/>\n<link rel=\"canonical\" href=\"https:\/\/www.notibras.com\/site\/dilma-apressa-cpmf-e-governadores-discutem-de-quanto-sera-fatia-para-os-estados\/\" \/>\n<meta property=\"og:locale\" content=\"pt_BR\" \/>\n<meta property=\"og:type\" content=\"article\" \/>\n<meta property=\"og:title\" content=\"Dilma apressa CPMF e governadores discutem de quanto vai ser sua fatia - Notibras\" \/>\n<meta property=\"og:description\" content=\"A presidente Dilma Rousseff deve encaminhar nesta segunda-feira, 21, aos parlamentares a Proposta de Emenda a Constitui\u00e7\u00e3o (PEC) que recria a antiga CPMF, contribui\u00e7\u00e3o que incide sobre a movimenta\u00e7\u00e3o financeira. Apesar das resist\u00eancias, o texto ir\u00e1 propor um novo tributo com al\u00edquota de 0,20% e dura\u00e7\u00e3o de quatro anos destinado \u00e0 Previd\u00eancia Social, conforme anunciado [&hellip;]\" \/>\n<meta property=\"og:url\" content=\"https:\/\/www.notibras.com\/site\/dilma-apressa-cpmf-e-governadores-discutem-de-quanto-sera-fatia-para-os-estados\/\" \/>\n<meta property=\"og:site_name\" content=\"Notibras\" \/>\n<meta property=\"article:publisher\" content=\"https:\/\/www.facebook.com\/notibras\/\" \/>\n<meta property=\"article:published_time\" content=\"2015-09-21T11:02:03+00:00\" \/>\n<meta property=\"article:modified_time\" content=\"2015-09-21T23:06:09+00:00\" \/>\n<meta property=\"og:image\" content=\"https:\/\/www.notibras.com\/site\/wp-content\/uploads\/2015\/09\/cp21.jpg\" \/>\n\t<meta property=\"og:image:width\" content=\"699\" \/>\n\t<meta property=\"og:image:height\" content=\"420\" \/>\n\t<meta property=\"og:image:type\" content=\"image\/jpeg\" \/>\n<meta name=\"author\" content=\"Reda\u00e7\u00e3o\" \/>\n<meta name=\"twitter:card\" content=\"summary_large_image\" \/>\n<meta name=\"twitter:creator\" content=\"@Notibras\" \/>\n<meta name=\"twitter:site\" content=\"@Notibras\" \/>\n<meta name=\"twitter:label1\" content=\"Escrito por\" \/>\n\t<meta name=\"twitter:data1\" content=\"Reda\u00e7\u00e3o\" \/>\n\t<meta name=\"twitter:label2\" content=\"Est. tempo de leitura\" \/>\n\t<meta name=\"twitter:data2\" content=\"2 minutos\" \/>\n<script type=\"application\/ld+json\" class=\"yoast-schema-graph\">{\"@context\":\"https:\/\/schema.org\",\"@graph\":[{\"@type\":\"Article\",\"@id\":\"https:\/\/www.notibras.com\/site\/dilma-apressa-cpmf-e-governadores-discutem-de-quanto-sera-fatia-para-os-estados\/#article\",\"isPartOf\":{\"@id\":\"https:\/\/www.notibras.com\/site\/dilma-apressa-cpmf-e-governadores-discutem-de-quanto-sera-fatia-para-os-estados\/\"},\"author\":{\"name\":\"Reda\u00e7\u00e3o\",\"@id\":\"https:\/\/www.notibras.com\/site\/#\/schema\/person\/36ab0979449956132d3e5b517ea76ac8\"},\"headline\":\"Dilma apressa CPMF e governadores discutem de quanto vai ser sua fatia\",\"datePublished\":\"2015-09-21T11:02:03+00:00\",\"dateModified\":\"2015-09-21T23:06:09+00:00\",\"mainEntityOfPage\":{\"@id\":\"https:\/\/www.notibras.com\/site\/dilma-apressa-cpmf-e-governadores-discutem-de-quanto-sera-fatia-para-os-estados\/\"},\"wordCount\":371,\"commentCount\":0,\"publisher\":{\"@id\":\"https:\/\/www.notibras.com\/site\/#organization\"},\"image\":{\"@id\":\"https:\/\/www.notibras.com\/site\/dilma-apressa-cpmf-e-governadores-discutem-de-quanto-sera-fatia-para-os-estados\/#primaryimage\"},\"thumbnailUrl\":\"https:\/\/www.notibras.com\/site\/wp-content\/uploads\/2015\/09\/cp21.jpg\",\"articleSection\":[\"Brasil\"],\"inLanguage\":\"pt-BR\",\"potentialAction\":[{\"@type\":\"CommentAction\",\"name\":\"Comment\",\"target\":[\"https:\/\/www.notibras.com\/site\/dilma-apressa-cpmf-e-governadores-discutem-de-quanto-sera-fatia-para-os-estados\/#respond\"]}]},{\"@type\":\"WebPage\",\"@id\":\"https:\/\/www.notibras.com\/site\/dilma-apressa-cpmf-e-governadores-discutem-de-quanto-sera-fatia-para-os-estados\/\",\"url\":\"https:\/\/www.notibras.com\/site\/dilma-apressa-cpmf-e-governadores-discutem-de-quanto-sera-fatia-para-os-estados\/\",\"name\":\"Dilma apressa CPMF e governadores discutem de quanto vai ser sua fatia - Notibras\",\"isPartOf\":{\"@id\":\"https:\/\/www.notibras.com\/site\/#website\"},\"primaryImageOfPage\":{\"@id\":\"https:\/\/www.notibras.com\/site\/dilma-apressa-cpmf-e-governadores-discutem-de-quanto-sera-fatia-para-os-estados\/#primaryimage\"},\"image\":{\"@id\":\"https:\/\/www.notibras.com\/site\/dilma-apressa-cpmf-e-governadores-discutem-de-quanto-sera-fatia-para-os-estados\/#primaryimage\"},\"thumbnailUrl\":\"https:\/\/www.notibras.com\/site\/wp-content\/uploads\/2015\/09\/cp21.jpg\",\"datePublished\":\"2015-09-21T11:02:03+00:00\",\"dateModified\":\"2015-09-21T23:06:09+00:00\",\"breadcrumb\":{\"@id\":\"https:\/\/www.notibras.com\/site\/dilma-apressa-cpmf-e-governadores-discutem-de-quanto-sera-fatia-para-os-estados\/#breadcrumb\"},\"inLanguage\":\"pt-BR\",\"potentialAction\":[{\"@type\":\"ReadAction\",\"target\":[\"https:\/\/www.notibras.com\/site\/dilma-apressa-cpmf-e-governadores-discutem-de-quanto-sera-fatia-para-os-estados\/\"]}]},{\"@type\":\"ImageObject\",\"inLanguage\":\"pt-BR\",\"@id\":\"https:\/\/www.notibras.com\/site\/dilma-apressa-cpmf-e-governadores-discutem-de-quanto-sera-fatia-para-os-estados\/#primaryimage\",\"url\":\"https:\/\/www.notibras.com\/site\/wp-content\/uploads\/2015\/09\/cp21.jpg\",\"contentUrl\":\"https:\/\/www.notibras.com\/site\/wp-content\/uploads\/2015\/09\/cp21.jpg\",\"width\":699,\"height\":420},{\"@type\":\"BreadcrumbList\",\"@id\":\"https:\/\/www.notibras.com\/site\/dilma-apressa-cpmf-e-governadores-discutem-de-quanto-sera-fatia-para-os-estados\/#breadcrumb\",\"itemListElement\":[{\"@type\":\"ListItem\",\"position\":1,\"name\":\"In\u00edcio\",\"item\":\"https:\/\/www.notibras.com\/site\/\"},{\"@type\":\"ListItem\",\"position\":2,\"name\":\"Dilma apressa CPMF e governadores discutem de quanto vai ser sua fatia\"}]},{\"@type\":\"WebSite\",\"@id\":\"https:\/\/www.notibras.com\/site\/#website\",\"url\":\"https:\/\/www.notibras.com\/site\/\",\"name\":\"Notibras\",\"description\":\"Not\u00edcias de Bras\u00edlia, do Brasil e do Mundo\",\"publisher\":{\"@id\":\"https:\/\/www.notibras.com\/site\/#organization\"},\"potentialAction\":[{\"@type\":\"SearchAction\",\"target\":{\"@type\":\"EntryPoint\",\"urlTemplate\":\"https:\/\/www.notibras.com\/site\/?s={search_term_string}\"},\"query-input\":{\"@type\":\"PropertyValueSpecification\",\"valueRequired\":true,\"valueName\":\"search_term_string\"}}],\"inLanguage\":\"pt-BR\"},{\"@type\":\"Organization\",\"@id\":\"https:\/\/www.notibras.com\/site\/#organization\",\"name\":\"Grupo Notibras de Comunica\u00e7\u00e3o\",\"url\":\"https:\/\/www.notibras.com\/site\/\",\"logo\":{\"@type\":\"ImageObject\",\"inLanguage\":\"pt-BR\",\"@id\":\"https:\/\/www.notibras.com\/site\/#\/schema\/logo\/image\/\",\"url\":\"https:\/\/www.notibras.com\/site\/wp-content\/uploads\/2023\/01\/notibras23.png\",\"contentUrl\":\"https:\/\/www.notibras.com\/site\/wp-content\/uploads\/2023\/01\/notibras23.png\",\"width\":350,\"height\":87,\"caption\":\"Grupo Notibras de Comunica\u00e7\u00e3o\"},\"image\":{\"@id\":\"https:\/\/www.notibras.com\/site\/#\/schema\/logo\/image\/\"},\"sameAs\":[\"https:\/\/www.facebook.com\/notibras\/\",\"https:\/\/x.com\/Notibras\",\"https:\/\/www.instagram.com\/notibras\/\"]},{\"@type\":\"Person\",\"@id\":\"https:\/\/www.notibras.com\/site\/#\/schema\/person\/36ab0979449956132d3e5b517ea76ac8\",\"name\":\"Reda\u00e7\u00e3o\",\"image\":{\"@type\":\"ImageObject\",\"inLanguage\":\"pt-BR\",\"@id\":\"https:\/\/secure.gravatar.com\/avatar\/e0a867bdedb85fd243eadf09663511f96fc81e0720a4a42581f334ad4303aa6b?s=96&d=mm&r=g\",\"url\":\"https:\/\/secure.gravatar.com\/avatar\/e0a867bdedb85fd243eadf09663511f96fc81e0720a4a42581f334ad4303aa6b?s=96&d=mm&r=g\",\"contentUrl\":\"https:\/\/secure.gravatar.com\/avatar\/e0a867bdedb85fd243eadf09663511f96fc81e0720a4a42581f334ad4303aa6b?s=96&d=mm&r=g\",\"caption\":\"Reda\u00e7\u00e3o\"}}]}<\/script>\n<!-- \/ Yoast SEO plugin. -->","yoast_head_json":{"title":"Dilma apressa CPMF e governadores discutem de quanto vai ser sua fatia - Notibras","robots":{"index":"index","follow":"follow","max-snippet":"max-snippet:-1","max-image-preview":"max-image-preview:large","max-video-preview":"max-video-preview:-1"},"canonical":"https:\/\/www.notibras.com\/site\/dilma-apressa-cpmf-e-governadores-discutem-de-quanto-sera-fatia-para-os-estados\/","og_locale":"pt_BR","og_type":"article","og_title":"Dilma apressa CPMF e governadores discutem de quanto vai ser sua fatia - Notibras","og_description":"A presidente Dilma Rousseff deve encaminhar nesta segunda-feira, 21, aos parlamentares a Proposta de Emenda a Constitui\u00e7\u00e3o (PEC) que recria a antiga CPMF, contribui\u00e7\u00e3o que incide sobre a movimenta\u00e7\u00e3o financeira. Apesar das resist\u00eancias, o texto ir\u00e1 propor um novo tributo com al\u00edquota de 0,20% e dura\u00e7\u00e3o de quatro anos destinado \u00e0 Previd\u00eancia Social, conforme anunciado [&hellip;]","og_url":"https:\/\/www.notibras.com\/site\/dilma-apressa-cpmf-e-governadores-discutem-de-quanto-sera-fatia-para-os-estados\/","og_site_name":"Notibras","article_publisher":"https:\/\/www.facebook.com\/notibras\/","article_published_time":"2015-09-21T11:02:03+00:00","article_modified_time":"2015-09-21T23:06:09+00:00","og_image":[{"width":699,"height":420,"url":"https:\/\/www.notibras.com\/site\/wp-content\/uploads\/2015\/09\/cp21.jpg","type":"image\/jpeg"}],"author":"Reda\u00e7\u00e3o","twitter_card":"summary_large_image","twitter_creator":"@Notibras","twitter_site":"@Notibras","twitter_misc":{"Escrito por":"Reda\u00e7\u00e3o","Est. tempo de leitura":"2 minutos"},"schema":{"@context":"https:\/\/schema.org","@graph":[{"@type":"Article","@id":"https:\/\/www.notibras.com\/site\/dilma-apressa-cpmf-e-governadores-discutem-de-quanto-sera-fatia-para-os-estados\/#article","isPartOf":{"@id":"https:\/\/www.notibras.com\/site\/dilma-apressa-cpmf-e-governadores-discutem-de-quanto-sera-fatia-para-os-estados\/"},"author":{"name":"Reda\u00e7\u00e3o","@id":"https:\/\/www.notibras.com\/site\/#\/schema\/person\/36ab0979449956132d3e5b517ea76ac8"},"headline":"Dilma apressa CPMF e governadores discutem de quanto vai ser sua fatia","datePublished":"2015-09-21T11:02:03+00:00","dateModified":"2015-09-21T23:06:09+00:00","mainEntityOfPage":{"@id":"https:\/\/www.notibras.com\/site\/dilma-apressa-cpmf-e-governadores-discutem-de-quanto-sera-fatia-para-os-estados\/"},"wordCount":371,"commentCount":0,"publisher":{"@id":"https:\/\/www.notibras.com\/site\/#organization"},"image":{"@id":"https:\/\/www.notibras.com\/site\/dilma-apressa-cpmf-e-governadores-discutem-de-quanto-sera-fatia-para-os-estados\/#primaryimage"},"thumbnailUrl":"https:\/\/www.notibras.com\/site\/wp-content\/uploads\/2015\/09\/cp21.jpg","articleSection":["Brasil"],"inLanguage":"pt-BR","potentialAction":[{"@type":"CommentAction","name":"Comment","target":["https:\/\/www.notibras.com\/site\/dilma-apressa-cpmf-e-governadores-discutem-de-quanto-sera-fatia-para-os-estados\/#respond"]}]},{"@type":"WebPage","@id":"https:\/\/www.notibras.com\/site\/dilma-apressa-cpmf-e-governadores-discutem-de-quanto-sera-fatia-para-os-estados\/","url":"https:\/\/www.notibras.com\/site\/dilma-apressa-cpmf-e-governadores-discutem-de-quanto-sera-fatia-para-os-estados\/","name":"Dilma apressa CPMF e governadores discutem de quanto vai ser sua fatia - Notibras","isPartOf":{"@id":"https:\/\/www.notibras.com\/site\/#website"},"primaryImageOfPage":{"@id":"https:\/\/www.notibras.com\/site\/dilma-apressa-cpmf-e-governadores-discutem-de-quanto-sera-fatia-para-os-estados\/#primaryimage"},"image":{"@id":"https:\/\/www.notibras.com\/site\/dilma-apressa-cpmf-e-governadores-discutem-de-quanto-sera-fatia-para-os-estados\/#primaryimage"},"thumbnailUrl":"https:\/\/www.notibras.com\/site\/wp-content\/uploads\/2015\/09\/cp21.jpg","datePublished":"2015-09-21T11:02:03+00:00","dateModified":"2015-09-21T23:06:09+00:00","breadcrumb":{"@id":"https:\/\/www.notibras.com\/site\/dilma-apressa-cpmf-e-governadores-discutem-de-quanto-sera-fatia-para-os-estados\/#breadcrumb"},"inLanguage":"pt-BR","potentialAction":[{"@type":"ReadAction","target":["https:\/\/www.notibras.com\/site\/dilma-apressa-cpmf-e-governadores-discutem-de-quanto-sera-fatia-para-os-estados\/"]}]},{"@type":"ImageObject","inLanguage":"pt-BR","@id":"https:\/\/www.notibras.com\/site\/dilma-apressa-cpmf-e-governadores-discutem-de-quanto-sera-fatia-para-os-estados\/#primaryimage","url":"https:\/\/www.notibras.com\/site\/wp-content\/uploads\/2015\/09\/cp21.jpg","contentUrl":"https:\/\/www.notibras.com\/site\/wp-content\/uploads\/2015\/09\/cp21.jpg","width":699,"height":420},{"@type":"BreadcrumbList","@id":"https:\/\/www.notibras.com\/site\/dilma-apressa-cpmf-e-governadores-discutem-de-quanto-sera-fatia-para-os-estados\/#breadcrumb","itemListElement":[{"@type":"ListItem","position":1,"name":"In\u00edcio","item":"https:\/\/www.notibras.com\/site\/"},{"@type":"ListItem","position":2,"name":"Dilma apressa CPMF e governadores discutem de quanto vai ser sua fatia"}]},{"@type":"WebSite","@id":"https:\/\/www.notibras.com\/site\/#website","url":"https:\/\/www.notibras.com\/site\/","name":"Notibras","description":"Not\u00edcias de Bras\u00edlia, do Brasil e do Mundo","publisher":{"@id":"https:\/\/www.notibras.com\/site\/#organization"},"potentialAction":[{"@type":"SearchAction","target":{"@type":"EntryPoint","urlTemplate":"https:\/\/www.notibras.com\/site\/?s={search_term_string}"},"query-input":{"@type":"PropertyValueSpecification","valueRequired":true,"valueName":"search_term_string"}}],"inLanguage":"pt-BR"},{"@type":"Organization","@id":"https:\/\/www.notibras.com\/site\/#organization","name":"Grupo Notibras de Comunica\u00e7\u00e3o","url":"https:\/\/www.notibras.com\/site\/","logo":{"@type":"ImageObject","inLanguage":"pt-BR","@id":"https:\/\/www.notibras.com\/site\/#\/schema\/logo\/image\/","url":"https:\/\/www.notibras.com\/site\/wp-content\/uploads\/2023\/01\/notibras23.png","contentUrl":"https:\/\/www.notibras.com\/site\/wp-content\/uploads\/2023\/01\/notibras23.png","width":350,"height":87,"caption":"Grupo Notibras de Comunica\u00e7\u00e3o"},"image":{"@id":"https:\/\/www.notibras.com\/site\/#\/schema\/logo\/image\/"},"sameAs":["https:\/\/www.facebook.com\/notibras\/","https:\/\/x.com\/Notibras","https:\/\/www.instagram.com\/notibras\/"]},{"@type":"Person","@id":"https:\/\/www.notibras.com\/site\/#\/schema\/person\/36ab0979449956132d3e5b517ea76ac8","name":"Reda\u00e7\u00e3o","image":{"@type":"ImageObject","inLanguage":"pt-BR","@id":"https:\/\/secure.gravatar.com\/avatar\/e0a867bdedb85fd243eadf09663511f96fc81e0720a4a42581f334ad4303aa6b?s=96&d=mm&r=g","url":"https:\/\/secure.gravatar.com\/avatar\/e0a867bdedb85fd243eadf09663511f96fc81e0720a4a42581f334ad4303aa6b?s=96&d=mm&r=g","contentUrl":"https:\/\/secure.gravatar.com\/avatar\/e0a867bdedb85fd243eadf09663511f96fc81e0720a4a42581f334ad4303aa6b?s=96&d=mm&r=g","caption":"Reda\u00e7\u00e3o"}}]}},"amp_enabled":true,"_links":{"self":[{"href":"https:\/\/www.notibras.com\/site\/wp-json\/wp\/v2\/posts\/68838","targetHints":{"allow":["GET"]}}],"collection":[{"href":"https:\/\/www.notibras.com\/site\/wp-json\/wp\/v2\/posts"}],"about":[{"href":"https:\/\/www.notibras.com\/site\/wp-json\/wp\/v2\/types\/post"}],"author":[{"embeddable":true,"href":"https:\/\/www.notibras.com\/site\/wp-json\/wp\/v2\/users\/2"}],"replies":[{"embeddable":true,"href":"https:\/\/www.notibras.com\/site\/wp-json\/wp\/v2\/comments?post=68838"}],"version-history":[{"count":2,"href":"https:\/\/www.notibras.com\/site\/wp-json\/wp\/v2\/posts\/68838\/revisions"}],"predecessor-version":[{"id":68841,"href":"https:\/\/www.notibras.com\/site\/wp-json\/wp\/v2\/posts\/68838\/revisions\/68841"}],"wp:featuredmedia":[{"embeddable":true,"href":"https:\/\/www.notibras.com\/site\/wp-json\/wp\/v2\/media\/68839"}],"wp:attachment":[{"href":"https:\/\/www.notibras.com\/site\/wp-json\/wp\/v2\/media?parent=68838"}],"wp:term":[{"taxonomy":"category","embeddable":true,"href":"https:\/\/www.notibras.com\/site\/wp-json\/wp\/v2\/categories?post=68838"},{"taxonomy":"post_tag","embeddable":true,"href":"https:\/\/www.notibras.com\/site\/wp-json\/wp\/v2\/tags?post=68838"}],"curies":[{"name":"wp","href":"https:\/\/api.w.org\/{rel}","templated":true}]}}