{"id":68842,"date":"2015-09-21T07:44:13","date_gmt":"2015-09-21T10:44:13","guid":{"rendered":"http:\/\/www.notibras.com\/site\/?p=68842"},"modified":"2015-09-21T20:05:35","modified_gmt":"2015-09-21T23:05:35","slug":"senadores-e-deputados-se-reunem-na-terca-22-para-tentar-derrubar-vetos-do-planalto","status":"publish","type":"post","link":"https:\/\/www.notibras.com\/site\/senadores-e-deputados-se-reunem-na-terca-22-para-tentar-derrubar-vetos-do-planalto\/","title":{"rendered":"Senadores e deputados se re\u00fanem na ter\u00e7a, 22, para derrubar vetos do Planalto"},"content":{"rendered":"<p>Em meio a negocia\u00e7\u00f5es de um ajuste fiscal para evitar o deficit previsto para o pr\u00f3ximo ano, o governo ter\u00e1, nesta semana, que redobrar esfor\u00e7os para evitar novos gastos. Pela 11\u00aa vez desde abril, deputados e senadores tentar\u00e3o analisar, na ter\u00e7a-feira (22), os vetos da presidenta Dilma Rousseff a mat\u00e9rias analisadas pelo Congresso.<\/p>\n<p>Na lista, est\u00e3o decis\u00f5es do Planalto que evitam a cria\u00e7\u00e3o de despesas aprovadas pelos parlamentares, como o projeto de lei que reajusta os sal\u00e1rios dos servidores do Judici\u00e1rio em at\u00e9 78,56% (PL 28\/15), aprovado em junho.<\/p>\n<p>Desde que o texto foi vetado integralmente, os corredores da C\u00e2mara e do Senado t\u00eam sido tomados por dezenas de manifestantes nos dias mais movimentados. Liderados por entidades como a Federa\u00e7\u00e3o Nacional dos Trabalhadores do Judici\u00e1rio Federal e Minist\u00e9rio P\u00fablico da Uni\u00e3o (Fenajufe), os servidores prometem fazer barulho at\u00e9 o \u201c\u00faltimo momento\u201d para assegurar o reajuste, que, segundo eles, n\u00e3o ocorre h\u00e1 nove anos.<\/p>\n<p>A press\u00e3o contr\u00e1ria \u00e0 economia buscada pelo governo ser\u00e1 intensa. Levantamento da Fenajufe apontou que a mobiliza\u00e7\u00e3o dos servidores conquistou o voto de mais de 340 deputados e 55 senadores pela derrubada do veto. \u201cA aprova\u00e7\u00e3o geraria um impacto financeiro na ordem de R$ 25,7 bilh\u00f5es para os pr\u00f3ximos quatro anos, ao fim dos quais passaria dos R$ 10 bilh\u00f5es por exerc\u00edcio. Um impacto dessa magnitude \u00e9 contr\u00e1rio aos esfor\u00e7os necess\u00e1rios para o equil\u00edbrio fiscal na gest\u00e3o de recursos p\u00fablicos\u201d, declarou a presidenta Dilma Rousseff na justificativa do veto.<\/p>\n<p>Paralelamente \u00e0s conversas com lideran\u00e7as da base aliada, ministros tamb\u00e9m negociaram uma f\u00f3rmula intermedi\u00e1ria de reajuste com o pr\u00f3prio Judici\u00e1rio. O resultado foi a proposta apresentada pelo Supremo Tribunal Federal (STF) no in\u00edcio de agosto com aumento de 41,47% para os servidores, em oito parcelas semestrais, a partir de janeiro de 2016. De acordo com Minist\u00e9rio do Planejamento, o aumento ter\u00e1 impacto total de R$ 5,9 bilh\u00f5es.<\/p>\n<p>Esse veto \u00e9 apenas um dos 306 dispositivos que foram barrados pelo Planalto. Na sess\u00e3o marcada para as 19h de ter\u00e7a (22), os parlamentares decidem sobre outros nove vetos totais e 296 pontos de 22 textos votados que n\u00e3o foram integralmente aceitos pelo governo.<\/p>\n<p>Al\u00e9m do reajuste do Judici\u00e1rio, a base aliada tamb\u00e9m tentar\u00e1 segurar barreiras impostas pela equipe de Dilma a textos que vinculam os benef\u00edcios dos aposentados ao reajuste do sal\u00e1rio m\u00ednimo e flexibilizam o fator previdenci\u00e1rio no c\u00e1lculo de aposentadoria.<\/p>\n<p>Diante de tantas mat\u00e9rias que provocaram problemas para o Planalto no primeiro semestre, o l\u00edder do governo na C\u00e2mara, Jos\u00e9 Guimar\u00e3es (PT-CE), comemorou com al\u00edvio as \u00faltimas vota\u00e7\u00f5es. \u201cEstamos na quinta semana [desde o retorno do recesso parlamentar em junho] em que n\u00e3o votamos qualquer material que aumente gastos\u201d, disse. Guimar\u00e3es atribui o \u201crefresco\u201d \u00e0s negocia\u00e7\u00f5es feitas pelo governo e \u00e0 aproxima\u00e7\u00e3o que o Planalto tem intensificado com os parlamentares de partidos aliados.<\/p>\n<p>A \u00faltima sess\u00e3o em que deputados e senadores analisaram vetos presidenciais ocorreu em 11 de mar\u00e7o. Em abril, os parlamentares teriam uma nova rela\u00e7\u00e3o de dispositivos para analisar, mas as dez sess\u00f5es marcadas desde ent\u00e3o n\u00e3o ocorreram ou foram abertas sem atingirem qu\u00f3rum \u2013 maioria absoluta (257 deputados e 41 senadores) \u2013 para a vota\u00e7\u00e3o.<\/p>\n<p><strong>Carolina Gon\u00e7alves, ABr<\/strong><\/p>\n","protected":false},"excerpt":{"rendered":"<p>Em meio a negocia\u00e7\u00f5es de um ajuste fiscal para evitar o deficit previsto para o pr\u00f3ximo ano, o governo ter\u00e1, nesta semana, que redobrar esfor\u00e7os para evitar novos gastos. Pela 11\u00aa vez desde abril, deputados e senadores tentar\u00e3o analisar, na ter\u00e7a-feira (22), os vetos da presidenta Dilma Rousseff a mat\u00e9rias analisadas pelo Congresso. Na lista, [&hellip;]<\/p>\n","protected":false},"author":2,"featured_media":68843,"comment_status":"open","ping_status":"closed","sticky":false,"template":"","format":"standard","meta":{"_acf_changed":false,"footnotes":""},"categories":[16],"tags":[],"class_list":["post-68842","post","type-post","status-publish","format-standard","has-post-thumbnail","hentry","category-brasil"],"acf":[],"yoast_head":"<!-- This site is optimized with the Yoast SEO plugin v27.2 - https:\/\/yoast.com\/product\/yoast-seo-wordpress\/ -->\n<title>Senadores e deputados se re\u00fanem na ter\u00e7a, 22, para derrubar vetos do Planalto - Notibras<\/title>\n<meta name=\"robots\" content=\"index, follow, max-snippet:-1, max-image-preview:large, max-video-preview:-1\" \/>\n<link rel=\"canonical\" href=\"https:\/\/www.notibras.com\/site\/senadores-e-deputados-se-reunem-na-terca-22-para-tentar-derrubar-vetos-do-planalto\/\" \/>\n<meta property=\"og:locale\" content=\"pt_BR\" \/>\n<meta property=\"og:type\" content=\"article\" \/>\n<meta property=\"og:title\" content=\"Senadores e deputados se re\u00fanem na ter\u00e7a, 22, para derrubar vetos do Planalto - Notibras\" \/>\n<meta property=\"og:description\" content=\"Em meio a negocia\u00e7\u00f5es de um ajuste fiscal para evitar o deficit previsto para o pr\u00f3ximo ano, o governo ter\u00e1, nesta semana, que redobrar esfor\u00e7os para evitar novos gastos. Pela 11\u00aa vez desde abril, deputados e senadores tentar\u00e3o analisar, na ter\u00e7a-feira (22), os vetos da presidenta Dilma Rousseff a mat\u00e9rias analisadas pelo Congresso. Na lista, [&hellip;]\" \/>\n<meta property=\"og:url\" content=\"https:\/\/www.notibras.com\/site\/senadores-e-deputados-se-reunem-na-terca-22-para-tentar-derrubar-vetos-do-planalto\/\" \/>\n<meta property=\"og:site_name\" content=\"Notibras\" \/>\n<meta property=\"article:publisher\" content=\"https:\/\/www.facebook.com\/notibras\/\" \/>\n<meta property=\"article:published_time\" content=\"2015-09-21T10:44:13+00:00\" \/>\n<meta property=\"article:modified_time\" content=\"2015-09-21T23:05:35+00:00\" \/>\n<meta property=\"og:image\" content=\"https:\/\/www.notibras.com\/site\/wp-content\/uploads\/2015\/09\/vetos.jpg\" \/>\n\t<meta property=\"og:image:width\" content=\"615\" \/>\n\t<meta property=\"og:image:height\" content=\"300\" \/>\n\t<meta property=\"og:image:type\" content=\"image\/jpeg\" \/>\n<meta name=\"author\" content=\"Reda\u00e7\u00e3o\" \/>\n<meta name=\"twitter:card\" content=\"summary_large_image\" \/>\n<meta name=\"twitter:creator\" content=\"@Notibras\" \/>\n<meta name=\"twitter:site\" content=\"@Notibras\" \/>\n<meta name=\"twitter:label1\" content=\"Escrito por\" \/>\n\t<meta name=\"twitter:data1\" content=\"Reda\u00e7\u00e3o\" \/>\n\t<meta name=\"twitter:label2\" content=\"Est. tempo de leitura\" \/>\n\t<meta name=\"twitter:data2\" content=\"3 minutos\" \/>\n<script type=\"application\/ld+json\" class=\"yoast-schema-graph\">{\"@context\":\"https:\/\/schema.org\",\"@graph\":[{\"@type\":\"Article\",\"@id\":\"https:\/\/www.notibras.com\/site\/senadores-e-deputados-se-reunem-na-terca-22-para-tentar-derrubar-vetos-do-planalto\/#article\",\"isPartOf\":{\"@id\":\"https:\/\/www.notibras.com\/site\/senadores-e-deputados-se-reunem-na-terca-22-para-tentar-derrubar-vetos-do-planalto\/\"},\"author\":{\"name\":\"Reda\u00e7\u00e3o\",\"@id\":\"https:\/\/www.notibras.com\/site\/#\/schema\/person\/36ab0979449956132d3e5b517ea76ac8\"},\"headline\":\"Senadores e deputados se re\u00fanem na ter\u00e7a, 22, para derrubar vetos do Planalto\",\"datePublished\":\"2015-09-21T10:44:13+00:00\",\"dateModified\":\"2015-09-21T23:05:35+00:00\",\"mainEntityOfPage\":{\"@id\":\"https:\/\/www.notibras.com\/site\/senadores-e-deputados-se-reunem-na-terca-22-para-tentar-derrubar-vetos-do-planalto\/\"},\"wordCount\":585,\"commentCount\":0,\"publisher\":{\"@id\":\"https:\/\/www.notibras.com\/site\/#organization\"},\"image\":{\"@id\":\"https:\/\/www.notibras.com\/site\/senadores-e-deputados-se-reunem-na-terca-22-para-tentar-derrubar-vetos-do-planalto\/#primaryimage\"},\"thumbnailUrl\":\"https:\/\/www.notibras.com\/site\/wp-content\/uploads\/2015\/09\/vetos.jpg\",\"articleSection\":[\"Brasil\"],\"inLanguage\":\"pt-BR\",\"potentialAction\":[{\"@type\":\"CommentAction\",\"name\":\"Comment\",\"target\":[\"https:\/\/www.notibras.com\/site\/senadores-e-deputados-se-reunem-na-terca-22-para-tentar-derrubar-vetos-do-planalto\/#respond\"]}]},{\"@type\":\"WebPage\",\"@id\":\"https:\/\/www.notibras.com\/site\/senadores-e-deputados-se-reunem-na-terca-22-para-tentar-derrubar-vetos-do-planalto\/\",\"url\":\"https:\/\/www.notibras.com\/site\/senadores-e-deputados-se-reunem-na-terca-22-para-tentar-derrubar-vetos-do-planalto\/\",\"name\":\"Senadores e deputados se re\u00fanem na ter\u00e7a, 22, para derrubar vetos do Planalto - Notibras\",\"isPartOf\":{\"@id\":\"https:\/\/www.notibras.com\/site\/#website\"},\"primaryImageOfPage\":{\"@id\":\"https:\/\/www.notibras.com\/site\/senadores-e-deputados-se-reunem-na-terca-22-para-tentar-derrubar-vetos-do-planalto\/#primaryimage\"},\"image\":{\"@id\":\"https:\/\/www.notibras.com\/site\/senadores-e-deputados-se-reunem-na-terca-22-para-tentar-derrubar-vetos-do-planalto\/#primaryimage\"},\"thumbnailUrl\":\"https:\/\/www.notibras.com\/site\/wp-content\/uploads\/2015\/09\/vetos.jpg\",\"datePublished\":\"2015-09-21T10:44:13+00:00\",\"dateModified\":\"2015-09-21T23:05:35+00:00\",\"breadcrumb\":{\"@id\":\"https:\/\/www.notibras.com\/site\/senadores-e-deputados-se-reunem-na-terca-22-para-tentar-derrubar-vetos-do-planalto\/#breadcrumb\"},\"inLanguage\":\"pt-BR\",\"potentialAction\":[{\"@type\":\"ReadAction\",\"target\":[\"https:\/\/www.notibras.com\/site\/senadores-e-deputados-se-reunem-na-terca-22-para-tentar-derrubar-vetos-do-planalto\/\"]}]},{\"@type\":\"ImageObject\",\"inLanguage\":\"pt-BR\",\"@id\":\"https:\/\/www.notibras.com\/site\/senadores-e-deputados-se-reunem-na-terca-22-para-tentar-derrubar-vetos-do-planalto\/#primaryimage\",\"url\":\"https:\/\/www.notibras.com\/site\/wp-content\/uploads\/2015\/09\/vetos.jpg\",\"contentUrl\":\"https:\/\/www.notibras.com\/site\/wp-content\/uploads\/2015\/09\/vetos.jpg\",\"width\":615,\"height\":300},{\"@type\":\"BreadcrumbList\",\"@id\":\"https:\/\/www.notibras.com\/site\/senadores-e-deputados-se-reunem-na-terca-22-para-tentar-derrubar-vetos-do-planalto\/#breadcrumb\",\"itemListElement\":[{\"@type\":\"ListItem\",\"position\":1,\"name\":\"In\u00edcio\",\"item\":\"https:\/\/www.notibras.com\/site\/\"},{\"@type\":\"ListItem\",\"position\":2,\"name\":\"Senadores e deputados se re\u00fanem na ter\u00e7a, 22, para derrubar vetos do Planalto\"}]},{\"@type\":\"WebSite\",\"@id\":\"https:\/\/www.notibras.com\/site\/#website\",\"url\":\"https:\/\/www.notibras.com\/site\/\",\"name\":\"Notibras\",\"description\":\"Not\u00edcias de Bras\u00edlia, do Brasil e do Mundo\",\"publisher\":{\"@id\":\"https:\/\/www.notibras.com\/site\/#organization\"},\"potentialAction\":[{\"@type\":\"SearchAction\",\"target\":{\"@type\":\"EntryPoint\",\"urlTemplate\":\"https:\/\/www.notibras.com\/site\/?s={search_term_string}\"},\"query-input\":{\"@type\":\"PropertyValueSpecification\",\"valueRequired\":true,\"valueName\":\"search_term_string\"}}],\"inLanguage\":\"pt-BR\"},{\"@type\":\"Organization\",\"@id\":\"https:\/\/www.notibras.com\/site\/#organization\",\"name\":\"Grupo Notibras de Comunica\u00e7\u00e3o\",\"url\":\"https:\/\/www.notibras.com\/site\/\",\"logo\":{\"@type\":\"ImageObject\",\"inLanguage\":\"pt-BR\",\"@id\":\"https:\/\/www.notibras.com\/site\/#\/schema\/logo\/image\/\",\"url\":\"https:\/\/www.notibras.com\/site\/wp-content\/uploads\/2023\/01\/notibras23.png\",\"contentUrl\":\"https:\/\/www.notibras.com\/site\/wp-content\/uploads\/2023\/01\/notibras23.png\",\"width\":350,\"height\":87,\"caption\":\"Grupo Notibras de Comunica\u00e7\u00e3o\"},\"image\":{\"@id\":\"https:\/\/www.notibras.com\/site\/#\/schema\/logo\/image\/\"},\"sameAs\":[\"https:\/\/www.facebook.com\/notibras\/\",\"https:\/\/x.com\/Notibras\",\"https:\/\/www.instagram.com\/notibras\/\"]},{\"@type\":\"Person\",\"@id\":\"https:\/\/www.notibras.com\/site\/#\/schema\/person\/36ab0979449956132d3e5b517ea76ac8\",\"name\":\"Reda\u00e7\u00e3o\",\"image\":{\"@type\":\"ImageObject\",\"inLanguage\":\"pt-BR\",\"@id\":\"https:\/\/secure.gravatar.com\/avatar\/e0a867bdedb85fd243eadf09663511f96fc81e0720a4a42581f334ad4303aa6b?s=96&d=mm&r=g\",\"url\":\"https:\/\/secure.gravatar.com\/avatar\/e0a867bdedb85fd243eadf09663511f96fc81e0720a4a42581f334ad4303aa6b?s=96&d=mm&r=g\",\"contentUrl\":\"https:\/\/secure.gravatar.com\/avatar\/e0a867bdedb85fd243eadf09663511f96fc81e0720a4a42581f334ad4303aa6b?s=96&d=mm&r=g\",\"caption\":\"Reda\u00e7\u00e3o\"}}]}<\/script>\n<!-- \/ Yoast SEO plugin. -->","yoast_head_json":{"title":"Senadores e deputados se re\u00fanem na ter\u00e7a, 22, para derrubar vetos do Planalto - Notibras","robots":{"index":"index","follow":"follow","max-snippet":"max-snippet:-1","max-image-preview":"max-image-preview:large","max-video-preview":"max-video-preview:-1"},"canonical":"https:\/\/www.notibras.com\/site\/senadores-e-deputados-se-reunem-na-terca-22-para-tentar-derrubar-vetos-do-planalto\/","og_locale":"pt_BR","og_type":"article","og_title":"Senadores e deputados se re\u00fanem na ter\u00e7a, 22, para derrubar vetos do Planalto - Notibras","og_description":"Em meio a negocia\u00e7\u00f5es de um ajuste fiscal para evitar o deficit previsto para o pr\u00f3ximo ano, o governo ter\u00e1, nesta semana, que redobrar esfor\u00e7os para evitar novos gastos. Pela 11\u00aa vez desde abril, deputados e senadores tentar\u00e3o analisar, na ter\u00e7a-feira (22), os vetos da presidenta Dilma Rousseff a mat\u00e9rias analisadas pelo Congresso. Na lista, [&hellip;]","og_url":"https:\/\/www.notibras.com\/site\/senadores-e-deputados-se-reunem-na-terca-22-para-tentar-derrubar-vetos-do-planalto\/","og_site_name":"Notibras","article_publisher":"https:\/\/www.facebook.com\/notibras\/","article_published_time":"2015-09-21T10:44:13+00:00","article_modified_time":"2015-09-21T23:05:35+00:00","og_image":[{"width":615,"height":300,"url":"https:\/\/www.notibras.com\/site\/wp-content\/uploads\/2015\/09\/vetos.jpg","type":"image\/jpeg"}],"author":"Reda\u00e7\u00e3o","twitter_card":"summary_large_image","twitter_creator":"@Notibras","twitter_site":"@Notibras","twitter_misc":{"Escrito por":"Reda\u00e7\u00e3o","Est. tempo de leitura":"3 minutos"},"schema":{"@context":"https:\/\/schema.org","@graph":[{"@type":"Article","@id":"https:\/\/www.notibras.com\/site\/senadores-e-deputados-se-reunem-na-terca-22-para-tentar-derrubar-vetos-do-planalto\/#article","isPartOf":{"@id":"https:\/\/www.notibras.com\/site\/senadores-e-deputados-se-reunem-na-terca-22-para-tentar-derrubar-vetos-do-planalto\/"},"author":{"name":"Reda\u00e7\u00e3o","@id":"https:\/\/www.notibras.com\/site\/#\/schema\/person\/36ab0979449956132d3e5b517ea76ac8"},"headline":"Senadores e deputados se re\u00fanem na ter\u00e7a, 22, para derrubar vetos do Planalto","datePublished":"2015-09-21T10:44:13+00:00","dateModified":"2015-09-21T23:05:35+00:00","mainEntityOfPage":{"@id":"https:\/\/www.notibras.com\/site\/senadores-e-deputados-se-reunem-na-terca-22-para-tentar-derrubar-vetos-do-planalto\/"},"wordCount":585,"commentCount":0,"publisher":{"@id":"https:\/\/www.notibras.com\/site\/#organization"},"image":{"@id":"https:\/\/www.notibras.com\/site\/senadores-e-deputados-se-reunem-na-terca-22-para-tentar-derrubar-vetos-do-planalto\/#primaryimage"},"thumbnailUrl":"https:\/\/www.notibras.com\/site\/wp-content\/uploads\/2015\/09\/vetos.jpg","articleSection":["Brasil"],"inLanguage":"pt-BR","potentialAction":[{"@type":"CommentAction","name":"Comment","target":["https:\/\/www.notibras.com\/site\/senadores-e-deputados-se-reunem-na-terca-22-para-tentar-derrubar-vetos-do-planalto\/#respond"]}]},{"@type":"WebPage","@id":"https:\/\/www.notibras.com\/site\/senadores-e-deputados-se-reunem-na-terca-22-para-tentar-derrubar-vetos-do-planalto\/","url":"https:\/\/www.notibras.com\/site\/senadores-e-deputados-se-reunem-na-terca-22-para-tentar-derrubar-vetos-do-planalto\/","name":"Senadores e deputados se re\u00fanem na ter\u00e7a, 22, para derrubar vetos do Planalto - Notibras","isPartOf":{"@id":"https:\/\/www.notibras.com\/site\/#website"},"primaryImageOfPage":{"@id":"https:\/\/www.notibras.com\/site\/senadores-e-deputados-se-reunem-na-terca-22-para-tentar-derrubar-vetos-do-planalto\/#primaryimage"},"image":{"@id":"https:\/\/www.notibras.com\/site\/senadores-e-deputados-se-reunem-na-terca-22-para-tentar-derrubar-vetos-do-planalto\/#primaryimage"},"thumbnailUrl":"https:\/\/www.notibras.com\/site\/wp-content\/uploads\/2015\/09\/vetos.jpg","datePublished":"2015-09-21T10:44:13+00:00","dateModified":"2015-09-21T23:05:35+00:00","breadcrumb":{"@id":"https:\/\/www.notibras.com\/site\/senadores-e-deputados-se-reunem-na-terca-22-para-tentar-derrubar-vetos-do-planalto\/#breadcrumb"},"inLanguage":"pt-BR","potentialAction":[{"@type":"ReadAction","target":["https:\/\/www.notibras.com\/site\/senadores-e-deputados-se-reunem-na-terca-22-para-tentar-derrubar-vetos-do-planalto\/"]}]},{"@type":"ImageObject","inLanguage":"pt-BR","@id":"https:\/\/www.notibras.com\/site\/senadores-e-deputados-se-reunem-na-terca-22-para-tentar-derrubar-vetos-do-planalto\/#primaryimage","url":"https:\/\/www.notibras.com\/site\/wp-content\/uploads\/2015\/09\/vetos.jpg","contentUrl":"https:\/\/www.notibras.com\/site\/wp-content\/uploads\/2015\/09\/vetos.jpg","width":615,"height":300},{"@type":"BreadcrumbList","@id":"https:\/\/www.notibras.com\/site\/senadores-e-deputados-se-reunem-na-terca-22-para-tentar-derrubar-vetos-do-planalto\/#breadcrumb","itemListElement":[{"@type":"ListItem","position":1,"name":"In\u00edcio","item":"https:\/\/www.notibras.com\/site\/"},{"@type":"ListItem","position":2,"name":"Senadores e deputados se re\u00fanem na ter\u00e7a, 22, para derrubar vetos do Planalto"}]},{"@type":"WebSite","@id":"https:\/\/www.notibras.com\/site\/#website","url":"https:\/\/www.notibras.com\/site\/","name":"Notibras","description":"Not\u00edcias de Bras\u00edlia, do Brasil e do Mundo","publisher":{"@id":"https:\/\/www.notibras.com\/site\/#organization"},"potentialAction":[{"@type":"SearchAction","target":{"@type":"EntryPoint","urlTemplate":"https:\/\/www.notibras.com\/site\/?s={search_term_string}"},"query-input":{"@type":"PropertyValueSpecification","valueRequired":true,"valueName":"search_term_string"}}],"inLanguage":"pt-BR"},{"@type":"Organization","@id":"https:\/\/www.notibras.com\/site\/#organization","name":"Grupo Notibras de Comunica\u00e7\u00e3o","url":"https:\/\/www.notibras.com\/site\/","logo":{"@type":"ImageObject","inLanguage":"pt-BR","@id":"https:\/\/www.notibras.com\/site\/#\/schema\/logo\/image\/","url":"https:\/\/www.notibras.com\/site\/wp-content\/uploads\/2023\/01\/notibras23.png","contentUrl":"https:\/\/www.notibras.com\/site\/wp-content\/uploads\/2023\/01\/notibras23.png","width":350,"height":87,"caption":"Grupo Notibras de Comunica\u00e7\u00e3o"},"image":{"@id":"https:\/\/www.notibras.com\/site\/#\/schema\/logo\/image\/"},"sameAs":["https:\/\/www.facebook.com\/notibras\/","https:\/\/x.com\/Notibras","https:\/\/www.instagram.com\/notibras\/"]},{"@type":"Person","@id":"https:\/\/www.notibras.com\/site\/#\/schema\/person\/36ab0979449956132d3e5b517ea76ac8","name":"Reda\u00e7\u00e3o","image":{"@type":"ImageObject","inLanguage":"pt-BR","@id":"https:\/\/secure.gravatar.com\/avatar\/e0a867bdedb85fd243eadf09663511f96fc81e0720a4a42581f334ad4303aa6b?s=96&d=mm&r=g","url":"https:\/\/secure.gravatar.com\/avatar\/e0a867bdedb85fd243eadf09663511f96fc81e0720a4a42581f334ad4303aa6b?s=96&d=mm&r=g","contentUrl":"https:\/\/secure.gravatar.com\/avatar\/e0a867bdedb85fd243eadf09663511f96fc81e0720a4a42581f334ad4303aa6b?s=96&d=mm&r=g","caption":"Reda\u00e7\u00e3o"}}]}},"amp_enabled":true,"_links":{"self":[{"href":"https:\/\/www.notibras.com\/site\/wp-json\/wp\/v2\/posts\/68842","targetHints":{"allow":["GET"]}}],"collection":[{"href":"https:\/\/www.notibras.com\/site\/wp-json\/wp\/v2\/posts"}],"about":[{"href":"https:\/\/www.notibras.com\/site\/wp-json\/wp\/v2\/types\/post"}],"author":[{"embeddable":true,"href":"https:\/\/www.notibras.com\/site\/wp-json\/wp\/v2\/users\/2"}],"replies":[{"embeddable":true,"href":"https:\/\/www.notibras.com\/site\/wp-json\/wp\/v2\/comments?post=68842"}],"version-history":[{"count":2,"href":"https:\/\/www.notibras.com\/site\/wp-json\/wp\/v2\/posts\/68842\/revisions"}],"predecessor-version":[{"id":68845,"href":"https:\/\/www.notibras.com\/site\/wp-json\/wp\/v2\/posts\/68842\/revisions\/68845"}],"wp:featuredmedia":[{"embeddable":true,"href":"https:\/\/www.notibras.com\/site\/wp-json\/wp\/v2\/media\/68843"}],"wp:attachment":[{"href":"https:\/\/www.notibras.com\/site\/wp-json\/wp\/v2\/media?parent=68842"}],"wp:term":[{"taxonomy":"category","embeddable":true,"href":"https:\/\/www.notibras.com\/site\/wp-json\/wp\/v2\/categories?post=68842"},{"taxonomy":"post_tag","embeddable":true,"href":"https:\/\/www.notibras.com\/site\/wp-json\/wp\/v2\/tags?post=68842"}],"curies":[{"name":"wp","href":"https:\/\/api.w.org\/{rel}","templated":true}]}}