{"id":68923,"date":"2015-09-21T21:08:37","date_gmt":"2015-09-22T00:08:37","guid":{"rendered":"http:\/\/www.notibras.com\/site\/?p=68923"},"modified":"2015-09-21T21:10:23","modified_gmt":"2015-09-22T00:10:23","slug":"armando-monteiro-quer-copiar-modelo-alemao-para-tirar-o-brasil-da-crise","status":"publish","type":"post","link":"https:\/\/www.notibras.com\/site\/armando-monteiro-quer-copiar-modelo-alemao-para-tirar-o-brasil-da-crise\/","title":{"rendered":"Armando Monteiro quer copiar o modelo alem\u00e3o-2008 para tirar o Brasil da crise"},"content":{"rendered":"<p>A experi\u00eancia da Alemanha no enfrentamento da crise financeira internacional de 2008 pode ajudar o Brasil a superar as dificuldades econ\u00f4micos atuais e a planejar um novo modelo de desenvolvimento para o pa\u00eds, disseram nesta segunda\u00a0(21) o ministro do Desenvolvimento, Ind\u00fastria e Com\u00e9rcio Exterior, Armando Monteiro, e o vice-ministro da Economia e Energia da Alemanha, Matthias Machning, durante a abertura do 33\u00ba Encontro Econ\u00f4mico Brasil-Alemanha. O evento re\u00fane cerca de 1.200 empres\u00e1rios brasileiros e alem\u00e3es at\u00e9 a\u00a0ter\u00e7a-feira (22) em Joinville, Santa Catarina.<\/p>\n<p>\u201cH\u00e1 15 anos a Alemanha era considerada o &#8216;homem doente da Europa. N\u00f3s propusemos reformas estruturais nas \u00e1reas de mercado de trabalho e fizemos investimentos altos em educa\u00e7\u00e3o, ci\u00eancia e pesquisa, e essas reformas fizeram com que a nossa competitividade aumentasse\u201d, afirmou Machning. Dentro dessas reformas, uma das medidas tomadas foi a cria\u00e7\u00e3o de uma lei que controla a burocracia. \u201cSe em algum ponto da administra\u00e7\u00e3o a burocracia precisar aumentar, ao mesmo tempo precisa ser diminu\u00edda em outros pontos. O volume total do custo da burocracia n\u00e3o pode aumentar, esta proibido\u201d, acrescentou o alem\u00e3o.<\/p>\n<p>Com o Produto Interno Bruto (PIB) nominal estimado em US$ 3,85 trilh\u00f5es, a Alemanha destaca-se como a quarta economia do mundo e \u00e9 um dos principais exportadores mundiais de m\u00e1quinas, ve\u00edculos, produtos qu\u00edmicos e eletrodom\u00e9sticos. O com\u00e9rcio exterior da Alemanha apresentou, em 2014, crescimento de 17,5% em rela\u00e7\u00e3o a 2010, de US$ 2,31 trilh\u00f5es para US$ 2,72 trilh\u00f5es, com saldo positivo de US$ 292,7 bilh\u00f5es na balan\u00e7a comercial no per\u00edodo.<\/p>\n<p>O ministro Armando Monteiro disse que para garantir o crescimento, a Alemanha colocou o setor industrial no centro da estrat\u00e9gia de desenvolvimento. \u201cReconheceram por meio de suas pol\u00edticas que crescer pela ind\u00fastria \u00e9 sempre o melhor caminho. E apesar do crescimento acelerado do setor de servi\u00e7o de alto valor agregado e de ter um das maiores rendas per capita do mundo, a ind\u00fastria representa quase 30% do PIB alem\u00e3o\u201d. Para Monteiro, o Brasil tamb\u00e9m tem as condi\u00e7\u00f5es necess\u00e1rias para expandir o setor. \u201cO Brasil det\u00e9m ainda um tecido industrial diversificado, um grande mercado dom\u00e9stico e uma dota\u00e7\u00e3o muito expressiva de recursos naturais\u201d, afirmou.<\/p>\n<p>O ministro brasileiro disse que as reformas trabalhistas e sociais feitas pela Alemanha na \u00faltima d\u00e9cada, conjugadas com uma pol\u00edtica industrial cuja base \u00e9 um exemplar modelo de educa\u00e7\u00e3o tecnico-profissional e um eficiente sistema de inova\u00e7\u00e3o, foram os pilares que moldaram a elevada produtividade da economia alem\u00e3.<\/p>\n<p>Monteiro disse que o governo brasileiro est\u00e1 cada vez mais pr\u00f3ximo de seguir o exemplo alem\u00e3o, por estar mais consciente de que \u00e9 preciso encaminhar bem esse per\u00edodo de transi\u00e7\u00e3o da economia para inaugurar uma nova etapa do processo de desenvolvimento do Brasil. \u201cSobretudo na perspectiva da realiza\u00e7\u00e3o de importantes reformas estruturais que foram de algum modo postergadas dada o per\u00edodo de bonan\u00e7a que vivemos\u201d.<\/p>\n<p>O ministro prev\u00ea que os pre\u00e7os das commodities n\u00e3o deve aumentar nos pr\u00f3ximos anos e que o pa\u00eds precisa buscar sa\u00eddas para equilibrar a balan\u00e7a comercial. \u201cDo ponto de vista macroecon\u00f4mico est\u00e1 em curso um processo de realinhamento cambial e de pre\u00e7os administrados, al\u00e9m de estarem sendo adotadas medidas indispens\u00e1veis para a sustentabilidade fiscal, tais como a elimina\u00e7\u00e3o de subs\u00eddios, revis\u00e3o de desonera\u00e7\u00f5es e corre\u00e7\u00e3o de distor\u00e7\u00f5es do sistema de gastos previdenci\u00e1rios e encargos trabalhistas\u201d. Segundo Monteiro, essas medidas requerer\u00e3o sacrif\u00edcio no curto prazo, mas v\u00e3o oferecer mais adiante maior previsibilidade e estabilidade \u00e0 economia, \u201co que \u00e9 crucial para a retomada do crescimento econ\u00f4mico\u201d, disse.<\/p>\n<p>O presidente da Confedera\u00e7\u00e3o Nacional da Ind\u00fastria (CNI), Robson Braga, defende reformas profundas para o pa\u00eds voltar a crescer. De acordo com ele, n\u00e3o adianta fazer reformas superficiais, mudar pequenas legisla\u00e7\u00f5es, tentar simplesmente fazer um super\u00e1vit prim\u00e1rio no pr\u00f3ximo ano. \u201c\u00c9 necess\u00e1rio fazer uma reforma profunda da Previd\u00eancia, hoje a maior aplica\u00e7\u00e3o dos recursos do pa\u00eds, tamb\u00e9m tem que fazer reforma trabalhista e administrativa s\u00e9rias, \u00e9 isso que vai dar estrutura para que a gente possa crescer e se desenvolver no futuro\u201d.<\/p>\n<p>Braga criticou a postura hist\u00f3rica dos governos brasileiros de dar ganhos para &#8220;esse ou aquele setor\u201d, por meio de subs\u00eddios e incentivos fiscais pontuais. \u201cSe n\u00e3o encararmos o problema de frente, estaremos sempre apagando inc\u00eandios com propostas que valem por um ano mas que n\u00e3o refletem um futuro promissor do ponto de vista de empregos e desenvolvimento\u201d.<\/p>\n<p>Para o presidente da CNI, crescimento equilibrado da economia passa pelo fortalecimento do setor industrial. \u201cA Alemanha recuperou a ind\u00fastria em poucos anos. Enquanto isso vimos a participa\u00e7\u00e3o da ind\u00fastria no PIB brasileiro cair de 26%, em 2012, para 9, 10%. Agora queremos retomar esse processo porque entendemos que s\u00f3 existe pais forte com ind\u00fastria forte. Acho que o governo brasileiro est\u00e1 atento a essa quest\u00e3o e o ministro [Nelson] Barbosa [ministro do Planejamento] j\u00e1 tem anunciado proposta de reformas na Previd\u00eancia e administrativas\u201d, disse.<\/p>\n<p><strong>Maiana Diniz &#8211; ABr<\/strong><\/p>\n","protected":false},"excerpt":{"rendered":"<p>A experi\u00eancia da Alemanha no enfrentamento da crise financeira internacional de 2008 pode ajudar o Brasil a superar as dificuldades econ\u00f4micos atuais e a planejar um novo modelo de desenvolvimento para o pa\u00eds, disseram nesta segunda\u00a0(21) o ministro do Desenvolvimento, Ind\u00fastria e Com\u00e9rcio Exterior, Armando Monteiro, e o vice-ministro da Economia e Energia da Alemanha, [&hellip;]<\/p>\n","protected":false},"author":2,"featured_media":68924,"comment_status":"open","ping_status":"closed","sticky":false,"template":"","format":"standard","meta":{"_acf_changed":false,"footnotes":""},"categories":[16],"tags":[],"class_list":["post-68923","post","type-post","status-publish","format-standard","has-post-thumbnail","hentry","category-brasil"],"acf":[],"yoast_head":"<!-- This site is optimized with the Yoast SEO plugin v27.2 - https:\/\/yoast.com\/product\/yoast-seo-wordpress\/ -->\n<title>Armando Monteiro quer copiar o modelo alem\u00e3o-2008 para tirar o Brasil da crise - Notibras<\/title>\n<meta name=\"robots\" content=\"index, follow, max-snippet:-1, max-image-preview:large, max-video-preview:-1\" \/>\n<link rel=\"canonical\" href=\"https:\/\/www.notibras.com\/site\/armando-monteiro-quer-copiar-modelo-alemao-para-tirar-o-brasil-da-crise\/\" \/>\n<meta property=\"og:locale\" content=\"pt_BR\" \/>\n<meta property=\"og:type\" content=\"article\" \/>\n<meta property=\"og:title\" content=\"Armando Monteiro quer copiar o modelo alem\u00e3o-2008 para tirar o Brasil da crise - Notibras\" \/>\n<meta property=\"og:description\" content=\"A experi\u00eancia da Alemanha no enfrentamento da crise financeira internacional de 2008 pode ajudar o Brasil a superar as dificuldades econ\u00f4micos atuais e a planejar um novo modelo de desenvolvimento para o pa\u00eds, disseram nesta segunda\u00a0(21) o ministro do Desenvolvimento, Ind\u00fastria e Com\u00e9rcio Exterior, Armando Monteiro, e o vice-ministro da Economia e Energia da Alemanha, [&hellip;]\" \/>\n<meta property=\"og:url\" content=\"https:\/\/www.notibras.com\/site\/armando-monteiro-quer-copiar-modelo-alemao-para-tirar-o-brasil-da-crise\/\" \/>\n<meta property=\"og:site_name\" content=\"Notibras\" \/>\n<meta property=\"article:publisher\" content=\"https:\/\/www.facebook.com\/notibras\/\" \/>\n<meta property=\"article:published_time\" content=\"2015-09-22T00:08:37+00:00\" \/>\n<meta property=\"article:modified_time\" content=\"2015-09-22T00:10:23+00:00\" \/>\n<meta property=\"og:image\" content=\"https:\/\/www.notibras.com\/site\/wp-content\/uploads\/2015\/09\/alx_economia_original.jpeg\" \/>\n\t<meta property=\"og:image:width\" content=\"690\" \/>\n\t<meta property=\"og:image:height\" content=\"518\" \/>\n\t<meta property=\"og:image:type\" content=\"image\/jpeg\" \/>\n<meta name=\"author\" content=\"Reda\u00e7\u00e3o\" \/>\n<meta name=\"twitter:card\" content=\"summary_large_image\" \/>\n<meta name=\"twitter:creator\" content=\"@Notibras\" \/>\n<meta name=\"twitter:site\" content=\"@Notibras\" \/>\n<meta name=\"twitter:label1\" content=\"Escrito por\" \/>\n\t<meta name=\"twitter:data1\" content=\"Reda\u00e7\u00e3o\" \/>\n\t<meta name=\"twitter:label2\" content=\"Est. tempo de leitura\" \/>\n\t<meta name=\"twitter:data2\" content=\"4 minutos\" \/>\n<script type=\"application\/ld+json\" class=\"yoast-schema-graph\">{\"@context\":\"https:\/\/schema.org\",\"@graph\":[{\"@type\":\"Article\",\"@id\":\"https:\/\/www.notibras.com\/site\/armando-monteiro-quer-copiar-modelo-alemao-para-tirar-o-brasil-da-crise\/#article\",\"isPartOf\":{\"@id\":\"https:\/\/www.notibras.com\/site\/armando-monteiro-quer-copiar-modelo-alemao-para-tirar-o-brasil-da-crise\/\"},\"author\":{\"name\":\"Reda\u00e7\u00e3o\",\"@id\":\"https:\/\/www.notibras.com\/site\/#\/schema\/person\/36ab0979449956132d3e5b517ea76ac8\"},\"headline\":\"Armando Monteiro quer copiar o modelo alem\u00e3o-2008 para tirar o Brasil da crise\",\"datePublished\":\"2015-09-22T00:08:37+00:00\",\"dateModified\":\"2015-09-22T00:10:23+00:00\",\"mainEntityOfPage\":{\"@id\":\"https:\/\/www.notibras.com\/site\/armando-monteiro-quer-copiar-modelo-alemao-para-tirar-o-brasil-da-crise\/\"},\"wordCount\":884,\"commentCount\":0,\"publisher\":{\"@id\":\"https:\/\/www.notibras.com\/site\/#organization\"},\"image\":{\"@id\":\"https:\/\/www.notibras.com\/site\/armando-monteiro-quer-copiar-modelo-alemao-para-tirar-o-brasil-da-crise\/#primaryimage\"},\"thumbnailUrl\":\"https:\/\/www.notibras.com\/site\/wp-content\/uploads\/2015\/09\/alx_economia_original.jpeg\",\"articleSection\":[\"Brasil\"],\"inLanguage\":\"pt-BR\",\"potentialAction\":[{\"@type\":\"CommentAction\",\"name\":\"Comment\",\"target\":[\"https:\/\/www.notibras.com\/site\/armando-monteiro-quer-copiar-modelo-alemao-para-tirar-o-brasil-da-crise\/#respond\"]}]},{\"@type\":\"WebPage\",\"@id\":\"https:\/\/www.notibras.com\/site\/armando-monteiro-quer-copiar-modelo-alemao-para-tirar-o-brasil-da-crise\/\",\"url\":\"https:\/\/www.notibras.com\/site\/armando-monteiro-quer-copiar-modelo-alemao-para-tirar-o-brasil-da-crise\/\",\"name\":\"Armando Monteiro quer copiar o modelo alem\u00e3o-2008 para tirar o Brasil da crise - Notibras\",\"isPartOf\":{\"@id\":\"https:\/\/www.notibras.com\/site\/#website\"},\"primaryImageOfPage\":{\"@id\":\"https:\/\/www.notibras.com\/site\/armando-monteiro-quer-copiar-modelo-alemao-para-tirar-o-brasil-da-crise\/#primaryimage\"},\"image\":{\"@id\":\"https:\/\/www.notibras.com\/site\/armando-monteiro-quer-copiar-modelo-alemao-para-tirar-o-brasil-da-crise\/#primaryimage\"},\"thumbnailUrl\":\"https:\/\/www.notibras.com\/site\/wp-content\/uploads\/2015\/09\/alx_economia_original.jpeg\",\"datePublished\":\"2015-09-22T00:08:37+00:00\",\"dateModified\":\"2015-09-22T00:10:23+00:00\",\"breadcrumb\":{\"@id\":\"https:\/\/www.notibras.com\/site\/armando-monteiro-quer-copiar-modelo-alemao-para-tirar-o-brasil-da-crise\/#breadcrumb\"},\"inLanguage\":\"pt-BR\",\"potentialAction\":[{\"@type\":\"ReadAction\",\"target\":[\"https:\/\/www.notibras.com\/site\/armando-monteiro-quer-copiar-modelo-alemao-para-tirar-o-brasil-da-crise\/\"]}]},{\"@type\":\"ImageObject\",\"inLanguage\":\"pt-BR\",\"@id\":\"https:\/\/www.notibras.com\/site\/armando-monteiro-quer-copiar-modelo-alemao-para-tirar-o-brasil-da-crise\/#primaryimage\",\"url\":\"https:\/\/www.notibras.com\/site\/wp-content\/uploads\/2015\/09\/alx_economia_original.jpeg\",\"contentUrl\":\"https:\/\/www.notibras.com\/site\/wp-content\/uploads\/2015\/09\/alx_economia_original.jpeg\",\"width\":690,\"height\":518},{\"@type\":\"BreadcrumbList\",\"@id\":\"https:\/\/www.notibras.com\/site\/armando-monteiro-quer-copiar-modelo-alemao-para-tirar-o-brasil-da-crise\/#breadcrumb\",\"itemListElement\":[{\"@type\":\"ListItem\",\"position\":1,\"name\":\"In\u00edcio\",\"item\":\"https:\/\/www.notibras.com\/site\/\"},{\"@type\":\"ListItem\",\"position\":2,\"name\":\"Armando Monteiro quer copiar o modelo alem\u00e3o-2008 para tirar o Brasil da crise\"}]},{\"@type\":\"WebSite\",\"@id\":\"https:\/\/www.notibras.com\/site\/#website\",\"url\":\"https:\/\/www.notibras.com\/site\/\",\"name\":\"Notibras\",\"description\":\"Not\u00edcias de Bras\u00edlia, do Brasil e do Mundo\",\"publisher\":{\"@id\":\"https:\/\/www.notibras.com\/site\/#organization\"},\"potentialAction\":[{\"@type\":\"SearchAction\",\"target\":{\"@type\":\"EntryPoint\",\"urlTemplate\":\"https:\/\/www.notibras.com\/site\/?s={search_term_string}\"},\"query-input\":{\"@type\":\"PropertyValueSpecification\",\"valueRequired\":true,\"valueName\":\"search_term_string\"}}],\"inLanguage\":\"pt-BR\"},{\"@type\":\"Organization\",\"@id\":\"https:\/\/www.notibras.com\/site\/#organization\",\"name\":\"Grupo Notibras de Comunica\u00e7\u00e3o\",\"url\":\"https:\/\/www.notibras.com\/site\/\",\"logo\":{\"@type\":\"ImageObject\",\"inLanguage\":\"pt-BR\",\"@id\":\"https:\/\/www.notibras.com\/site\/#\/schema\/logo\/image\/\",\"url\":\"https:\/\/www.notibras.com\/site\/wp-content\/uploads\/2023\/01\/notibras23.png\",\"contentUrl\":\"https:\/\/www.notibras.com\/site\/wp-content\/uploads\/2023\/01\/notibras23.png\",\"width\":350,\"height\":87,\"caption\":\"Grupo Notibras de Comunica\u00e7\u00e3o\"},\"image\":{\"@id\":\"https:\/\/www.notibras.com\/site\/#\/schema\/logo\/image\/\"},\"sameAs\":[\"https:\/\/www.facebook.com\/notibras\/\",\"https:\/\/x.com\/Notibras\",\"https:\/\/www.instagram.com\/notibras\/\"]},{\"@type\":\"Person\",\"@id\":\"https:\/\/www.notibras.com\/site\/#\/schema\/person\/36ab0979449956132d3e5b517ea76ac8\",\"name\":\"Reda\u00e7\u00e3o\",\"image\":{\"@type\":\"ImageObject\",\"inLanguage\":\"pt-BR\",\"@id\":\"https:\/\/secure.gravatar.com\/avatar\/e0a867bdedb85fd243eadf09663511f96fc81e0720a4a42581f334ad4303aa6b?s=96&d=mm&r=g\",\"url\":\"https:\/\/secure.gravatar.com\/avatar\/e0a867bdedb85fd243eadf09663511f96fc81e0720a4a42581f334ad4303aa6b?s=96&d=mm&r=g\",\"contentUrl\":\"https:\/\/secure.gravatar.com\/avatar\/e0a867bdedb85fd243eadf09663511f96fc81e0720a4a42581f334ad4303aa6b?s=96&d=mm&r=g\",\"caption\":\"Reda\u00e7\u00e3o\"}}]}<\/script>\n<!-- \/ Yoast SEO plugin. -->","yoast_head_json":{"title":"Armando Monteiro quer copiar o modelo alem\u00e3o-2008 para tirar o Brasil da crise - Notibras","robots":{"index":"index","follow":"follow","max-snippet":"max-snippet:-1","max-image-preview":"max-image-preview:large","max-video-preview":"max-video-preview:-1"},"canonical":"https:\/\/www.notibras.com\/site\/armando-monteiro-quer-copiar-modelo-alemao-para-tirar-o-brasil-da-crise\/","og_locale":"pt_BR","og_type":"article","og_title":"Armando Monteiro quer copiar o modelo alem\u00e3o-2008 para tirar o Brasil da crise - Notibras","og_description":"A experi\u00eancia da Alemanha no enfrentamento da crise financeira internacional de 2008 pode ajudar o Brasil a superar as dificuldades econ\u00f4micos atuais e a planejar um novo modelo de desenvolvimento para o pa\u00eds, disseram nesta segunda\u00a0(21) o ministro do Desenvolvimento, Ind\u00fastria e Com\u00e9rcio Exterior, Armando Monteiro, e o vice-ministro da Economia e Energia da Alemanha, [&hellip;]","og_url":"https:\/\/www.notibras.com\/site\/armando-monteiro-quer-copiar-modelo-alemao-para-tirar-o-brasil-da-crise\/","og_site_name":"Notibras","article_publisher":"https:\/\/www.facebook.com\/notibras\/","article_published_time":"2015-09-22T00:08:37+00:00","article_modified_time":"2015-09-22T00:10:23+00:00","og_image":[{"width":690,"height":518,"url":"https:\/\/www.notibras.com\/site\/wp-content\/uploads\/2015\/09\/alx_economia_original.jpeg","type":"image\/jpeg"}],"author":"Reda\u00e7\u00e3o","twitter_card":"summary_large_image","twitter_creator":"@Notibras","twitter_site":"@Notibras","twitter_misc":{"Escrito por":"Reda\u00e7\u00e3o","Est. tempo de leitura":"4 minutos"},"schema":{"@context":"https:\/\/schema.org","@graph":[{"@type":"Article","@id":"https:\/\/www.notibras.com\/site\/armando-monteiro-quer-copiar-modelo-alemao-para-tirar-o-brasil-da-crise\/#article","isPartOf":{"@id":"https:\/\/www.notibras.com\/site\/armando-monteiro-quer-copiar-modelo-alemao-para-tirar-o-brasil-da-crise\/"},"author":{"name":"Reda\u00e7\u00e3o","@id":"https:\/\/www.notibras.com\/site\/#\/schema\/person\/36ab0979449956132d3e5b517ea76ac8"},"headline":"Armando Monteiro quer copiar o modelo alem\u00e3o-2008 para tirar o Brasil da crise","datePublished":"2015-09-22T00:08:37+00:00","dateModified":"2015-09-22T00:10:23+00:00","mainEntityOfPage":{"@id":"https:\/\/www.notibras.com\/site\/armando-monteiro-quer-copiar-modelo-alemao-para-tirar-o-brasil-da-crise\/"},"wordCount":884,"commentCount":0,"publisher":{"@id":"https:\/\/www.notibras.com\/site\/#organization"},"image":{"@id":"https:\/\/www.notibras.com\/site\/armando-monteiro-quer-copiar-modelo-alemao-para-tirar-o-brasil-da-crise\/#primaryimage"},"thumbnailUrl":"https:\/\/www.notibras.com\/site\/wp-content\/uploads\/2015\/09\/alx_economia_original.jpeg","articleSection":["Brasil"],"inLanguage":"pt-BR","potentialAction":[{"@type":"CommentAction","name":"Comment","target":["https:\/\/www.notibras.com\/site\/armando-monteiro-quer-copiar-modelo-alemao-para-tirar-o-brasil-da-crise\/#respond"]}]},{"@type":"WebPage","@id":"https:\/\/www.notibras.com\/site\/armando-monteiro-quer-copiar-modelo-alemao-para-tirar-o-brasil-da-crise\/","url":"https:\/\/www.notibras.com\/site\/armando-monteiro-quer-copiar-modelo-alemao-para-tirar-o-brasil-da-crise\/","name":"Armando Monteiro quer copiar o modelo alem\u00e3o-2008 para tirar o Brasil da crise - Notibras","isPartOf":{"@id":"https:\/\/www.notibras.com\/site\/#website"},"primaryImageOfPage":{"@id":"https:\/\/www.notibras.com\/site\/armando-monteiro-quer-copiar-modelo-alemao-para-tirar-o-brasil-da-crise\/#primaryimage"},"image":{"@id":"https:\/\/www.notibras.com\/site\/armando-monteiro-quer-copiar-modelo-alemao-para-tirar-o-brasil-da-crise\/#primaryimage"},"thumbnailUrl":"https:\/\/www.notibras.com\/site\/wp-content\/uploads\/2015\/09\/alx_economia_original.jpeg","datePublished":"2015-09-22T00:08:37+00:00","dateModified":"2015-09-22T00:10:23+00:00","breadcrumb":{"@id":"https:\/\/www.notibras.com\/site\/armando-monteiro-quer-copiar-modelo-alemao-para-tirar-o-brasil-da-crise\/#breadcrumb"},"inLanguage":"pt-BR","potentialAction":[{"@type":"ReadAction","target":["https:\/\/www.notibras.com\/site\/armando-monteiro-quer-copiar-modelo-alemao-para-tirar-o-brasil-da-crise\/"]}]},{"@type":"ImageObject","inLanguage":"pt-BR","@id":"https:\/\/www.notibras.com\/site\/armando-monteiro-quer-copiar-modelo-alemao-para-tirar-o-brasil-da-crise\/#primaryimage","url":"https:\/\/www.notibras.com\/site\/wp-content\/uploads\/2015\/09\/alx_economia_original.jpeg","contentUrl":"https:\/\/www.notibras.com\/site\/wp-content\/uploads\/2015\/09\/alx_economia_original.jpeg","width":690,"height":518},{"@type":"BreadcrumbList","@id":"https:\/\/www.notibras.com\/site\/armando-monteiro-quer-copiar-modelo-alemao-para-tirar-o-brasil-da-crise\/#breadcrumb","itemListElement":[{"@type":"ListItem","position":1,"name":"In\u00edcio","item":"https:\/\/www.notibras.com\/site\/"},{"@type":"ListItem","position":2,"name":"Armando Monteiro quer copiar o modelo alem\u00e3o-2008 para tirar o Brasil da crise"}]},{"@type":"WebSite","@id":"https:\/\/www.notibras.com\/site\/#website","url":"https:\/\/www.notibras.com\/site\/","name":"Notibras","description":"Not\u00edcias de Bras\u00edlia, do Brasil e do Mundo","publisher":{"@id":"https:\/\/www.notibras.com\/site\/#organization"},"potentialAction":[{"@type":"SearchAction","target":{"@type":"EntryPoint","urlTemplate":"https:\/\/www.notibras.com\/site\/?s={search_term_string}"},"query-input":{"@type":"PropertyValueSpecification","valueRequired":true,"valueName":"search_term_string"}}],"inLanguage":"pt-BR"},{"@type":"Organization","@id":"https:\/\/www.notibras.com\/site\/#organization","name":"Grupo Notibras de Comunica\u00e7\u00e3o","url":"https:\/\/www.notibras.com\/site\/","logo":{"@type":"ImageObject","inLanguage":"pt-BR","@id":"https:\/\/www.notibras.com\/site\/#\/schema\/logo\/image\/","url":"https:\/\/www.notibras.com\/site\/wp-content\/uploads\/2023\/01\/notibras23.png","contentUrl":"https:\/\/www.notibras.com\/site\/wp-content\/uploads\/2023\/01\/notibras23.png","width":350,"height":87,"caption":"Grupo Notibras de Comunica\u00e7\u00e3o"},"image":{"@id":"https:\/\/www.notibras.com\/site\/#\/schema\/logo\/image\/"},"sameAs":["https:\/\/www.facebook.com\/notibras\/","https:\/\/x.com\/Notibras","https:\/\/www.instagram.com\/notibras\/"]},{"@type":"Person","@id":"https:\/\/www.notibras.com\/site\/#\/schema\/person\/36ab0979449956132d3e5b517ea76ac8","name":"Reda\u00e7\u00e3o","image":{"@type":"ImageObject","inLanguage":"pt-BR","@id":"https:\/\/secure.gravatar.com\/avatar\/e0a867bdedb85fd243eadf09663511f96fc81e0720a4a42581f334ad4303aa6b?s=96&d=mm&r=g","url":"https:\/\/secure.gravatar.com\/avatar\/e0a867bdedb85fd243eadf09663511f96fc81e0720a4a42581f334ad4303aa6b?s=96&d=mm&r=g","contentUrl":"https:\/\/secure.gravatar.com\/avatar\/e0a867bdedb85fd243eadf09663511f96fc81e0720a4a42581f334ad4303aa6b?s=96&d=mm&r=g","caption":"Reda\u00e7\u00e3o"}}]}},"amp_enabled":true,"_links":{"self":[{"href":"https:\/\/www.notibras.com\/site\/wp-json\/wp\/v2\/posts\/68923","targetHints":{"allow":["GET"]}}],"collection":[{"href":"https:\/\/www.notibras.com\/site\/wp-json\/wp\/v2\/posts"}],"about":[{"href":"https:\/\/www.notibras.com\/site\/wp-json\/wp\/v2\/types\/post"}],"author":[{"embeddable":true,"href":"https:\/\/www.notibras.com\/site\/wp-json\/wp\/v2\/users\/2"}],"replies":[{"embeddable":true,"href":"https:\/\/www.notibras.com\/site\/wp-json\/wp\/v2\/comments?post=68923"}],"version-history":[{"count":3,"href":"https:\/\/www.notibras.com\/site\/wp-json\/wp\/v2\/posts\/68923\/revisions"}],"predecessor-version":[{"id":68927,"href":"https:\/\/www.notibras.com\/site\/wp-json\/wp\/v2\/posts\/68923\/revisions\/68927"}],"wp:featuredmedia":[{"embeddable":true,"href":"https:\/\/www.notibras.com\/site\/wp-json\/wp\/v2\/media\/68924"}],"wp:attachment":[{"href":"https:\/\/www.notibras.com\/site\/wp-json\/wp\/v2\/media?parent=68923"}],"wp:term":[{"taxonomy":"category","embeddable":true,"href":"https:\/\/www.notibras.com\/site\/wp-json\/wp\/v2\/categories?post=68923"},{"taxonomy":"post_tag","embeddable":true,"href":"https:\/\/www.notibras.com\/site\/wp-json\/wp\/v2\/tags?post=68923"}],"curies":[{"name":"wp","href":"https:\/\/api.w.org\/{rel}","templated":true}]}}