{"id":69020,"date":"2015-09-22T22:43:39","date_gmt":"2015-09-23T01:43:39","guid":{"rendered":"http:\/\/www.notibras.com\/site\/?p=69020"},"modified":"2015-09-23T11:20:34","modified_gmt":"2015-09-23T14:20:34","slug":"valmont-sur-territet-destino-de-dumont-pode-ser-o-da-leoa","status":"publish","type":"post","link":"https:\/\/www.notibras.com\/site\/valmont-sur-territet-destino-de-dumont-pode-ser-o-da-leoa\/","title":{"rendered":"Valmont-sur-Territet, destino de Santos Dumont, pode ser o da Leoa"},"content":{"rendered":"<p>O suicida Alberto Santos Dumont poderia ter adiado a decis\u00e3o de dar fim \u00e0 sua pr\u00f3pria exist\u00eancia (brilhante), caso tivesse utilizado a capacidade de antecipar o futuro para entender o Brasil do S\u00e9culo XXI.<\/p>\n<p>A Primeira Guerra Mundial, raz\u00e3o de uma das suas in\u00fameras depress\u00f5es e interna\u00e7\u00f5es, quando aeronaves foram utilizadas para dilacerar pessoas, \u00e9 pouco se comparada \u00e0s estat\u00edsticas de mortes por falta de seguran\u00e7a e de sa\u00fade que hoje s\u00e3o contabilizadas no Distrito Federal.<\/p>\n<p>Mas o legado est\u00e1 a\u00ed nas manchetes. A presidente da C\u00e2mara Legislativa \u00e9 mais um personagem que embarca na saga de Santos Dumont, tra\u00edda provavelmente por conselhos malditos, e voa, contrariando seu instinto terrestre, para outra capital brasileira em um jatinho altamente suspeito.<\/p>\n<p>Celina Le\u00e3o, ca\u00e7adora, virou ca\u00e7a. O safari que ocupa os bin\u00f3culos e Jeep da ca\u00e7ada j\u00e1 estava na selva h\u00e1 muito tempo em campana. E tem nome: Lava-jato.<\/p>\n<p>Informa\u00e7\u00f5es que circulam com for\u00e7a na cidade indicam que o ve\u00edculo descendente de Santos Dumont tem tudo a ver com o filho do presidente do Tribunal de Contas da Uni\u00e3o. Tiago Cedraz, que embarcou Celina Le\u00e3o para Palmas, capital do Tocantins, onde ela foi consumir protetor solar com urucum. Muito bem aplicados nas superf\u00edcies que est\u00e3o, digamos, em boa forma. O problema pode ser exatamente esse.<\/p>\n<p>Na superf\u00edcie do mundo real, longe dos propulsores que modernizaram a inven\u00e7\u00e3o de Dumont, Celina Le\u00e3o encontrou as garras do Quarto Poder, uma floresta que ela n\u00e3o domina tanto quanto a do Legislativo e, dizem, do Executivo local.<\/p>\n<p>A conviv\u00eancia entre a CLDF e o Buriti parece um sonho. Prova disso \u00e9 que Rollemberg tamb\u00e9m estava no destino do jatinho maldito que transportou a leoa para um bote irrevers\u00edvel. Ela certamente deve saber que o TCU e a PGR n\u00e3o s\u00e3o t\u00e3o comunicantes como prometeram os promotores da mordomia.<\/p>\n<p>Por conta disso, embora goste de frequentar o c\u00e9u com rapidez, ela estendeu o favor a familiares e agregados. Ato falho, piada pronta. Depois dizem que falam mal das loiras.<\/p>\n<p>Enquanto os patrocinadores da divertida aventura nas praias do Tocantins providenciam defesas \u00e0s a\u00e7\u00f5es do Minist\u00e9rio P\u00fablico e investiga\u00e7\u00f5es da Pol\u00edcia Federal, Celina Le\u00e3o, que preside um dos tr\u00eas poderes locais e que tem suas garras em 40% do GDF, dizem, agora fez upgrade, pulou o TCDF e foi tratar da sua agenda no TCU. T\u00e1 podendo.<\/p>\n<p>Mas o assunto \u00e9 muito mais s\u00e9rio do que parece. N\u00e3o \u00e9 uma ca\u00e7ada simples, mas os rifles agora est\u00e3o todos apontados para ela. Com atiradores da estirpe do juiz prefer\u00eancia nacional Moro, que tem mira muito boa.<\/p>\n<p>Celina que se cuide, pe\u00e7a aos patrocinadores \u2013 n\u00e3o ao TCU \u2013 uma competente banca de advocacia, fique na savana, em terra firme, porque a falta de decoro j\u00e1 est\u00e1 comprovada. Ou embarque em um voo comercial para Valmont-sur-Territet, na Su\u00ed\u00e7a, que n\u00e3o chega a ser um spa, mas para onde foi Santos Dumont quando percebeu o cen\u00e1rio que ajudou a criar.<\/p>\n","protected":false},"excerpt":{"rendered":"<p>O suicida Alberto Santos Dumont poderia ter adiado a decis\u00e3o de dar fim \u00e0 sua pr\u00f3pria exist\u00eancia (brilhante), caso tivesse utilizado a capacidade de antecipar o futuro para entender o Brasil do S\u00e9culo XXI. A Primeira Guerra Mundial, raz\u00e3o de uma das suas in\u00fameras depress\u00f5es e interna\u00e7\u00f5es, quando aeronaves foram utilizadas para dilacerar pessoas, \u00e9 [&hellip;]<\/p>\n","protected":false},"author":2,"featured_media":69021,"comment_status":"open","ping_status":"closed","sticky":false,"template":"","format":"standard","meta":{"_acf_changed":false,"footnotes":""},"categories":[49],"tags":[],"class_list":["post-69020","post","type-post","status-publish","format-standard","has-post-thumbnail","hentry","category-max"],"acf":[],"yoast_head":"<!-- This site is optimized with the Yoast SEO plugin v27.2 - https:\/\/yoast.com\/product\/yoast-seo-wordpress\/ -->\n<title>Valmont-sur-Territet, destino de Santos Dumont, pode ser o da Leoa - Notibras<\/title>\n<meta name=\"robots\" content=\"index, follow, max-snippet:-1, max-image-preview:large, max-video-preview:-1\" \/>\n<link rel=\"canonical\" href=\"https:\/\/www.notibras.com\/site\/valmont-sur-territet-destino-de-dumont-pode-ser-o-da-leoa\/\" \/>\n<meta property=\"og:locale\" content=\"pt_BR\" \/>\n<meta property=\"og:type\" content=\"article\" \/>\n<meta property=\"og:title\" content=\"Valmont-sur-Territet, destino de Santos Dumont, pode ser o da Leoa - Notibras\" \/>\n<meta property=\"og:description\" content=\"O suicida Alberto Santos Dumont poderia ter adiado a decis\u00e3o de dar fim \u00e0 sua pr\u00f3pria exist\u00eancia (brilhante), caso tivesse utilizado a capacidade de antecipar o futuro para entender o Brasil do S\u00e9culo XXI. A Primeira Guerra Mundial, raz\u00e3o de uma das suas in\u00fameras depress\u00f5es e interna\u00e7\u00f5es, quando aeronaves foram utilizadas para dilacerar pessoas, \u00e9 [&hellip;]\" \/>\n<meta property=\"og:url\" content=\"https:\/\/www.notibras.com\/site\/valmont-sur-territet-destino-de-dumont-pode-ser-o-da-leoa\/\" \/>\n<meta property=\"og:site_name\" content=\"Notibras\" \/>\n<meta property=\"article:publisher\" content=\"https:\/\/www.facebook.com\/notibras\/\" \/>\n<meta property=\"article:published_time\" content=\"2015-09-23T01:43:39+00:00\" \/>\n<meta property=\"article:modified_time\" content=\"2015-09-23T14:20:34+00:00\" \/>\n<meta property=\"og:image\" content=\"https:\/\/www.notibras.com\/site\/wp-content\/uploads\/2015\/09\/14bis.jpg\" \/>\n\t<meta property=\"og:image:width\" content=\"544\" \/>\n\t<meta property=\"og:image:height\" content=\"341\" \/>\n\t<meta property=\"og:image:type\" content=\"image\/jpeg\" \/>\n<meta name=\"author\" content=\"Reda\u00e7\u00e3o\" \/>\n<meta name=\"twitter:card\" content=\"summary_large_image\" \/>\n<meta name=\"twitter:creator\" content=\"@Notibras\" \/>\n<meta name=\"twitter:site\" content=\"@Notibras\" \/>\n<meta name=\"twitter:label1\" content=\"Escrito por\" \/>\n\t<meta name=\"twitter:data1\" content=\"Reda\u00e7\u00e3o\" \/>\n\t<meta name=\"twitter:label2\" content=\"Est. tempo de leitura\" \/>\n\t<meta name=\"twitter:data2\" content=\"3 minutos\" \/>\n<script type=\"application\/ld+json\" class=\"yoast-schema-graph\">{\"@context\":\"https:\/\/schema.org\",\"@graph\":[{\"@type\":\"Article\",\"@id\":\"https:\/\/www.notibras.com\/site\/valmont-sur-territet-destino-de-dumont-pode-ser-o-da-leoa\/#article\",\"isPartOf\":{\"@id\":\"https:\/\/www.notibras.com\/site\/valmont-sur-territet-destino-de-dumont-pode-ser-o-da-leoa\/\"},\"author\":{\"name\":\"Reda\u00e7\u00e3o\",\"@id\":\"https:\/\/www.notibras.com\/site\/#\/schema\/person\/36ab0979449956132d3e5b517ea76ac8\"},\"headline\":\"Valmont-sur-Territet, destino de Santos Dumont, pode ser o da Leoa\",\"datePublished\":\"2015-09-23T01:43:39+00:00\",\"dateModified\":\"2015-09-23T14:20:34+00:00\",\"mainEntityOfPage\":{\"@id\":\"https:\/\/www.notibras.com\/site\/valmont-sur-territet-destino-de-dumont-pode-ser-o-da-leoa\/\"},\"wordCount\":544,\"commentCount\":0,\"publisher\":{\"@id\":\"https:\/\/www.notibras.com\/site\/#organization\"},\"image\":{\"@id\":\"https:\/\/www.notibras.com\/site\/valmont-sur-territet-destino-de-dumont-pode-ser-o-da-leoa\/#primaryimage\"},\"thumbnailUrl\":\"https:\/\/www.notibras.com\/site\/wp-content\/uploads\/2015\/09\/14bis.jpg\",\"articleSection\":[\"Max de Quental\"],\"inLanguage\":\"pt-BR\",\"potentialAction\":[{\"@type\":\"CommentAction\",\"name\":\"Comment\",\"target\":[\"https:\/\/www.notibras.com\/site\/valmont-sur-territet-destino-de-dumont-pode-ser-o-da-leoa\/#respond\"]}]},{\"@type\":\"WebPage\",\"@id\":\"https:\/\/www.notibras.com\/site\/valmont-sur-territet-destino-de-dumont-pode-ser-o-da-leoa\/\",\"url\":\"https:\/\/www.notibras.com\/site\/valmont-sur-territet-destino-de-dumont-pode-ser-o-da-leoa\/\",\"name\":\"Valmont-sur-Territet, destino de Santos Dumont, pode ser o da Leoa - Notibras\",\"isPartOf\":{\"@id\":\"https:\/\/www.notibras.com\/site\/#website\"},\"primaryImageOfPage\":{\"@id\":\"https:\/\/www.notibras.com\/site\/valmont-sur-territet-destino-de-dumont-pode-ser-o-da-leoa\/#primaryimage\"},\"image\":{\"@id\":\"https:\/\/www.notibras.com\/site\/valmont-sur-territet-destino-de-dumont-pode-ser-o-da-leoa\/#primaryimage\"},\"thumbnailUrl\":\"https:\/\/www.notibras.com\/site\/wp-content\/uploads\/2015\/09\/14bis.jpg\",\"datePublished\":\"2015-09-23T01:43:39+00:00\",\"dateModified\":\"2015-09-23T14:20:34+00:00\",\"breadcrumb\":{\"@id\":\"https:\/\/www.notibras.com\/site\/valmont-sur-territet-destino-de-dumont-pode-ser-o-da-leoa\/#breadcrumb\"},\"inLanguage\":\"pt-BR\",\"potentialAction\":[{\"@type\":\"ReadAction\",\"target\":[\"https:\/\/www.notibras.com\/site\/valmont-sur-territet-destino-de-dumont-pode-ser-o-da-leoa\/\"]}]},{\"@type\":\"ImageObject\",\"inLanguage\":\"pt-BR\",\"@id\":\"https:\/\/www.notibras.com\/site\/valmont-sur-territet-destino-de-dumont-pode-ser-o-da-leoa\/#primaryimage\",\"url\":\"https:\/\/www.notibras.com\/site\/wp-content\/uploads\/2015\/09\/14bis.jpg\",\"contentUrl\":\"https:\/\/www.notibras.com\/site\/wp-content\/uploads\/2015\/09\/14bis.jpg\",\"width\":544,\"height\":341},{\"@type\":\"BreadcrumbList\",\"@id\":\"https:\/\/www.notibras.com\/site\/valmont-sur-territet-destino-de-dumont-pode-ser-o-da-leoa\/#breadcrumb\",\"itemListElement\":[{\"@type\":\"ListItem\",\"position\":1,\"name\":\"In\u00edcio\",\"item\":\"https:\/\/www.notibras.com\/site\/\"},{\"@type\":\"ListItem\",\"position\":2,\"name\":\"Valmont-sur-Territet, destino de Santos Dumont, pode ser o da Leoa\"}]},{\"@type\":\"WebSite\",\"@id\":\"https:\/\/www.notibras.com\/site\/#website\",\"url\":\"https:\/\/www.notibras.com\/site\/\",\"name\":\"Notibras\",\"description\":\"Not\u00edcias de Bras\u00edlia, do Brasil e do Mundo\",\"publisher\":{\"@id\":\"https:\/\/www.notibras.com\/site\/#organization\"},\"potentialAction\":[{\"@type\":\"SearchAction\",\"target\":{\"@type\":\"EntryPoint\",\"urlTemplate\":\"https:\/\/www.notibras.com\/site\/?s={search_term_string}\"},\"query-input\":{\"@type\":\"PropertyValueSpecification\",\"valueRequired\":true,\"valueName\":\"search_term_string\"}}],\"inLanguage\":\"pt-BR\"},{\"@type\":\"Organization\",\"@id\":\"https:\/\/www.notibras.com\/site\/#organization\",\"name\":\"Grupo Notibras de Comunica\u00e7\u00e3o\",\"url\":\"https:\/\/www.notibras.com\/site\/\",\"logo\":{\"@type\":\"ImageObject\",\"inLanguage\":\"pt-BR\",\"@id\":\"https:\/\/www.notibras.com\/site\/#\/schema\/logo\/image\/\",\"url\":\"https:\/\/www.notibras.com\/site\/wp-content\/uploads\/2023\/01\/notibras23.png\",\"contentUrl\":\"https:\/\/www.notibras.com\/site\/wp-content\/uploads\/2023\/01\/notibras23.png\",\"width\":350,\"height\":87,\"caption\":\"Grupo Notibras de Comunica\u00e7\u00e3o\"},\"image\":{\"@id\":\"https:\/\/www.notibras.com\/site\/#\/schema\/logo\/image\/\"},\"sameAs\":[\"https:\/\/www.facebook.com\/notibras\/\",\"https:\/\/x.com\/Notibras\",\"https:\/\/www.instagram.com\/notibras\/\"]},{\"@type\":\"Person\",\"@id\":\"https:\/\/www.notibras.com\/site\/#\/schema\/person\/36ab0979449956132d3e5b517ea76ac8\",\"name\":\"Reda\u00e7\u00e3o\",\"image\":{\"@type\":\"ImageObject\",\"inLanguage\":\"pt-BR\",\"@id\":\"https:\/\/secure.gravatar.com\/avatar\/e0a867bdedb85fd243eadf09663511f96fc81e0720a4a42581f334ad4303aa6b?s=96&d=mm&r=g\",\"url\":\"https:\/\/secure.gravatar.com\/avatar\/e0a867bdedb85fd243eadf09663511f96fc81e0720a4a42581f334ad4303aa6b?s=96&d=mm&r=g\",\"contentUrl\":\"https:\/\/secure.gravatar.com\/avatar\/e0a867bdedb85fd243eadf09663511f96fc81e0720a4a42581f334ad4303aa6b?s=96&d=mm&r=g\",\"caption\":\"Reda\u00e7\u00e3o\"}}]}<\/script>\n<!-- \/ Yoast SEO plugin. -->","yoast_head_json":{"title":"Valmont-sur-Territet, destino de Santos Dumont, pode ser o da Leoa - Notibras","robots":{"index":"index","follow":"follow","max-snippet":"max-snippet:-1","max-image-preview":"max-image-preview:large","max-video-preview":"max-video-preview:-1"},"canonical":"https:\/\/www.notibras.com\/site\/valmont-sur-territet-destino-de-dumont-pode-ser-o-da-leoa\/","og_locale":"pt_BR","og_type":"article","og_title":"Valmont-sur-Territet, destino de Santos Dumont, pode ser o da Leoa - Notibras","og_description":"O suicida Alberto Santos Dumont poderia ter adiado a decis\u00e3o de dar fim \u00e0 sua pr\u00f3pria exist\u00eancia (brilhante), caso tivesse utilizado a capacidade de antecipar o futuro para entender o Brasil do S\u00e9culo XXI. A Primeira Guerra Mundial, raz\u00e3o de uma das suas in\u00fameras depress\u00f5es e interna\u00e7\u00f5es, quando aeronaves foram utilizadas para dilacerar pessoas, \u00e9 [&hellip;]","og_url":"https:\/\/www.notibras.com\/site\/valmont-sur-territet-destino-de-dumont-pode-ser-o-da-leoa\/","og_site_name":"Notibras","article_publisher":"https:\/\/www.facebook.com\/notibras\/","article_published_time":"2015-09-23T01:43:39+00:00","article_modified_time":"2015-09-23T14:20:34+00:00","og_image":[{"width":544,"height":341,"url":"https:\/\/www.notibras.com\/site\/wp-content\/uploads\/2015\/09\/14bis.jpg","type":"image\/jpeg"}],"author":"Reda\u00e7\u00e3o","twitter_card":"summary_large_image","twitter_creator":"@Notibras","twitter_site":"@Notibras","twitter_misc":{"Escrito por":"Reda\u00e7\u00e3o","Est. tempo de leitura":"3 minutos"},"schema":{"@context":"https:\/\/schema.org","@graph":[{"@type":"Article","@id":"https:\/\/www.notibras.com\/site\/valmont-sur-territet-destino-de-dumont-pode-ser-o-da-leoa\/#article","isPartOf":{"@id":"https:\/\/www.notibras.com\/site\/valmont-sur-territet-destino-de-dumont-pode-ser-o-da-leoa\/"},"author":{"name":"Reda\u00e7\u00e3o","@id":"https:\/\/www.notibras.com\/site\/#\/schema\/person\/36ab0979449956132d3e5b517ea76ac8"},"headline":"Valmont-sur-Territet, destino de Santos Dumont, pode ser o da Leoa","datePublished":"2015-09-23T01:43:39+00:00","dateModified":"2015-09-23T14:20:34+00:00","mainEntityOfPage":{"@id":"https:\/\/www.notibras.com\/site\/valmont-sur-territet-destino-de-dumont-pode-ser-o-da-leoa\/"},"wordCount":544,"commentCount":0,"publisher":{"@id":"https:\/\/www.notibras.com\/site\/#organization"},"image":{"@id":"https:\/\/www.notibras.com\/site\/valmont-sur-territet-destino-de-dumont-pode-ser-o-da-leoa\/#primaryimage"},"thumbnailUrl":"https:\/\/www.notibras.com\/site\/wp-content\/uploads\/2015\/09\/14bis.jpg","articleSection":["Max de Quental"],"inLanguage":"pt-BR","potentialAction":[{"@type":"CommentAction","name":"Comment","target":["https:\/\/www.notibras.com\/site\/valmont-sur-territet-destino-de-dumont-pode-ser-o-da-leoa\/#respond"]}]},{"@type":"WebPage","@id":"https:\/\/www.notibras.com\/site\/valmont-sur-territet-destino-de-dumont-pode-ser-o-da-leoa\/","url":"https:\/\/www.notibras.com\/site\/valmont-sur-territet-destino-de-dumont-pode-ser-o-da-leoa\/","name":"Valmont-sur-Territet, destino de Santos Dumont, pode ser o da Leoa - Notibras","isPartOf":{"@id":"https:\/\/www.notibras.com\/site\/#website"},"primaryImageOfPage":{"@id":"https:\/\/www.notibras.com\/site\/valmont-sur-territet-destino-de-dumont-pode-ser-o-da-leoa\/#primaryimage"},"image":{"@id":"https:\/\/www.notibras.com\/site\/valmont-sur-territet-destino-de-dumont-pode-ser-o-da-leoa\/#primaryimage"},"thumbnailUrl":"https:\/\/www.notibras.com\/site\/wp-content\/uploads\/2015\/09\/14bis.jpg","datePublished":"2015-09-23T01:43:39+00:00","dateModified":"2015-09-23T14:20:34+00:00","breadcrumb":{"@id":"https:\/\/www.notibras.com\/site\/valmont-sur-territet-destino-de-dumont-pode-ser-o-da-leoa\/#breadcrumb"},"inLanguage":"pt-BR","potentialAction":[{"@type":"ReadAction","target":["https:\/\/www.notibras.com\/site\/valmont-sur-territet-destino-de-dumont-pode-ser-o-da-leoa\/"]}]},{"@type":"ImageObject","inLanguage":"pt-BR","@id":"https:\/\/www.notibras.com\/site\/valmont-sur-territet-destino-de-dumont-pode-ser-o-da-leoa\/#primaryimage","url":"https:\/\/www.notibras.com\/site\/wp-content\/uploads\/2015\/09\/14bis.jpg","contentUrl":"https:\/\/www.notibras.com\/site\/wp-content\/uploads\/2015\/09\/14bis.jpg","width":544,"height":341},{"@type":"BreadcrumbList","@id":"https:\/\/www.notibras.com\/site\/valmont-sur-territet-destino-de-dumont-pode-ser-o-da-leoa\/#breadcrumb","itemListElement":[{"@type":"ListItem","position":1,"name":"In\u00edcio","item":"https:\/\/www.notibras.com\/site\/"},{"@type":"ListItem","position":2,"name":"Valmont-sur-Territet, destino de Santos Dumont, pode ser o da Leoa"}]},{"@type":"WebSite","@id":"https:\/\/www.notibras.com\/site\/#website","url":"https:\/\/www.notibras.com\/site\/","name":"Notibras","description":"Not\u00edcias de Bras\u00edlia, do Brasil e do Mundo","publisher":{"@id":"https:\/\/www.notibras.com\/site\/#organization"},"potentialAction":[{"@type":"SearchAction","target":{"@type":"EntryPoint","urlTemplate":"https:\/\/www.notibras.com\/site\/?s={search_term_string}"},"query-input":{"@type":"PropertyValueSpecification","valueRequired":true,"valueName":"search_term_string"}}],"inLanguage":"pt-BR"},{"@type":"Organization","@id":"https:\/\/www.notibras.com\/site\/#organization","name":"Grupo Notibras de Comunica\u00e7\u00e3o","url":"https:\/\/www.notibras.com\/site\/","logo":{"@type":"ImageObject","inLanguage":"pt-BR","@id":"https:\/\/www.notibras.com\/site\/#\/schema\/logo\/image\/","url":"https:\/\/www.notibras.com\/site\/wp-content\/uploads\/2023\/01\/notibras23.png","contentUrl":"https:\/\/www.notibras.com\/site\/wp-content\/uploads\/2023\/01\/notibras23.png","width":350,"height":87,"caption":"Grupo Notibras de Comunica\u00e7\u00e3o"},"image":{"@id":"https:\/\/www.notibras.com\/site\/#\/schema\/logo\/image\/"},"sameAs":["https:\/\/www.facebook.com\/notibras\/","https:\/\/x.com\/Notibras","https:\/\/www.instagram.com\/notibras\/"]},{"@type":"Person","@id":"https:\/\/www.notibras.com\/site\/#\/schema\/person\/36ab0979449956132d3e5b517ea76ac8","name":"Reda\u00e7\u00e3o","image":{"@type":"ImageObject","inLanguage":"pt-BR","@id":"https:\/\/secure.gravatar.com\/avatar\/e0a867bdedb85fd243eadf09663511f96fc81e0720a4a42581f334ad4303aa6b?s=96&d=mm&r=g","url":"https:\/\/secure.gravatar.com\/avatar\/e0a867bdedb85fd243eadf09663511f96fc81e0720a4a42581f334ad4303aa6b?s=96&d=mm&r=g","contentUrl":"https:\/\/secure.gravatar.com\/avatar\/e0a867bdedb85fd243eadf09663511f96fc81e0720a4a42581f334ad4303aa6b?s=96&d=mm&r=g","caption":"Reda\u00e7\u00e3o"}}]}},"amp_enabled":true,"_links":{"self":[{"href":"https:\/\/www.notibras.com\/site\/wp-json\/wp\/v2\/posts\/69020","targetHints":{"allow":["GET"]}}],"collection":[{"href":"https:\/\/www.notibras.com\/site\/wp-json\/wp\/v2\/posts"}],"about":[{"href":"https:\/\/www.notibras.com\/site\/wp-json\/wp\/v2\/types\/post"}],"author":[{"embeddable":true,"href":"https:\/\/www.notibras.com\/site\/wp-json\/wp\/v2\/users\/2"}],"replies":[{"embeddable":true,"href":"https:\/\/www.notibras.com\/site\/wp-json\/wp\/v2\/comments?post=69020"}],"version-history":[{"count":2,"href":"https:\/\/www.notibras.com\/site\/wp-json\/wp\/v2\/posts\/69020\/revisions"}],"predecessor-version":[{"id":69023,"href":"https:\/\/www.notibras.com\/site\/wp-json\/wp\/v2\/posts\/69020\/revisions\/69023"}],"wp:featuredmedia":[{"embeddable":true,"href":"https:\/\/www.notibras.com\/site\/wp-json\/wp\/v2\/media\/69021"}],"wp:attachment":[{"href":"https:\/\/www.notibras.com\/site\/wp-json\/wp\/v2\/media?parent=69020"}],"wp:term":[{"taxonomy":"category","embeddable":true,"href":"https:\/\/www.notibras.com\/site\/wp-json\/wp\/v2\/categories?post=69020"},{"taxonomy":"post_tag","embeddable":true,"href":"https:\/\/www.notibras.com\/site\/wp-json\/wp\/v2\/tags?post=69020"}],"curies":[{"name":"wp","href":"https:\/\/api.w.org\/{rel}","templated":true}]}}