{"id":69078,"date":"2015-09-22T21:19:46","date_gmt":"2015-09-23T00:19:46","guid":{"rendered":"http:\/\/www.notibras.com\/site\/?p=69078"},"modified":"2015-09-23T07:22:07","modified_gmt":"2015-09-23T10:22:07","slug":"bragantino-da-a-volta-por-cima-bate-boa-esporte-e-vislumbra-uma-vaga-no-g-4","status":"publish","type":"post","link":"https:\/\/www.notibras.com\/site\/bragantino-da-a-volta-por-cima-bate-boa-esporte-e-vislumbra-uma-vaga-no-g-4\/","title":{"rendered":"Bragantino d\u00e1 a volta por cima, bate Boa Esporte e vislumbra uma vaga no G-4"},"content":{"rendered":"<p>O Bragantino se imp\u00f4s em casa e derrotou o Boa Esporte, nesta ter\u00e7a, por 2 a 1, no Nabi Abi Chedid, em Bragan\u00e7a Paulista (SP), pela 28\u00aa rodada da S\u00e9rie B. O resultado deixou o Massa Bruta a quatro pontos do G4. J\u00e1 o Boa segue afundado na zona de rebaixamento.<\/p>\n<p>O triunfo levou o time da casa \u00e0 setima coloca\u00e7\u00e3o, com 42 pontos. No entanto, N\u00e1utico e Am\u00e9rica-MG jogam na rodada e podem deixar o Braga para tr\u00e1s. Na degola, o Boa est\u00e1 na 18\u00aa posi\u00e7\u00e3o &#8211; com 23 pontos &#8211; e pode terminar a rodada como lanterna.<\/p>\n<p>Na pr\u00f3xima ter\u00e7a, o Bragantino volta a campo para encarar o Santa Cruz, \u00e0s 21h, no Arruda. J\u00e1 o Boa Esporte pega o CRB, no s\u00e1bado (03\/10) \u00e0s 16h30, no est\u00e1dio Municipal de Varginha.<\/p>\n<p>O primeiro tento da partida foi conseguido pelo time da casa. Aos 40 da etapa inicial, o zagueiro Gilberto subiu mais alto que a zaga mineira e mandou para o fundo das redes, deixando os paulistas em vantagem. O Massa Bruta foi para os vesti\u00e1rios com vantagem de um gol no placar.<\/p>\n<p>Na estapa complementar, aos 28, Bruno C\u00e9sar, novamente de cabe\u00e7a, completou para o gol, abrindo 2 a 0 para a equipe local. Quando a partida se encaminhava ao fim, o Boa conseguiu seu gol de honra em Bragan\u00e7a. Moacir tocou para o gol, de cabe\u00e7a, e definiu o placar no Nabi Adi Chedid.<\/p>\n","protected":false},"excerpt":{"rendered":"<p>O Bragantino se imp\u00f4s em casa e derrotou o Boa Esporte, nesta ter\u00e7a, por 2 a 1, no Nabi Abi Chedid, em Bragan\u00e7a Paulista (SP), pela 28\u00aa rodada da S\u00e9rie B. O resultado deixou o Massa Bruta a quatro pontos do G4. J\u00e1 o Boa segue afundado na zona de rebaixamento. O triunfo levou o [&hellip;]<\/p>\n","protected":false},"author":2,"featured_media":69079,"comment_status":"open","ping_status":"closed","sticky":false,"template":"","format":"standard","meta":{"_acf_changed":false,"footnotes":""},"categories":[29],"tags":[],"class_list":["post-69078","post","type-post","status-publish","format-standard","has-post-thumbnail","hentry","category-futebol"],"acf":[],"yoast_head":"<!-- This site is optimized with the Yoast SEO plugin v27.2 - https:\/\/yoast.com\/product\/yoast-seo-wordpress\/ -->\n<title>Bragantino d\u00e1 a volta por cima, bate Boa Esporte e vislumbra uma vaga no G-4 - Notibras<\/title>\n<meta name=\"robots\" content=\"index, follow, max-snippet:-1, max-image-preview:large, max-video-preview:-1\" \/>\n<link rel=\"canonical\" href=\"https:\/\/www.notibras.com\/site\/bragantino-da-a-volta-por-cima-bate-boa-esporte-e-vislumbra-uma-vaga-no-g-4\/\" \/>\n<meta property=\"og:locale\" content=\"pt_BR\" \/>\n<meta property=\"og:type\" content=\"article\" \/>\n<meta property=\"og:title\" content=\"Bragantino d\u00e1 a volta por cima, bate Boa Esporte e vislumbra uma vaga no G-4 - Notibras\" \/>\n<meta property=\"og:description\" content=\"O Bragantino se imp\u00f4s em casa e derrotou o Boa Esporte, nesta ter\u00e7a, por 2 a 1, no Nabi Abi Chedid, em Bragan\u00e7a Paulista (SP), pela 28\u00aa rodada da S\u00e9rie B. O resultado deixou o Massa Bruta a quatro pontos do G4. J\u00e1 o Boa segue afundado na zona de rebaixamento. O triunfo levou o [&hellip;]\" \/>\n<meta property=\"og:url\" content=\"https:\/\/www.notibras.com\/site\/bragantino-da-a-volta-por-cima-bate-boa-esporte-e-vislumbra-uma-vaga-no-g-4\/\" \/>\n<meta property=\"og:site_name\" content=\"Notibras\" \/>\n<meta property=\"article:publisher\" content=\"https:\/\/www.facebook.com\/notibras\/\" \/>\n<meta property=\"article:published_time\" content=\"2015-09-23T00:19:46+00:00\" \/>\n<meta property=\"article:modified_time\" content=\"2015-09-23T10:22:07+00:00\" \/>\n<meta property=\"og:image\" content=\"https:\/\/www.notibras.com\/site\/wp-content\/uploads\/2015\/09\/braga.jpg\" \/>\n\t<meta property=\"og:image:width\" content=\"622\" \/>\n\t<meta property=\"og:image:height\" content=\"350\" \/>\n\t<meta property=\"og:image:type\" content=\"image\/jpeg\" \/>\n<meta name=\"author\" content=\"Reda\u00e7\u00e3o\" \/>\n<meta name=\"twitter:card\" content=\"summary_large_image\" \/>\n<meta name=\"twitter:creator\" content=\"@Notibras\" \/>\n<meta name=\"twitter:site\" content=\"@Notibras\" \/>\n<meta name=\"twitter:label1\" content=\"Escrito por\" \/>\n\t<meta name=\"twitter:data1\" content=\"Reda\u00e7\u00e3o\" \/>\n\t<meta name=\"twitter:label2\" content=\"Est. tempo de leitura\" \/>\n\t<meta name=\"twitter:data2\" content=\"1 minuto\" \/>\n<script type=\"application\/ld+json\" class=\"yoast-schema-graph\">{\"@context\":\"https:\/\/schema.org\",\"@graph\":[{\"@type\":\"Article\",\"@id\":\"https:\/\/www.notibras.com\/site\/bragantino-da-a-volta-por-cima-bate-boa-esporte-e-vislumbra-uma-vaga-no-g-4\/#article\",\"isPartOf\":{\"@id\":\"https:\/\/www.notibras.com\/site\/bragantino-da-a-volta-por-cima-bate-boa-esporte-e-vislumbra-uma-vaga-no-g-4\/\"},\"author\":{\"name\":\"Reda\u00e7\u00e3o\",\"@id\":\"https:\/\/www.notibras.com\/site\/#\/schema\/person\/36ab0979449956132d3e5b517ea76ac8\"},\"headline\":\"Bragantino d\u00e1 a volta por cima, bate Boa Esporte e vislumbra uma vaga no G-4\",\"datePublished\":\"2015-09-23T00:19:46+00:00\",\"dateModified\":\"2015-09-23T10:22:07+00:00\",\"mainEntityOfPage\":{\"@id\":\"https:\/\/www.notibras.com\/site\/bragantino-da-a-volta-por-cima-bate-boa-esporte-e-vislumbra-uma-vaga-no-g-4\/\"},\"wordCount\":259,\"commentCount\":0,\"publisher\":{\"@id\":\"https:\/\/www.notibras.com\/site\/#organization\"},\"image\":{\"@id\":\"https:\/\/www.notibras.com\/site\/bragantino-da-a-volta-por-cima-bate-boa-esporte-e-vislumbra-uma-vaga-no-g-4\/#primaryimage\"},\"thumbnailUrl\":\"https:\/\/www.notibras.com\/site\/wp-content\/uploads\/2015\/09\/braga.jpg\",\"articleSection\":[\"Futebol\"],\"inLanguage\":\"pt-BR\",\"potentialAction\":[{\"@type\":\"CommentAction\",\"name\":\"Comment\",\"target\":[\"https:\/\/www.notibras.com\/site\/bragantino-da-a-volta-por-cima-bate-boa-esporte-e-vislumbra-uma-vaga-no-g-4\/#respond\"]}]},{\"@type\":\"WebPage\",\"@id\":\"https:\/\/www.notibras.com\/site\/bragantino-da-a-volta-por-cima-bate-boa-esporte-e-vislumbra-uma-vaga-no-g-4\/\",\"url\":\"https:\/\/www.notibras.com\/site\/bragantino-da-a-volta-por-cima-bate-boa-esporte-e-vislumbra-uma-vaga-no-g-4\/\",\"name\":\"Bragantino d\u00e1 a volta por cima, bate Boa Esporte e vislumbra uma vaga no G-4 - Notibras\",\"isPartOf\":{\"@id\":\"https:\/\/www.notibras.com\/site\/#website\"},\"primaryImageOfPage\":{\"@id\":\"https:\/\/www.notibras.com\/site\/bragantino-da-a-volta-por-cima-bate-boa-esporte-e-vislumbra-uma-vaga-no-g-4\/#primaryimage\"},\"image\":{\"@id\":\"https:\/\/www.notibras.com\/site\/bragantino-da-a-volta-por-cima-bate-boa-esporte-e-vislumbra-uma-vaga-no-g-4\/#primaryimage\"},\"thumbnailUrl\":\"https:\/\/www.notibras.com\/site\/wp-content\/uploads\/2015\/09\/braga.jpg\",\"datePublished\":\"2015-09-23T00:19:46+00:00\",\"dateModified\":\"2015-09-23T10:22:07+00:00\",\"breadcrumb\":{\"@id\":\"https:\/\/www.notibras.com\/site\/bragantino-da-a-volta-por-cima-bate-boa-esporte-e-vislumbra-uma-vaga-no-g-4\/#breadcrumb\"},\"inLanguage\":\"pt-BR\",\"potentialAction\":[{\"@type\":\"ReadAction\",\"target\":[\"https:\/\/www.notibras.com\/site\/bragantino-da-a-volta-por-cima-bate-boa-esporte-e-vislumbra-uma-vaga-no-g-4\/\"]}]},{\"@type\":\"ImageObject\",\"inLanguage\":\"pt-BR\",\"@id\":\"https:\/\/www.notibras.com\/site\/bragantino-da-a-volta-por-cima-bate-boa-esporte-e-vislumbra-uma-vaga-no-g-4\/#primaryimage\",\"url\":\"https:\/\/www.notibras.com\/site\/wp-content\/uploads\/2015\/09\/braga.jpg\",\"contentUrl\":\"https:\/\/www.notibras.com\/site\/wp-content\/uploads\/2015\/09\/braga.jpg\",\"width\":622,\"height\":350},{\"@type\":\"BreadcrumbList\",\"@id\":\"https:\/\/www.notibras.com\/site\/bragantino-da-a-volta-por-cima-bate-boa-esporte-e-vislumbra-uma-vaga-no-g-4\/#breadcrumb\",\"itemListElement\":[{\"@type\":\"ListItem\",\"position\":1,\"name\":\"In\u00edcio\",\"item\":\"https:\/\/www.notibras.com\/site\/\"},{\"@type\":\"ListItem\",\"position\":2,\"name\":\"Bragantino d\u00e1 a volta por cima, bate Boa Esporte e vislumbra uma vaga no G-4\"}]},{\"@type\":\"WebSite\",\"@id\":\"https:\/\/www.notibras.com\/site\/#website\",\"url\":\"https:\/\/www.notibras.com\/site\/\",\"name\":\"Notibras\",\"description\":\"Not\u00edcias de Bras\u00edlia, do Brasil e do Mundo\",\"publisher\":{\"@id\":\"https:\/\/www.notibras.com\/site\/#organization\"},\"potentialAction\":[{\"@type\":\"SearchAction\",\"target\":{\"@type\":\"EntryPoint\",\"urlTemplate\":\"https:\/\/www.notibras.com\/site\/?s={search_term_string}\"},\"query-input\":{\"@type\":\"PropertyValueSpecification\",\"valueRequired\":true,\"valueName\":\"search_term_string\"}}],\"inLanguage\":\"pt-BR\"},{\"@type\":\"Organization\",\"@id\":\"https:\/\/www.notibras.com\/site\/#organization\",\"name\":\"Grupo Notibras de Comunica\u00e7\u00e3o\",\"url\":\"https:\/\/www.notibras.com\/site\/\",\"logo\":{\"@type\":\"ImageObject\",\"inLanguage\":\"pt-BR\",\"@id\":\"https:\/\/www.notibras.com\/site\/#\/schema\/logo\/image\/\",\"url\":\"https:\/\/www.notibras.com\/site\/wp-content\/uploads\/2023\/01\/notibras23.png\",\"contentUrl\":\"https:\/\/www.notibras.com\/site\/wp-content\/uploads\/2023\/01\/notibras23.png\",\"width\":350,\"height\":87,\"caption\":\"Grupo Notibras de Comunica\u00e7\u00e3o\"},\"image\":{\"@id\":\"https:\/\/www.notibras.com\/site\/#\/schema\/logo\/image\/\"},\"sameAs\":[\"https:\/\/www.facebook.com\/notibras\/\",\"https:\/\/x.com\/Notibras\",\"https:\/\/www.instagram.com\/notibras\/\"]},{\"@type\":\"Person\",\"@id\":\"https:\/\/www.notibras.com\/site\/#\/schema\/person\/36ab0979449956132d3e5b517ea76ac8\",\"name\":\"Reda\u00e7\u00e3o\",\"image\":{\"@type\":\"ImageObject\",\"inLanguage\":\"pt-BR\",\"@id\":\"https:\/\/secure.gravatar.com\/avatar\/e0a867bdedb85fd243eadf09663511f96fc81e0720a4a42581f334ad4303aa6b?s=96&d=mm&r=g\",\"url\":\"https:\/\/secure.gravatar.com\/avatar\/e0a867bdedb85fd243eadf09663511f96fc81e0720a4a42581f334ad4303aa6b?s=96&d=mm&r=g\",\"contentUrl\":\"https:\/\/secure.gravatar.com\/avatar\/e0a867bdedb85fd243eadf09663511f96fc81e0720a4a42581f334ad4303aa6b?s=96&d=mm&r=g\",\"caption\":\"Reda\u00e7\u00e3o\"}}]}<\/script>\n<!-- \/ Yoast SEO plugin. -->","yoast_head_json":{"title":"Bragantino d\u00e1 a volta por cima, bate Boa Esporte e vislumbra uma vaga no G-4 - Notibras","robots":{"index":"index","follow":"follow","max-snippet":"max-snippet:-1","max-image-preview":"max-image-preview:large","max-video-preview":"max-video-preview:-1"},"canonical":"https:\/\/www.notibras.com\/site\/bragantino-da-a-volta-por-cima-bate-boa-esporte-e-vislumbra-uma-vaga-no-g-4\/","og_locale":"pt_BR","og_type":"article","og_title":"Bragantino d\u00e1 a volta por cima, bate Boa Esporte e vislumbra uma vaga no G-4 - Notibras","og_description":"O Bragantino se imp\u00f4s em casa e derrotou o Boa Esporte, nesta ter\u00e7a, por 2 a 1, no Nabi Abi Chedid, em Bragan\u00e7a Paulista (SP), pela 28\u00aa rodada da S\u00e9rie B. O resultado deixou o Massa Bruta a quatro pontos do G4. J\u00e1 o Boa segue afundado na zona de rebaixamento. O triunfo levou o [&hellip;]","og_url":"https:\/\/www.notibras.com\/site\/bragantino-da-a-volta-por-cima-bate-boa-esporte-e-vislumbra-uma-vaga-no-g-4\/","og_site_name":"Notibras","article_publisher":"https:\/\/www.facebook.com\/notibras\/","article_published_time":"2015-09-23T00:19:46+00:00","article_modified_time":"2015-09-23T10:22:07+00:00","og_image":[{"width":622,"height":350,"url":"https:\/\/www.notibras.com\/site\/wp-content\/uploads\/2015\/09\/braga.jpg","type":"image\/jpeg"}],"author":"Reda\u00e7\u00e3o","twitter_card":"summary_large_image","twitter_creator":"@Notibras","twitter_site":"@Notibras","twitter_misc":{"Escrito por":"Reda\u00e7\u00e3o","Est. tempo de leitura":"1 minuto"},"schema":{"@context":"https:\/\/schema.org","@graph":[{"@type":"Article","@id":"https:\/\/www.notibras.com\/site\/bragantino-da-a-volta-por-cima-bate-boa-esporte-e-vislumbra-uma-vaga-no-g-4\/#article","isPartOf":{"@id":"https:\/\/www.notibras.com\/site\/bragantino-da-a-volta-por-cima-bate-boa-esporte-e-vislumbra-uma-vaga-no-g-4\/"},"author":{"name":"Reda\u00e7\u00e3o","@id":"https:\/\/www.notibras.com\/site\/#\/schema\/person\/36ab0979449956132d3e5b517ea76ac8"},"headline":"Bragantino d\u00e1 a volta por cima, bate Boa Esporte e vislumbra uma vaga no G-4","datePublished":"2015-09-23T00:19:46+00:00","dateModified":"2015-09-23T10:22:07+00:00","mainEntityOfPage":{"@id":"https:\/\/www.notibras.com\/site\/bragantino-da-a-volta-por-cima-bate-boa-esporte-e-vislumbra-uma-vaga-no-g-4\/"},"wordCount":259,"commentCount":0,"publisher":{"@id":"https:\/\/www.notibras.com\/site\/#organization"},"image":{"@id":"https:\/\/www.notibras.com\/site\/bragantino-da-a-volta-por-cima-bate-boa-esporte-e-vislumbra-uma-vaga-no-g-4\/#primaryimage"},"thumbnailUrl":"https:\/\/www.notibras.com\/site\/wp-content\/uploads\/2015\/09\/braga.jpg","articleSection":["Futebol"],"inLanguage":"pt-BR","potentialAction":[{"@type":"CommentAction","name":"Comment","target":["https:\/\/www.notibras.com\/site\/bragantino-da-a-volta-por-cima-bate-boa-esporte-e-vislumbra-uma-vaga-no-g-4\/#respond"]}]},{"@type":"WebPage","@id":"https:\/\/www.notibras.com\/site\/bragantino-da-a-volta-por-cima-bate-boa-esporte-e-vislumbra-uma-vaga-no-g-4\/","url":"https:\/\/www.notibras.com\/site\/bragantino-da-a-volta-por-cima-bate-boa-esporte-e-vislumbra-uma-vaga-no-g-4\/","name":"Bragantino d\u00e1 a volta por cima, bate Boa Esporte e vislumbra uma vaga no G-4 - Notibras","isPartOf":{"@id":"https:\/\/www.notibras.com\/site\/#website"},"primaryImageOfPage":{"@id":"https:\/\/www.notibras.com\/site\/bragantino-da-a-volta-por-cima-bate-boa-esporte-e-vislumbra-uma-vaga-no-g-4\/#primaryimage"},"image":{"@id":"https:\/\/www.notibras.com\/site\/bragantino-da-a-volta-por-cima-bate-boa-esporte-e-vislumbra-uma-vaga-no-g-4\/#primaryimage"},"thumbnailUrl":"https:\/\/www.notibras.com\/site\/wp-content\/uploads\/2015\/09\/braga.jpg","datePublished":"2015-09-23T00:19:46+00:00","dateModified":"2015-09-23T10:22:07+00:00","breadcrumb":{"@id":"https:\/\/www.notibras.com\/site\/bragantino-da-a-volta-por-cima-bate-boa-esporte-e-vislumbra-uma-vaga-no-g-4\/#breadcrumb"},"inLanguage":"pt-BR","potentialAction":[{"@type":"ReadAction","target":["https:\/\/www.notibras.com\/site\/bragantino-da-a-volta-por-cima-bate-boa-esporte-e-vislumbra-uma-vaga-no-g-4\/"]}]},{"@type":"ImageObject","inLanguage":"pt-BR","@id":"https:\/\/www.notibras.com\/site\/bragantino-da-a-volta-por-cima-bate-boa-esporte-e-vislumbra-uma-vaga-no-g-4\/#primaryimage","url":"https:\/\/www.notibras.com\/site\/wp-content\/uploads\/2015\/09\/braga.jpg","contentUrl":"https:\/\/www.notibras.com\/site\/wp-content\/uploads\/2015\/09\/braga.jpg","width":622,"height":350},{"@type":"BreadcrumbList","@id":"https:\/\/www.notibras.com\/site\/bragantino-da-a-volta-por-cima-bate-boa-esporte-e-vislumbra-uma-vaga-no-g-4\/#breadcrumb","itemListElement":[{"@type":"ListItem","position":1,"name":"In\u00edcio","item":"https:\/\/www.notibras.com\/site\/"},{"@type":"ListItem","position":2,"name":"Bragantino d\u00e1 a volta por cima, bate Boa Esporte e vislumbra uma vaga no G-4"}]},{"@type":"WebSite","@id":"https:\/\/www.notibras.com\/site\/#website","url":"https:\/\/www.notibras.com\/site\/","name":"Notibras","description":"Not\u00edcias de Bras\u00edlia, do Brasil e do Mundo","publisher":{"@id":"https:\/\/www.notibras.com\/site\/#organization"},"potentialAction":[{"@type":"SearchAction","target":{"@type":"EntryPoint","urlTemplate":"https:\/\/www.notibras.com\/site\/?s={search_term_string}"},"query-input":{"@type":"PropertyValueSpecification","valueRequired":true,"valueName":"search_term_string"}}],"inLanguage":"pt-BR"},{"@type":"Organization","@id":"https:\/\/www.notibras.com\/site\/#organization","name":"Grupo Notibras de Comunica\u00e7\u00e3o","url":"https:\/\/www.notibras.com\/site\/","logo":{"@type":"ImageObject","inLanguage":"pt-BR","@id":"https:\/\/www.notibras.com\/site\/#\/schema\/logo\/image\/","url":"https:\/\/www.notibras.com\/site\/wp-content\/uploads\/2023\/01\/notibras23.png","contentUrl":"https:\/\/www.notibras.com\/site\/wp-content\/uploads\/2023\/01\/notibras23.png","width":350,"height":87,"caption":"Grupo Notibras de Comunica\u00e7\u00e3o"},"image":{"@id":"https:\/\/www.notibras.com\/site\/#\/schema\/logo\/image\/"},"sameAs":["https:\/\/www.facebook.com\/notibras\/","https:\/\/x.com\/Notibras","https:\/\/www.instagram.com\/notibras\/"]},{"@type":"Person","@id":"https:\/\/www.notibras.com\/site\/#\/schema\/person\/36ab0979449956132d3e5b517ea76ac8","name":"Reda\u00e7\u00e3o","image":{"@type":"ImageObject","inLanguage":"pt-BR","@id":"https:\/\/secure.gravatar.com\/avatar\/e0a867bdedb85fd243eadf09663511f96fc81e0720a4a42581f334ad4303aa6b?s=96&d=mm&r=g","url":"https:\/\/secure.gravatar.com\/avatar\/e0a867bdedb85fd243eadf09663511f96fc81e0720a4a42581f334ad4303aa6b?s=96&d=mm&r=g","contentUrl":"https:\/\/secure.gravatar.com\/avatar\/e0a867bdedb85fd243eadf09663511f96fc81e0720a4a42581f334ad4303aa6b?s=96&d=mm&r=g","caption":"Reda\u00e7\u00e3o"}}]}},"amp_enabled":true,"_links":{"self":[{"href":"https:\/\/www.notibras.com\/site\/wp-json\/wp\/v2\/posts\/69078","targetHints":{"allow":["GET"]}}],"collection":[{"href":"https:\/\/www.notibras.com\/site\/wp-json\/wp\/v2\/posts"}],"about":[{"href":"https:\/\/www.notibras.com\/site\/wp-json\/wp\/v2\/types\/post"}],"author":[{"embeddable":true,"href":"https:\/\/www.notibras.com\/site\/wp-json\/wp\/v2\/users\/2"}],"replies":[{"embeddable":true,"href":"https:\/\/www.notibras.com\/site\/wp-json\/wp\/v2\/comments?post=69078"}],"version-history":[{"count":1,"href":"https:\/\/www.notibras.com\/site\/wp-json\/wp\/v2\/posts\/69078\/revisions"}],"predecessor-version":[{"id":69080,"href":"https:\/\/www.notibras.com\/site\/wp-json\/wp\/v2\/posts\/69078\/revisions\/69080"}],"wp:featuredmedia":[{"embeddable":true,"href":"https:\/\/www.notibras.com\/site\/wp-json\/wp\/v2\/media\/69079"}],"wp:attachment":[{"href":"https:\/\/www.notibras.com\/site\/wp-json\/wp\/v2\/media?parent=69078"}],"wp:term":[{"taxonomy":"category","embeddable":true,"href":"https:\/\/www.notibras.com\/site\/wp-json\/wp\/v2\/categories?post=69078"},{"taxonomy":"post_tag","embeddable":true,"href":"https:\/\/www.notibras.com\/site\/wp-json\/wp\/v2\/tags?post=69078"}],"curies":[{"name":"wp","href":"https:\/\/api.w.org\/{rel}","templated":true}]}}