{"id":6914,"date":"2014-04-16T16:33:21","date_gmt":"2014-04-16T19:33:21","guid":{"rendered":"http:\/\/www.notibras.com\/site\/?p=6914"},"modified":"2014-04-16T17:38:38","modified_gmt":"2014-04-16T20:38:38","slug":"ex-diretor-da-petrobras-desmente-graca-pasadena-foi-bom-negocio","status":"publish","type":"post","link":"https:\/\/www.notibras.com\/site\/ex-diretor-da-petrobras-desmente-graca-pasadena-foi-bom-negocio\/","title":{"rendered":"Ex-diretor da Petrobras dep\u00f5e. Pasadena foi bom neg\u00f3cio, diz"},"content":{"rendered":"<p>A compra da Refinaria de Pasadena (EUA) pela Petrobras n\u00e3o foi um mau neg\u00f3cio, segundo o ex-diretor da \u00c1rea Internacional da empresa brasileira, Nestor Cerver\u00f3. Ele explicou que o empreendimento no Texas perdeu valor quando a estatal redefiniu prioridades e concentrou os investimentos na explora\u00e7\u00e3o do pr\u00e9-sal.<\/p>\n<p>durante uma audi\u00eancia na C\u00e2mara, Cerver\u00f3 rejeitou enfaticamente o termo \u201cmalfadado\u201d, atribu\u00eddo ao neg\u00f3cio por v\u00e1rios deputados, que questionaram aspectos do neg\u00f3cio. \u201cO projeto, em si, n\u00e3o foi malfadado. Foi um bom projeto na \u00e9poca. Estamos fazendo an\u00e1lise posterior a uma s\u00e9rie de eventos que modificam o cen\u00e1rio\u201d.<\/p>\n<p>Segundo ele, o projeto tinha rentabilidade \u201cque nunca vamos saber se seria atingida, porque foi feita por mudan\u00e7a estrat\u00e9gica dr\u00e1stica do conselho de administra\u00e7\u00e3o\u201d, e completou: \u201cN\u00e3o posso condenar\u201d, completou. Segundo ele, a descoberta do petr\u00f3leo em camadas mais profundas criou mais demandas para os investimentos da estatal.<\/p>\n<p>Perguntado sobre se faria um resumo executivo igual ao que apresentou \u00e0 \u00e9poca, Cerver\u00f3 disse que sim, desde que considerando as mesmas condi\u00e7\u00f5es de mercado. &#8220;Uma coisa \u00e9 [falar] depois do jogo terminado. Sei que o projeto n\u00e3o teve condi\u00e7\u00f5es de ser realizado. Mas at\u00e9 a execu\u00e7\u00e3o e a aprova\u00e7\u00e3o, ele tinha todas condi\u00e7\u00f5es econ\u00f4micas de ser realizado. Se elas se repetissem, faria de novo, mas dentro dos conhecimentos que eu tinha na \u00e9poca&#8221;, disse ele.<\/p>\n<p>Nas contas apresentadas pelo ex-diretor, a Petrobras investiu US$ 1,23 bilh\u00e3o no neg\u00f3cio. Ele disse que os custos de compra foram inferiores \u00e0 m\u00e9dia negociada em outras refinarias \u00e0 \u00e9poca. Por isso, descartou que a estatal tenha pago um valor excessivo pela parte da refinaria norte-americana que pertencia ao grupo belga Astra Oil, quando as duas empresas se desentenderam.<\/p>\n<p>Segundo Cerver\u00f3, o preju\u00edzo contabilizado no neg\u00f3cio de Pasadena \u00e9 cont\u00e1bil e que, nos primeiros meses, a refinaria teve resultados \u201cmuito positivos\u201d e que \u201cas margens de petr\u00f3leo leve eram altas\u201d, disse.<\/p>\n<p>Sobre a desvaloriza\u00e7\u00e3o das a\u00e7\u00f5es da Petrobras, Cerver\u00f3 disse que a redu\u00e7\u00e3o no valor de mercado ocorre em fun\u00e7\u00e3o dos investimentos exigidos na explora\u00e7\u00e3o de petr\u00f3leo do pr\u00e9-sal. \u201cMas especialistas reconhecem que a Petrobras \u00e9 um excelente investimento de m\u00e9dio prazo\u201d, disse, ao lembrar que tamb\u00e9m \u00e9 acionista da empresa.<\/p>\n<p>Emocionado, o ex-diretor lembrou que trabalhou por 39 anos na empresa e disse que n\u00e3o se sentiu rebaixado quando foi retirado da \u00e1rea internacional. \u201cN\u00e3o concordo com essa quest\u00e3o do rebaixado\u201d, afirmou.<\/p>\n<p>O termo foi usado ontem (15) pela presidenta da Petrobras, Gra\u00e7a Foster, no Senado, quando afirmou que a falha no relat\u00f3rio de Cerver\u00f3, apresentado em 2006, provocou seu rebaixamento na empresa. Cerver\u00f3 foi remanejado para a Diretoria Financeira da BR Distribuidora, subsidi\u00e1ria da Petrobras que atua no mercado brasileiro de distribui\u00e7\u00e3o de combust\u00edveis. Ele ocupou o cargo at\u00e9 o m\u00eas passado, quando foi afastado da estatal.<\/p>\n<div><strong>Pedro Peduzzi e Carolina Gon\u00e7alves, ABr<\/strong><strong><\/strong><\/div>\n","protected":false},"excerpt":{"rendered":"<p>A compra da Refinaria de Pasadena (EUA) pela Petrobras n\u00e3o foi um mau neg\u00f3cio, segundo o ex-diretor da \u00c1rea Internacional da empresa brasileira, Nestor Cerver\u00f3. Ele explicou que o empreendimento no Texas perdeu valor quando a estatal redefiniu prioridades e concentrou os investimentos na explora\u00e7\u00e3o do pr\u00e9-sal. durante uma audi\u00eancia na C\u00e2mara, Cerver\u00f3 rejeitou enfaticamente [&hellip;]<\/p>\n","protected":false},"author":2,"featured_media":6915,"comment_status":"open","ping_status":"closed","sticky":false,"template":"","format":"standard","meta":{"_acf_changed":false,"footnotes":""},"categories":[16],"tags":[],"class_list":["post-6914","post","type-post","status-publish","format-standard","has-post-thumbnail","hentry","category-brasil"],"acf":[],"yoast_head":"<!-- This site is optimized with the Yoast SEO plugin v27.2 - https:\/\/yoast.com\/product\/yoast-seo-wordpress\/ -->\n<title>Ex-diretor da Petrobras dep\u00f5e. Pasadena foi bom neg\u00f3cio, diz - Notibras<\/title>\n<meta name=\"robots\" content=\"index, follow, max-snippet:-1, max-image-preview:large, max-video-preview:-1\" \/>\n<link rel=\"canonical\" href=\"https:\/\/www.notibras.com\/site\/ex-diretor-da-petrobras-desmente-graca-pasadena-foi-bom-negocio\/\" \/>\n<meta property=\"og:locale\" content=\"pt_BR\" \/>\n<meta property=\"og:type\" content=\"article\" \/>\n<meta property=\"og:title\" content=\"Ex-diretor da Petrobras dep\u00f5e. Pasadena foi bom neg\u00f3cio, diz - Notibras\" \/>\n<meta property=\"og:description\" content=\"A compra da Refinaria de Pasadena (EUA) pela Petrobras n\u00e3o foi um mau neg\u00f3cio, segundo o ex-diretor da \u00c1rea Internacional da empresa brasileira, Nestor Cerver\u00f3. Ele explicou que o empreendimento no Texas perdeu valor quando a estatal redefiniu prioridades e concentrou os investimentos na explora\u00e7\u00e3o do pr\u00e9-sal. durante uma audi\u00eancia na C\u00e2mara, Cerver\u00f3 rejeitou enfaticamente [&hellip;]\" \/>\n<meta property=\"og:url\" content=\"https:\/\/www.notibras.com\/site\/ex-diretor-da-petrobras-desmente-graca-pasadena-foi-bom-negocio\/\" \/>\n<meta property=\"og:site_name\" content=\"Notibras\" \/>\n<meta property=\"article:publisher\" content=\"https:\/\/www.facebook.com\/notibras\/\" \/>\n<meta property=\"article:published_time\" content=\"2014-04-16T19:33:21+00:00\" \/>\n<meta property=\"article:modified_time\" content=\"2014-04-16T20:38:38+00:00\" \/>\n<meta property=\"og:image\" content=\"https:\/\/www.notibras.com\/site\/wp-content\/uploads\/2014\/04\/911434-cervero_camara_petrobras_14.jpg\" \/>\n\t<meta property=\"og:image:width\" content=\"1082\" \/>\n\t<meta property=\"og:image:height\" content=\"720\" \/>\n\t<meta property=\"og:image:type\" content=\"image\/jpeg\" \/>\n<meta name=\"author\" content=\"Reda\u00e7\u00e3o\" \/>\n<meta name=\"twitter:card\" content=\"summary_large_image\" \/>\n<meta name=\"twitter:creator\" content=\"@Notibras\" \/>\n<meta name=\"twitter:site\" content=\"@Notibras\" \/>\n<meta name=\"twitter:label1\" content=\"Escrito por\" \/>\n\t<meta name=\"twitter:data1\" content=\"Reda\u00e7\u00e3o\" \/>\n\t<meta name=\"twitter:label2\" content=\"Est. tempo de leitura\" \/>\n\t<meta name=\"twitter:data2\" content=\"3 minutos\" \/>\n<script type=\"application\/ld+json\" class=\"yoast-schema-graph\">{\"@context\":\"https:\/\/schema.org\",\"@graph\":[{\"@type\":\"Article\",\"@id\":\"https:\/\/www.notibras.com\/site\/ex-diretor-da-petrobras-desmente-graca-pasadena-foi-bom-negocio\/#article\",\"isPartOf\":{\"@id\":\"https:\/\/www.notibras.com\/site\/ex-diretor-da-petrobras-desmente-graca-pasadena-foi-bom-negocio\/\"},\"author\":{\"name\":\"Reda\u00e7\u00e3o\",\"@id\":\"https:\/\/www.notibras.com\/site\/#\/schema\/person\/36ab0979449956132d3e5b517ea76ac8\"},\"headline\":\"Ex-diretor da Petrobras dep\u00f5e. Pasadena foi bom neg\u00f3cio, diz\",\"datePublished\":\"2014-04-16T19:33:21+00:00\",\"dateModified\":\"2014-04-16T20:38:38+00:00\",\"mainEntityOfPage\":{\"@id\":\"https:\/\/www.notibras.com\/site\/ex-diretor-da-petrobras-desmente-graca-pasadena-foi-bom-negocio\/\"},\"wordCount\":517,\"commentCount\":0,\"publisher\":{\"@id\":\"https:\/\/www.notibras.com\/site\/#organization\"},\"image\":{\"@id\":\"https:\/\/www.notibras.com\/site\/ex-diretor-da-petrobras-desmente-graca-pasadena-foi-bom-negocio\/#primaryimage\"},\"thumbnailUrl\":\"https:\/\/www.notibras.com\/site\/wp-content\/uploads\/2014\/04\/911434-cervero_camara_petrobras_14.jpg\",\"articleSection\":[\"Brasil\"],\"inLanguage\":\"pt-BR\",\"potentialAction\":[{\"@type\":\"CommentAction\",\"name\":\"Comment\",\"target\":[\"https:\/\/www.notibras.com\/site\/ex-diretor-da-petrobras-desmente-graca-pasadena-foi-bom-negocio\/#respond\"]}]},{\"@type\":\"WebPage\",\"@id\":\"https:\/\/www.notibras.com\/site\/ex-diretor-da-petrobras-desmente-graca-pasadena-foi-bom-negocio\/\",\"url\":\"https:\/\/www.notibras.com\/site\/ex-diretor-da-petrobras-desmente-graca-pasadena-foi-bom-negocio\/\",\"name\":\"Ex-diretor da Petrobras dep\u00f5e. Pasadena foi bom neg\u00f3cio, diz - Notibras\",\"isPartOf\":{\"@id\":\"https:\/\/www.notibras.com\/site\/#website\"},\"primaryImageOfPage\":{\"@id\":\"https:\/\/www.notibras.com\/site\/ex-diretor-da-petrobras-desmente-graca-pasadena-foi-bom-negocio\/#primaryimage\"},\"image\":{\"@id\":\"https:\/\/www.notibras.com\/site\/ex-diretor-da-petrobras-desmente-graca-pasadena-foi-bom-negocio\/#primaryimage\"},\"thumbnailUrl\":\"https:\/\/www.notibras.com\/site\/wp-content\/uploads\/2014\/04\/911434-cervero_camara_petrobras_14.jpg\",\"datePublished\":\"2014-04-16T19:33:21+00:00\",\"dateModified\":\"2014-04-16T20:38:38+00:00\",\"breadcrumb\":{\"@id\":\"https:\/\/www.notibras.com\/site\/ex-diretor-da-petrobras-desmente-graca-pasadena-foi-bom-negocio\/#breadcrumb\"},\"inLanguage\":\"pt-BR\",\"potentialAction\":[{\"@type\":\"ReadAction\",\"target\":[\"https:\/\/www.notibras.com\/site\/ex-diretor-da-petrobras-desmente-graca-pasadena-foi-bom-negocio\/\"]}]},{\"@type\":\"ImageObject\",\"inLanguage\":\"pt-BR\",\"@id\":\"https:\/\/www.notibras.com\/site\/ex-diretor-da-petrobras-desmente-graca-pasadena-foi-bom-negocio\/#primaryimage\",\"url\":\"https:\/\/www.notibras.com\/site\/wp-content\/uploads\/2014\/04\/911434-cervero_camara_petrobras_14.jpg\",\"contentUrl\":\"https:\/\/www.notibras.com\/site\/wp-content\/uploads\/2014\/04\/911434-cervero_camara_petrobras_14.jpg\",\"width\":1082,\"height\":720},{\"@type\":\"BreadcrumbList\",\"@id\":\"https:\/\/www.notibras.com\/site\/ex-diretor-da-petrobras-desmente-graca-pasadena-foi-bom-negocio\/#breadcrumb\",\"itemListElement\":[{\"@type\":\"ListItem\",\"position\":1,\"name\":\"In\u00edcio\",\"item\":\"https:\/\/www.notibras.com\/site\/\"},{\"@type\":\"ListItem\",\"position\":2,\"name\":\"Ex-diretor da Petrobras dep\u00f5e. Pasadena foi bom neg\u00f3cio, diz\"}]},{\"@type\":\"WebSite\",\"@id\":\"https:\/\/www.notibras.com\/site\/#website\",\"url\":\"https:\/\/www.notibras.com\/site\/\",\"name\":\"Notibras\",\"description\":\"Not\u00edcias de Bras\u00edlia, do Brasil e do Mundo\",\"publisher\":{\"@id\":\"https:\/\/www.notibras.com\/site\/#organization\"},\"potentialAction\":[{\"@type\":\"SearchAction\",\"target\":{\"@type\":\"EntryPoint\",\"urlTemplate\":\"https:\/\/www.notibras.com\/site\/?s={search_term_string}\"},\"query-input\":{\"@type\":\"PropertyValueSpecification\",\"valueRequired\":true,\"valueName\":\"search_term_string\"}}],\"inLanguage\":\"pt-BR\"},{\"@type\":\"Organization\",\"@id\":\"https:\/\/www.notibras.com\/site\/#organization\",\"name\":\"Grupo Notibras de Comunica\u00e7\u00e3o\",\"url\":\"https:\/\/www.notibras.com\/site\/\",\"logo\":{\"@type\":\"ImageObject\",\"inLanguage\":\"pt-BR\",\"@id\":\"https:\/\/www.notibras.com\/site\/#\/schema\/logo\/image\/\",\"url\":\"https:\/\/www.notibras.com\/site\/wp-content\/uploads\/2023\/01\/notibras23.png\",\"contentUrl\":\"https:\/\/www.notibras.com\/site\/wp-content\/uploads\/2023\/01\/notibras23.png\",\"width\":350,\"height\":87,\"caption\":\"Grupo Notibras de Comunica\u00e7\u00e3o\"},\"image\":{\"@id\":\"https:\/\/www.notibras.com\/site\/#\/schema\/logo\/image\/\"},\"sameAs\":[\"https:\/\/www.facebook.com\/notibras\/\",\"https:\/\/x.com\/Notibras\",\"https:\/\/www.instagram.com\/notibras\/\"]},{\"@type\":\"Person\",\"@id\":\"https:\/\/www.notibras.com\/site\/#\/schema\/person\/36ab0979449956132d3e5b517ea76ac8\",\"name\":\"Reda\u00e7\u00e3o\",\"image\":{\"@type\":\"ImageObject\",\"inLanguage\":\"pt-BR\",\"@id\":\"https:\/\/secure.gravatar.com\/avatar\/e0a867bdedb85fd243eadf09663511f96fc81e0720a4a42581f334ad4303aa6b?s=96&d=mm&r=g\",\"url\":\"https:\/\/secure.gravatar.com\/avatar\/e0a867bdedb85fd243eadf09663511f96fc81e0720a4a42581f334ad4303aa6b?s=96&d=mm&r=g\",\"contentUrl\":\"https:\/\/secure.gravatar.com\/avatar\/e0a867bdedb85fd243eadf09663511f96fc81e0720a4a42581f334ad4303aa6b?s=96&d=mm&r=g\",\"caption\":\"Reda\u00e7\u00e3o\"}}]}<\/script>\n<!-- \/ Yoast SEO plugin. -->","yoast_head_json":{"title":"Ex-diretor da Petrobras dep\u00f5e. Pasadena foi bom neg\u00f3cio, diz - Notibras","robots":{"index":"index","follow":"follow","max-snippet":"max-snippet:-1","max-image-preview":"max-image-preview:large","max-video-preview":"max-video-preview:-1"},"canonical":"https:\/\/www.notibras.com\/site\/ex-diretor-da-petrobras-desmente-graca-pasadena-foi-bom-negocio\/","og_locale":"pt_BR","og_type":"article","og_title":"Ex-diretor da Petrobras dep\u00f5e. Pasadena foi bom neg\u00f3cio, diz - Notibras","og_description":"A compra da Refinaria de Pasadena (EUA) pela Petrobras n\u00e3o foi um mau neg\u00f3cio, segundo o ex-diretor da \u00c1rea Internacional da empresa brasileira, Nestor Cerver\u00f3. Ele explicou que o empreendimento no Texas perdeu valor quando a estatal redefiniu prioridades e concentrou os investimentos na explora\u00e7\u00e3o do pr\u00e9-sal. durante uma audi\u00eancia na C\u00e2mara, Cerver\u00f3 rejeitou enfaticamente [&hellip;]","og_url":"https:\/\/www.notibras.com\/site\/ex-diretor-da-petrobras-desmente-graca-pasadena-foi-bom-negocio\/","og_site_name":"Notibras","article_publisher":"https:\/\/www.facebook.com\/notibras\/","article_published_time":"2014-04-16T19:33:21+00:00","article_modified_time":"2014-04-16T20:38:38+00:00","og_image":[{"width":1082,"height":720,"url":"https:\/\/www.notibras.com\/site\/wp-content\/uploads\/2014\/04\/911434-cervero_camara_petrobras_14.jpg","type":"image\/jpeg"}],"author":"Reda\u00e7\u00e3o","twitter_card":"summary_large_image","twitter_creator":"@Notibras","twitter_site":"@Notibras","twitter_misc":{"Escrito por":"Reda\u00e7\u00e3o","Est. tempo de leitura":"3 minutos"},"schema":{"@context":"https:\/\/schema.org","@graph":[{"@type":"Article","@id":"https:\/\/www.notibras.com\/site\/ex-diretor-da-petrobras-desmente-graca-pasadena-foi-bom-negocio\/#article","isPartOf":{"@id":"https:\/\/www.notibras.com\/site\/ex-diretor-da-petrobras-desmente-graca-pasadena-foi-bom-negocio\/"},"author":{"name":"Reda\u00e7\u00e3o","@id":"https:\/\/www.notibras.com\/site\/#\/schema\/person\/36ab0979449956132d3e5b517ea76ac8"},"headline":"Ex-diretor da Petrobras dep\u00f5e. Pasadena foi bom neg\u00f3cio, diz","datePublished":"2014-04-16T19:33:21+00:00","dateModified":"2014-04-16T20:38:38+00:00","mainEntityOfPage":{"@id":"https:\/\/www.notibras.com\/site\/ex-diretor-da-petrobras-desmente-graca-pasadena-foi-bom-negocio\/"},"wordCount":517,"commentCount":0,"publisher":{"@id":"https:\/\/www.notibras.com\/site\/#organization"},"image":{"@id":"https:\/\/www.notibras.com\/site\/ex-diretor-da-petrobras-desmente-graca-pasadena-foi-bom-negocio\/#primaryimage"},"thumbnailUrl":"https:\/\/www.notibras.com\/site\/wp-content\/uploads\/2014\/04\/911434-cervero_camara_petrobras_14.jpg","articleSection":["Brasil"],"inLanguage":"pt-BR","potentialAction":[{"@type":"CommentAction","name":"Comment","target":["https:\/\/www.notibras.com\/site\/ex-diretor-da-petrobras-desmente-graca-pasadena-foi-bom-negocio\/#respond"]}]},{"@type":"WebPage","@id":"https:\/\/www.notibras.com\/site\/ex-diretor-da-petrobras-desmente-graca-pasadena-foi-bom-negocio\/","url":"https:\/\/www.notibras.com\/site\/ex-diretor-da-petrobras-desmente-graca-pasadena-foi-bom-negocio\/","name":"Ex-diretor da Petrobras dep\u00f5e. Pasadena foi bom neg\u00f3cio, diz - Notibras","isPartOf":{"@id":"https:\/\/www.notibras.com\/site\/#website"},"primaryImageOfPage":{"@id":"https:\/\/www.notibras.com\/site\/ex-diretor-da-petrobras-desmente-graca-pasadena-foi-bom-negocio\/#primaryimage"},"image":{"@id":"https:\/\/www.notibras.com\/site\/ex-diretor-da-petrobras-desmente-graca-pasadena-foi-bom-negocio\/#primaryimage"},"thumbnailUrl":"https:\/\/www.notibras.com\/site\/wp-content\/uploads\/2014\/04\/911434-cervero_camara_petrobras_14.jpg","datePublished":"2014-04-16T19:33:21+00:00","dateModified":"2014-04-16T20:38:38+00:00","breadcrumb":{"@id":"https:\/\/www.notibras.com\/site\/ex-diretor-da-petrobras-desmente-graca-pasadena-foi-bom-negocio\/#breadcrumb"},"inLanguage":"pt-BR","potentialAction":[{"@type":"ReadAction","target":["https:\/\/www.notibras.com\/site\/ex-diretor-da-petrobras-desmente-graca-pasadena-foi-bom-negocio\/"]}]},{"@type":"ImageObject","inLanguage":"pt-BR","@id":"https:\/\/www.notibras.com\/site\/ex-diretor-da-petrobras-desmente-graca-pasadena-foi-bom-negocio\/#primaryimage","url":"https:\/\/www.notibras.com\/site\/wp-content\/uploads\/2014\/04\/911434-cervero_camara_petrobras_14.jpg","contentUrl":"https:\/\/www.notibras.com\/site\/wp-content\/uploads\/2014\/04\/911434-cervero_camara_petrobras_14.jpg","width":1082,"height":720},{"@type":"BreadcrumbList","@id":"https:\/\/www.notibras.com\/site\/ex-diretor-da-petrobras-desmente-graca-pasadena-foi-bom-negocio\/#breadcrumb","itemListElement":[{"@type":"ListItem","position":1,"name":"In\u00edcio","item":"https:\/\/www.notibras.com\/site\/"},{"@type":"ListItem","position":2,"name":"Ex-diretor da Petrobras dep\u00f5e. Pasadena foi bom neg\u00f3cio, diz"}]},{"@type":"WebSite","@id":"https:\/\/www.notibras.com\/site\/#website","url":"https:\/\/www.notibras.com\/site\/","name":"Notibras","description":"Not\u00edcias de Bras\u00edlia, do Brasil e do Mundo","publisher":{"@id":"https:\/\/www.notibras.com\/site\/#organization"},"potentialAction":[{"@type":"SearchAction","target":{"@type":"EntryPoint","urlTemplate":"https:\/\/www.notibras.com\/site\/?s={search_term_string}"},"query-input":{"@type":"PropertyValueSpecification","valueRequired":true,"valueName":"search_term_string"}}],"inLanguage":"pt-BR"},{"@type":"Organization","@id":"https:\/\/www.notibras.com\/site\/#organization","name":"Grupo Notibras de Comunica\u00e7\u00e3o","url":"https:\/\/www.notibras.com\/site\/","logo":{"@type":"ImageObject","inLanguage":"pt-BR","@id":"https:\/\/www.notibras.com\/site\/#\/schema\/logo\/image\/","url":"https:\/\/www.notibras.com\/site\/wp-content\/uploads\/2023\/01\/notibras23.png","contentUrl":"https:\/\/www.notibras.com\/site\/wp-content\/uploads\/2023\/01\/notibras23.png","width":350,"height":87,"caption":"Grupo Notibras de Comunica\u00e7\u00e3o"},"image":{"@id":"https:\/\/www.notibras.com\/site\/#\/schema\/logo\/image\/"},"sameAs":["https:\/\/www.facebook.com\/notibras\/","https:\/\/x.com\/Notibras","https:\/\/www.instagram.com\/notibras\/"]},{"@type":"Person","@id":"https:\/\/www.notibras.com\/site\/#\/schema\/person\/36ab0979449956132d3e5b517ea76ac8","name":"Reda\u00e7\u00e3o","image":{"@type":"ImageObject","inLanguage":"pt-BR","@id":"https:\/\/secure.gravatar.com\/avatar\/e0a867bdedb85fd243eadf09663511f96fc81e0720a4a42581f334ad4303aa6b?s=96&d=mm&r=g","url":"https:\/\/secure.gravatar.com\/avatar\/e0a867bdedb85fd243eadf09663511f96fc81e0720a4a42581f334ad4303aa6b?s=96&d=mm&r=g","contentUrl":"https:\/\/secure.gravatar.com\/avatar\/e0a867bdedb85fd243eadf09663511f96fc81e0720a4a42581f334ad4303aa6b?s=96&d=mm&r=g","caption":"Reda\u00e7\u00e3o"}}]}},"amp_enabled":true,"_links":{"self":[{"href":"https:\/\/www.notibras.com\/site\/wp-json\/wp\/v2\/posts\/6914","targetHints":{"allow":["GET"]}}],"collection":[{"href":"https:\/\/www.notibras.com\/site\/wp-json\/wp\/v2\/posts"}],"about":[{"href":"https:\/\/www.notibras.com\/site\/wp-json\/wp\/v2\/types\/post"}],"author":[{"embeddable":true,"href":"https:\/\/www.notibras.com\/site\/wp-json\/wp\/v2\/users\/2"}],"replies":[{"embeddable":true,"href":"https:\/\/www.notibras.com\/site\/wp-json\/wp\/v2\/comments?post=6914"}],"version-history":[{"count":0,"href":"https:\/\/www.notibras.com\/site\/wp-json\/wp\/v2\/posts\/6914\/revisions"}],"wp:featuredmedia":[{"embeddable":true,"href":"https:\/\/www.notibras.com\/site\/wp-json\/wp\/v2\/media\/6915"}],"wp:attachment":[{"href":"https:\/\/www.notibras.com\/site\/wp-json\/wp\/v2\/media?parent=6914"}],"wp:term":[{"taxonomy":"category","embeddable":true,"href":"https:\/\/www.notibras.com\/site\/wp-json\/wp\/v2\/categories?post=6914"},{"taxonomy":"post_tag","embeddable":true,"href":"https:\/\/www.notibras.com\/site\/wp-json\/wp\/v2\/tags?post=6914"}],"curies":[{"name":"wp","href":"https:\/\/api.w.org\/{rel}","templated":true}]}}