{"id":69141,"date":"2015-09-23T15:35:08","date_gmt":"2015-09-23T18:35:08","guid":{"rendered":"http:\/\/www.notibras.com\/site\/?p=69141"},"modified":"2015-09-24T08:05:59","modified_gmt":"2015-09-24T11:05:59","slug":"desemprego-e-juros-provocam-corrida-para-negociar-divida-bancaria","status":"publish","type":"post","link":"https:\/\/www.notibras.com\/site\/desemprego-e-juros-provocam-corrida-para-negociar-divida-bancaria\/","title":{"rendered":"Desemprego e juros provocam corridas a gerentes de bancos para negociar d\u00edvidas"},"content":{"rendered":"<p>O desemprego e as taxas de juros mais caras levam ao aumento da renegocia\u00e7\u00e3o de empr\u00e9stimos nos bancos. Em agosto, o saldo dessas renegocia\u00e7\u00f5es chegou a R$ 24,435 bilh\u00f5es, com crescimento de 1,6% no m\u00eas e 10,9%, em 12 meses, de acordo com dados do Banco Central (BC), divulgados hoje (23).<\/p>\n<p>Para o chefe do Departamento Econ\u00f4mico do BC, Tulio Maciel, no cen\u00e1rio econ\u00f4mico atual \u201c\u00e9 natural as pessoas procurem esse tipo de alternativa\u201d. A taxa do cr\u00e9dito renegociado, 44,9% ao ano em agosto, \u00e9 mais baixa que a m\u00e9dia (61,2% ao ano) dos juros cobrados nos empr\u00e9stimos a pessoas f\u00edsicas e os prazos de pagamento costumam ser maiores. A renegocia\u00e7\u00e3o pode ser uma alternativa para sair do rotativo do cart\u00e3o do cr\u00e9dito ou do cheque especial, com taxas de juros muito altas: 403,5% ao ano e 253,2% ao ano, respectivamente.<\/p>\n<p>Entretanto, as tentativas de controlar as d\u00edvidas nem sempre d\u00e3o certo. A taxa de inadimpl\u00eancia (atrasos acima de 90 dias) dessa modalidade, 16,2%, \u00e9 bem maior que a m\u00e9dia (5,5%). \u201cAs pessoas procuram alternativas, tentam regularizar os seus pagamentos, mas nem sempre conseguem\u201d, disse Maciel.<\/p>\n<p>De acordo com os dados do BC, em agosto, tamb\u00e9m cresceu o saldo do rotativo do cart\u00e3o de cr\u00e9dito (1,3%), do empr\u00e9stimo consignado (0,7%) e do cr\u00e9dito pessoal (0,7%). Outras modalidades tiveram queda: compra de ve\u00edculos (1,3%), aquisi\u00e7\u00e3o de bens (1%) e arrendamento mercantil (3,4%). O saldo do cheque especial ficou est\u00e1vel no m\u00eas. Essas modalidades s\u00e3o do cr\u00e9dito com recursos livres, em que os bancos t\u00eam autonomia para para aplicar o dinheiro captado no mercado e definir as taxas de juros.<\/p>\n<p>No caso do cr\u00e9dito com recursos direcionados (empr\u00e9stimos com regras definidas pelo governo, destinados, basicamente, aos setores habitacional, rural e de infraestrutura) para pessoas f\u00edsicas, o destaque \u00e9 o cr\u00e9dito imobili\u00e1rio, com saldo de R$ 481,967 bilh\u00f5es, em agosto. No m\u00eas, o crescimento ficou em 1,1% e em 12 meses, em 20,8%. Segundo Maciel, h\u00e1 uma modera\u00e7\u00e3o no crescimento do cr\u00e9dito imobili\u00e1rio, em momento de eleva\u00e7\u00e3o das taxas de juros.<\/p>\n<p>Maciel disse ainda que as empresas tamb\u00e9m est\u00e3o tomando menos empr\u00e9stimos, devido \u00e0 retra\u00e7\u00e3o da atividade econ\u00f4mica. \u201cO capital de giro, principal modalidade de empr\u00e9stimo \u00e0s empresas com recursos livres, teve redu\u00e7\u00e3o 0,8% no m\u00eas e em 12 meses, de 1,2%\u201d, destacou.<\/p>\n<p><strong>Kelly Oliveira \u2013 ABr<\/strong><\/p>\n","protected":false},"excerpt":{"rendered":"<p>O desemprego e as taxas de juros mais caras levam ao aumento da renegocia\u00e7\u00e3o de empr\u00e9stimos nos bancos. Em agosto, o saldo dessas renegocia\u00e7\u00f5es chegou a R$ 24,435 bilh\u00f5es, com crescimento de 1,6% no m\u00eas e 10,9%, em 12 meses, de acordo com dados do Banco Central (BC), divulgados hoje (23). Para o chefe do [&hellip;]<\/p>\n","protected":false},"author":2,"featured_media":69142,"comment_status":"open","ping_status":"closed","sticky":false,"template":"","format":"standard","meta":{"_acf_changed":false,"footnotes":""},"categories":[16],"tags":[],"class_list":["post-69141","post","type-post","status-publish","format-standard","has-post-thumbnail","hentry","category-brasil"],"acf":[],"yoast_head":"<!-- This site is optimized with the Yoast SEO plugin v27.2 - https:\/\/yoast.com\/product\/yoast-seo-wordpress\/ -->\n<title>Desemprego e juros provocam corridas a gerentes de bancos para negociar d\u00edvidas - Notibras<\/title>\n<meta name=\"robots\" content=\"index, follow, max-snippet:-1, max-image-preview:large, max-video-preview:-1\" \/>\n<link rel=\"canonical\" href=\"https:\/\/www.notibras.com\/site\/desemprego-e-juros-provocam-corrida-para-negociar-divida-bancaria\/\" \/>\n<meta property=\"og:locale\" content=\"pt_BR\" \/>\n<meta property=\"og:type\" content=\"article\" \/>\n<meta property=\"og:title\" content=\"Desemprego e juros provocam corridas a gerentes de bancos para negociar d\u00edvidas - Notibras\" \/>\n<meta property=\"og:description\" content=\"O desemprego e as taxas de juros mais caras levam ao aumento da renegocia\u00e7\u00e3o de empr\u00e9stimos nos bancos. Em agosto, o saldo dessas renegocia\u00e7\u00f5es chegou a R$ 24,435 bilh\u00f5es, com crescimento de 1,6% no m\u00eas e 10,9%, em 12 meses, de acordo com dados do Banco Central (BC), divulgados hoje (23). Para o chefe do [&hellip;]\" \/>\n<meta property=\"og:url\" content=\"https:\/\/www.notibras.com\/site\/desemprego-e-juros-provocam-corrida-para-negociar-divida-bancaria\/\" \/>\n<meta property=\"og:site_name\" content=\"Notibras\" \/>\n<meta property=\"article:publisher\" content=\"https:\/\/www.facebook.com\/notibras\/\" \/>\n<meta property=\"article:published_time\" content=\"2015-09-23T18:35:08+00:00\" \/>\n<meta property=\"article:modified_time\" content=\"2015-09-24T11:05:59+00:00\" \/>\n<meta property=\"og:image\" content=\"https:\/\/www.notibras.com\/site\/wp-content\/uploads\/2015\/09\/divi..jpg\" \/>\n\t<meta property=\"og:image:width\" content=\"503\" \/>\n\t<meta property=\"og:image:height\" content=\"403\" \/>\n\t<meta property=\"og:image:type\" content=\"image\/jpeg\" \/>\n<meta name=\"author\" content=\"Reda\u00e7\u00e3o\" \/>\n<meta name=\"twitter:card\" content=\"summary_large_image\" \/>\n<meta name=\"twitter:creator\" content=\"@Notibras\" \/>\n<meta name=\"twitter:site\" content=\"@Notibras\" \/>\n<meta name=\"twitter:label1\" content=\"Escrito por\" \/>\n\t<meta name=\"twitter:data1\" content=\"Reda\u00e7\u00e3o\" \/>\n\t<meta name=\"twitter:label2\" content=\"Est. tempo de leitura\" \/>\n\t<meta name=\"twitter:data2\" content=\"2 minutos\" \/>\n<script type=\"application\/ld+json\" class=\"yoast-schema-graph\">{\"@context\":\"https:\/\/schema.org\",\"@graph\":[{\"@type\":\"Article\",\"@id\":\"https:\/\/www.notibras.com\/site\/desemprego-e-juros-provocam-corrida-para-negociar-divida-bancaria\/#article\",\"isPartOf\":{\"@id\":\"https:\/\/www.notibras.com\/site\/desemprego-e-juros-provocam-corrida-para-negociar-divida-bancaria\/\"},\"author\":{\"name\":\"Reda\u00e7\u00e3o\",\"@id\":\"https:\/\/www.notibras.com\/site\/#\/schema\/person\/36ab0979449956132d3e5b517ea76ac8\"},\"headline\":\"Desemprego e juros provocam corridas a gerentes de bancos para negociar d\u00edvidas\",\"datePublished\":\"2015-09-23T18:35:08+00:00\",\"dateModified\":\"2015-09-24T11:05:59+00:00\",\"mainEntityOfPage\":{\"@id\":\"https:\/\/www.notibras.com\/site\/desemprego-e-juros-provocam-corrida-para-negociar-divida-bancaria\/\"},\"wordCount\":416,\"commentCount\":0,\"publisher\":{\"@id\":\"https:\/\/www.notibras.com\/site\/#organization\"},\"image\":{\"@id\":\"https:\/\/www.notibras.com\/site\/desemprego-e-juros-provocam-corrida-para-negociar-divida-bancaria\/#primaryimage\"},\"thumbnailUrl\":\"https:\/\/www.notibras.com\/site\/wp-content\/uploads\/2015\/09\/divi..jpg\",\"articleSection\":[\"Brasil\"],\"inLanguage\":\"pt-BR\",\"potentialAction\":[{\"@type\":\"CommentAction\",\"name\":\"Comment\",\"target\":[\"https:\/\/www.notibras.com\/site\/desemprego-e-juros-provocam-corrida-para-negociar-divida-bancaria\/#respond\"]}]},{\"@type\":\"WebPage\",\"@id\":\"https:\/\/www.notibras.com\/site\/desemprego-e-juros-provocam-corrida-para-negociar-divida-bancaria\/\",\"url\":\"https:\/\/www.notibras.com\/site\/desemprego-e-juros-provocam-corrida-para-negociar-divida-bancaria\/\",\"name\":\"Desemprego e juros provocam corridas a gerentes de bancos para negociar d\u00edvidas - Notibras\",\"isPartOf\":{\"@id\":\"https:\/\/www.notibras.com\/site\/#website\"},\"primaryImageOfPage\":{\"@id\":\"https:\/\/www.notibras.com\/site\/desemprego-e-juros-provocam-corrida-para-negociar-divida-bancaria\/#primaryimage\"},\"image\":{\"@id\":\"https:\/\/www.notibras.com\/site\/desemprego-e-juros-provocam-corrida-para-negociar-divida-bancaria\/#primaryimage\"},\"thumbnailUrl\":\"https:\/\/www.notibras.com\/site\/wp-content\/uploads\/2015\/09\/divi..jpg\",\"datePublished\":\"2015-09-23T18:35:08+00:00\",\"dateModified\":\"2015-09-24T11:05:59+00:00\",\"breadcrumb\":{\"@id\":\"https:\/\/www.notibras.com\/site\/desemprego-e-juros-provocam-corrida-para-negociar-divida-bancaria\/#breadcrumb\"},\"inLanguage\":\"pt-BR\",\"potentialAction\":[{\"@type\":\"ReadAction\",\"target\":[\"https:\/\/www.notibras.com\/site\/desemprego-e-juros-provocam-corrida-para-negociar-divida-bancaria\/\"]}]},{\"@type\":\"ImageObject\",\"inLanguage\":\"pt-BR\",\"@id\":\"https:\/\/www.notibras.com\/site\/desemprego-e-juros-provocam-corrida-para-negociar-divida-bancaria\/#primaryimage\",\"url\":\"https:\/\/www.notibras.com\/site\/wp-content\/uploads\/2015\/09\/divi..jpg\",\"contentUrl\":\"https:\/\/www.notibras.com\/site\/wp-content\/uploads\/2015\/09\/divi..jpg\",\"width\":503,\"height\":403},{\"@type\":\"BreadcrumbList\",\"@id\":\"https:\/\/www.notibras.com\/site\/desemprego-e-juros-provocam-corrida-para-negociar-divida-bancaria\/#breadcrumb\",\"itemListElement\":[{\"@type\":\"ListItem\",\"position\":1,\"name\":\"In\u00edcio\",\"item\":\"https:\/\/www.notibras.com\/site\/\"},{\"@type\":\"ListItem\",\"position\":2,\"name\":\"Desemprego e juros provocam corridas a gerentes de bancos para negociar d\u00edvidas\"}]},{\"@type\":\"WebSite\",\"@id\":\"https:\/\/www.notibras.com\/site\/#website\",\"url\":\"https:\/\/www.notibras.com\/site\/\",\"name\":\"Notibras\",\"description\":\"Not\u00edcias de Bras\u00edlia, do Brasil e do Mundo\",\"publisher\":{\"@id\":\"https:\/\/www.notibras.com\/site\/#organization\"},\"potentialAction\":[{\"@type\":\"SearchAction\",\"target\":{\"@type\":\"EntryPoint\",\"urlTemplate\":\"https:\/\/www.notibras.com\/site\/?s={search_term_string}\"},\"query-input\":{\"@type\":\"PropertyValueSpecification\",\"valueRequired\":true,\"valueName\":\"search_term_string\"}}],\"inLanguage\":\"pt-BR\"},{\"@type\":\"Organization\",\"@id\":\"https:\/\/www.notibras.com\/site\/#organization\",\"name\":\"Grupo Notibras de Comunica\u00e7\u00e3o\",\"url\":\"https:\/\/www.notibras.com\/site\/\",\"logo\":{\"@type\":\"ImageObject\",\"inLanguage\":\"pt-BR\",\"@id\":\"https:\/\/www.notibras.com\/site\/#\/schema\/logo\/image\/\",\"url\":\"https:\/\/www.notibras.com\/site\/wp-content\/uploads\/2023\/01\/notibras23.png\",\"contentUrl\":\"https:\/\/www.notibras.com\/site\/wp-content\/uploads\/2023\/01\/notibras23.png\",\"width\":350,\"height\":87,\"caption\":\"Grupo Notibras de Comunica\u00e7\u00e3o\"},\"image\":{\"@id\":\"https:\/\/www.notibras.com\/site\/#\/schema\/logo\/image\/\"},\"sameAs\":[\"https:\/\/www.facebook.com\/notibras\/\",\"https:\/\/x.com\/Notibras\",\"https:\/\/www.instagram.com\/notibras\/\"]},{\"@type\":\"Person\",\"@id\":\"https:\/\/www.notibras.com\/site\/#\/schema\/person\/36ab0979449956132d3e5b517ea76ac8\",\"name\":\"Reda\u00e7\u00e3o\",\"image\":{\"@type\":\"ImageObject\",\"inLanguage\":\"pt-BR\",\"@id\":\"https:\/\/secure.gravatar.com\/avatar\/e0a867bdedb85fd243eadf09663511f96fc81e0720a4a42581f334ad4303aa6b?s=96&d=mm&r=g\",\"url\":\"https:\/\/secure.gravatar.com\/avatar\/e0a867bdedb85fd243eadf09663511f96fc81e0720a4a42581f334ad4303aa6b?s=96&d=mm&r=g\",\"contentUrl\":\"https:\/\/secure.gravatar.com\/avatar\/e0a867bdedb85fd243eadf09663511f96fc81e0720a4a42581f334ad4303aa6b?s=96&d=mm&r=g\",\"caption\":\"Reda\u00e7\u00e3o\"}}]}<\/script>\n<!-- \/ Yoast SEO plugin. -->","yoast_head_json":{"title":"Desemprego e juros provocam corridas a gerentes de bancos para negociar d\u00edvidas - Notibras","robots":{"index":"index","follow":"follow","max-snippet":"max-snippet:-1","max-image-preview":"max-image-preview:large","max-video-preview":"max-video-preview:-1"},"canonical":"https:\/\/www.notibras.com\/site\/desemprego-e-juros-provocam-corrida-para-negociar-divida-bancaria\/","og_locale":"pt_BR","og_type":"article","og_title":"Desemprego e juros provocam corridas a gerentes de bancos para negociar d\u00edvidas - Notibras","og_description":"O desemprego e as taxas de juros mais caras levam ao aumento da renegocia\u00e7\u00e3o de empr\u00e9stimos nos bancos. Em agosto, o saldo dessas renegocia\u00e7\u00f5es chegou a R$ 24,435 bilh\u00f5es, com crescimento de 1,6% no m\u00eas e 10,9%, em 12 meses, de acordo com dados do Banco Central (BC), divulgados hoje (23). Para o chefe do [&hellip;]","og_url":"https:\/\/www.notibras.com\/site\/desemprego-e-juros-provocam-corrida-para-negociar-divida-bancaria\/","og_site_name":"Notibras","article_publisher":"https:\/\/www.facebook.com\/notibras\/","article_published_time":"2015-09-23T18:35:08+00:00","article_modified_time":"2015-09-24T11:05:59+00:00","og_image":[{"width":503,"height":403,"url":"https:\/\/www.notibras.com\/site\/wp-content\/uploads\/2015\/09\/divi..jpg","type":"image\/jpeg"}],"author":"Reda\u00e7\u00e3o","twitter_card":"summary_large_image","twitter_creator":"@Notibras","twitter_site":"@Notibras","twitter_misc":{"Escrito por":"Reda\u00e7\u00e3o","Est. tempo de leitura":"2 minutos"},"schema":{"@context":"https:\/\/schema.org","@graph":[{"@type":"Article","@id":"https:\/\/www.notibras.com\/site\/desemprego-e-juros-provocam-corrida-para-negociar-divida-bancaria\/#article","isPartOf":{"@id":"https:\/\/www.notibras.com\/site\/desemprego-e-juros-provocam-corrida-para-negociar-divida-bancaria\/"},"author":{"name":"Reda\u00e7\u00e3o","@id":"https:\/\/www.notibras.com\/site\/#\/schema\/person\/36ab0979449956132d3e5b517ea76ac8"},"headline":"Desemprego e juros provocam corridas a gerentes de bancos para negociar d\u00edvidas","datePublished":"2015-09-23T18:35:08+00:00","dateModified":"2015-09-24T11:05:59+00:00","mainEntityOfPage":{"@id":"https:\/\/www.notibras.com\/site\/desemprego-e-juros-provocam-corrida-para-negociar-divida-bancaria\/"},"wordCount":416,"commentCount":0,"publisher":{"@id":"https:\/\/www.notibras.com\/site\/#organization"},"image":{"@id":"https:\/\/www.notibras.com\/site\/desemprego-e-juros-provocam-corrida-para-negociar-divida-bancaria\/#primaryimage"},"thumbnailUrl":"https:\/\/www.notibras.com\/site\/wp-content\/uploads\/2015\/09\/divi..jpg","articleSection":["Brasil"],"inLanguage":"pt-BR","potentialAction":[{"@type":"CommentAction","name":"Comment","target":["https:\/\/www.notibras.com\/site\/desemprego-e-juros-provocam-corrida-para-negociar-divida-bancaria\/#respond"]}]},{"@type":"WebPage","@id":"https:\/\/www.notibras.com\/site\/desemprego-e-juros-provocam-corrida-para-negociar-divida-bancaria\/","url":"https:\/\/www.notibras.com\/site\/desemprego-e-juros-provocam-corrida-para-negociar-divida-bancaria\/","name":"Desemprego e juros provocam corridas a gerentes de bancos para negociar d\u00edvidas - Notibras","isPartOf":{"@id":"https:\/\/www.notibras.com\/site\/#website"},"primaryImageOfPage":{"@id":"https:\/\/www.notibras.com\/site\/desemprego-e-juros-provocam-corrida-para-negociar-divida-bancaria\/#primaryimage"},"image":{"@id":"https:\/\/www.notibras.com\/site\/desemprego-e-juros-provocam-corrida-para-negociar-divida-bancaria\/#primaryimage"},"thumbnailUrl":"https:\/\/www.notibras.com\/site\/wp-content\/uploads\/2015\/09\/divi..jpg","datePublished":"2015-09-23T18:35:08+00:00","dateModified":"2015-09-24T11:05:59+00:00","breadcrumb":{"@id":"https:\/\/www.notibras.com\/site\/desemprego-e-juros-provocam-corrida-para-negociar-divida-bancaria\/#breadcrumb"},"inLanguage":"pt-BR","potentialAction":[{"@type":"ReadAction","target":["https:\/\/www.notibras.com\/site\/desemprego-e-juros-provocam-corrida-para-negociar-divida-bancaria\/"]}]},{"@type":"ImageObject","inLanguage":"pt-BR","@id":"https:\/\/www.notibras.com\/site\/desemprego-e-juros-provocam-corrida-para-negociar-divida-bancaria\/#primaryimage","url":"https:\/\/www.notibras.com\/site\/wp-content\/uploads\/2015\/09\/divi..jpg","contentUrl":"https:\/\/www.notibras.com\/site\/wp-content\/uploads\/2015\/09\/divi..jpg","width":503,"height":403},{"@type":"BreadcrumbList","@id":"https:\/\/www.notibras.com\/site\/desemprego-e-juros-provocam-corrida-para-negociar-divida-bancaria\/#breadcrumb","itemListElement":[{"@type":"ListItem","position":1,"name":"In\u00edcio","item":"https:\/\/www.notibras.com\/site\/"},{"@type":"ListItem","position":2,"name":"Desemprego e juros provocam corridas a gerentes de bancos para negociar d\u00edvidas"}]},{"@type":"WebSite","@id":"https:\/\/www.notibras.com\/site\/#website","url":"https:\/\/www.notibras.com\/site\/","name":"Notibras","description":"Not\u00edcias de Bras\u00edlia, do Brasil e do Mundo","publisher":{"@id":"https:\/\/www.notibras.com\/site\/#organization"},"potentialAction":[{"@type":"SearchAction","target":{"@type":"EntryPoint","urlTemplate":"https:\/\/www.notibras.com\/site\/?s={search_term_string}"},"query-input":{"@type":"PropertyValueSpecification","valueRequired":true,"valueName":"search_term_string"}}],"inLanguage":"pt-BR"},{"@type":"Organization","@id":"https:\/\/www.notibras.com\/site\/#organization","name":"Grupo Notibras de Comunica\u00e7\u00e3o","url":"https:\/\/www.notibras.com\/site\/","logo":{"@type":"ImageObject","inLanguage":"pt-BR","@id":"https:\/\/www.notibras.com\/site\/#\/schema\/logo\/image\/","url":"https:\/\/www.notibras.com\/site\/wp-content\/uploads\/2023\/01\/notibras23.png","contentUrl":"https:\/\/www.notibras.com\/site\/wp-content\/uploads\/2023\/01\/notibras23.png","width":350,"height":87,"caption":"Grupo Notibras de Comunica\u00e7\u00e3o"},"image":{"@id":"https:\/\/www.notibras.com\/site\/#\/schema\/logo\/image\/"},"sameAs":["https:\/\/www.facebook.com\/notibras\/","https:\/\/x.com\/Notibras","https:\/\/www.instagram.com\/notibras\/"]},{"@type":"Person","@id":"https:\/\/www.notibras.com\/site\/#\/schema\/person\/36ab0979449956132d3e5b517ea76ac8","name":"Reda\u00e7\u00e3o","image":{"@type":"ImageObject","inLanguage":"pt-BR","@id":"https:\/\/secure.gravatar.com\/avatar\/e0a867bdedb85fd243eadf09663511f96fc81e0720a4a42581f334ad4303aa6b?s=96&d=mm&r=g","url":"https:\/\/secure.gravatar.com\/avatar\/e0a867bdedb85fd243eadf09663511f96fc81e0720a4a42581f334ad4303aa6b?s=96&d=mm&r=g","contentUrl":"https:\/\/secure.gravatar.com\/avatar\/e0a867bdedb85fd243eadf09663511f96fc81e0720a4a42581f334ad4303aa6b?s=96&d=mm&r=g","caption":"Reda\u00e7\u00e3o"}}]}},"amp_enabled":true,"_links":{"self":[{"href":"https:\/\/www.notibras.com\/site\/wp-json\/wp\/v2\/posts\/69141","targetHints":{"allow":["GET"]}}],"collection":[{"href":"https:\/\/www.notibras.com\/site\/wp-json\/wp\/v2\/posts"}],"about":[{"href":"https:\/\/www.notibras.com\/site\/wp-json\/wp\/v2\/types\/post"}],"author":[{"embeddable":true,"href":"https:\/\/www.notibras.com\/site\/wp-json\/wp\/v2\/users\/2"}],"replies":[{"embeddable":true,"href":"https:\/\/www.notibras.com\/site\/wp-json\/wp\/v2\/comments?post=69141"}],"version-history":[{"count":4,"href":"https:\/\/www.notibras.com\/site\/wp-json\/wp\/v2\/posts\/69141\/revisions"}],"predecessor-version":[{"id":69242,"href":"https:\/\/www.notibras.com\/site\/wp-json\/wp\/v2\/posts\/69141\/revisions\/69242"}],"wp:featuredmedia":[{"embeddable":true,"href":"https:\/\/www.notibras.com\/site\/wp-json\/wp\/v2\/media\/69142"}],"wp:attachment":[{"href":"https:\/\/www.notibras.com\/site\/wp-json\/wp\/v2\/media?parent=69141"}],"wp:term":[{"taxonomy":"category","embeddable":true,"href":"https:\/\/www.notibras.com\/site\/wp-json\/wp\/v2\/categories?post=69141"},{"taxonomy":"post_tag","embeddable":true,"href":"https:\/\/www.notibras.com\/site\/wp-json\/wp\/v2\/tags?post=69141"}],"curies":[{"name":"wp","href":"https:\/\/api.w.org\/{rel}","templated":true}]}}