{"id":69153,"date":"2015-09-23T12:56:39","date_gmt":"2015-09-23T15:56:39","guid":{"rendered":"http:\/\/www.notibras.com\/site\/?p=69153"},"modified":"2015-09-23T17:02:22","modified_gmt":"2015-09-23T20:02:22","slug":"policia-federal-deflagra-operacao-monte-olimpo-para-pegar-deuses-da-evasao-de-divisas","status":"publish","type":"post","link":"https:\/\/www.notibras.com\/site\/policia-federal-deflagra-operacao-monte-olimpo-para-pegar-deuses-da-evasao-de-divisas\/","title":{"rendered":"Pol\u00edcia Federal deflagra a Monte Olimpo para pegar os deuses da evas\u00e3o de divisas"},"content":{"rendered":"<p>A Pol\u00edcia Federal (PF) deflagrou nesta quarta\u00a0(23) em S\u00e3o Paulo a Opera\u00e7\u00e3o Monte Olimpo. O objetivo \u00e9 reprimir crimes de evas\u00e3o de divisas e lavagem de dinheiro cometidos por meio da atua\u00e7\u00e3o de doleiros que remetiam recursos ao exterior pelo m\u00e9todo conhecido como d\u00f3lar-cabo.<\/p>\n<p>Segundo comunicado da PF, foram cumpridos oito mandados de busca e apreens\u00e3o na capital paulista, expedidos pela 6\u00aa Vara Criminal Federal de S\u00e3o Paulo, nos bairros de Vila Nova Concei\u00e7\u00e3o, Jardins, Alto de Pinheiros e Perdizes.<\/p>\n<p>Ainda de acordo com a PF, o inqu\u00e9rito policial foi instaurado em 2013, ap\u00f3s a constata\u00e7\u00e3o de que doleiros j\u00e1 investigados pela entidade em outras opera\u00e7\u00f5es continuavam atuando. Eles usavam o nome de um empres\u00e1rio portugu\u00eas que j\u00e1 morreu para remeter quantias ao exterior.<\/p>\n<p>\u201cA opera\u00e7\u00e3o tamb\u00e9m busca novos elementos da pr\u00e1tica do crime de fraude processual em rela\u00e7\u00e3o a outras pessoas acusadas de fraudar v\u00ednculos pessoais com o empres\u00e1rio, com o fim de obter bens e valores, que j\u00e1 haviam sido apreendidos em favor da Uni\u00e3o, a t\u00edtulo de heran\u00e7a\u201d, informou a corpora\u00e7\u00e3o.<\/p>\n<p>A pedido da PF, os R$ 24 milh\u00f5es que estavam depositados na conta do empres\u00e1rio foram bloqueados. Os investigados poder\u00e3o ser responsabilizados pelos crimes de lavagem de dinheiro, evas\u00e3o de divisas e fraude processual, com penas que variam de tr\u00eas meses a dez anos de pris\u00e3o.<\/p>\n<p><strong>Paula Laboissi\u00e8re, ABr<\/strong><\/p>\n","protected":false},"excerpt":{"rendered":"<p>A Pol\u00edcia Federal (PF) deflagrou nesta quarta\u00a0(23) em S\u00e3o Paulo a Opera\u00e7\u00e3o Monte Olimpo. O objetivo \u00e9 reprimir crimes de evas\u00e3o de divisas e lavagem de dinheiro cometidos por meio da atua\u00e7\u00e3o de doleiros que remetiam recursos ao exterior pelo m\u00e9todo conhecido como d\u00f3lar-cabo. Segundo comunicado da PF, foram cumpridos oito mandados de busca e [&hellip;]<\/p>\n","protected":false},"author":2,"featured_media":0,"comment_status":"open","ping_status":"closed","sticky":false,"template":"","format":"standard","meta":{"_acf_changed":false,"footnotes":""},"categories":[16],"tags":[],"class_list":["post-69153","post","type-post","status-publish","format-standard","hentry","category-brasil"],"acf":[],"yoast_head":"<!-- This site is optimized with the Yoast SEO plugin v27.2 - https:\/\/yoast.com\/product\/yoast-seo-wordpress\/ -->\n<title>Pol\u00edcia Federal deflagra a Monte Olimpo para pegar os deuses da evas\u00e3o de divisas - Notibras<\/title>\n<meta name=\"robots\" content=\"index, follow, max-snippet:-1, max-image-preview:large, max-video-preview:-1\" \/>\n<link rel=\"canonical\" href=\"https:\/\/www.notibras.com\/site\/policia-federal-deflagra-operacao-monte-olimpo-para-pegar-deuses-da-evasao-de-divisas\/\" \/>\n<meta property=\"og:locale\" content=\"pt_BR\" \/>\n<meta property=\"og:type\" content=\"article\" \/>\n<meta property=\"og:title\" content=\"Pol\u00edcia Federal deflagra a Monte Olimpo para pegar os deuses da evas\u00e3o de divisas - Notibras\" \/>\n<meta property=\"og:description\" content=\"A Pol\u00edcia Federal (PF) deflagrou nesta quarta\u00a0(23) em S\u00e3o Paulo a Opera\u00e7\u00e3o Monte Olimpo. O objetivo \u00e9 reprimir crimes de evas\u00e3o de divisas e lavagem de dinheiro cometidos por meio da atua\u00e7\u00e3o de doleiros que remetiam recursos ao exterior pelo m\u00e9todo conhecido como d\u00f3lar-cabo. Segundo comunicado da PF, foram cumpridos oito mandados de busca e [&hellip;]\" \/>\n<meta property=\"og:url\" content=\"https:\/\/www.notibras.com\/site\/policia-federal-deflagra-operacao-monte-olimpo-para-pegar-deuses-da-evasao-de-divisas\/\" \/>\n<meta property=\"og:site_name\" content=\"Notibras\" \/>\n<meta property=\"article:publisher\" content=\"https:\/\/www.facebook.com\/notibras\/\" \/>\n<meta property=\"article:published_time\" content=\"2015-09-23T15:56:39+00:00\" \/>\n<meta property=\"article:modified_time\" content=\"2015-09-23T20:02:22+00:00\" \/>\n<meta property=\"og:image\" content=\"https:\/\/www.notibras.com\/site\/wp-content\/uploads\/2015\/09\/agtsPF.jpg\" \/>\n\t<meta property=\"og:image:width\" content=\"400\" \/>\n\t<meta property=\"og:image:height\" content=\"230\" \/>\n\t<meta property=\"og:image:type\" content=\"image\/jpeg\" \/>\n<meta name=\"author\" content=\"Reda\u00e7\u00e3o\" \/>\n<meta name=\"twitter:card\" content=\"summary_large_image\" \/>\n<meta name=\"twitter:creator\" content=\"@Notibras\" \/>\n<meta name=\"twitter:site\" content=\"@Notibras\" \/>\n<meta name=\"twitter:label1\" content=\"Escrito por\" \/>\n\t<meta name=\"twitter:data1\" content=\"Reda\u00e7\u00e3o\" \/>\n\t<meta name=\"twitter:label2\" content=\"Est. tempo de leitura\" \/>\n\t<meta name=\"twitter:data2\" content=\"1 minuto\" \/>\n<script type=\"application\/ld+json\" class=\"yoast-schema-graph\">{\"@context\":\"https:\/\/schema.org\",\"@graph\":[{\"@type\":\"Article\",\"@id\":\"https:\/\/www.notibras.com\/site\/policia-federal-deflagra-operacao-monte-olimpo-para-pegar-deuses-da-evasao-de-divisas\/#article\",\"isPartOf\":{\"@id\":\"https:\/\/www.notibras.com\/site\/policia-federal-deflagra-operacao-monte-olimpo-para-pegar-deuses-da-evasao-de-divisas\/\"},\"author\":{\"name\":\"Reda\u00e7\u00e3o\",\"@id\":\"https:\/\/www.notibras.com\/site\/#\/schema\/person\/36ab0979449956132d3e5b517ea76ac8\"},\"headline\":\"Pol\u00edcia Federal deflagra a Monte Olimpo para pegar os deuses da evas\u00e3o de divisas\",\"datePublished\":\"2015-09-23T15:56:39+00:00\",\"dateModified\":\"2015-09-23T20:02:22+00:00\",\"mainEntityOfPage\":{\"@id\":\"https:\/\/www.notibras.com\/site\/policia-federal-deflagra-operacao-monte-olimpo-para-pegar-deuses-da-evasao-de-divisas\/\"},\"wordCount\":268,\"commentCount\":0,\"publisher\":{\"@id\":\"https:\/\/www.notibras.com\/site\/#organization\"},\"articleSection\":[\"Brasil\"],\"inLanguage\":\"pt-BR\",\"potentialAction\":[{\"@type\":\"CommentAction\",\"name\":\"Comment\",\"target\":[\"https:\/\/www.notibras.com\/site\/policia-federal-deflagra-operacao-monte-olimpo-para-pegar-deuses-da-evasao-de-divisas\/#respond\"]}]},{\"@type\":\"WebPage\",\"@id\":\"https:\/\/www.notibras.com\/site\/policia-federal-deflagra-operacao-monte-olimpo-para-pegar-deuses-da-evasao-de-divisas\/\",\"url\":\"https:\/\/www.notibras.com\/site\/policia-federal-deflagra-operacao-monte-olimpo-para-pegar-deuses-da-evasao-de-divisas\/\",\"name\":\"Pol\u00edcia Federal deflagra a Monte Olimpo para pegar os deuses da evas\u00e3o de divisas - Notibras\",\"isPartOf\":{\"@id\":\"https:\/\/www.notibras.com\/site\/#website\"},\"datePublished\":\"2015-09-23T15:56:39+00:00\",\"dateModified\":\"2015-09-23T20:02:22+00:00\",\"breadcrumb\":{\"@id\":\"https:\/\/www.notibras.com\/site\/policia-federal-deflagra-operacao-monte-olimpo-para-pegar-deuses-da-evasao-de-divisas\/#breadcrumb\"},\"inLanguage\":\"pt-BR\",\"potentialAction\":[{\"@type\":\"ReadAction\",\"target\":[\"https:\/\/www.notibras.com\/site\/policia-federal-deflagra-operacao-monte-olimpo-para-pegar-deuses-da-evasao-de-divisas\/\"]}]},{\"@type\":\"BreadcrumbList\",\"@id\":\"https:\/\/www.notibras.com\/site\/policia-federal-deflagra-operacao-monte-olimpo-para-pegar-deuses-da-evasao-de-divisas\/#breadcrumb\",\"itemListElement\":[{\"@type\":\"ListItem\",\"position\":1,\"name\":\"In\u00edcio\",\"item\":\"https:\/\/www.notibras.com\/site\/\"},{\"@type\":\"ListItem\",\"position\":2,\"name\":\"Pol\u00edcia Federal deflagra a Monte Olimpo para pegar os deuses da evas\u00e3o de divisas\"}]},{\"@type\":\"WebSite\",\"@id\":\"https:\/\/www.notibras.com\/site\/#website\",\"url\":\"https:\/\/www.notibras.com\/site\/\",\"name\":\"Notibras\",\"description\":\"Not\u00edcias de Bras\u00edlia, do Brasil e do Mundo\",\"publisher\":{\"@id\":\"https:\/\/www.notibras.com\/site\/#organization\"},\"potentialAction\":[{\"@type\":\"SearchAction\",\"target\":{\"@type\":\"EntryPoint\",\"urlTemplate\":\"https:\/\/www.notibras.com\/site\/?s={search_term_string}\"},\"query-input\":{\"@type\":\"PropertyValueSpecification\",\"valueRequired\":true,\"valueName\":\"search_term_string\"}}],\"inLanguage\":\"pt-BR\"},{\"@type\":\"Organization\",\"@id\":\"https:\/\/www.notibras.com\/site\/#organization\",\"name\":\"Grupo Notibras de Comunica\u00e7\u00e3o\",\"url\":\"https:\/\/www.notibras.com\/site\/\",\"logo\":{\"@type\":\"ImageObject\",\"inLanguage\":\"pt-BR\",\"@id\":\"https:\/\/www.notibras.com\/site\/#\/schema\/logo\/image\/\",\"url\":\"https:\/\/www.notibras.com\/site\/wp-content\/uploads\/2023\/01\/notibras23.png\",\"contentUrl\":\"https:\/\/www.notibras.com\/site\/wp-content\/uploads\/2023\/01\/notibras23.png\",\"width\":350,\"height\":87,\"caption\":\"Grupo Notibras de Comunica\u00e7\u00e3o\"},\"image\":{\"@id\":\"https:\/\/www.notibras.com\/site\/#\/schema\/logo\/image\/\"},\"sameAs\":[\"https:\/\/www.facebook.com\/notibras\/\",\"https:\/\/x.com\/Notibras\",\"https:\/\/www.instagram.com\/notibras\/\"]},{\"@type\":\"Person\",\"@id\":\"https:\/\/www.notibras.com\/site\/#\/schema\/person\/36ab0979449956132d3e5b517ea76ac8\",\"name\":\"Reda\u00e7\u00e3o\",\"image\":{\"@type\":\"ImageObject\",\"inLanguage\":\"pt-BR\",\"@id\":\"https:\/\/secure.gravatar.com\/avatar\/e0a867bdedb85fd243eadf09663511f96fc81e0720a4a42581f334ad4303aa6b?s=96&d=mm&r=g\",\"url\":\"https:\/\/secure.gravatar.com\/avatar\/e0a867bdedb85fd243eadf09663511f96fc81e0720a4a42581f334ad4303aa6b?s=96&d=mm&r=g\",\"contentUrl\":\"https:\/\/secure.gravatar.com\/avatar\/e0a867bdedb85fd243eadf09663511f96fc81e0720a4a42581f334ad4303aa6b?s=96&d=mm&r=g\",\"caption\":\"Reda\u00e7\u00e3o\"}}]}<\/script>\n<!-- \/ Yoast SEO plugin. -->","yoast_head_json":{"title":"Pol\u00edcia Federal deflagra a Monte Olimpo para pegar os deuses da evas\u00e3o de divisas - Notibras","robots":{"index":"index","follow":"follow","max-snippet":"max-snippet:-1","max-image-preview":"max-image-preview:large","max-video-preview":"max-video-preview:-1"},"canonical":"https:\/\/www.notibras.com\/site\/policia-federal-deflagra-operacao-monte-olimpo-para-pegar-deuses-da-evasao-de-divisas\/","og_locale":"pt_BR","og_type":"article","og_title":"Pol\u00edcia Federal deflagra a Monte Olimpo para pegar os deuses da evas\u00e3o de divisas - Notibras","og_description":"A Pol\u00edcia Federal (PF) deflagrou nesta quarta\u00a0(23) em S\u00e3o Paulo a Opera\u00e7\u00e3o Monte Olimpo. O objetivo \u00e9 reprimir crimes de evas\u00e3o de divisas e lavagem de dinheiro cometidos por meio da atua\u00e7\u00e3o de doleiros que remetiam recursos ao exterior pelo m\u00e9todo conhecido como d\u00f3lar-cabo. Segundo comunicado da PF, foram cumpridos oito mandados de busca e [&hellip;]","og_url":"https:\/\/www.notibras.com\/site\/policia-federal-deflagra-operacao-monte-olimpo-para-pegar-deuses-da-evasao-de-divisas\/","og_site_name":"Notibras","article_publisher":"https:\/\/www.facebook.com\/notibras\/","article_published_time":"2015-09-23T15:56:39+00:00","article_modified_time":"2015-09-23T20:02:22+00:00","og_image":[{"width":400,"height":230,"url":"https:\/\/www.notibras.com\/site\/wp-content\/uploads\/2015\/09\/agtsPF.jpg","type":"image\/jpeg"}],"author":"Reda\u00e7\u00e3o","twitter_card":"summary_large_image","twitter_creator":"@Notibras","twitter_site":"@Notibras","twitter_misc":{"Escrito por":"Reda\u00e7\u00e3o","Est. tempo de leitura":"1 minuto"},"schema":{"@context":"https:\/\/schema.org","@graph":[{"@type":"Article","@id":"https:\/\/www.notibras.com\/site\/policia-federal-deflagra-operacao-monte-olimpo-para-pegar-deuses-da-evasao-de-divisas\/#article","isPartOf":{"@id":"https:\/\/www.notibras.com\/site\/policia-federal-deflagra-operacao-monte-olimpo-para-pegar-deuses-da-evasao-de-divisas\/"},"author":{"name":"Reda\u00e7\u00e3o","@id":"https:\/\/www.notibras.com\/site\/#\/schema\/person\/36ab0979449956132d3e5b517ea76ac8"},"headline":"Pol\u00edcia Federal deflagra a Monte Olimpo para pegar os deuses da evas\u00e3o de divisas","datePublished":"2015-09-23T15:56:39+00:00","dateModified":"2015-09-23T20:02:22+00:00","mainEntityOfPage":{"@id":"https:\/\/www.notibras.com\/site\/policia-federal-deflagra-operacao-monte-olimpo-para-pegar-deuses-da-evasao-de-divisas\/"},"wordCount":268,"commentCount":0,"publisher":{"@id":"https:\/\/www.notibras.com\/site\/#organization"},"articleSection":["Brasil"],"inLanguage":"pt-BR","potentialAction":[{"@type":"CommentAction","name":"Comment","target":["https:\/\/www.notibras.com\/site\/policia-federal-deflagra-operacao-monte-olimpo-para-pegar-deuses-da-evasao-de-divisas\/#respond"]}]},{"@type":"WebPage","@id":"https:\/\/www.notibras.com\/site\/policia-federal-deflagra-operacao-monte-olimpo-para-pegar-deuses-da-evasao-de-divisas\/","url":"https:\/\/www.notibras.com\/site\/policia-federal-deflagra-operacao-monte-olimpo-para-pegar-deuses-da-evasao-de-divisas\/","name":"Pol\u00edcia Federal deflagra a Monte Olimpo para pegar os deuses da evas\u00e3o de divisas - Notibras","isPartOf":{"@id":"https:\/\/www.notibras.com\/site\/#website"},"datePublished":"2015-09-23T15:56:39+00:00","dateModified":"2015-09-23T20:02:22+00:00","breadcrumb":{"@id":"https:\/\/www.notibras.com\/site\/policia-federal-deflagra-operacao-monte-olimpo-para-pegar-deuses-da-evasao-de-divisas\/#breadcrumb"},"inLanguage":"pt-BR","potentialAction":[{"@type":"ReadAction","target":["https:\/\/www.notibras.com\/site\/policia-federal-deflagra-operacao-monte-olimpo-para-pegar-deuses-da-evasao-de-divisas\/"]}]},{"@type":"BreadcrumbList","@id":"https:\/\/www.notibras.com\/site\/policia-federal-deflagra-operacao-monte-olimpo-para-pegar-deuses-da-evasao-de-divisas\/#breadcrumb","itemListElement":[{"@type":"ListItem","position":1,"name":"In\u00edcio","item":"https:\/\/www.notibras.com\/site\/"},{"@type":"ListItem","position":2,"name":"Pol\u00edcia Federal deflagra a Monte Olimpo para pegar os deuses da evas\u00e3o de divisas"}]},{"@type":"WebSite","@id":"https:\/\/www.notibras.com\/site\/#website","url":"https:\/\/www.notibras.com\/site\/","name":"Notibras","description":"Not\u00edcias de Bras\u00edlia, do Brasil e do Mundo","publisher":{"@id":"https:\/\/www.notibras.com\/site\/#organization"},"potentialAction":[{"@type":"SearchAction","target":{"@type":"EntryPoint","urlTemplate":"https:\/\/www.notibras.com\/site\/?s={search_term_string}"},"query-input":{"@type":"PropertyValueSpecification","valueRequired":true,"valueName":"search_term_string"}}],"inLanguage":"pt-BR"},{"@type":"Organization","@id":"https:\/\/www.notibras.com\/site\/#organization","name":"Grupo Notibras de Comunica\u00e7\u00e3o","url":"https:\/\/www.notibras.com\/site\/","logo":{"@type":"ImageObject","inLanguage":"pt-BR","@id":"https:\/\/www.notibras.com\/site\/#\/schema\/logo\/image\/","url":"https:\/\/www.notibras.com\/site\/wp-content\/uploads\/2023\/01\/notibras23.png","contentUrl":"https:\/\/www.notibras.com\/site\/wp-content\/uploads\/2023\/01\/notibras23.png","width":350,"height":87,"caption":"Grupo Notibras de Comunica\u00e7\u00e3o"},"image":{"@id":"https:\/\/www.notibras.com\/site\/#\/schema\/logo\/image\/"},"sameAs":["https:\/\/www.facebook.com\/notibras\/","https:\/\/x.com\/Notibras","https:\/\/www.instagram.com\/notibras\/"]},{"@type":"Person","@id":"https:\/\/www.notibras.com\/site\/#\/schema\/person\/36ab0979449956132d3e5b517ea76ac8","name":"Reda\u00e7\u00e3o","image":{"@type":"ImageObject","inLanguage":"pt-BR","@id":"https:\/\/secure.gravatar.com\/avatar\/e0a867bdedb85fd243eadf09663511f96fc81e0720a4a42581f334ad4303aa6b?s=96&d=mm&r=g","url":"https:\/\/secure.gravatar.com\/avatar\/e0a867bdedb85fd243eadf09663511f96fc81e0720a4a42581f334ad4303aa6b?s=96&d=mm&r=g","contentUrl":"https:\/\/secure.gravatar.com\/avatar\/e0a867bdedb85fd243eadf09663511f96fc81e0720a4a42581f334ad4303aa6b?s=96&d=mm&r=g","caption":"Reda\u00e7\u00e3o"}}]}},"amp_enabled":true,"_links":{"self":[{"href":"https:\/\/www.notibras.com\/site\/wp-json\/wp\/v2\/posts\/69153","targetHints":{"allow":["GET"]}}],"collection":[{"href":"https:\/\/www.notibras.com\/site\/wp-json\/wp\/v2\/posts"}],"about":[{"href":"https:\/\/www.notibras.com\/site\/wp-json\/wp\/v2\/types\/post"}],"author":[{"embeddable":true,"href":"https:\/\/www.notibras.com\/site\/wp-json\/wp\/v2\/users\/2"}],"replies":[{"embeddable":true,"href":"https:\/\/www.notibras.com\/site\/wp-json\/wp\/v2\/comments?post=69153"}],"version-history":[{"count":3,"href":"https:\/\/www.notibras.com\/site\/wp-json\/wp\/v2\/posts\/69153\/revisions"}],"predecessor-version":[{"id":69157,"href":"https:\/\/www.notibras.com\/site\/wp-json\/wp\/v2\/posts\/69153\/revisions\/69157"}],"wp:attachment":[{"href":"https:\/\/www.notibras.com\/site\/wp-json\/wp\/v2\/media?parent=69153"}],"wp:term":[{"taxonomy":"category","embeddable":true,"href":"https:\/\/www.notibras.com\/site\/wp-json\/wp\/v2\/categories?post=69153"},{"taxonomy":"post_tag","embeddable":true,"href":"https:\/\/www.notibras.com\/site\/wp-json\/wp\/v2\/tags?post=69153"}],"curies":[{"name":"wp","href":"https:\/\/api.w.org\/{rel}","templated":true}]}}