{"id":69172,"date":"2015-09-23T17:09:34","date_gmt":"2015-09-23T20:09:34","guid":{"rendered":"http:\/\/www.notibras.com\/site\/?p=69172"},"modified":"2015-09-23T20:38:51","modified_gmt":"2015-09-23T23:38:51","slug":"cpi-do-futebol-quebra-sigilo-bancario-de-marin-ex-presidente-da-cbf","status":"publish","type":"post","link":"https:\/\/www.notibras.com\/site\/cpi-do-futebol-quebra-sigilo-bancario-de-marin-ex-presidente-da-cbf\/","title":{"rendered":"CPI do Futebol quebra sigilo banc\u00e1rio de Jos\u00e9 Maria Marin, ex-presidente da CBF"},"content":{"rendered":"<p>A Comiss\u00e3o Parlamentar de Inqu\u00e9rito (CPI) do Futebol aprovou hoje (23) a quebra do sigilo banc\u00e1rio do ex-presidente da Confedera\u00e7\u00e3o Brasileira de Futebol (CBF), Jos\u00e9 Maria Marin. Atualmente preso na Su\u00ed\u00e7a, Marin responde a acusa\u00e7\u00f5es de conspira\u00e7\u00e3o, lavagem de dinheiro e fraude eletr\u00f4nica na Justi\u00e7a dos Estados Unidos (EUA).<\/p>\n<p>A quebra do sigilo abranger\u00e1 o per\u00edodo em que Marin esteve \u00e0 frente da CBF, de 12 de mar\u00e7o de 2012 at\u00e9 a sua pris\u00e3o na Su\u00ed\u00e7a, em 30 de maio deste ano. De acordo com o autor do requerimento e vice-presidente da comiss\u00e3o, senador Paulo Bauer (PSDB-SC), o objetivo \u00e9 encontrar ind\u00edcios de irregularidades em contratos comerciais feitos pela CBF.<\/p>\n<p>\u201cDe acordo com o relat\u00f3rio da den\u00fancia feita pelo Departamento de Justi\u00e7a dos EUA, embasado em forte conjunto probat\u00f3rio, acusa o dirigente brasileiro de ter recebido como suborno duas parcelas de US$ 3 milh\u00f5es, de um total de R$ 15 milh\u00f5es prometidos pela empresa uruguaia Datisa, s\u00f3cia da empresa de publicidade esportiva Traffic, que pertence ao empres\u00e1rio Jos\u00e9 Hawilla, tamb\u00e9m denunciado pela promotoria estadunidense\u201d, diz Bauer em seu requerimento.<\/p>\n<p>Segundo o senador, a negocia\u00e7\u00e3o envolvia a compra dos direitos de transmiss\u00e3o de tr\u00eas edi\u00e7\u00f5es da Copa Am\u00e9rica, al\u00e9m da Copa Am\u00e9rica do Centen\u00e1rio, marcada para o ano que vem. A negocia\u00e7\u00e3o dos direitos esportivos da competi\u00e7\u00e3o acabou ficando com a Datisa.<\/p>\n<p>Outro caso citado, diz respeito ao pagamento de propina na venda dos direitos das edi\u00e7\u00f5es da Copa do Brasil, em agosto de 2012, para a Traffic e para outra empresa de marketing esportivo n\u00e3o identificada no relat\u00f3rio. \u201cNa negocia\u00e7\u00e3o, ficou acertado que as empresas iriam distribuir anualmente a quantia de R$ 2 milh\u00f5es entre Marin e outros investigados, os chamados \u201cco-conspiradores\u201d, afirma Bauer.<\/p>\n<p>A CPI investiga a CBF e o Comit\u00ea Organizador Local da Copa do Mundo Fifa Brasil 2014 (COL). Antes, a comiss\u00e3o j\u00e1 havia aprovado a quebra do sigilo banc\u00e1rio do atual presidente da CBF, Marco Polo Del Nero, tamb\u00e9m apontado como uma dos envolvidos nas irregularidades.<\/p>\n<p>Durante a reuni\u00e3o, o presidente da comiss\u00e3o, senador Rom\u00e1rio (PSB-RJ), retirou da pauta requerimentos que previam a convoca\u00e7\u00e3o de Del Nero e de Ricardo Teixeira, ex-presidente da CBF. \u201cEste ainda n\u00e3o \u00e9 o momento adequado para cham\u00e1-los a depor perante a comiss\u00e3o. Esses depoimentos ser\u00e3o mais \u00fateis \u00e0 CPI quando tivermos uma quantidade maior de documentos e informa\u00e7\u00f5es para inquiri-los\u201d, disse.<\/p>\n<p>Na pr\u00f3xima quarta-feira (30), a CPI far\u00e1 audi\u00eancia p\u00fablica para ouvir, como convidados, os presidentes da Federa\u00e7\u00e3o Paulista de Futebol, Reinaldo Rocha Carneiro Bastos, da Federa\u00e7\u00e3o de Futebol do Estado do Rio de Janeiro, Rubens Lopes; da Federa\u00e7\u00e3o Mineira de Futebol, Castellar Modesto Guimar\u00e3es Neto; da Federa\u00e7\u00e3o Pernambucana de Futebol, Evandro Barros de Carvalho; e da Federa\u00e7\u00e3o de Futebol do Estado do Esp\u00edrito Santo, Gustavo Vieira.<\/p>\n<p><strong>Luciano Nascimento, ABr<\/strong><\/p>\n","protected":false},"excerpt":{"rendered":"<p>A Comiss\u00e3o Parlamentar de Inqu\u00e9rito (CPI) do Futebol aprovou hoje (23) a quebra do sigilo banc\u00e1rio do ex-presidente da Confedera\u00e7\u00e3o Brasileira de Futebol (CBF), Jos\u00e9 Maria Marin. Atualmente preso na Su\u00ed\u00e7a, Marin responde a acusa\u00e7\u00f5es de conspira\u00e7\u00e3o, lavagem de dinheiro e fraude eletr\u00f4nica na Justi\u00e7a dos Estados Unidos (EUA). A quebra do sigilo abranger\u00e1 o [&hellip;]<\/p>\n","protected":false},"author":2,"featured_media":69173,"comment_status":"open","ping_status":"closed","sticky":false,"template":"","format":"standard","meta":{"_acf_changed":false,"footnotes":""},"categories":[16],"tags":[],"class_list":["post-69172","post","type-post","status-publish","format-standard","has-post-thumbnail","hentry","category-brasil"],"acf":[],"yoast_head":"<!-- This site is optimized with the Yoast SEO plugin v27.2 - https:\/\/yoast.com\/product\/yoast-seo-wordpress\/ -->\n<title>CPI do Futebol quebra sigilo banc\u00e1rio de Jos\u00e9 Maria Marin, ex-presidente da CBF - Notibras<\/title>\n<meta name=\"robots\" content=\"index, follow, max-snippet:-1, max-image-preview:large, max-video-preview:-1\" \/>\n<link rel=\"canonical\" href=\"https:\/\/www.notibras.com\/site\/cpi-do-futebol-quebra-sigilo-bancario-de-marin-ex-presidente-da-cbf\/\" \/>\n<meta property=\"og:locale\" content=\"pt_BR\" \/>\n<meta property=\"og:type\" content=\"article\" \/>\n<meta property=\"og:title\" content=\"CPI do Futebol quebra sigilo banc\u00e1rio de Jos\u00e9 Maria Marin, ex-presidente da CBF - Notibras\" \/>\n<meta property=\"og:description\" content=\"A Comiss\u00e3o Parlamentar de Inqu\u00e9rito (CPI) do Futebol aprovou hoje (23) a quebra do sigilo banc\u00e1rio do ex-presidente da Confedera\u00e7\u00e3o Brasileira de Futebol (CBF), Jos\u00e9 Maria Marin. Atualmente preso na Su\u00ed\u00e7a, Marin responde a acusa\u00e7\u00f5es de conspira\u00e7\u00e3o, lavagem de dinheiro e fraude eletr\u00f4nica na Justi\u00e7a dos Estados Unidos (EUA). A quebra do sigilo abranger\u00e1 o [&hellip;]\" \/>\n<meta property=\"og:url\" content=\"https:\/\/www.notibras.com\/site\/cpi-do-futebol-quebra-sigilo-bancario-de-marin-ex-presidente-da-cbf\/\" \/>\n<meta property=\"og:site_name\" content=\"Notibras\" \/>\n<meta property=\"article:publisher\" content=\"https:\/\/www.facebook.com\/notibras\/\" \/>\n<meta property=\"article:published_time\" content=\"2015-09-23T20:09:34+00:00\" \/>\n<meta property=\"article:modified_time\" content=\"2015-09-23T23:38:51+00:00\" \/>\n<meta property=\"og:image\" content=\"https:\/\/www.notibras.com\/site\/wp-content\/uploads\/2015\/09\/marin.23.jpg\" \/>\n\t<meta property=\"og:image:width\" content=\"620\" \/>\n\t<meta property=\"og:image:height\" content=\"390\" \/>\n\t<meta property=\"og:image:type\" content=\"image\/jpeg\" \/>\n<meta name=\"author\" content=\"Reda\u00e7\u00e3o\" \/>\n<meta name=\"twitter:card\" content=\"summary_large_image\" \/>\n<meta name=\"twitter:creator\" content=\"@Notibras\" \/>\n<meta name=\"twitter:site\" content=\"@Notibras\" \/>\n<meta name=\"twitter:label1\" content=\"Escrito por\" \/>\n\t<meta name=\"twitter:data1\" content=\"Reda\u00e7\u00e3o\" \/>\n\t<meta name=\"twitter:label2\" content=\"Est. tempo de leitura\" \/>\n\t<meta name=\"twitter:data2\" content=\"3 minutos\" \/>\n<script type=\"application\/ld+json\" class=\"yoast-schema-graph\">{\"@context\":\"https:\/\/schema.org\",\"@graph\":[{\"@type\":\"Article\",\"@id\":\"https:\/\/www.notibras.com\/site\/cpi-do-futebol-quebra-sigilo-bancario-de-marin-ex-presidente-da-cbf\/#article\",\"isPartOf\":{\"@id\":\"https:\/\/www.notibras.com\/site\/cpi-do-futebol-quebra-sigilo-bancario-de-marin-ex-presidente-da-cbf\/\"},\"author\":{\"name\":\"Reda\u00e7\u00e3o\",\"@id\":\"https:\/\/www.notibras.com\/site\/#\/schema\/person\/36ab0979449956132d3e5b517ea76ac8\"},\"headline\":\"CPI do Futebol quebra sigilo banc\u00e1rio de Jos\u00e9 Maria Marin, ex-presidente da CBF\",\"datePublished\":\"2015-09-23T20:09:34+00:00\",\"dateModified\":\"2015-09-23T23:38:51+00:00\",\"mainEntityOfPage\":{\"@id\":\"https:\/\/www.notibras.com\/site\/cpi-do-futebol-quebra-sigilo-bancario-de-marin-ex-presidente-da-cbf\/\"},\"wordCount\":521,\"commentCount\":0,\"publisher\":{\"@id\":\"https:\/\/www.notibras.com\/site\/#organization\"},\"image\":{\"@id\":\"https:\/\/www.notibras.com\/site\/cpi-do-futebol-quebra-sigilo-bancario-de-marin-ex-presidente-da-cbf\/#primaryimage\"},\"thumbnailUrl\":\"https:\/\/www.notibras.com\/site\/wp-content\/uploads\/2015\/09\/marin.23.jpg\",\"articleSection\":[\"Brasil\"],\"inLanguage\":\"pt-BR\",\"potentialAction\":[{\"@type\":\"CommentAction\",\"name\":\"Comment\",\"target\":[\"https:\/\/www.notibras.com\/site\/cpi-do-futebol-quebra-sigilo-bancario-de-marin-ex-presidente-da-cbf\/#respond\"]}]},{\"@type\":\"WebPage\",\"@id\":\"https:\/\/www.notibras.com\/site\/cpi-do-futebol-quebra-sigilo-bancario-de-marin-ex-presidente-da-cbf\/\",\"url\":\"https:\/\/www.notibras.com\/site\/cpi-do-futebol-quebra-sigilo-bancario-de-marin-ex-presidente-da-cbf\/\",\"name\":\"CPI do Futebol quebra sigilo banc\u00e1rio de Jos\u00e9 Maria Marin, ex-presidente da CBF - Notibras\",\"isPartOf\":{\"@id\":\"https:\/\/www.notibras.com\/site\/#website\"},\"primaryImageOfPage\":{\"@id\":\"https:\/\/www.notibras.com\/site\/cpi-do-futebol-quebra-sigilo-bancario-de-marin-ex-presidente-da-cbf\/#primaryimage\"},\"image\":{\"@id\":\"https:\/\/www.notibras.com\/site\/cpi-do-futebol-quebra-sigilo-bancario-de-marin-ex-presidente-da-cbf\/#primaryimage\"},\"thumbnailUrl\":\"https:\/\/www.notibras.com\/site\/wp-content\/uploads\/2015\/09\/marin.23.jpg\",\"datePublished\":\"2015-09-23T20:09:34+00:00\",\"dateModified\":\"2015-09-23T23:38:51+00:00\",\"breadcrumb\":{\"@id\":\"https:\/\/www.notibras.com\/site\/cpi-do-futebol-quebra-sigilo-bancario-de-marin-ex-presidente-da-cbf\/#breadcrumb\"},\"inLanguage\":\"pt-BR\",\"potentialAction\":[{\"@type\":\"ReadAction\",\"target\":[\"https:\/\/www.notibras.com\/site\/cpi-do-futebol-quebra-sigilo-bancario-de-marin-ex-presidente-da-cbf\/\"]}]},{\"@type\":\"ImageObject\",\"inLanguage\":\"pt-BR\",\"@id\":\"https:\/\/www.notibras.com\/site\/cpi-do-futebol-quebra-sigilo-bancario-de-marin-ex-presidente-da-cbf\/#primaryimage\",\"url\":\"https:\/\/www.notibras.com\/site\/wp-content\/uploads\/2015\/09\/marin.23.jpg\",\"contentUrl\":\"https:\/\/www.notibras.com\/site\/wp-content\/uploads\/2015\/09\/marin.23.jpg\",\"width\":620,\"height\":390,\"caption\":\"Foto\/Arquivo Notibras\"},{\"@type\":\"BreadcrumbList\",\"@id\":\"https:\/\/www.notibras.com\/site\/cpi-do-futebol-quebra-sigilo-bancario-de-marin-ex-presidente-da-cbf\/#breadcrumb\",\"itemListElement\":[{\"@type\":\"ListItem\",\"position\":1,\"name\":\"In\u00edcio\",\"item\":\"https:\/\/www.notibras.com\/site\/\"},{\"@type\":\"ListItem\",\"position\":2,\"name\":\"CPI do Futebol quebra sigilo banc\u00e1rio de Jos\u00e9 Maria Marin, ex-presidente da CBF\"}]},{\"@type\":\"WebSite\",\"@id\":\"https:\/\/www.notibras.com\/site\/#website\",\"url\":\"https:\/\/www.notibras.com\/site\/\",\"name\":\"Notibras\",\"description\":\"Not\u00edcias de Bras\u00edlia, do Brasil e do Mundo\",\"publisher\":{\"@id\":\"https:\/\/www.notibras.com\/site\/#organization\"},\"potentialAction\":[{\"@type\":\"SearchAction\",\"target\":{\"@type\":\"EntryPoint\",\"urlTemplate\":\"https:\/\/www.notibras.com\/site\/?s={search_term_string}\"},\"query-input\":{\"@type\":\"PropertyValueSpecification\",\"valueRequired\":true,\"valueName\":\"search_term_string\"}}],\"inLanguage\":\"pt-BR\"},{\"@type\":\"Organization\",\"@id\":\"https:\/\/www.notibras.com\/site\/#organization\",\"name\":\"Grupo Notibras de Comunica\u00e7\u00e3o\",\"url\":\"https:\/\/www.notibras.com\/site\/\",\"logo\":{\"@type\":\"ImageObject\",\"inLanguage\":\"pt-BR\",\"@id\":\"https:\/\/www.notibras.com\/site\/#\/schema\/logo\/image\/\",\"url\":\"https:\/\/www.notibras.com\/site\/wp-content\/uploads\/2023\/01\/notibras23.png\",\"contentUrl\":\"https:\/\/www.notibras.com\/site\/wp-content\/uploads\/2023\/01\/notibras23.png\",\"width\":350,\"height\":87,\"caption\":\"Grupo Notibras de Comunica\u00e7\u00e3o\"},\"image\":{\"@id\":\"https:\/\/www.notibras.com\/site\/#\/schema\/logo\/image\/\"},\"sameAs\":[\"https:\/\/www.facebook.com\/notibras\/\",\"https:\/\/x.com\/Notibras\",\"https:\/\/www.instagram.com\/notibras\/\"]},{\"@type\":\"Person\",\"@id\":\"https:\/\/www.notibras.com\/site\/#\/schema\/person\/36ab0979449956132d3e5b517ea76ac8\",\"name\":\"Reda\u00e7\u00e3o\",\"image\":{\"@type\":\"ImageObject\",\"inLanguage\":\"pt-BR\",\"@id\":\"https:\/\/secure.gravatar.com\/avatar\/e0a867bdedb85fd243eadf09663511f96fc81e0720a4a42581f334ad4303aa6b?s=96&d=mm&r=g\",\"url\":\"https:\/\/secure.gravatar.com\/avatar\/e0a867bdedb85fd243eadf09663511f96fc81e0720a4a42581f334ad4303aa6b?s=96&d=mm&r=g\",\"contentUrl\":\"https:\/\/secure.gravatar.com\/avatar\/e0a867bdedb85fd243eadf09663511f96fc81e0720a4a42581f334ad4303aa6b?s=96&d=mm&r=g\",\"caption\":\"Reda\u00e7\u00e3o\"}}]}<\/script>\n<!-- \/ Yoast SEO plugin. -->","yoast_head_json":{"title":"CPI do Futebol quebra sigilo banc\u00e1rio de Jos\u00e9 Maria Marin, ex-presidente da CBF - Notibras","robots":{"index":"index","follow":"follow","max-snippet":"max-snippet:-1","max-image-preview":"max-image-preview:large","max-video-preview":"max-video-preview:-1"},"canonical":"https:\/\/www.notibras.com\/site\/cpi-do-futebol-quebra-sigilo-bancario-de-marin-ex-presidente-da-cbf\/","og_locale":"pt_BR","og_type":"article","og_title":"CPI do Futebol quebra sigilo banc\u00e1rio de Jos\u00e9 Maria Marin, ex-presidente da CBF - Notibras","og_description":"A Comiss\u00e3o Parlamentar de Inqu\u00e9rito (CPI) do Futebol aprovou hoje (23) a quebra do sigilo banc\u00e1rio do ex-presidente da Confedera\u00e7\u00e3o Brasileira de Futebol (CBF), Jos\u00e9 Maria Marin. Atualmente preso na Su\u00ed\u00e7a, Marin responde a acusa\u00e7\u00f5es de conspira\u00e7\u00e3o, lavagem de dinheiro e fraude eletr\u00f4nica na Justi\u00e7a dos Estados Unidos (EUA). A quebra do sigilo abranger\u00e1 o [&hellip;]","og_url":"https:\/\/www.notibras.com\/site\/cpi-do-futebol-quebra-sigilo-bancario-de-marin-ex-presidente-da-cbf\/","og_site_name":"Notibras","article_publisher":"https:\/\/www.facebook.com\/notibras\/","article_published_time":"2015-09-23T20:09:34+00:00","article_modified_time":"2015-09-23T23:38:51+00:00","og_image":[{"width":620,"height":390,"url":"https:\/\/www.notibras.com\/site\/wp-content\/uploads\/2015\/09\/marin.23.jpg","type":"image\/jpeg"}],"author":"Reda\u00e7\u00e3o","twitter_card":"summary_large_image","twitter_creator":"@Notibras","twitter_site":"@Notibras","twitter_misc":{"Escrito por":"Reda\u00e7\u00e3o","Est. tempo de leitura":"3 minutos"},"schema":{"@context":"https:\/\/schema.org","@graph":[{"@type":"Article","@id":"https:\/\/www.notibras.com\/site\/cpi-do-futebol-quebra-sigilo-bancario-de-marin-ex-presidente-da-cbf\/#article","isPartOf":{"@id":"https:\/\/www.notibras.com\/site\/cpi-do-futebol-quebra-sigilo-bancario-de-marin-ex-presidente-da-cbf\/"},"author":{"name":"Reda\u00e7\u00e3o","@id":"https:\/\/www.notibras.com\/site\/#\/schema\/person\/36ab0979449956132d3e5b517ea76ac8"},"headline":"CPI do Futebol quebra sigilo banc\u00e1rio de Jos\u00e9 Maria Marin, ex-presidente da CBF","datePublished":"2015-09-23T20:09:34+00:00","dateModified":"2015-09-23T23:38:51+00:00","mainEntityOfPage":{"@id":"https:\/\/www.notibras.com\/site\/cpi-do-futebol-quebra-sigilo-bancario-de-marin-ex-presidente-da-cbf\/"},"wordCount":521,"commentCount":0,"publisher":{"@id":"https:\/\/www.notibras.com\/site\/#organization"},"image":{"@id":"https:\/\/www.notibras.com\/site\/cpi-do-futebol-quebra-sigilo-bancario-de-marin-ex-presidente-da-cbf\/#primaryimage"},"thumbnailUrl":"https:\/\/www.notibras.com\/site\/wp-content\/uploads\/2015\/09\/marin.23.jpg","articleSection":["Brasil"],"inLanguage":"pt-BR","potentialAction":[{"@type":"CommentAction","name":"Comment","target":["https:\/\/www.notibras.com\/site\/cpi-do-futebol-quebra-sigilo-bancario-de-marin-ex-presidente-da-cbf\/#respond"]}]},{"@type":"WebPage","@id":"https:\/\/www.notibras.com\/site\/cpi-do-futebol-quebra-sigilo-bancario-de-marin-ex-presidente-da-cbf\/","url":"https:\/\/www.notibras.com\/site\/cpi-do-futebol-quebra-sigilo-bancario-de-marin-ex-presidente-da-cbf\/","name":"CPI do Futebol quebra sigilo banc\u00e1rio de Jos\u00e9 Maria Marin, ex-presidente da CBF - Notibras","isPartOf":{"@id":"https:\/\/www.notibras.com\/site\/#website"},"primaryImageOfPage":{"@id":"https:\/\/www.notibras.com\/site\/cpi-do-futebol-quebra-sigilo-bancario-de-marin-ex-presidente-da-cbf\/#primaryimage"},"image":{"@id":"https:\/\/www.notibras.com\/site\/cpi-do-futebol-quebra-sigilo-bancario-de-marin-ex-presidente-da-cbf\/#primaryimage"},"thumbnailUrl":"https:\/\/www.notibras.com\/site\/wp-content\/uploads\/2015\/09\/marin.23.jpg","datePublished":"2015-09-23T20:09:34+00:00","dateModified":"2015-09-23T23:38:51+00:00","breadcrumb":{"@id":"https:\/\/www.notibras.com\/site\/cpi-do-futebol-quebra-sigilo-bancario-de-marin-ex-presidente-da-cbf\/#breadcrumb"},"inLanguage":"pt-BR","potentialAction":[{"@type":"ReadAction","target":["https:\/\/www.notibras.com\/site\/cpi-do-futebol-quebra-sigilo-bancario-de-marin-ex-presidente-da-cbf\/"]}]},{"@type":"ImageObject","inLanguage":"pt-BR","@id":"https:\/\/www.notibras.com\/site\/cpi-do-futebol-quebra-sigilo-bancario-de-marin-ex-presidente-da-cbf\/#primaryimage","url":"https:\/\/www.notibras.com\/site\/wp-content\/uploads\/2015\/09\/marin.23.jpg","contentUrl":"https:\/\/www.notibras.com\/site\/wp-content\/uploads\/2015\/09\/marin.23.jpg","width":620,"height":390,"caption":"Foto\/Arquivo Notibras"},{"@type":"BreadcrumbList","@id":"https:\/\/www.notibras.com\/site\/cpi-do-futebol-quebra-sigilo-bancario-de-marin-ex-presidente-da-cbf\/#breadcrumb","itemListElement":[{"@type":"ListItem","position":1,"name":"In\u00edcio","item":"https:\/\/www.notibras.com\/site\/"},{"@type":"ListItem","position":2,"name":"CPI do Futebol quebra sigilo banc\u00e1rio de Jos\u00e9 Maria Marin, ex-presidente da CBF"}]},{"@type":"WebSite","@id":"https:\/\/www.notibras.com\/site\/#website","url":"https:\/\/www.notibras.com\/site\/","name":"Notibras","description":"Not\u00edcias de Bras\u00edlia, do Brasil e do Mundo","publisher":{"@id":"https:\/\/www.notibras.com\/site\/#organization"},"potentialAction":[{"@type":"SearchAction","target":{"@type":"EntryPoint","urlTemplate":"https:\/\/www.notibras.com\/site\/?s={search_term_string}"},"query-input":{"@type":"PropertyValueSpecification","valueRequired":true,"valueName":"search_term_string"}}],"inLanguage":"pt-BR"},{"@type":"Organization","@id":"https:\/\/www.notibras.com\/site\/#organization","name":"Grupo Notibras de Comunica\u00e7\u00e3o","url":"https:\/\/www.notibras.com\/site\/","logo":{"@type":"ImageObject","inLanguage":"pt-BR","@id":"https:\/\/www.notibras.com\/site\/#\/schema\/logo\/image\/","url":"https:\/\/www.notibras.com\/site\/wp-content\/uploads\/2023\/01\/notibras23.png","contentUrl":"https:\/\/www.notibras.com\/site\/wp-content\/uploads\/2023\/01\/notibras23.png","width":350,"height":87,"caption":"Grupo Notibras de Comunica\u00e7\u00e3o"},"image":{"@id":"https:\/\/www.notibras.com\/site\/#\/schema\/logo\/image\/"},"sameAs":["https:\/\/www.facebook.com\/notibras\/","https:\/\/x.com\/Notibras","https:\/\/www.instagram.com\/notibras\/"]},{"@type":"Person","@id":"https:\/\/www.notibras.com\/site\/#\/schema\/person\/36ab0979449956132d3e5b517ea76ac8","name":"Reda\u00e7\u00e3o","image":{"@type":"ImageObject","inLanguage":"pt-BR","@id":"https:\/\/secure.gravatar.com\/avatar\/e0a867bdedb85fd243eadf09663511f96fc81e0720a4a42581f334ad4303aa6b?s=96&d=mm&r=g","url":"https:\/\/secure.gravatar.com\/avatar\/e0a867bdedb85fd243eadf09663511f96fc81e0720a4a42581f334ad4303aa6b?s=96&d=mm&r=g","contentUrl":"https:\/\/secure.gravatar.com\/avatar\/e0a867bdedb85fd243eadf09663511f96fc81e0720a4a42581f334ad4303aa6b?s=96&d=mm&r=g","caption":"Reda\u00e7\u00e3o"}}]}},"amp_enabled":true,"_links":{"self":[{"href":"https:\/\/www.notibras.com\/site\/wp-json\/wp\/v2\/posts\/69172","targetHints":{"allow":["GET"]}}],"collection":[{"href":"https:\/\/www.notibras.com\/site\/wp-json\/wp\/v2\/posts"}],"about":[{"href":"https:\/\/www.notibras.com\/site\/wp-json\/wp\/v2\/types\/post"}],"author":[{"embeddable":true,"href":"https:\/\/www.notibras.com\/site\/wp-json\/wp\/v2\/users\/2"}],"replies":[{"embeddable":true,"href":"https:\/\/www.notibras.com\/site\/wp-json\/wp\/v2\/comments?post=69172"}],"version-history":[{"count":4,"href":"https:\/\/www.notibras.com\/site\/wp-json\/wp\/v2\/posts\/69172\/revisions"}],"predecessor-version":[{"id":69195,"href":"https:\/\/www.notibras.com\/site\/wp-json\/wp\/v2\/posts\/69172\/revisions\/69195"}],"wp:featuredmedia":[{"embeddable":true,"href":"https:\/\/www.notibras.com\/site\/wp-json\/wp\/v2\/media\/69173"}],"wp:attachment":[{"href":"https:\/\/www.notibras.com\/site\/wp-json\/wp\/v2\/media?parent=69172"}],"wp:term":[{"taxonomy":"category","embeddable":true,"href":"https:\/\/www.notibras.com\/site\/wp-json\/wp\/v2\/categories?post=69172"},{"taxonomy":"post_tag","embeddable":true,"href":"https:\/\/www.notibras.com\/site\/wp-json\/wp\/v2\/tags?post=69172"}],"curies":[{"name":"wp","href":"https:\/\/api.w.org\/{rel}","templated":true}]}}