{"id":6919,"date":"2014-04-16T16:38:51","date_gmt":"2014-04-16T19:38:51","guid":{"rendered":"http:\/\/www.notibras.com\/site\/?p=6919"},"modified":"2014-04-16T17:42:44","modified_gmt":"2014-04-16T20:42:44","slug":"federais-indiciam-46-na-operacao-lava-jato","status":"publish","type":"post","link":"https:\/\/www.notibras.com\/site\/federais-indiciam-46-na-operacao-lava-jato\/","title":{"rendered":"Federais indiciam 46 na Opera\u00e7\u00e3o Lava Jato"},"content":{"rendered":"<p>Ap\u00f3s quase cinco anos de investiga\u00e7\u00f5es e um m\u00eas de execu\u00e7\u00e3o da Opera\u00e7\u00e3o Lava Jato, a Pol\u00edcia Federal (PF) conseguiu apreender cerca de R$ 6 milh\u00f5es, em esp\u00e9cie, 25 ve\u00edculos de luxo, al\u00e9m de indisponibilizar tr\u00eas hot\u00e9is e seis resid\u00eancias de alto padr\u00e3o pertencentes a quatro quadrilhas especializadas em lavagem de dinheiro, suspeitas de movimentar mais de R$ 10 bilh\u00f5es nos \u00faltimos tr\u00eas anos.<\/p>\n<p>No relat\u00f3rio, a PF indiciou 46 pessoas pelos crimes de forma\u00e7\u00e3o de organiza\u00e7\u00e3o criminosa, crimes contra o sistema financeiro nacional, falsidade ideol\u00f3gica e lavagem de dinheiro. Dois doleiros tamb\u00e9m foram indiciados por financiamento ao tr\u00e1fico de drogas, diante de ind\u00edcios da liga\u00e7\u00e3o deles com traficantes.<\/p>\n<p>Entre os presos na Opera\u00e7\u00e3o Lava Jato est\u00e3o o doleiro Alberto Youssef, que fretou um jatinho para o deputado Andr\u00e9 Vargas, e o ex-diretor da Petrobras Paulo Roberto Costa. Vargas renunciou \u00e0 vice-presid\u00eancia da C\u00e2mara dos Deputados depois de descoberta a liga\u00e7\u00e3o dele com Alberto Youssef. O deputado, alvo de processo de cassa\u00e7\u00e3o no Conselho de \u00c9tica da Casa, chegou a anunciar que renunciaria ao cargo, mas desistiu.<\/p>\n<p>Agora, cabe ao Minist\u00e9rio P\u00fablico decidir se apresenta \u00e0 Justi\u00e7a den\u00fancia contra os indiciados. As investiga\u00e7\u00f5es come\u00e7aram em 2009, em Londrina, e descobriram que as quadrilhas atuavam tamb\u00e9m em Curitiba, S\u00e3o Paulo e Bras\u00edlia. Ao todo, durante a Opera\u00e7\u00e3o Lava Jato, foram cumpridos 105 mandados de busca e apreens\u00e3o, 19 de pris\u00e3o preventiva, 12 de pris\u00e3o tempor\u00e1ria e 27 condu\u00e7\u00f5es coercitivas.<\/p>\n<p>De acordo com a PF os inqu\u00e9ritos identificaram que as quatro organiza\u00e7\u00f5es criminosas, lideradas por doleiros, eram independentes entre si, mas tinham neg\u00f3cios em comum relacionados \u00e0 lavagem de dinheiro.<\/p>\n<p>Quinze pessoas permanecem presas, sendo 14 em Curitiba e uma em S\u00e3o Paulo. Duas est\u00e3o foragidas. Ainda segundo a PF, mais documentos poder\u00e3o ser entregues \u00e0s autoridades competentes como resultado da an\u00e1lise do material apreendido. A PF n\u00e3o descarta o indiciamento dos envolvidos nos crimes fraude em licita\u00e7\u00e3o, desvio de recursos p\u00fablicos, corrup\u00e7\u00e3o ativa e passiva, evas\u00e3o de divisas, lavagem de dinheiro e sonega\u00e7\u00e3o fiscal.<\/p>\n<div><strong>Ivan Richard, ABr<\/strong><strong><\/strong><\/div>\n","protected":false},"excerpt":{"rendered":"<p>Ap\u00f3s quase cinco anos de investiga\u00e7\u00f5es e um m\u00eas de execu\u00e7\u00e3o da Opera\u00e7\u00e3o Lava Jato, a Pol\u00edcia Federal (PF) conseguiu apreender cerca de R$ 6 milh\u00f5es, em esp\u00e9cie, 25 ve\u00edculos de luxo, al\u00e9m de indisponibilizar tr\u00eas hot\u00e9is e seis resid\u00eancias de alto padr\u00e3o pertencentes a quatro quadrilhas especializadas em lavagem de dinheiro, suspeitas de movimentar [&hellip;]<\/p>\n","protected":false},"author":2,"featured_media":6920,"comment_status":"open","ping_status":"closed","sticky":false,"template":"","format":"standard","meta":{"_acf_changed":false,"footnotes":""},"categories":[16],"tags":[],"class_list":["post-6919","post","type-post","status-publish","format-standard","has-post-thumbnail","hentry","category-brasil"],"acf":[],"yoast_head":"<!-- This site is optimized with the Yoast SEO plugin v27.2 - https:\/\/yoast.com\/product\/yoast-seo-wordpress\/ -->\n<title>Federais indiciam 46 na Opera\u00e7\u00e3o Lava Jato - Notibras<\/title>\n<meta name=\"robots\" content=\"index, follow, max-snippet:-1, max-image-preview:large, max-video-preview:-1\" \/>\n<link rel=\"canonical\" href=\"https:\/\/www.notibras.com\/site\/federais-indiciam-46-na-operacao-lava-jato\/\" \/>\n<meta property=\"og:locale\" content=\"pt_BR\" \/>\n<meta property=\"og:type\" content=\"article\" \/>\n<meta property=\"og:title\" content=\"Federais indiciam 46 na Opera\u00e7\u00e3o Lava Jato - Notibras\" \/>\n<meta property=\"og:description\" content=\"Ap\u00f3s quase cinco anos de investiga\u00e7\u00f5es e um m\u00eas de execu\u00e7\u00e3o da Opera\u00e7\u00e3o Lava Jato, a Pol\u00edcia Federal (PF) conseguiu apreender cerca de R$ 6 milh\u00f5es, em esp\u00e9cie, 25 ve\u00edculos de luxo, al\u00e9m de indisponibilizar tr\u00eas hot\u00e9is e seis resid\u00eancias de alto padr\u00e3o pertencentes a quatro quadrilhas especializadas em lavagem de dinheiro, suspeitas de movimentar [&hellip;]\" \/>\n<meta property=\"og:url\" content=\"https:\/\/www.notibras.com\/site\/federais-indiciam-46-na-operacao-lava-jato\/\" \/>\n<meta property=\"og:site_name\" content=\"Notibras\" \/>\n<meta property=\"article:publisher\" content=\"https:\/\/www.facebook.com\/notibras\/\" \/>\n<meta property=\"article:published_time\" content=\"2014-04-16T19:38:51+00:00\" \/>\n<meta property=\"article:modified_time\" content=\"2014-04-16T20:42:44+00:00\" \/>\n<meta property=\"og:image\" content=\"https:\/\/www.notibras.com\/site\/wp-content\/uploads\/2014\/04\/imagem34786_586x422.jpeg\" \/>\n\t<meta property=\"og:image:width\" content=\"400\" \/>\n\t<meta property=\"og:image:height\" content=\"267\" \/>\n\t<meta property=\"og:image:type\" content=\"image\/jpeg\" \/>\n<meta name=\"author\" content=\"Reda\u00e7\u00e3o\" \/>\n<meta name=\"twitter:card\" content=\"summary_large_image\" \/>\n<meta name=\"twitter:creator\" content=\"@Notibras\" \/>\n<meta name=\"twitter:site\" content=\"@Notibras\" \/>\n<meta name=\"twitter:label1\" content=\"Escrito por\" \/>\n\t<meta name=\"twitter:data1\" content=\"Reda\u00e7\u00e3o\" \/>\n\t<meta name=\"twitter:label2\" content=\"Est. tempo de leitura\" \/>\n\t<meta name=\"twitter:data2\" content=\"2 minutos\" \/>\n<script type=\"application\/ld+json\" class=\"yoast-schema-graph\">{\"@context\":\"https:\/\/schema.org\",\"@graph\":[{\"@type\":\"Article\",\"@id\":\"https:\/\/www.notibras.com\/site\/federais-indiciam-46-na-operacao-lava-jato\/#article\",\"isPartOf\":{\"@id\":\"https:\/\/www.notibras.com\/site\/federais-indiciam-46-na-operacao-lava-jato\/\"},\"author\":{\"name\":\"Reda\u00e7\u00e3o\",\"@id\":\"https:\/\/www.notibras.com\/site\/#\/schema\/person\/36ab0979449956132d3e5b517ea76ac8\"},\"headline\":\"Federais indiciam 46 na Opera\u00e7\u00e3o Lava Jato\",\"datePublished\":\"2014-04-16T19:38:51+00:00\",\"dateModified\":\"2014-04-16T20:42:44+00:00\",\"mainEntityOfPage\":{\"@id\":\"https:\/\/www.notibras.com\/site\/federais-indiciam-46-na-operacao-lava-jato\/\"},\"wordCount\":388,\"commentCount\":0,\"publisher\":{\"@id\":\"https:\/\/www.notibras.com\/site\/#organization\"},\"image\":{\"@id\":\"https:\/\/www.notibras.com\/site\/federais-indiciam-46-na-operacao-lava-jato\/#primaryimage\"},\"thumbnailUrl\":\"https:\/\/www.notibras.com\/site\/wp-content\/uploads\/2014\/04\/imagem34786_586x422.jpeg\",\"articleSection\":[\"Brasil\"],\"inLanguage\":\"pt-BR\",\"potentialAction\":[{\"@type\":\"CommentAction\",\"name\":\"Comment\",\"target\":[\"https:\/\/www.notibras.com\/site\/federais-indiciam-46-na-operacao-lava-jato\/#respond\"]}]},{\"@type\":\"WebPage\",\"@id\":\"https:\/\/www.notibras.com\/site\/federais-indiciam-46-na-operacao-lava-jato\/\",\"url\":\"https:\/\/www.notibras.com\/site\/federais-indiciam-46-na-operacao-lava-jato\/\",\"name\":\"Federais indiciam 46 na Opera\u00e7\u00e3o Lava Jato - Notibras\",\"isPartOf\":{\"@id\":\"https:\/\/www.notibras.com\/site\/#website\"},\"primaryImageOfPage\":{\"@id\":\"https:\/\/www.notibras.com\/site\/federais-indiciam-46-na-operacao-lava-jato\/#primaryimage\"},\"image\":{\"@id\":\"https:\/\/www.notibras.com\/site\/federais-indiciam-46-na-operacao-lava-jato\/#primaryimage\"},\"thumbnailUrl\":\"https:\/\/www.notibras.com\/site\/wp-content\/uploads\/2014\/04\/imagem34786_586x422.jpeg\",\"datePublished\":\"2014-04-16T19:38:51+00:00\",\"dateModified\":\"2014-04-16T20:42:44+00:00\",\"breadcrumb\":{\"@id\":\"https:\/\/www.notibras.com\/site\/federais-indiciam-46-na-operacao-lava-jato\/#breadcrumb\"},\"inLanguage\":\"pt-BR\",\"potentialAction\":[{\"@type\":\"ReadAction\",\"target\":[\"https:\/\/www.notibras.com\/site\/federais-indiciam-46-na-operacao-lava-jato\/\"]}]},{\"@type\":\"ImageObject\",\"inLanguage\":\"pt-BR\",\"@id\":\"https:\/\/www.notibras.com\/site\/federais-indiciam-46-na-operacao-lava-jato\/#primaryimage\",\"url\":\"https:\/\/www.notibras.com\/site\/wp-content\/uploads\/2014\/04\/imagem34786_586x422.jpeg\",\"contentUrl\":\"https:\/\/www.notibras.com\/site\/wp-content\/uploads\/2014\/04\/imagem34786_586x422.jpeg\",\"width\":400,\"height\":267},{\"@type\":\"BreadcrumbList\",\"@id\":\"https:\/\/www.notibras.com\/site\/federais-indiciam-46-na-operacao-lava-jato\/#breadcrumb\",\"itemListElement\":[{\"@type\":\"ListItem\",\"position\":1,\"name\":\"In\u00edcio\",\"item\":\"https:\/\/www.notibras.com\/site\/\"},{\"@type\":\"ListItem\",\"position\":2,\"name\":\"Federais indiciam 46 na Opera\u00e7\u00e3o Lava Jato\"}]},{\"@type\":\"WebSite\",\"@id\":\"https:\/\/www.notibras.com\/site\/#website\",\"url\":\"https:\/\/www.notibras.com\/site\/\",\"name\":\"Notibras\",\"description\":\"Not\u00edcias de Bras\u00edlia, do Brasil e do Mundo\",\"publisher\":{\"@id\":\"https:\/\/www.notibras.com\/site\/#organization\"},\"potentialAction\":[{\"@type\":\"SearchAction\",\"target\":{\"@type\":\"EntryPoint\",\"urlTemplate\":\"https:\/\/www.notibras.com\/site\/?s={search_term_string}\"},\"query-input\":{\"@type\":\"PropertyValueSpecification\",\"valueRequired\":true,\"valueName\":\"search_term_string\"}}],\"inLanguage\":\"pt-BR\"},{\"@type\":\"Organization\",\"@id\":\"https:\/\/www.notibras.com\/site\/#organization\",\"name\":\"Grupo Notibras de Comunica\u00e7\u00e3o\",\"url\":\"https:\/\/www.notibras.com\/site\/\",\"logo\":{\"@type\":\"ImageObject\",\"inLanguage\":\"pt-BR\",\"@id\":\"https:\/\/www.notibras.com\/site\/#\/schema\/logo\/image\/\",\"url\":\"https:\/\/www.notibras.com\/site\/wp-content\/uploads\/2023\/01\/notibras23.png\",\"contentUrl\":\"https:\/\/www.notibras.com\/site\/wp-content\/uploads\/2023\/01\/notibras23.png\",\"width\":350,\"height\":87,\"caption\":\"Grupo Notibras de Comunica\u00e7\u00e3o\"},\"image\":{\"@id\":\"https:\/\/www.notibras.com\/site\/#\/schema\/logo\/image\/\"},\"sameAs\":[\"https:\/\/www.facebook.com\/notibras\/\",\"https:\/\/x.com\/Notibras\",\"https:\/\/www.instagram.com\/notibras\/\"]},{\"@type\":\"Person\",\"@id\":\"https:\/\/www.notibras.com\/site\/#\/schema\/person\/36ab0979449956132d3e5b517ea76ac8\",\"name\":\"Reda\u00e7\u00e3o\",\"image\":{\"@type\":\"ImageObject\",\"inLanguage\":\"pt-BR\",\"@id\":\"https:\/\/secure.gravatar.com\/avatar\/e0a867bdedb85fd243eadf09663511f96fc81e0720a4a42581f334ad4303aa6b?s=96&d=mm&r=g\",\"url\":\"https:\/\/secure.gravatar.com\/avatar\/e0a867bdedb85fd243eadf09663511f96fc81e0720a4a42581f334ad4303aa6b?s=96&d=mm&r=g\",\"contentUrl\":\"https:\/\/secure.gravatar.com\/avatar\/e0a867bdedb85fd243eadf09663511f96fc81e0720a4a42581f334ad4303aa6b?s=96&d=mm&r=g\",\"caption\":\"Reda\u00e7\u00e3o\"}}]}<\/script>\n<!-- \/ Yoast SEO plugin. -->","yoast_head_json":{"title":"Federais indiciam 46 na Opera\u00e7\u00e3o Lava Jato - Notibras","robots":{"index":"index","follow":"follow","max-snippet":"max-snippet:-1","max-image-preview":"max-image-preview:large","max-video-preview":"max-video-preview:-1"},"canonical":"https:\/\/www.notibras.com\/site\/federais-indiciam-46-na-operacao-lava-jato\/","og_locale":"pt_BR","og_type":"article","og_title":"Federais indiciam 46 na Opera\u00e7\u00e3o Lava Jato - Notibras","og_description":"Ap\u00f3s quase cinco anos de investiga\u00e7\u00f5es e um m\u00eas de execu\u00e7\u00e3o da Opera\u00e7\u00e3o Lava Jato, a Pol\u00edcia Federal (PF) conseguiu apreender cerca de R$ 6 milh\u00f5es, em esp\u00e9cie, 25 ve\u00edculos de luxo, al\u00e9m de indisponibilizar tr\u00eas hot\u00e9is e seis resid\u00eancias de alto padr\u00e3o pertencentes a quatro quadrilhas especializadas em lavagem de dinheiro, suspeitas de movimentar [&hellip;]","og_url":"https:\/\/www.notibras.com\/site\/federais-indiciam-46-na-operacao-lava-jato\/","og_site_name":"Notibras","article_publisher":"https:\/\/www.facebook.com\/notibras\/","article_published_time":"2014-04-16T19:38:51+00:00","article_modified_time":"2014-04-16T20:42:44+00:00","og_image":[{"width":400,"height":267,"url":"https:\/\/www.notibras.com\/site\/wp-content\/uploads\/2014\/04\/imagem34786_586x422.jpeg","type":"image\/jpeg"}],"author":"Reda\u00e7\u00e3o","twitter_card":"summary_large_image","twitter_creator":"@Notibras","twitter_site":"@Notibras","twitter_misc":{"Escrito por":"Reda\u00e7\u00e3o","Est. tempo de leitura":"2 minutos"},"schema":{"@context":"https:\/\/schema.org","@graph":[{"@type":"Article","@id":"https:\/\/www.notibras.com\/site\/federais-indiciam-46-na-operacao-lava-jato\/#article","isPartOf":{"@id":"https:\/\/www.notibras.com\/site\/federais-indiciam-46-na-operacao-lava-jato\/"},"author":{"name":"Reda\u00e7\u00e3o","@id":"https:\/\/www.notibras.com\/site\/#\/schema\/person\/36ab0979449956132d3e5b517ea76ac8"},"headline":"Federais indiciam 46 na Opera\u00e7\u00e3o Lava Jato","datePublished":"2014-04-16T19:38:51+00:00","dateModified":"2014-04-16T20:42:44+00:00","mainEntityOfPage":{"@id":"https:\/\/www.notibras.com\/site\/federais-indiciam-46-na-operacao-lava-jato\/"},"wordCount":388,"commentCount":0,"publisher":{"@id":"https:\/\/www.notibras.com\/site\/#organization"},"image":{"@id":"https:\/\/www.notibras.com\/site\/federais-indiciam-46-na-operacao-lava-jato\/#primaryimage"},"thumbnailUrl":"https:\/\/www.notibras.com\/site\/wp-content\/uploads\/2014\/04\/imagem34786_586x422.jpeg","articleSection":["Brasil"],"inLanguage":"pt-BR","potentialAction":[{"@type":"CommentAction","name":"Comment","target":["https:\/\/www.notibras.com\/site\/federais-indiciam-46-na-operacao-lava-jato\/#respond"]}]},{"@type":"WebPage","@id":"https:\/\/www.notibras.com\/site\/federais-indiciam-46-na-operacao-lava-jato\/","url":"https:\/\/www.notibras.com\/site\/federais-indiciam-46-na-operacao-lava-jato\/","name":"Federais indiciam 46 na Opera\u00e7\u00e3o Lava Jato - Notibras","isPartOf":{"@id":"https:\/\/www.notibras.com\/site\/#website"},"primaryImageOfPage":{"@id":"https:\/\/www.notibras.com\/site\/federais-indiciam-46-na-operacao-lava-jato\/#primaryimage"},"image":{"@id":"https:\/\/www.notibras.com\/site\/federais-indiciam-46-na-operacao-lava-jato\/#primaryimage"},"thumbnailUrl":"https:\/\/www.notibras.com\/site\/wp-content\/uploads\/2014\/04\/imagem34786_586x422.jpeg","datePublished":"2014-04-16T19:38:51+00:00","dateModified":"2014-04-16T20:42:44+00:00","breadcrumb":{"@id":"https:\/\/www.notibras.com\/site\/federais-indiciam-46-na-operacao-lava-jato\/#breadcrumb"},"inLanguage":"pt-BR","potentialAction":[{"@type":"ReadAction","target":["https:\/\/www.notibras.com\/site\/federais-indiciam-46-na-operacao-lava-jato\/"]}]},{"@type":"ImageObject","inLanguage":"pt-BR","@id":"https:\/\/www.notibras.com\/site\/federais-indiciam-46-na-operacao-lava-jato\/#primaryimage","url":"https:\/\/www.notibras.com\/site\/wp-content\/uploads\/2014\/04\/imagem34786_586x422.jpeg","contentUrl":"https:\/\/www.notibras.com\/site\/wp-content\/uploads\/2014\/04\/imagem34786_586x422.jpeg","width":400,"height":267},{"@type":"BreadcrumbList","@id":"https:\/\/www.notibras.com\/site\/federais-indiciam-46-na-operacao-lava-jato\/#breadcrumb","itemListElement":[{"@type":"ListItem","position":1,"name":"In\u00edcio","item":"https:\/\/www.notibras.com\/site\/"},{"@type":"ListItem","position":2,"name":"Federais indiciam 46 na Opera\u00e7\u00e3o Lava Jato"}]},{"@type":"WebSite","@id":"https:\/\/www.notibras.com\/site\/#website","url":"https:\/\/www.notibras.com\/site\/","name":"Notibras","description":"Not\u00edcias de Bras\u00edlia, do Brasil e do Mundo","publisher":{"@id":"https:\/\/www.notibras.com\/site\/#organization"},"potentialAction":[{"@type":"SearchAction","target":{"@type":"EntryPoint","urlTemplate":"https:\/\/www.notibras.com\/site\/?s={search_term_string}"},"query-input":{"@type":"PropertyValueSpecification","valueRequired":true,"valueName":"search_term_string"}}],"inLanguage":"pt-BR"},{"@type":"Organization","@id":"https:\/\/www.notibras.com\/site\/#organization","name":"Grupo Notibras de Comunica\u00e7\u00e3o","url":"https:\/\/www.notibras.com\/site\/","logo":{"@type":"ImageObject","inLanguage":"pt-BR","@id":"https:\/\/www.notibras.com\/site\/#\/schema\/logo\/image\/","url":"https:\/\/www.notibras.com\/site\/wp-content\/uploads\/2023\/01\/notibras23.png","contentUrl":"https:\/\/www.notibras.com\/site\/wp-content\/uploads\/2023\/01\/notibras23.png","width":350,"height":87,"caption":"Grupo Notibras de Comunica\u00e7\u00e3o"},"image":{"@id":"https:\/\/www.notibras.com\/site\/#\/schema\/logo\/image\/"},"sameAs":["https:\/\/www.facebook.com\/notibras\/","https:\/\/x.com\/Notibras","https:\/\/www.instagram.com\/notibras\/"]},{"@type":"Person","@id":"https:\/\/www.notibras.com\/site\/#\/schema\/person\/36ab0979449956132d3e5b517ea76ac8","name":"Reda\u00e7\u00e3o","image":{"@type":"ImageObject","inLanguage":"pt-BR","@id":"https:\/\/secure.gravatar.com\/avatar\/e0a867bdedb85fd243eadf09663511f96fc81e0720a4a42581f334ad4303aa6b?s=96&d=mm&r=g","url":"https:\/\/secure.gravatar.com\/avatar\/e0a867bdedb85fd243eadf09663511f96fc81e0720a4a42581f334ad4303aa6b?s=96&d=mm&r=g","contentUrl":"https:\/\/secure.gravatar.com\/avatar\/e0a867bdedb85fd243eadf09663511f96fc81e0720a4a42581f334ad4303aa6b?s=96&d=mm&r=g","caption":"Reda\u00e7\u00e3o"}}]}},"amp_enabled":true,"_links":{"self":[{"href":"https:\/\/www.notibras.com\/site\/wp-json\/wp\/v2\/posts\/6919","targetHints":{"allow":["GET"]}}],"collection":[{"href":"https:\/\/www.notibras.com\/site\/wp-json\/wp\/v2\/posts"}],"about":[{"href":"https:\/\/www.notibras.com\/site\/wp-json\/wp\/v2\/types\/post"}],"author":[{"embeddable":true,"href":"https:\/\/www.notibras.com\/site\/wp-json\/wp\/v2\/users\/2"}],"replies":[{"embeddable":true,"href":"https:\/\/www.notibras.com\/site\/wp-json\/wp\/v2\/comments?post=6919"}],"version-history":[{"count":0,"href":"https:\/\/www.notibras.com\/site\/wp-json\/wp\/v2\/posts\/6919\/revisions"}],"wp:featuredmedia":[{"embeddable":true,"href":"https:\/\/www.notibras.com\/site\/wp-json\/wp\/v2\/media\/6920"}],"wp:attachment":[{"href":"https:\/\/www.notibras.com\/site\/wp-json\/wp\/v2\/media?parent=6919"}],"wp:term":[{"taxonomy":"category","embeddable":true,"href":"https:\/\/www.notibras.com\/site\/wp-json\/wp\/v2\/categories?post=6919"},{"taxonomy":"post_tag","embeddable":true,"href":"https:\/\/www.notibras.com\/site\/wp-json\/wp\/v2\/tags?post=6919"}],"curies":[{"name":"wp","href":"https:\/\/api.w.org\/{rel}","templated":true}]}}