{"id":69269,"date":"2015-09-24T12:13:20","date_gmt":"2015-09-24T15:13:20","guid":{"rendered":"http:\/\/www.notibras.com\/site\/?p=69269"},"modified":"2015-09-24T12:14:09","modified_gmt":"2015-09-24T15:14:09","slug":"consumidor-confia-cada-vez-menos-nos-rumos-da-economia-e-se-entrega-ao-desanimo","status":"publish","type":"post","link":"https:\/\/www.notibras.com\/site\/consumidor-confia-cada-vez-menos-nos-rumos-da-economia-e-se-entrega-ao-desanimo\/","title":{"rendered":"Consumidor confia menos nos rumos da economia e se entrega mais ao des\u00e2nimo"},"content":{"rendered":"<p>O \u00cdndice de Confian\u00e7a do Consumidor (ICC) recuou 5,3% em setembro de 2015, informou o Instituto Brasileiro de Economia (Ibre) da Funda\u00e7\u00e3o Getulio Vargas (FGV).<\/p>\n<p>O ICC indica o planejamento do consumidor em rela\u00e7\u00e3o a gastos e poupan\u00e7a futuras, constituindo indicadores relevantes na antecipa\u00e7\u00e3o dos rumos da economia.<\/p>\n<p>Segundo a coordenadora da Sondagem do Consumidor da FGV, Viviane Seda Bittencourt, a queda do ICC em setembro decorre da piora de expectativas ao longo dos \u00faltimos 12 meses: enfraquecimento da atividade econ\u00f4mica, com reflexo crescente no mercado de trabalho, acelera\u00e7\u00e3o da infla\u00e7\u00e3o e aumento da incerteza.<\/p>\n<p>Viviane acrescentou que, para mudar esse cen\u00e1rio &#8220;ser\u00e1 necess\u00e1ria uma sucess\u00e3o de boas not\u00edcias no front econ\u00f4mico e da atenua\u00e7\u00e3o das tens\u00f5es no ambiente pol\u00edtico\u201d.<\/p>\n<p>De acordo com a sondagem, em setembro, o \u00cdndice da Situa\u00e7\u00e3o Atual recuou 6%. A compra de bens dur\u00e1veis foi o fator que mais contribuiu para a \u00cdndice de Expectativas (IE), que teve queda de 5,4%.<\/p>\n<p>A sondagem feita pela FGV abrangeu 2363 domic\u00edlios, no per\u00edodo de 1 a 21 de setembro.<\/p>\n<p><strong>Nielmar de Oliveira \u2013 ABr<\/strong><\/p>\n","protected":false},"excerpt":{"rendered":"<p>O \u00cdndice de Confian\u00e7a do Consumidor (ICC) recuou 5,3% em setembro de 2015, informou o Instituto Brasileiro de Economia (Ibre) da Funda\u00e7\u00e3o Getulio Vargas (FGV). O ICC indica o planejamento do consumidor em rela\u00e7\u00e3o a gastos e poupan\u00e7a futuras, constituindo indicadores relevantes na antecipa\u00e7\u00e3o dos rumos da economia. Segundo a coordenadora da Sondagem do Consumidor [&hellip;]<\/p>\n","protected":false},"author":2,"featured_media":69270,"comment_status":"open","ping_status":"closed","sticky":false,"template":"","format":"standard","meta":{"_acf_changed":false,"footnotes":""},"categories":[16],"tags":[],"class_list":["post-69269","post","type-post","status-publish","format-standard","has-post-thumbnail","hentry","category-brasil"],"acf":[],"yoast_head":"<!-- This site is optimized with the Yoast SEO plugin v27.2 - https:\/\/yoast.com\/product\/yoast-seo-wordpress\/ -->\n<title>Consumidor confia menos nos rumos da economia e se entrega mais ao des\u00e2nimo - Notibras<\/title>\n<meta name=\"robots\" content=\"index, follow, max-snippet:-1, max-image-preview:large, max-video-preview:-1\" \/>\n<link rel=\"canonical\" href=\"https:\/\/www.notibras.com\/site\/consumidor-confia-cada-vez-menos-nos-rumos-da-economia-e-se-entrega-ao-desanimo\/\" \/>\n<meta property=\"og:locale\" content=\"pt_BR\" \/>\n<meta property=\"og:type\" content=\"article\" \/>\n<meta property=\"og:title\" content=\"Consumidor confia menos nos rumos da economia e se entrega mais ao des\u00e2nimo - Notibras\" \/>\n<meta property=\"og:description\" content=\"O \u00cdndice de Confian\u00e7a do Consumidor (ICC) recuou 5,3% em setembro de 2015, informou o Instituto Brasileiro de Economia (Ibre) da Funda\u00e7\u00e3o Getulio Vargas (FGV). O ICC indica o planejamento do consumidor em rela\u00e7\u00e3o a gastos e poupan\u00e7a futuras, constituindo indicadores relevantes na antecipa\u00e7\u00e3o dos rumos da economia. Segundo a coordenadora da Sondagem do Consumidor [&hellip;]\" \/>\n<meta property=\"og:url\" content=\"https:\/\/www.notibras.com\/site\/consumidor-confia-cada-vez-menos-nos-rumos-da-economia-e-se-entrega-ao-desanimo\/\" \/>\n<meta property=\"og:site_name\" content=\"Notibras\" \/>\n<meta property=\"article:publisher\" content=\"https:\/\/www.facebook.com\/notibras\/\" \/>\n<meta property=\"article:published_time\" content=\"2015-09-24T15:13:20+00:00\" \/>\n<meta property=\"article:modified_time\" content=\"2015-09-24T15:14:09+00:00\" \/>\n<meta property=\"og:image\" content=\"https:\/\/www.notibras.com\/site\/wp-content\/uploads\/2015\/09\/compras-consumidores-liquidacao-original.jpeg\" \/>\n\t<meta property=\"og:image:width\" content=\"690\" \/>\n\t<meta property=\"og:image:height\" content=\"387\" \/>\n\t<meta property=\"og:image:type\" content=\"image\/jpeg\" \/>\n<meta name=\"author\" content=\"Reda\u00e7\u00e3o\" \/>\n<meta name=\"twitter:card\" content=\"summary_large_image\" \/>\n<meta name=\"twitter:creator\" content=\"@Notibras\" \/>\n<meta name=\"twitter:site\" content=\"@Notibras\" \/>\n<meta name=\"twitter:label1\" content=\"Escrito por\" \/>\n\t<meta name=\"twitter:data1\" content=\"Reda\u00e7\u00e3o\" \/>\n\t<meta name=\"twitter:label2\" content=\"Est. tempo de leitura\" \/>\n\t<meta name=\"twitter:data2\" content=\"1 minuto\" \/>\n<script type=\"application\/ld+json\" class=\"yoast-schema-graph\">{\"@context\":\"https:\/\/schema.org\",\"@graph\":[{\"@type\":\"Article\",\"@id\":\"https:\/\/www.notibras.com\/site\/consumidor-confia-cada-vez-menos-nos-rumos-da-economia-e-se-entrega-ao-desanimo\/#article\",\"isPartOf\":{\"@id\":\"https:\/\/www.notibras.com\/site\/consumidor-confia-cada-vez-menos-nos-rumos-da-economia-e-se-entrega-ao-desanimo\/\"},\"author\":{\"name\":\"Reda\u00e7\u00e3o\",\"@id\":\"https:\/\/www.notibras.com\/site\/#\/schema\/person\/36ab0979449956132d3e5b517ea76ac8\"},\"headline\":\"Consumidor confia menos nos rumos da economia e se entrega mais ao des\u00e2nimo\",\"datePublished\":\"2015-09-24T15:13:20+00:00\",\"dateModified\":\"2015-09-24T15:14:09+00:00\",\"mainEntityOfPage\":{\"@id\":\"https:\/\/www.notibras.com\/site\/consumidor-confia-cada-vez-menos-nos-rumos-da-economia-e-se-entrega-ao-desanimo\/\"},\"wordCount\":202,\"commentCount\":0,\"publisher\":{\"@id\":\"https:\/\/www.notibras.com\/site\/#organization\"},\"image\":{\"@id\":\"https:\/\/www.notibras.com\/site\/consumidor-confia-cada-vez-menos-nos-rumos-da-economia-e-se-entrega-ao-desanimo\/#primaryimage\"},\"thumbnailUrl\":\"https:\/\/www.notibras.com\/site\/wp-content\/uploads\/2015\/09\/compras-consumidores-liquidacao-original.jpeg\",\"articleSection\":[\"Brasil\"],\"inLanguage\":\"pt-BR\",\"potentialAction\":[{\"@type\":\"CommentAction\",\"name\":\"Comment\",\"target\":[\"https:\/\/www.notibras.com\/site\/consumidor-confia-cada-vez-menos-nos-rumos-da-economia-e-se-entrega-ao-desanimo\/#respond\"]}]},{\"@type\":\"WebPage\",\"@id\":\"https:\/\/www.notibras.com\/site\/consumidor-confia-cada-vez-menos-nos-rumos-da-economia-e-se-entrega-ao-desanimo\/\",\"url\":\"https:\/\/www.notibras.com\/site\/consumidor-confia-cada-vez-menos-nos-rumos-da-economia-e-se-entrega-ao-desanimo\/\",\"name\":\"Consumidor confia menos nos rumos da economia e se entrega mais ao des\u00e2nimo - Notibras\",\"isPartOf\":{\"@id\":\"https:\/\/www.notibras.com\/site\/#website\"},\"primaryImageOfPage\":{\"@id\":\"https:\/\/www.notibras.com\/site\/consumidor-confia-cada-vez-menos-nos-rumos-da-economia-e-se-entrega-ao-desanimo\/#primaryimage\"},\"image\":{\"@id\":\"https:\/\/www.notibras.com\/site\/consumidor-confia-cada-vez-menos-nos-rumos-da-economia-e-se-entrega-ao-desanimo\/#primaryimage\"},\"thumbnailUrl\":\"https:\/\/www.notibras.com\/site\/wp-content\/uploads\/2015\/09\/compras-consumidores-liquidacao-original.jpeg\",\"datePublished\":\"2015-09-24T15:13:20+00:00\",\"dateModified\":\"2015-09-24T15:14:09+00:00\",\"breadcrumb\":{\"@id\":\"https:\/\/www.notibras.com\/site\/consumidor-confia-cada-vez-menos-nos-rumos-da-economia-e-se-entrega-ao-desanimo\/#breadcrumb\"},\"inLanguage\":\"pt-BR\",\"potentialAction\":[{\"@type\":\"ReadAction\",\"target\":[\"https:\/\/www.notibras.com\/site\/consumidor-confia-cada-vez-menos-nos-rumos-da-economia-e-se-entrega-ao-desanimo\/\"]}]},{\"@type\":\"ImageObject\",\"inLanguage\":\"pt-BR\",\"@id\":\"https:\/\/www.notibras.com\/site\/consumidor-confia-cada-vez-menos-nos-rumos-da-economia-e-se-entrega-ao-desanimo\/#primaryimage\",\"url\":\"https:\/\/www.notibras.com\/site\/wp-content\/uploads\/2015\/09\/compras-consumidores-liquidacao-original.jpeg\",\"contentUrl\":\"https:\/\/www.notibras.com\/site\/wp-content\/uploads\/2015\/09\/compras-consumidores-liquidacao-original.jpeg\",\"width\":690,\"height\":387,\"caption\":\"Foto\/Arquivo Notibras\"},{\"@type\":\"BreadcrumbList\",\"@id\":\"https:\/\/www.notibras.com\/site\/consumidor-confia-cada-vez-menos-nos-rumos-da-economia-e-se-entrega-ao-desanimo\/#breadcrumb\",\"itemListElement\":[{\"@type\":\"ListItem\",\"position\":1,\"name\":\"In\u00edcio\",\"item\":\"https:\/\/www.notibras.com\/site\/\"},{\"@type\":\"ListItem\",\"position\":2,\"name\":\"Consumidor confia menos nos rumos da economia e se entrega mais ao des\u00e2nimo\"}]},{\"@type\":\"WebSite\",\"@id\":\"https:\/\/www.notibras.com\/site\/#website\",\"url\":\"https:\/\/www.notibras.com\/site\/\",\"name\":\"Notibras\",\"description\":\"Not\u00edcias de Bras\u00edlia, do Brasil e do Mundo\",\"publisher\":{\"@id\":\"https:\/\/www.notibras.com\/site\/#organization\"},\"potentialAction\":[{\"@type\":\"SearchAction\",\"target\":{\"@type\":\"EntryPoint\",\"urlTemplate\":\"https:\/\/www.notibras.com\/site\/?s={search_term_string}\"},\"query-input\":{\"@type\":\"PropertyValueSpecification\",\"valueRequired\":true,\"valueName\":\"search_term_string\"}}],\"inLanguage\":\"pt-BR\"},{\"@type\":\"Organization\",\"@id\":\"https:\/\/www.notibras.com\/site\/#organization\",\"name\":\"Grupo Notibras de Comunica\u00e7\u00e3o\",\"url\":\"https:\/\/www.notibras.com\/site\/\",\"logo\":{\"@type\":\"ImageObject\",\"inLanguage\":\"pt-BR\",\"@id\":\"https:\/\/www.notibras.com\/site\/#\/schema\/logo\/image\/\",\"url\":\"https:\/\/www.notibras.com\/site\/wp-content\/uploads\/2023\/01\/notibras23.png\",\"contentUrl\":\"https:\/\/www.notibras.com\/site\/wp-content\/uploads\/2023\/01\/notibras23.png\",\"width\":350,\"height\":87,\"caption\":\"Grupo Notibras de Comunica\u00e7\u00e3o\"},\"image\":{\"@id\":\"https:\/\/www.notibras.com\/site\/#\/schema\/logo\/image\/\"},\"sameAs\":[\"https:\/\/www.facebook.com\/notibras\/\",\"https:\/\/x.com\/Notibras\",\"https:\/\/www.instagram.com\/notibras\/\"]},{\"@type\":\"Person\",\"@id\":\"https:\/\/www.notibras.com\/site\/#\/schema\/person\/36ab0979449956132d3e5b517ea76ac8\",\"name\":\"Reda\u00e7\u00e3o\",\"image\":{\"@type\":\"ImageObject\",\"inLanguage\":\"pt-BR\",\"@id\":\"https:\/\/secure.gravatar.com\/avatar\/e0a867bdedb85fd243eadf09663511f96fc81e0720a4a42581f334ad4303aa6b?s=96&d=mm&r=g\",\"url\":\"https:\/\/secure.gravatar.com\/avatar\/e0a867bdedb85fd243eadf09663511f96fc81e0720a4a42581f334ad4303aa6b?s=96&d=mm&r=g\",\"contentUrl\":\"https:\/\/secure.gravatar.com\/avatar\/e0a867bdedb85fd243eadf09663511f96fc81e0720a4a42581f334ad4303aa6b?s=96&d=mm&r=g\",\"caption\":\"Reda\u00e7\u00e3o\"}}]}<\/script>\n<!-- \/ Yoast SEO plugin. -->","yoast_head_json":{"title":"Consumidor confia menos nos rumos da economia e se entrega mais ao des\u00e2nimo - Notibras","robots":{"index":"index","follow":"follow","max-snippet":"max-snippet:-1","max-image-preview":"max-image-preview:large","max-video-preview":"max-video-preview:-1"},"canonical":"https:\/\/www.notibras.com\/site\/consumidor-confia-cada-vez-menos-nos-rumos-da-economia-e-se-entrega-ao-desanimo\/","og_locale":"pt_BR","og_type":"article","og_title":"Consumidor confia menos nos rumos da economia e se entrega mais ao des\u00e2nimo - Notibras","og_description":"O \u00cdndice de Confian\u00e7a do Consumidor (ICC) recuou 5,3% em setembro de 2015, informou o Instituto Brasileiro de Economia (Ibre) da Funda\u00e7\u00e3o Getulio Vargas (FGV). O ICC indica o planejamento do consumidor em rela\u00e7\u00e3o a gastos e poupan\u00e7a futuras, constituindo indicadores relevantes na antecipa\u00e7\u00e3o dos rumos da economia. Segundo a coordenadora da Sondagem do Consumidor [&hellip;]","og_url":"https:\/\/www.notibras.com\/site\/consumidor-confia-cada-vez-menos-nos-rumos-da-economia-e-se-entrega-ao-desanimo\/","og_site_name":"Notibras","article_publisher":"https:\/\/www.facebook.com\/notibras\/","article_published_time":"2015-09-24T15:13:20+00:00","article_modified_time":"2015-09-24T15:14:09+00:00","og_image":[{"width":690,"height":387,"url":"https:\/\/www.notibras.com\/site\/wp-content\/uploads\/2015\/09\/compras-consumidores-liquidacao-original.jpeg","type":"image\/jpeg"}],"author":"Reda\u00e7\u00e3o","twitter_card":"summary_large_image","twitter_creator":"@Notibras","twitter_site":"@Notibras","twitter_misc":{"Escrito por":"Reda\u00e7\u00e3o","Est. tempo de leitura":"1 minuto"},"schema":{"@context":"https:\/\/schema.org","@graph":[{"@type":"Article","@id":"https:\/\/www.notibras.com\/site\/consumidor-confia-cada-vez-menos-nos-rumos-da-economia-e-se-entrega-ao-desanimo\/#article","isPartOf":{"@id":"https:\/\/www.notibras.com\/site\/consumidor-confia-cada-vez-menos-nos-rumos-da-economia-e-se-entrega-ao-desanimo\/"},"author":{"name":"Reda\u00e7\u00e3o","@id":"https:\/\/www.notibras.com\/site\/#\/schema\/person\/36ab0979449956132d3e5b517ea76ac8"},"headline":"Consumidor confia menos nos rumos da economia e se entrega mais ao des\u00e2nimo","datePublished":"2015-09-24T15:13:20+00:00","dateModified":"2015-09-24T15:14:09+00:00","mainEntityOfPage":{"@id":"https:\/\/www.notibras.com\/site\/consumidor-confia-cada-vez-menos-nos-rumos-da-economia-e-se-entrega-ao-desanimo\/"},"wordCount":202,"commentCount":0,"publisher":{"@id":"https:\/\/www.notibras.com\/site\/#organization"},"image":{"@id":"https:\/\/www.notibras.com\/site\/consumidor-confia-cada-vez-menos-nos-rumos-da-economia-e-se-entrega-ao-desanimo\/#primaryimage"},"thumbnailUrl":"https:\/\/www.notibras.com\/site\/wp-content\/uploads\/2015\/09\/compras-consumidores-liquidacao-original.jpeg","articleSection":["Brasil"],"inLanguage":"pt-BR","potentialAction":[{"@type":"CommentAction","name":"Comment","target":["https:\/\/www.notibras.com\/site\/consumidor-confia-cada-vez-menos-nos-rumos-da-economia-e-se-entrega-ao-desanimo\/#respond"]}]},{"@type":"WebPage","@id":"https:\/\/www.notibras.com\/site\/consumidor-confia-cada-vez-menos-nos-rumos-da-economia-e-se-entrega-ao-desanimo\/","url":"https:\/\/www.notibras.com\/site\/consumidor-confia-cada-vez-menos-nos-rumos-da-economia-e-se-entrega-ao-desanimo\/","name":"Consumidor confia menos nos rumos da economia e se entrega mais ao des\u00e2nimo - Notibras","isPartOf":{"@id":"https:\/\/www.notibras.com\/site\/#website"},"primaryImageOfPage":{"@id":"https:\/\/www.notibras.com\/site\/consumidor-confia-cada-vez-menos-nos-rumos-da-economia-e-se-entrega-ao-desanimo\/#primaryimage"},"image":{"@id":"https:\/\/www.notibras.com\/site\/consumidor-confia-cada-vez-menos-nos-rumos-da-economia-e-se-entrega-ao-desanimo\/#primaryimage"},"thumbnailUrl":"https:\/\/www.notibras.com\/site\/wp-content\/uploads\/2015\/09\/compras-consumidores-liquidacao-original.jpeg","datePublished":"2015-09-24T15:13:20+00:00","dateModified":"2015-09-24T15:14:09+00:00","breadcrumb":{"@id":"https:\/\/www.notibras.com\/site\/consumidor-confia-cada-vez-menos-nos-rumos-da-economia-e-se-entrega-ao-desanimo\/#breadcrumb"},"inLanguage":"pt-BR","potentialAction":[{"@type":"ReadAction","target":["https:\/\/www.notibras.com\/site\/consumidor-confia-cada-vez-menos-nos-rumos-da-economia-e-se-entrega-ao-desanimo\/"]}]},{"@type":"ImageObject","inLanguage":"pt-BR","@id":"https:\/\/www.notibras.com\/site\/consumidor-confia-cada-vez-menos-nos-rumos-da-economia-e-se-entrega-ao-desanimo\/#primaryimage","url":"https:\/\/www.notibras.com\/site\/wp-content\/uploads\/2015\/09\/compras-consumidores-liquidacao-original.jpeg","contentUrl":"https:\/\/www.notibras.com\/site\/wp-content\/uploads\/2015\/09\/compras-consumidores-liquidacao-original.jpeg","width":690,"height":387,"caption":"Foto\/Arquivo Notibras"},{"@type":"BreadcrumbList","@id":"https:\/\/www.notibras.com\/site\/consumidor-confia-cada-vez-menos-nos-rumos-da-economia-e-se-entrega-ao-desanimo\/#breadcrumb","itemListElement":[{"@type":"ListItem","position":1,"name":"In\u00edcio","item":"https:\/\/www.notibras.com\/site\/"},{"@type":"ListItem","position":2,"name":"Consumidor confia menos nos rumos da economia e se entrega mais ao des\u00e2nimo"}]},{"@type":"WebSite","@id":"https:\/\/www.notibras.com\/site\/#website","url":"https:\/\/www.notibras.com\/site\/","name":"Notibras","description":"Not\u00edcias de Bras\u00edlia, do Brasil e do Mundo","publisher":{"@id":"https:\/\/www.notibras.com\/site\/#organization"},"potentialAction":[{"@type":"SearchAction","target":{"@type":"EntryPoint","urlTemplate":"https:\/\/www.notibras.com\/site\/?s={search_term_string}"},"query-input":{"@type":"PropertyValueSpecification","valueRequired":true,"valueName":"search_term_string"}}],"inLanguage":"pt-BR"},{"@type":"Organization","@id":"https:\/\/www.notibras.com\/site\/#organization","name":"Grupo Notibras de Comunica\u00e7\u00e3o","url":"https:\/\/www.notibras.com\/site\/","logo":{"@type":"ImageObject","inLanguage":"pt-BR","@id":"https:\/\/www.notibras.com\/site\/#\/schema\/logo\/image\/","url":"https:\/\/www.notibras.com\/site\/wp-content\/uploads\/2023\/01\/notibras23.png","contentUrl":"https:\/\/www.notibras.com\/site\/wp-content\/uploads\/2023\/01\/notibras23.png","width":350,"height":87,"caption":"Grupo Notibras de Comunica\u00e7\u00e3o"},"image":{"@id":"https:\/\/www.notibras.com\/site\/#\/schema\/logo\/image\/"},"sameAs":["https:\/\/www.facebook.com\/notibras\/","https:\/\/x.com\/Notibras","https:\/\/www.instagram.com\/notibras\/"]},{"@type":"Person","@id":"https:\/\/www.notibras.com\/site\/#\/schema\/person\/36ab0979449956132d3e5b517ea76ac8","name":"Reda\u00e7\u00e3o","image":{"@type":"ImageObject","inLanguage":"pt-BR","@id":"https:\/\/secure.gravatar.com\/avatar\/e0a867bdedb85fd243eadf09663511f96fc81e0720a4a42581f334ad4303aa6b?s=96&d=mm&r=g","url":"https:\/\/secure.gravatar.com\/avatar\/e0a867bdedb85fd243eadf09663511f96fc81e0720a4a42581f334ad4303aa6b?s=96&d=mm&r=g","contentUrl":"https:\/\/secure.gravatar.com\/avatar\/e0a867bdedb85fd243eadf09663511f96fc81e0720a4a42581f334ad4303aa6b?s=96&d=mm&r=g","caption":"Reda\u00e7\u00e3o"}}]}},"amp_enabled":true,"_links":{"self":[{"href":"https:\/\/www.notibras.com\/site\/wp-json\/wp\/v2\/posts\/69269","targetHints":{"allow":["GET"]}}],"collection":[{"href":"https:\/\/www.notibras.com\/site\/wp-json\/wp\/v2\/posts"}],"about":[{"href":"https:\/\/www.notibras.com\/site\/wp-json\/wp\/v2\/types\/post"}],"author":[{"embeddable":true,"href":"https:\/\/www.notibras.com\/site\/wp-json\/wp\/v2\/users\/2"}],"replies":[{"embeddable":true,"href":"https:\/\/www.notibras.com\/site\/wp-json\/wp\/v2\/comments?post=69269"}],"version-history":[{"count":2,"href":"https:\/\/www.notibras.com\/site\/wp-json\/wp\/v2\/posts\/69269\/revisions"}],"predecessor-version":[{"id":69272,"href":"https:\/\/www.notibras.com\/site\/wp-json\/wp\/v2\/posts\/69269\/revisions\/69272"}],"wp:featuredmedia":[{"embeddable":true,"href":"https:\/\/www.notibras.com\/site\/wp-json\/wp\/v2\/media\/69270"}],"wp:attachment":[{"href":"https:\/\/www.notibras.com\/site\/wp-json\/wp\/v2\/media?parent=69269"}],"wp:term":[{"taxonomy":"category","embeddable":true,"href":"https:\/\/www.notibras.com\/site\/wp-json\/wp\/v2\/categories?post=69269"},{"taxonomy":"post_tag","embeddable":true,"href":"https:\/\/www.notibras.com\/site\/wp-json\/wp\/v2\/tags?post=69269"}],"curies":[{"name":"wp","href":"https:\/\/api.w.org\/{rel}","templated":true}]}}