{"id":69361,"date":"2015-09-24T19:48:32","date_gmt":"2015-09-24T22:48:32","guid":{"rendered":"http:\/\/www.notibras.com\/site\/?p=69361"},"modified":"2015-09-27T22:19:10","modified_gmt":"2015-09-28T01:19:10","slug":"ministros-do-supremo-nao-se-entendem-sobre-data-para-proibir-doacoes-a-politicos","status":"publish","type":"post","link":"https:\/\/www.notibras.com\/site\/ministros-do-supremo-nao-se-entendem-sobre-data-para-proibir-doacoes-a-politicos\/","title":{"rendered":"Ministros do Supremo n\u00e3o se entendem sobre data para proibir doa\u00e7\u00f5es aos pol\u00edticos"},"content":{"rendered":"<p>Mesmo ap\u00f3s o encerramento do julgamento e com decis\u00e3o proibindo a doa\u00e7\u00e3o de empresas a partidos pol\u00edticos, os ministros do Supremo Tribunal Federal (STF) ainda divergem sobre o in\u00edcio de vig\u00eancia da proibi\u00e7\u00e3o.<\/p>\n<p>Depois da sess\u00e3o plen\u00e1ria desta quinta (24), o presidente do STF, ministro Ricardo Lewandowski, informou que a decis\u00e3o \u00e9 v\u00e1lida a partir da data da sess\u00e3o que votou a mat\u00e9ria.<\/p>\n<p>\u201cO que posso afirmar \u00e9 que a ata da sess\u00e3o que trata do tema foi aprovada por unanimidade, j\u00e1 est\u00e1 sendo publicada e o que decidimos naquele momento foi que a decis\u00e3o valeria a partir da pr\u00f3pria sess\u00e3o, independentemente da publica\u00e7\u00e3o do ac\u00f3rd\u00e3o. N\u00e3o houve modula\u00e7\u00e3o\u201d, afirmou Lewandowski.<\/p>\n<p>Perguntado se as empresas j\u00e1 estariam proibidas de doar para partidos, o presidente foi evasivo. Disse apenas que \u201cessa \u00e9 uma interpreta\u00e7\u00e3o que aqueles que v\u00e3o ler a ata poder\u00e3o fazer\u201d. A ata do julgamento diz que \u201c[&#8230;] a decis\u00e3o aplica-se \u00e0s elei\u00e7\u00f5es de 2016 e seguintes, a partir da sess\u00e3o de julgamento, independentemente da publica\u00e7\u00e3o do ac\u00f3rd\u00e3o\u201d.<\/p>\n<p>Pela manh\u00e3, durante sess\u00e3o do Tribunal Superior Eleitoral (TSE), o ministro Dias Toffoli, que tamb\u00e9m preside o TSE, afirmou entender que a proibi\u00e7\u00e3o s\u00f3 poderia valer a partir de 2016, uma vez que 2015 come\u00e7ou com uma regra e deveria terminar sem mudan\u00e7as.<\/p>\n<p>\u201cTemos de dar uma disciplina a respeito disso. Se o exerc\u00edcio financeiro se iniciou sobre determinada regra, penso que deve terminar sobre essa determinada regra. Depois, se algu\u00e9m entender que n\u00e3o \u00e9 adequado, que v\u00e1 ao Supremo\u201d, acrescentou Toffoli.<\/p>\n<p>No in\u00edcio da semana, o ministro Gilmar Mendes, que tamb\u00e9m integra os dois tribunais, disse que uma vota\u00e7\u00e3o seria necess\u00e1ria para definir o in\u00edcio da vig\u00eancia da proibi\u00e7\u00e3o. \u201cPelo que entendi do que est\u00e1 proclamado, quer dizer que a decis\u00e3o tem efeito para o futuro. Para isso, precisamos de oito votos se quisermos seguir o que est\u00e1 escrito na lei.\u201d<\/p>\n<p>Mendes acrescentou que, caso n\u00e3o haja vota\u00e7\u00e3o sobre a vig\u00eancia, a proibi\u00e7\u00e3o teria valor retroativo e \u201ctodas as elei\u00e7\u00f5es realizadas no Brasil s\u00e3o nulas\u201d. \u201cPor isso, \u00e9 importante que haja seguran\u00e7a jur\u00eddica nesse tema. A quest\u00e3o ter\u00e1 de ser aberta em algum momento para esclarecer\u201d, concluiu.<\/p>\n<p><strong>Marcelo Brand\u00e3o &#8211; ABr<\/strong><\/p>\n","protected":false},"excerpt":{"rendered":"<p>Mesmo ap\u00f3s o encerramento do julgamento e com decis\u00e3o proibindo a doa\u00e7\u00e3o de empresas a partidos pol\u00edticos, os ministros do Supremo Tribunal Federal (STF) ainda divergem sobre o in\u00edcio de vig\u00eancia da proibi\u00e7\u00e3o. Depois da sess\u00e3o plen\u00e1ria desta quinta (24), o presidente do STF, ministro Ricardo Lewandowski, informou que a decis\u00e3o \u00e9 v\u00e1lida a partir [&hellip;]<\/p>\n","protected":false},"author":2,"featured_media":69362,"comment_status":"open","ping_status":"closed","sticky":false,"template":"","format":"standard","meta":{"_acf_changed":false,"footnotes":""},"categories":[16],"tags":[],"class_list":["post-69361","post","type-post","status-publish","format-standard","has-post-thumbnail","hentry","category-brasil"],"acf":[],"yoast_head":"<!-- This site is optimized with the Yoast SEO plugin v27.2 - https:\/\/yoast.com\/product\/yoast-seo-wordpress\/ -->\n<title>Ministros do Supremo n\u00e3o se entendem sobre data para proibir doa\u00e7\u00f5es aos pol\u00edticos - Notibras<\/title>\n<meta name=\"robots\" content=\"index, follow, max-snippet:-1, max-image-preview:large, max-video-preview:-1\" \/>\n<link rel=\"canonical\" href=\"https:\/\/www.notibras.com\/site\/ministros-do-supremo-nao-se-entendem-sobre-data-para-proibir-doacoes-a-politicos\/\" \/>\n<meta property=\"og:locale\" content=\"pt_BR\" \/>\n<meta property=\"og:type\" content=\"article\" \/>\n<meta property=\"og:title\" content=\"Ministros do Supremo n\u00e3o se entendem sobre data para proibir doa\u00e7\u00f5es aos pol\u00edticos - Notibras\" \/>\n<meta property=\"og:description\" content=\"Mesmo ap\u00f3s o encerramento do julgamento e com decis\u00e3o proibindo a doa\u00e7\u00e3o de empresas a partidos pol\u00edticos, os ministros do Supremo Tribunal Federal (STF) ainda divergem sobre o in\u00edcio de vig\u00eancia da proibi\u00e7\u00e3o. Depois da sess\u00e3o plen\u00e1ria desta quinta (24), o presidente do STF, ministro Ricardo Lewandowski, informou que a decis\u00e3o \u00e9 v\u00e1lida a partir [&hellip;]\" \/>\n<meta property=\"og:url\" content=\"https:\/\/www.notibras.com\/site\/ministros-do-supremo-nao-se-entendem-sobre-data-para-proibir-doacoes-a-politicos\/\" \/>\n<meta property=\"og:site_name\" content=\"Notibras\" \/>\n<meta property=\"article:publisher\" content=\"https:\/\/www.facebook.com\/notibras\/\" \/>\n<meta property=\"article:published_time\" content=\"2015-09-24T22:48:32+00:00\" \/>\n<meta property=\"article:modified_time\" content=\"2015-09-28T01:19:10+00:00\" \/>\n<meta property=\"og:image\" content=\"https:\/\/www.notibras.com\/site\/wp-content\/uploads\/2015\/09\/ricardo-lewandowski.jpg\" \/>\n\t<meta property=\"og:image:width\" content=\"440\" \/>\n\t<meta property=\"og:image:height\" content=\"300\" \/>\n\t<meta property=\"og:image:type\" content=\"image\/jpeg\" \/>\n<meta name=\"author\" content=\"Reda\u00e7\u00e3o\" \/>\n<meta name=\"twitter:card\" content=\"summary_large_image\" \/>\n<meta name=\"twitter:creator\" content=\"@Notibras\" \/>\n<meta name=\"twitter:site\" content=\"@Notibras\" \/>\n<meta name=\"twitter:label1\" content=\"Escrito por\" \/>\n\t<meta name=\"twitter:data1\" content=\"Reda\u00e7\u00e3o\" \/>\n\t<meta name=\"twitter:label2\" content=\"Est. tempo de leitura\" \/>\n\t<meta name=\"twitter:data2\" content=\"2 minutos\" \/>\n<script type=\"application\/ld+json\" class=\"yoast-schema-graph\">{\"@context\":\"https:\/\/schema.org\",\"@graph\":[{\"@type\":\"Article\",\"@id\":\"https:\/\/www.notibras.com\/site\/ministros-do-supremo-nao-se-entendem-sobre-data-para-proibir-doacoes-a-politicos\/#article\",\"isPartOf\":{\"@id\":\"https:\/\/www.notibras.com\/site\/ministros-do-supremo-nao-se-entendem-sobre-data-para-proibir-doacoes-a-politicos\/\"},\"author\":{\"name\":\"Reda\u00e7\u00e3o\",\"@id\":\"https:\/\/www.notibras.com\/site\/#\/schema\/person\/36ab0979449956132d3e5b517ea76ac8\"},\"headline\":\"Ministros do Supremo n\u00e3o se entendem sobre data para proibir doa\u00e7\u00f5es aos pol\u00edticos\",\"datePublished\":\"2015-09-24T22:48:32+00:00\",\"dateModified\":\"2015-09-28T01:19:10+00:00\",\"mainEntityOfPage\":{\"@id\":\"https:\/\/www.notibras.com\/site\/ministros-do-supremo-nao-se-entendem-sobre-data-para-proibir-doacoes-a-politicos\/\"},\"wordCount\":424,\"commentCount\":0,\"publisher\":{\"@id\":\"https:\/\/www.notibras.com\/site\/#organization\"},\"image\":{\"@id\":\"https:\/\/www.notibras.com\/site\/ministros-do-supremo-nao-se-entendem-sobre-data-para-proibir-doacoes-a-politicos\/#primaryimage\"},\"thumbnailUrl\":\"https:\/\/www.notibras.com\/site\/wp-content\/uploads\/2015\/09\/ricardo-lewandowski.jpg\",\"articleSection\":[\"Brasil\"],\"inLanguage\":\"pt-BR\",\"potentialAction\":[{\"@type\":\"CommentAction\",\"name\":\"Comment\",\"target\":[\"https:\/\/www.notibras.com\/site\/ministros-do-supremo-nao-se-entendem-sobre-data-para-proibir-doacoes-a-politicos\/#respond\"]}]},{\"@type\":\"WebPage\",\"@id\":\"https:\/\/www.notibras.com\/site\/ministros-do-supremo-nao-se-entendem-sobre-data-para-proibir-doacoes-a-politicos\/\",\"url\":\"https:\/\/www.notibras.com\/site\/ministros-do-supremo-nao-se-entendem-sobre-data-para-proibir-doacoes-a-politicos\/\",\"name\":\"Ministros do Supremo n\u00e3o se entendem sobre data para proibir doa\u00e7\u00f5es aos pol\u00edticos - Notibras\",\"isPartOf\":{\"@id\":\"https:\/\/www.notibras.com\/site\/#website\"},\"primaryImageOfPage\":{\"@id\":\"https:\/\/www.notibras.com\/site\/ministros-do-supremo-nao-se-entendem-sobre-data-para-proibir-doacoes-a-politicos\/#primaryimage\"},\"image\":{\"@id\":\"https:\/\/www.notibras.com\/site\/ministros-do-supremo-nao-se-entendem-sobre-data-para-proibir-doacoes-a-politicos\/#primaryimage\"},\"thumbnailUrl\":\"https:\/\/www.notibras.com\/site\/wp-content\/uploads\/2015\/09\/ricardo-lewandowski.jpg\",\"datePublished\":\"2015-09-24T22:48:32+00:00\",\"dateModified\":\"2015-09-28T01:19:10+00:00\",\"breadcrumb\":{\"@id\":\"https:\/\/www.notibras.com\/site\/ministros-do-supremo-nao-se-entendem-sobre-data-para-proibir-doacoes-a-politicos\/#breadcrumb\"},\"inLanguage\":\"pt-BR\",\"potentialAction\":[{\"@type\":\"ReadAction\",\"target\":[\"https:\/\/www.notibras.com\/site\/ministros-do-supremo-nao-se-entendem-sobre-data-para-proibir-doacoes-a-politicos\/\"]}]},{\"@type\":\"ImageObject\",\"inLanguage\":\"pt-BR\",\"@id\":\"https:\/\/www.notibras.com\/site\/ministros-do-supremo-nao-se-entendem-sobre-data-para-proibir-doacoes-a-politicos\/#primaryimage\",\"url\":\"https:\/\/www.notibras.com\/site\/wp-content\/uploads\/2015\/09\/ricardo-lewandowski.jpg\",\"contentUrl\":\"https:\/\/www.notibras.com\/site\/wp-content\/uploads\/2015\/09\/ricardo-lewandowski.jpg\",\"width\":440,\"height\":300},{\"@type\":\"BreadcrumbList\",\"@id\":\"https:\/\/www.notibras.com\/site\/ministros-do-supremo-nao-se-entendem-sobre-data-para-proibir-doacoes-a-politicos\/#breadcrumb\",\"itemListElement\":[{\"@type\":\"ListItem\",\"position\":1,\"name\":\"In\u00edcio\",\"item\":\"https:\/\/www.notibras.com\/site\/\"},{\"@type\":\"ListItem\",\"position\":2,\"name\":\"Ministros do Supremo n\u00e3o se entendem sobre data para proibir doa\u00e7\u00f5es aos pol\u00edticos\"}]},{\"@type\":\"WebSite\",\"@id\":\"https:\/\/www.notibras.com\/site\/#website\",\"url\":\"https:\/\/www.notibras.com\/site\/\",\"name\":\"Notibras\",\"description\":\"Not\u00edcias de Bras\u00edlia, do Brasil e do Mundo\",\"publisher\":{\"@id\":\"https:\/\/www.notibras.com\/site\/#organization\"},\"potentialAction\":[{\"@type\":\"SearchAction\",\"target\":{\"@type\":\"EntryPoint\",\"urlTemplate\":\"https:\/\/www.notibras.com\/site\/?s={search_term_string}\"},\"query-input\":{\"@type\":\"PropertyValueSpecification\",\"valueRequired\":true,\"valueName\":\"search_term_string\"}}],\"inLanguage\":\"pt-BR\"},{\"@type\":\"Organization\",\"@id\":\"https:\/\/www.notibras.com\/site\/#organization\",\"name\":\"Grupo Notibras de Comunica\u00e7\u00e3o\",\"url\":\"https:\/\/www.notibras.com\/site\/\",\"logo\":{\"@type\":\"ImageObject\",\"inLanguage\":\"pt-BR\",\"@id\":\"https:\/\/www.notibras.com\/site\/#\/schema\/logo\/image\/\",\"url\":\"https:\/\/www.notibras.com\/site\/wp-content\/uploads\/2023\/01\/notibras23.png\",\"contentUrl\":\"https:\/\/www.notibras.com\/site\/wp-content\/uploads\/2023\/01\/notibras23.png\",\"width\":350,\"height\":87,\"caption\":\"Grupo Notibras de Comunica\u00e7\u00e3o\"},\"image\":{\"@id\":\"https:\/\/www.notibras.com\/site\/#\/schema\/logo\/image\/\"},\"sameAs\":[\"https:\/\/www.facebook.com\/notibras\/\",\"https:\/\/x.com\/Notibras\",\"https:\/\/www.instagram.com\/notibras\/\"]},{\"@type\":\"Person\",\"@id\":\"https:\/\/www.notibras.com\/site\/#\/schema\/person\/36ab0979449956132d3e5b517ea76ac8\",\"name\":\"Reda\u00e7\u00e3o\",\"image\":{\"@type\":\"ImageObject\",\"inLanguage\":\"pt-BR\",\"@id\":\"https:\/\/secure.gravatar.com\/avatar\/e0a867bdedb85fd243eadf09663511f96fc81e0720a4a42581f334ad4303aa6b?s=96&d=mm&r=g\",\"url\":\"https:\/\/secure.gravatar.com\/avatar\/e0a867bdedb85fd243eadf09663511f96fc81e0720a4a42581f334ad4303aa6b?s=96&d=mm&r=g\",\"contentUrl\":\"https:\/\/secure.gravatar.com\/avatar\/e0a867bdedb85fd243eadf09663511f96fc81e0720a4a42581f334ad4303aa6b?s=96&d=mm&r=g\",\"caption\":\"Reda\u00e7\u00e3o\"}}]}<\/script>\n<!-- \/ Yoast SEO plugin. -->","yoast_head_json":{"title":"Ministros do Supremo n\u00e3o se entendem sobre data para proibir doa\u00e7\u00f5es aos pol\u00edticos - Notibras","robots":{"index":"index","follow":"follow","max-snippet":"max-snippet:-1","max-image-preview":"max-image-preview:large","max-video-preview":"max-video-preview:-1"},"canonical":"https:\/\/www.notibras.com\/site\/ministros-do-supremo-nao-se-entendem-sobre-data-para-proibir-doacoes-a-politicos\/","og_locale":"pt_BR","og_type":"article","og_title":"Ministros do Supremo n\u00e3o se entendem sobre data para proibir doa\u00e7\u00f5es aos pol\u00edticos - Notibras","og_description":"Mesmo ap\u00f3s o encerramento do julgamento e com decis\u00e3o proibindo a doa\u00e7\u00e3o de empresas a partidos pol\u00edticos, os ministros do Supremo Tribunal Federal (STF) ainda divergem sobre o in\u00edcio de vig\u00eancia da proibi\u00e7\u00e3o. Depois da sess\u00e3o plen\u00e1ria desta quinta (24), o presidente do STF, ministro Ricardo Lewandowski, informou que a decis\u00e3o \u00e9 v\u00e1lida a partir [&hellip;]","og_url":"https:\/\/www.notibras.com\/site\/ministros-do-supremo-nao-se-entendem-sobre-data-para-proibir-doacoes-a-politicos\/","og_site_name":"Notibras","article_publisher":"https:\/\/www.facebook.com\/notibras\/","article_published_time":"2015-09-24T22:48:32+00:00","article_modified_time":"2015-09-28T01:19:10+00:00","og_image":[{"width":440,"height":300,"url":"https:\/\/www.notibras.com\/site\/wp-content\/uploads\/2015\/09\/ricardo-lewandowski.jpg","type":"image\/jpeg"}],"author":"Reda\u00e7\u00e3o","twitter_card":"summary_large_image","twitter_creator":"@Notibras","twitter_site":"@Notibras","twitter_misc":{"Escrito por":"Reda\u00e7\u00e3o","Est. tempo de leitura":"2 minutos"},"schema":{"@context":"https:\/\/schema.org","@graph":[{"@type":"Article","@id":"https:\/\/www.notibras.com\/site\/ministros-do-supremo-nao-se-entendem-sobre-data-para-proibir-doacoes-a-politicos\/#article","isPartOf":{"@id":"https:\/\/www.notibras.com\/site\/ministros-do-supremo-nao-se-entendem-sobre-data-para-proibir-doacoes-a-politicos\/"},"author":{"name":"Reda\u00e7\u00e3o","@id":"https:\/\/www.notibras.com\/site\/#\/schema\/person\/36ab0979449956132d3e5b517ea76ac8"},"headline":"Ministros do Supremo n\u00e3o se entendem sobre data para proibir doa\u00e7\u00f5es aos pol\u00edticos","datePublished":"2015-09-24T22:48:32+00:00","dateModified":"2015-09-28T01:19:10+00:00","mainEntityOfPage":{"@id":"https:\/\/www.notibras.com\/site\/ministros-do-supremo-nao-se-entendem-sobre-data-para-proibir-doacoes-a-politicos\/"},"wordCount":424,"commentCount":0,"publisher":{"@id":"https:\/\/www.notibras.com\/site\/#organization"},"image":{"@id":"https:\/\/www.notibras.com\/site\/ministros-do-supremo-nao-se-entendem-sobre-data-para-proibir-doacoes-a-politicos\/#primaryimage"},"thumbnailUrl":"https:\/\/www.notibras.com\/site\/wp-content\/uploads\/2015\/09\/ricardo-lewandowski.jpg","articleSection":["Brasil"],"inLanguage":"pt-BR","potentialAction":[{"@type":"CommentAction","name":"Comment","target":["https:\/\/www.notibras.com\/site\/ministros-do-supremo-nao-se-entendem-sobre-data-para-proibir-doacoes-a-politicos\/#respond"]}]},{"@type":"WebPage","@id":"https:\/\/www.notibras.com\/site\/ministros-do-supremo-nao-se-entendem-sobre-data-para-proibir-doacoes-a-politicos\/","url":"https:\/\/www.notibras.com\/site\/ministros-do-supremo-nao-se-entendem-sobre-data-para-proibir-doacoes-a-politicos\/","name":"Ministros do Supremo n\u00e3o se entendem sobre data para proibir doa\u00e7\u00f5es aos pol\u00edticos - Notibras","isPartOf":{"@id":"https:\/\/www.notibras.com\/site\/#website"},"primaryImageOfPage":{"@id":"https:\/\/www.notibras.com\/site\/ministros-do-supremo-nao-se-entendem-sobre-data-para-proibir-doacoes-a-politicos\/#primaryimage"},"image":{"@id":"https:\/\/www.notibras.com\/site\/ministros-do-supremo-nao-se-entendem-sobre-data-para-proibir-doacoes-a-politicos\/#primaryimage"},"thumbnailUrl":"https:\/\/www.notibras.com\/site\/wp-content\/uploads\/2015\/09\/ricardo-lewandowski.jpg","datePublished":"2015-09-24T22:48:32+00:00","dateModified":"2015-09-28T01:19:10+00:00","breadcrumb":{"@id":"https:\/\/www.notibras.com\/site\/ministros-do-supremo-nao-se-entendem-sobre-data-para-proibir-doacoes-a-politicos\/#breadcrumb"},"inLanguage":"pt-BR","potentialAction":[{"@type":"ReadAction","target":["https:\/\/www.notibras.com\/site\/ministros-do-supremo-nao-se-entendem-sobre-data-para-proibir-doacoes-a-politicos\/"]}]},{"@type":"ImageObject","inLanguage":"pt-BR","@id":"https:\/\/www.notibras.com\/site\/ministros-do-supremo-nao-se-entendem-sobre-data-para-proibir-doacoes-a-politicos\/#primaryimage","url":"https:\/\/www.notibras.com\/site\/wp-content\/uploads\/2015\/09\/ricardo-lewandowski.jpg","contentUrl":"https:\/\/www.notibras.com\/site\/wp-content\/uploads\/2015\/09\/ricardo-lewandowski.jpg","width":440,"height":300},{"@type":"BreadcrumbList","@id":"https:\/\/www.notibras.com\/site\/ministros-do-supremo-nao-se-entendem-sobre-data-para-proibir-doacoes-a-politicos\/#breadcrumb","itemListElement":[{"@type":"ListItem","position":1,"name":"In\u00edcio","item":"https:\/\/www.notibras.com\/site\/"},{"@type":"ListItem","position":2,"name":"Ministros do Supremo n\u00e3o se entendem sobre data para proibir doa\u00e7\u00f5es aos pol\u00edticos"}]},{"@type":"WebSite","@id":"https:\/\/www.notibras.com\/site\/#website","url":"https:\/\/www.notibras.com\/site\/","name":"Notibras","description":"Not\u00edcias de Bras\u00edlia, do Brasil e do Mundo","publisher":{"@id":"https:\/\/www.notibras.com\/site\/#organization"},"potentialAction":[{"@type":"SearchAction","target":{"@type":"EntryPoint","urlTemplate":"https:\/\/www.notibras.com\/site\/?s={search_term_string}"},"query-input":{"@type":"PropertyValueSpecification","valueRequired":true,"valueName":"search_term_string"}}],"inLanguage":"pt-BR"},{"@type":"Organization","@id":"https:\/\/www.notibras.com\/site\/#organization","name":"Grupo Notibras de Comunica\u00e7\u00e3o","url":"https:\/\/www.notibras.com\/site\/","logo":{"@type":"ImageObject","inLanguage":"pt-BR","@id":"https:\/\/www.notibras.com\/site\/#\/schema\/logo\/image\/","url":"https:\/\/www.notibras.com\/site\/wp-content\/uploads\/2023\/01\/notibras23.png","contentUrl":"https:\/\/www.notibras.com\/site\/wp-content\/uploads\/2023\/01\/notibras23.png","width":350,"height":87,"caption":"Grupo Notibras de Comunica\u00e7\u00e3o"},"image":{"@id":"https:\/\/www.notibras.com\/site\/#\/schema\/logo\/image\/"},"sameAs":["https:\/\/www.facebook.com\/notibras\/","https:\/\/x.com\/Notibras","https:\/\/www.instagram.com\/notibras\/"]},{"@type":"Person","@id":"https:\/\/www.notibras.com\/site\/#\/schema\/person\/36ab0979449956132d3e5b517ea76ac8","name":"Reda\u00e7\u00e3o","image":{"@type":"ImageObject","inLanguage":"pt-BR","@id":"https:\/\/secure.gravatar.com\/avatar\/e0a867bdedb85fd243eadf09663511f96fc81e0720a4a42581f334ad4303aa6b?s=96&d=mm&r=g","url":"https:\/\/secure.gravatar.com\/avatar\/e0a867bdedb85fd243eadf09663511f96fc81e0720a4a42581f334ad4303aa6b?s=96&d=mm&r=g","contentUrl":"https:\/\/secure.gravatar.com\/avatar\/e0a867bdedb85fd243eadf09663511f96fc81e0720a4a42581f334ad4303aa6b?s=96&d=mm&r=g","caption":"Reda\u00e7\u00e3o"}}]}},"amp_enabled":true,"_links":{"self":[{"href":"https:\/\/www.notibras.com\/site\/wp-json\/wp\/v2\/posts\/69361","targetHints":{"allow":["GET"]}}],"collection":[{"href":"https:\/\/www.notibras.com\/site\/wp-json\/wp\/v2\/posts"}],"about":[{"href":"https:\/\/www.notibras.com\/site\/wp-json\/wp\/v2\/types\/post"}],"author":[{"embeddable":true,"href":"https:\/\/www.notibras.com\/site\/wp-json\/wp\/v2\/users\/2"}],"replies":[{"embeddable":true,"href":"https:\/\/www.notibras.com\/site\/wp-json\/wp\/v2\/comments?post=69361"}],"version-history":[{"count":3,"href":"https:\/\/www.notibras.com\/site\/wp-json\/wp\/v2\/posts\/69361\/revisions"}],"predecessor-version":[{"id":69365,"href":"https:\/\/www.notibras.com\/site\/wp-json\/wp\/v2\/posts\/69361\/revisions\/69365"}],"wp:featuredmedia":[{"embeddable":true,"href":"https:\/\/www.notibras.com\/site\/wp-json\/wp\/v2\/media\/69362"}],"wp:attachment":[{"href":"https:\/\/www.notibras.com\/site\/wp-json\/wp\/v2\/media?parent=69361"}],"wp:term":[{"taxonomy":"category","embeddable":true,"href":"https:\/\/www.notibras.com\/site\/wp-json\/wp\/v2\/categories?post=69361"},{"taxonomy":"post_tag","embeddable":true,"href":"https:\/\/www.notibras.com\/site\/wp-json\/wp\/v2\/tags?post=69361"}],"curies":[{"name":"wp","href":"https:\/\/api.w.org\/{rel}","templated":true}]}}