{"id":69372,"date":"2015-09-24T23:06:12","date_gmt":"2015-09-25T02:06:12","guid":{"rendered":"http:\/\/www.notibras.com\/site\/?p=69372"},"modified":"2015-09-27T22:17:44","modified_gmt":"2015-09-28T01:17:44","slug":"impeachment-de-dilma-enfrenta-guerra-de-questoes-de-ordem","status":"publish","type":"post","link":"https:\/\/www.notibras.com\/site\/impeachment-de-dilma-enfrenta-guerra-de-questoes-de-ordem\/","title":{"rendered":"Impeachment de Dilma enfrenta guerra das quest\u00f5es de ordem no plen\u00e1rio das C\u00e2mara"},"content":{"rendered":"<p>O PT apresentou nesta quinta-feira, 24, no plen\u00e1rio da C\u00e2mara, quest\u00e3o de ordem questionando pontos apresentados pelo presidente da C\u00e2mara, deputado Eduardo Cunha (PMDB-RJ), em resposta \u00e0 quest\u00e3o de ordem dos partidos de oposi\u00e7\u00e3o sobre o passo-a-passo para a apresenta\u00e7\u00e3o e para o tr\u00e2mite dos pedidos de impeachment de presidentes da Rep\u00fablica.<\/p>\n<p>O documento dos petistas foi apresentado logo ap\u00f3s Cunha responder \u00e0 quest\u00e3o de ordem da oposi\u00e7\u00e3o. Assinada pelo deputado Wadih Damous (PT-RJ), ex-presidente da seccional da OAB\/RJ, a quest\u00e3o de ordem dos petistas tem uma s\u00e9rie de questionamentos sobre a interpreta\u00e7\u00e3o feita pela Secretaria-Geral da Mesa da C\u00e2mara e pelo presidente da Casa sobre as lacunas do Regimento Interno.<\/p>\n<p>Entre os questionamentos est\u00e3o: a possibilidade de emenda saneadora, ou de aditamento ou acr\u00e9scimo de dados ou informa\u00e7\u00f5es a pedidos j\u00e1 apresentados, e a quest\u00e3o dos limites temporais da responsabiliza\u00e7\u00e3o do presidente da Rep\u00fablica no processo de impeachment, entre outros.<\/p>\n<p>Os petistas tamb\u00e9m argumentam que a quest\u00e3o de ordem da oposi\u00e7\u00e3o n\u00e3o poderia ter sido formulada e nem aceita e respondida pela Presid\u00eancia da C\u00e2mara. Alegam que a oposi\u00e7\u00e3o deveria ter feito uma consulta \u00e0 Comiss\u00e3o de Constitui\u00e7\u00e3o e de Justi\u00e7a da C\u00e2mara.<\/p>\n<p>Na quest\u00e3o de ordem da oposi\u00e7\u00e3o, Cunha deu um prazo de cinco sess\u00f5es ordin\u00e1rias da C\u00e2mara para que se possa recorrer ao plen\u00e1rio da Casa contra decis\u00f5es de arquivamento de pedidos de impeachment, como ocorre em outros casos previstos no Regimento Interno da C\u00e2mara.<\/p>\n<p>Antes de apresentarem a quest\u00e3o de ordem, os petistas haviam protocolado um recurso contra a decis\u00e3o de Cunha na quest\u00e3o de ordem. Mas reviram a posi\u00e7\u00e3o e preferiram centrar os esfor\u00e7os primeiro na quest\u00e3o de ordem, que dever\u00e1 ser respondida por Cunha. Com a nova quest\u00e3o de ordem a ser respondida, a oposi\u00e7\u00e3o fica sem ter claras as regras sobre o processo de impeachment.<\/p>\n<p>Ao defender a sua resposta \u00e0 quest\u00e3o de ordem, Cunha disse que n\u00e3o houve nenhuma mudan\u00e7a no regimento e sua decis\u00e3o se limitou apenas a uma \u201cinterpreta\u00e7\u00e3o regimental\u201d. \u201cN\u00e3o h\u00e1 o que eu inventar\u201d, disse.<\/p>\n<p><strong>Iolando Louren\u00e7o, ABr<\/strong><\/p>\n","protected":false},"excerpt":{"rendered":"<p>O PT apresentou nesta quinta-feira, 24, no plen\u00e1rio da C\u00e2mara, quest\u00e3o de ordem questionando pontos apresentados pelo presidente da C\u00e2mara, deputado Eduardo Cunha (PMDB-RJ), em resposta \u00e0 quest\u00e3o de ordem dos partidos de oposi\u00e7\u00e3o sobre o passo-a-passo para a apresenta\u00e7\u00e3o e para o tr\u00e2mite dos pedidos de impeachment de presidentes da Rep\u00fablica. O documento dos [&hellip;]<\/p>\n","protected":false},"author":2,"featured_media":69373,"comment_status":"open","ping_status":"closed","sticky":false,"template":"","format":"standard","meta":{"_acf_changed":false,"footnotes":""},"categories":[16],"tags":[],"class_list":["post-69372","post","type-post","status-publish","format-standard","has-post-thumbnail","hentry","category-brasil"],"acf":[],"yoast_head":"<!-- This site is optimized with the Yoast SEO plugin v27.2 - https:\/\/yoast.com\/product\/yoast-seo-wordpress\/ -->\n<title>Impeachment de Dilma enfrenta guerra das quest\u00f5es de ordem no plen\u00e1rio das C\u00e2mara - Notibras<\/title>\n<meta name=\"robots\" content=\"index, follow, max-snippet:-1, max-image-preview:large, max-video-preview:-1\" \/>\n<link rel=\"canonical\" href=\"https:\/\/www.notibras.com\/site\/impeachment-de-dilma-enfrenta-guerra-de-questoes-de-ordem\/\" \/>\n<meta property=\"og:locale\" content=\"pt_BR\" \/>\n<meta property=\"og:type\" content=\"article\" \/>\n<meta property=\"og:title\" content=\"Impeachment de Dilma enfrenta guerra das quest\u00f5es de ordem no plen\u00e1rio das C\u00e2mara - Notibras\" \/>\n<meta property=\"og:description\" content=\"O PT apresentou nesta quinta-feira, 24, no plen\u00e1rio da C\u00e2mara, quest\u00e3o de ordem questionando pontos apresentados pelo presidente da C\u00e2mara, deputado Eduardo Cunha (PMDB-RJ), em resposta \u00e0 quest\u00e3o de ordem dos partidos de oposi\u00e7\u00e3o sobre o passo-a-passo para a apresenta\u00e7\u00e3o e para o tr\u00e2mite dos pedidos de impeachment de presidentes da Rep\u00fablica. O documento dos [&hellip;]\" \/>\n<meta property=\"og:url\" content=\"https:\/\/www.notibras.com\/site\/impeachment-de-dilma-enfrenta-guerra-de-questoes-de-ordem\/\" \/>\n<meta property=\"og:site_name\" content=\"Notibras\" \/>\n<meta property=\"article:publisher\" content=\"https:\/\/www.facebook.com\/notibras\/\" \/>\n<meta property=\"article:published_time\" content=\"2015-09-25T02:06:12+00:00\" \/>\n<meta property=\"article:modified_time\" content=\"2015-09-28T01:17:44+00:00\" \/>\n<meta property=\"og:image\" content=\"https:\/\/www.notibras.com\/site\/wp-content\/uploads\/2015\/09\/img20150924152225553459MED.jpg\" \/>\n\t<meta property=\"og:image:width\" content=\"672\" \/>\n\t<meta property=\"og:image:height\" content=\"440\" \/>\n\t<meta property=\"og:image:type\" content=\"image\/jpeg\" \/>\n<meta name=\"author\" content=\"Reda\u00e7\u00e3o\" \/>\n<meta name=\"twitter:card\" content=\"summary_large_image\" \/>\n<meta name=\"twitter:creator\" content=\"@Notibras\" \/>\n<meta name=\"twitter:site\" content=\"@Notibras\" \/>\n<meta name=\"twitter:label1\" content=\"Escrito por\" \/>\n\t<meta name=\"twitter:data1\" content=\"Reda\u00e7\u00e3o\" \/>\n\t<meta name=\"twitter:label2\" content=\"Est. tempo de leitura\" \/>\n\t<meta name=\"twitter:data2\" content=\"2 minutos\" \/>\n<script type=\"application\/ld+json\" class=\"yoast-schema-graph\">{\"@context\":\"https:\/\/schema.org\",\"@graph\":[{\"@type\":\"Article\",\"@id\":\"https:\/\/www.notibras.com\/site\/impeachment-de-dilma-enfrenta-guerra-de-questoes-de-ordem\/#article\",\"isPartOf\":{\"@id\":\"https:\/\/www.notibras.com\/site\/impeachment-de-dilma-enfrenta-guerra-de-questoes-de-ordem\/\"},\"author\":{\"name\":\"Reda\u00e7\u00e3o\",\"@id\":\"https:\/\/www.notibras.com\/site\/#\/schema\/person\/36ab0979449956132d3e5b517ea76ac8\"},\"headline\":\"Impeachment de Dilma enfrenta guerra das quest\u00f5es de ordem no plen\u00e1rio das C\u00e2mara\",\"datePublished\":\"2015-09-25T02:06:12+00:00\",\"dateModified\":\"2015-09-28T01:17:44+00:00\",\"mainEntityOfPage\":{\"@id\":\"https:\/\/www.notibras.com\/site\/impeachment-de-dilma-enfrenta-guerra-de-questoes-de-ordem\/\"},\"wordCount\":408,\"commentCount\":0,\"publisher\":{\"@id\":\"https:\/\/www.notibras.com\/site\/#organization\"},\"image\":{\"@id\":\"https:\/\/www.notibras.com\/site\/impeachment-de-dilma-enfrenta-guerra-de-questoes-de-ordem\/#primaryimage\"},\"thumbnailUrl\":\"https:\/\/www.notibras.com\/site\/wp-content\/uploads\/2015\/09\/img20150924152225553459MED.jpg\",\"articleSection\":[\"Brasil\"],\"inLanguage\":\"pt-BR\",\"potentialAction\":[{\"@type\":\"CommentAction\",\"name\":\"Comment\",\"target\":[\"https:\/\/www.notibras.com\/site\/impeachment-de-dilma-enfrenta-guerra-de-questoes-de-ordem\/#respond\"]}]},{\"@type\":\"WebPage\",\"@id\":\"https:\/\/www.notibras.com\/site\/impeachment-de-dilma-enfrenta-guerra-de-questoes-de-ordem\/\",\"url\":\"https:\/\/www.notibras.com\/site\/impeachment-de-dilma-enfrenta-guerra-de-questoes-de-ordem\/\",\"name\":\"Impeachment de Dilma enfrenta guerra das quest\u00f5es de ordem no plen\u00e1rio das C\u00e2mara - Notibras\",\"isPartOf\":{\"@id\":\"https:\/\/www.notibras.com\/site\/#website\"},\"primaryImageOfPage\":{\"@id\":\"https:\/\/www.notibras.com\/site\/impeachment-de-dilma-enfrenta-guerra-de-questoes-de-ordem\/#primaryimage\"},\"image\":{\"@id\":\"https:\/\/www.notibras.com\/site\/impeachment-de-dilma-enfrenta-guerra-de-questoes-de-ordem\/#primaryimage\"},\"thumbnailUrl\":\"https:\/\/www.notibras.com\/site\/wp-content\/uploads\/2015\/09\/img20150924152225553459MED.jpg\",\"datePublished\":\"2015-09-25T02:06:12+00:00\",\"dateModified\":\"2015-09-28T01:17:44+00:00\",\"breadcrumb\":{\"@id\":\"https:\/\/www.notibras.com\/site\/impeachment-de-dilma-enfrenta-guerra-de-questoes-de-ordem\/#breadcrumb\"},\"inLanguage\":\"pt-BR\",\"potentialAction\":[{\"@type\":\"ReadAction\",\"target\":[\"https:\/\/www.notibras.com\/site\/impeachment-de-dilma-enfrenta-guerra-de-questoes-de-ordem\/\"]}]},{\"@type\":\"ImageObject\",\"inLanguage\":\"pt-BR\",\"@id\":\"https:\/\/www.notibras.com\/site\/impeachment-de-dilma-enfrenta-guerra-de-questoes-de-ordem\/#primaryimage\",\"url\":\"https:\/\/www.notibras.com\/site\/wp-content\/uploads\/2015\/09\/img20150924152225553459MED.jpg\",\"contentUrl\":\"https:\/\/www.notibras.com\/site\/wp-content\/uploads\/2015\/09\/img20150924152225553459MED.jpg\",\"width\":672,\"height\":440},{\"@type\":\"BreadcrumbList\",\"@id\":\"https:\/\/www.notibras.com\/site\/impeachment-de-dilma-enfrenta-guerra-de-questoes-de-ordem\/#breadcrumb\",\"itemListElement\":[{\"@type\":\"ListItem\",\"position\":1,\"name\":\"In\u00edcio\",\"item\":\"https:\/\/www.notibras.com\/site\/\"},{\"@type\":\"ListItem\",\"position\":2,\"name\":\"Impeachment de Dilma enfrenta guerra das quest\u00f5es de ordem no plen\u00e1rio das C\u00e2mara\"}]},{\"@type\":\"WebSite\",\"@id\":\"https:\/\/www.notibras.com\/site\/#website\",\"url\":\"https:\/\/www.notibras.com\/site\/\",\"name\":\"Notibras\",\"description\":\"Not\u00edcias de Bras\u00edlia, do Brasil e do Mundo\",\"publisher\":{\"@id\":\"https:\/\/www.notibras.com\/site\/#organization\"},\"potentialAction\":[{\"@type\":\"SearchAction\",\"target\":{\"@type\":\"EntryPoint\",\"urlTemplate\":\"https:\/\/www.notibras.com\/site\/?s={search_term_string}\"},\"query-input\":{\"@type\":\"PropertyValueSpecification\",\"valueRequired\":true,\"valueName\":\"search_term_string\"}}],\"inLanguage\":\"pt-BR\"},{\"@type\":\"Organization\",\"@id\":\"https:\/\/www.notibras.com\/site\/#organization\",\"name\":\"Grupo Notibras de Comunica\u00e7\u00e3o\",\"url\":\"https:\/\/www.notibras.com\/site\/\",\"logo\":{\"@type\":\"ImageObject\",\"inLanguage\":\"pt-BR\",\"@id\":\"https:\/\/www.notibras.com\/site\/#\/schema\/logo\/image\/\",\"url\":\"https:\/\/www.notibras.com\/site\/wp-content\/uploads\/2023\/01\/notibras23.png\",\"contentUrl\":\"https:\/\/www.notibras.com\/site\/wp-content\/uploads\/2023\/01\/notibras23.png\",\"width\":350,\"height\":87,\"caption\":\"Grupo Notibras de Comunica\u00e7\u00e3o\"},\"image\":{\"@id\":\"https:\/\/www.notibras.com\/site\/#\/schema\/logo\/image\/\"},\"sameAs\":[\"https:\/\/www.facebook.com\/notibras\/\",\"https:\/\/x.com\/Notibras\",\"https:\/\/www.instagram.com\/notibras\/\"]},{\"@type\":\"Person\",\"@id\":\"https:\/\/www.notibras.com\/site\/#\/schema\/person\/36ab0979449956132d3e5b517ea76ac8\",\"name\":\"Reda\u00e7\u00e3o\",\"image\":{\"@type\":\"ImageObject\",\"inLanguage\":\"pt-BR\",\"@id\":\"https:\/\/secure.gravatar.com\/avatar\/e0a867bdedb85fd243eadf09663511f96fc81e0720a4a42581f334ad4303aa6b?s=96&d=mm&r=g\",\"url\":\"https:\/\/secure.gravatar.com\/avatar\/e0a867bdedb85fd243eadf09663511f96fc81e0720a4a42581f334ad4303aa6b?s=96&d=mm&r=g\",\"contentUrl\":\"https:\/\/secure.gravatar.com\/avatar\/e0a867bdedb85fd243eadf09663511f96fc81e0720a4a42581f334ad4303aa6b?s=96&d=mm&r=g\",\"caption\":\"Reda\u00e7\u00e3o\"}}]}<\/script>\n<!-- \/ Yoast SEO plugin. -->","yoast_head_json":{"title":"Impeachment de Dilma enfrenta guerra das quest\u00f5es de ordem no plen\u00e1rio das C\u00e2mara - Notibras","robots":{"index":"index","follow":"follow","max-snippet":"max-snippet:-1","max-image-preview":"max-image-preview:large","max-video-preview":"max-video-preview:-1"},"canonical":"https:\/\/www.notibras.com\/site\/impeachment-de-dilma-enfrenta-guerra-de-questoes-de-ordem\/","og_locale":"pt_BR","og_type":"article","og_title":"Impeachment de Dilma enfrenta guerra das quest\u00f5es de ordem no plen\u00e1rio das C\u00e2mara - Notibras","og_description":"O PT apresentou nesta quinta-feira, 24, no plen\u00e1rio da C\u00e2mara, quest\u00e3o de ordem questionando pontos apresentados pelo presidente da C\u00e2mara, deputado Eduardo Cunha (PMDB-RJ), em resposta \u00e0 quest\u00e3o de ordem dos partidos de oposi\u00e7\u00e3o sobre o passo-a-passo para a apresenta\u00e7\u00e3o e para o tr\u00e2mite dos pedidos de impeachment de presidentes da Rep\u00fablica. O documento dos [&hellip;]","og_url":"https:\/\/www.notibras.com\/site\/impeachment-de-dilma-enfrenta-guerra-de-questoes-de-ordem\/","og_site_name":"Notibras","article_publisher":"https:\/\/www.facebook.com\/notibras\/","article_published_time":"2015-09-25T02:06:12+00:00","article_modified_time":"2015-09-28T01:17:44+00:00","og_image":[{"width":672,"height":440,"url":"https:\/\/www.notibras.com\/site\/wp-content\/uploads\/2015\/09\/img20150924152225553459MED.jpg","type":"image\/jpeg"}],"author":"Reda\u00e7\u00e3o","twitter_card":"summary_large_image","twitter_creator":"@Notibras","twitter_site":"@Notibras","twitter_misc":{"Escrito por":"Reda\u00e7\u00e3o","Est. tempo de leitura":"2 minutos"},"schema":{"@context":"https:\/\/schema.org","@graph":[{"@type":"Article","@id":"https:\/\/www.notibras.com\/site\/impeachment-de-dilma-enfrenta-guerra-de-questoes-de-ordem\/#article","isPartOf":{"@id":"https:\/\/www.notibras.com\/site\/impeachment-de-dilma-enfrenta-guerra-de-questoes-de-ordem\/"},"author":{"name":"Reda\u00e7\u00e3o","@id":"https:\/\/www.notibras.com\/site\/#\/schema\/person\/36ab0979449956132d3e5b517ea76ac8"},"headline":"Impeachment de Dilma enfrenta guerra das quest\u00f5es de ordem no plen\u00e1rio das C\u00e2mara","datePublished":"2015-09-25T02:06:12+00:00","dateModified":"2015-09-28T01:17:44+00:00","mainEntityOfPage":{"@id":"https:\/\/www.notibras.com\/site\/impeachment-de-dilma-enfrenta-guerra-de-questoes-de-ordem\/"},"wordCount":408,"commentCount":0,"publisher":{"@id":"https:\/\/www.notibras.com\/site\/#organization"},"image":{"@id":"https:\/\/www.notibras.com\/site\/impeachment-de-dilma-enfrenta-guerra-de-questoes-de-ordem\/#primaryimage"},"thumbnailUrl":"https:\/\/www.notibras.com\/site\/wp-content\/uploads\/2015\/09\/img20150924152225553459MED.jpg","articleSection":["Brasil"],"inLanguage":"pt-BR","potentialAction":[{"@type":"CommentAction","name":"Comment","target":["https:\/\/www.notibras.com\/site\/impeachment-de-dilma-enfrenta-guerra-de-questoes-de-ordem\/#respond"]}]},{"@type":"WebPage","@id":"https:\/\/www.notibras.com\/site\/impeachment-de-dilma-enfrenta-guerra-de-questoes-de-ordem\/","url":"https:\/\/www.notibras.com\/site\/impeachment-de-dilma-enfrenta-guerra-de-questoes-de-ordem\/","name":"Impeachment de Dilma enfrenta guerra das quest\u00f5es de ordem no plen\u00e1rio das C\u00e2mara - Notibras","isPartOf":{"@id":"https:\/\/www.notibras.com\/site\/#website"},"primaryImageOfPage":{"@id":"https:\/\/www.notibras.com\/site\/impeachment-de-dilma-enfrenta-guerra-de-questoes-de-ordem\/#primaryimage"},"image":{"@id":"https:\/\/www.notibras.com\/site\/impeachment-de-dilma-enfrenta-guerra-de-questoes-de-ordem\/#primaryimage"},"thumbnailUrl":"https:\/\/www.notibras.com\/site\/wp-content\/uploads\/2015\/09\/img20150924152225553459MED.jpg","datePublished":"2015-09-25T02:06:12+00:00","dateModified":"2015-09-28T01:17:44+00:00","breadcrumb":{"@id":"https:\/\/www.notibras.com\/site\/impeachment-de-dilma-enfrenta-guerra-de-questoes-de-ordem\/#breadcrumb"},"inLanguage":"pt-BR","potentialAction":[{"@type":"ReadAction","target":["https:\/\/www.notibras.com\/site\/impeachment-de-dilma-enfrenta-guerra-de-questoes-de-ordem\/"]}]},{"@type":"ImageObject","inLanguage":"pt-BR","@id":"https:\/\/www.notibras.com\/site\/impeachment-de-dilma-enfrenta-guerra-de-questoes-de-ordem\/#primaryimage","url":"https:\/\/www.notibras.com\/site\/wp-content\/uploads\/2015\/09\/img20150924152225553459MED.jpg","contentUrl":"https:\/\/www.notibras.com\/site\/wp-content\/uploads\/2015\/09\/img20150924152225553459MED.jpg","width":672,"height":440},{"@type":"BreadcrumbList","@id":"https:\/\/www.notibras.com\/site\/impeachment-de-dilma-enfrenta-guerra-de-questoes-de-ordem\/#breadcrumb","itemListElement":[{"@type":"ListItem","position":1,"name":"In\u00edcio","item":"https:\/\/www.notibras.com\/site\/"},{"@type":"ListItem","position":2,"name":"Impeachment de Dilma enfrenta guerra das quest\u00f5es de ordem no plen\u00e1rio das C\u00e2mara"}]},{"@type":"WebSite","@id":"https:\/\/www.notibras.com\/site\/#website","url":"https:\/\/www.notibras.com\/site\/","name":"Notibras","description":"Not\u00edcias de Bras\u00edlia, do Brasil e do Mundo","publisher":{"@id":"https:\/\/www.notibras.com\/site\/#organization"},"potentialAction":[{"@type":"SearchAction","target":{"@type":"EntryPoint","urlTemplate":"https:\/\/www.notibras.com\/site\/?s={search_term_string}"},"query-input":{"@type":"PropertyValueSpecification","valueRequired":true,"valueName":"search_term_string"}}],"inLanguage":"pt-BR"},{"@type":"Organization","@id":"https:\/\/www.notibras.com\/site\/#organization","name":"Grupo Notibras de Comunica\u00e7\u00e3o","url":"https:\/\/www.notibras.com\/site\/","logo":{"@type":"ImageObject","inLanguage":"pt-BR","@id":"https:\/\/www.notibras.com\/site\/#\/schema\/logo\/image\/","url":"https:\/\/www.notibras.com\/site\/wp-content\/uploads\/2023\/01\/notibras23.png","contentUrl":"https:\/\/www.notibras.com\/site\/wp-content\/uploads\/2023\/01\/notibras23.png","width":350,"height":87,"caption":"Grupo Notibras de Comunica\u00e7\u00e3o"},"image":{"@id":"https:\/\/www.notibras.com\/site\/#\/schema\/logo\/image\/"},"sameAs":["https:\/\/www.facebook.com\/notibras\/","https:\/\/x.com\/Notibras","https:\/\/www.instagram.com\/notibras\/"]},{"@type":"Person","@id":"https:\/\/www.notibras.com\/site\/#\/schema\/person\/36ab0979449956132d3e5b517ea76ac8","name":"Reda\u00e7\u00e3o","image":{"@type":"ImageObject","inLanguage":"pt-BR","@id":"https:\/\/secure.gravatar.com\/avatar\/e0a867bdedb85fd243eadf09663511f96fc81e0720a4a42581f334ad4303aa6b?s=96&d=mm&r=g","url":"https:\/\/secure.gravatar.com\/avatar\/e0a867bdedb85fd243eadf09663511f96fc81e0720a4a42581f334ad4303aa6b?s=96&d=mm&r=g","contentUrl":"https:\/\/secure.gravatar.com\/avatar\/e0a867bdedb85fd243eadf09663511f96fc81e0720a4a42581f334ad4303aa6b?s=96&d=mm&r=g","caption":"Reda\u00e7\u00e3o"}}]}},"amp_enabled":true,"_links":{"self":[{"href":"https:\/\/www.notibras.com\/site\/wp-json\/wp\/v2\/posts\/69372","targetHints":{"allow":["GET"]}}],"collection":[{"href":"https:\/\/www.notibras.com\/site\/wp-json\/wp\/v2\/posts"}],"about":[{"href":"https:\/\/www.notibras.com\/site\/wp-json\/wp\/v2\/types\/post"}],"author":[{"embeddable":true,"href":"https:\/\/www.notibras.com\/site\/wp-json\/wp\/v2\/users\/2"}],"replies":[{"embeddable":true,"href":"https:\/\/www.notibras.com\/site\/wp-json\/wp\/v2\/comments?post=69372"}],"version-history":[{"count":3,"href":"https:\/\/www.notibras.com\/site\/wp-json\/wp\/v2\/posts\/69372\/revisions"}],"predecessor-version":[{"id":69493,"href":"https:\/\/www.notibras.com\/site\/wp-json\/wp\/v2\/posts\/69372\/revisions\/69493"}],"wp:featuredmedia":[{"embeddable":true,"href":"https:\/\/www.notibras.com\/site\/wp-json\/wp\/v2\/media\/69373"}],"wp:attachment":[{"href":"https:\/\/www.notibras.com\/site\/wp-json\/wp\/v2\/media?parent=69372"}],"wp:term":[{"taxonomy":"category","embeddable":true,"href":"https:\/\/www.notibras.com\/site\/wp-json\/wp\/v2\/categories?post=69372"},{"taxonomy":"post_tag","embeddable":true,"href":"https:\/\/www.notibras.com\/site\/wp-json\/wp\/v2\/tags?post=69372"}],"curies":[{"name":"wp","href":"https:\/\/api.w.org\/{rel}","templated":true}]}}