{"id":69376,"date":"2015-09-24T22:13:48","date_gmt":"2015-09-25T01:13:48","guid":{"rendered":"http:\/\/www.notibras.com\/site\/?p=69376"},"modified":"2015-09-27T22:16:55","modified_gmt":"2015-09-28T01:16:55","slug":"estudante-de-direito-e-presa-no-parana-suspeita-de-comandar-trafico-de-drogas","status":"publish","type":"post","link":"https:\/\/www.notibras.com\/site\/estudante-de-direito-e-presa-no-parana-suspeita-de-comandar-trafico-de-drogas\/","title":{"rendered":"Estudante de Direito \u00e9 presa no Paran\u00e1 como suspeita de comandar tr\u00e1fico de drogas"},"content":{"rendered":"<p>Uma estudante de direito de 20 anos foi presa, em Curitiba, por suspeita de tr\u00e1fico de droga e associa\u00e7\u00e3o ao tr\u00e1fico, segundo a Pol\u00edcia Civil. Dois homens \u2013 de 31 e 26 anos \u2013 tamb\u00e9m foram detidos suspeitos de praticar os mesmos crimes.<\/p>\n<p>Conforme o perfil do Facebook de Mayara Borcatti da Silva, ela \u00e9 casada com um dos rapazes presos.\u00a0As investiga\u00e7\u00f5es da pol\u00edcia apontam que Mayara participava de eventos sociais para vender drogas e que comandava o tr\u00e1fico.<\/p>\n<p>Os tr\u00eas foram presos em flagrante no bairro Cajuru com aproximadamente dois quilos de crack, 50 gramas de coca\u00edna, 36 gramas de maconha e 35 comprimidos de ecstasy, de acordo com a Pol\u00edcia Civil.<\/p>\n<p>A pol\u00edcia explicou que chegou at\u00e9 o trio depois de receber informa\u00e7\u00f5es de que os suspeitos tinham liga\u00e7\u00e3o com uma quadrilha que explodia caixas eletr\u00f4nicos no estado.<\/p>\n<p>A pris\u00e3o aconteceu, na segunda-feira (21), no momento em que eles retiravam drogas de uma casa que servia de ponto de encontro com o primo da estudante. O parente da jovem tamb\u00e9m foi preso por suspeita de tr\u00e1fico de drogas em Balne\u00e1rio Cambori\u00fa (SC) no dia 13 de setembro, segundo a Pol\u00edcia Civil.<\/p>\n<p>Ainda de acordo com a pol\u00edcia, v\u00eddeos mostram que a casa do primo era utilizada para reunir os membros da quadrilha e traficantes.<\/p>\n","protected":false},"excerpt":{"rendered":"<p>Uma estudante de direito de 20 anos foi presa, em Curitiba, por suspeita de tr\u00e1fico de droga e associa\u00e7\u00e3o ao tr\u00e1fico, segundo a Pol\u00edcia Civil. Dois homens \u2013 de 31 e 26 anos \u2013 tamb\u00e9m foram detidos suspeitos de praticar os mesmos crimes. Conforme o perfil do Facebook de Mayara Borcatti da Silva, ela \u00e9 [&hellip;]<\/p>\n","protected":false},"author":2,"featured_media":69377,"comment_status":"open","ping_status":"closed","sticky":false,"template":"","format":"standard","meta":{"_acf_changed":false,"footnotes":""},"categories":[16],"tags":[],"class_list":["post-69376","post","type-post","status-publish","format-standard","has-post-thumbnail","hentry","category-brasil"],"acf":[],"yoast_head":"<!-- This site is optimized with the Yoast SEO plugin v27.2 - https:\/\/yoast.com\/product\/yoast-seo-wordpress\/ -->\n<title>Estudante de Direito \u00e9 presa no Paran\u00e1 como suspeita de comandar tr\u00e1fico de drogas - Notibras<\/title>\n<meta name=\"robots\" content=\"index, follow, max-snippet:-1, max-image-preview:large, max-video-preview:-1\" \/>\n<link rel=\"canonical\" href=\"https:\/\/www.notibras.com\/site\/estudante-de-direito-e-presa-no-parana-suspeita-de-comandar-trafico-de-drogas\/\" \/>\n<meta property=\"og:locale\" content=\"pt_BR\" \/>\n<meta property=\"og:type\" content=\"article\" \/>\n<meta property=\"og:title\" content=\"Estudante de Direito \u00e9 presa no Paran\u00e1 como suspeita de comandar tr\u00e1fico de drogas - Notibras\" \/>\n<meta property=\"og:description\" content=\"Uma estudante de direito de 20 anos foi presa, em Curitiba, por suspeita de tr\u00e1fico de droga e associa\u00e7\u00e3o ao tr\u00e1fico, segundo a Pol\u00edcia Civil. Dois homens \u2013 de 31 e 26 anos \u2013 tamb\u00e9m foram detidos suspeitos de praticar os mesmos crimes. Conforme o perfil do Facebook de Mayara Borcatti da Silva, ela \u00e9 [&hellip;]\" \/>\n<meta property=\"og:url\" content=\"https:\/\/www.notibras.com\/site\/estudante-de-direito-e-presa-no-parana-suspeita-de-comandar-trafico-de-drogas\/\" \/>\n<meta property=\"og:site_name\" content=\"Notibras\" \/>\n<meta property=\"article:publisher\" content=\"https:\/\/www.facebook.com\/notibras\/\" \/>\n<meta property=\"article:published_time\" content=\"2015-09-25T01:13:48+00:00\" \/>\n<meta property=\"article:modified_time\" content=\"2015-09-28T01:16:55+00:00\" \/>\n<meta property=\"og:image\" content=\"https:\/\/www.notibras.com\/site\/wp-content\/uploads\/2015\/09\/loirapresa_.jpg\" \/>\n\t<meta property=\"og:image:width\" content=\"620\" \/>\n\t<meta property=\"og:image:height\" content=\"465\" \/>\n\t<meta property=\"og:image:type\" content=\"image\/jpeg\" \/>\n<meta name=\"author\" content=\"Reda\u00e7\u00e3o\" \/>\n<meta name=\"twitter:card\" content=\"summary_large_image\" \/>\n<meta name=\"twitter:creator\" content=\"@Notibras\" \/>\n<meta name=\"twitter:site\" content=\"@Notibras\" \/>\n<meta name=\"twitter:label1\" content=\"Escrito por\" \/>\n\t<meta name=\"twitter:data1\" content=\"Reda\u00e7\u00e3o\" \/>\n\t<meta name=\"twitter:label2\" content=\"Est. tempo de leitura\" \/>\n\t<meta name=\"twitter:data2\" content=\"1 minuto\" \/>\n<script type=\"application\/ld+json\" class=\"yoast-schema-graph\">{\"@context\":\"https:\/\/schema.org\",\"@graph\":[{\"@type\":\"Article\",\"@id\":\"https:\/\/www.notibras.com\/site\/estudante-de-direito-e-presa-no-parana-suspeita-de-comandar-trafico-de-drogas\/#article\",\"isPartOf\":{\"@id\":\"https:\/\/www.notibras.com\/site\/estudante-de-direito-e-presa-no-parana-suspeita-de-comandar-trafico-de-drogas\/\"},\"author\":{\"name\":\"Reda\u00e7\u00e3o\",\"@id\":\"https:\/\/www.notibras.com\/site\/#\/schema\/person\/36ab0979449956132d3e5b517ea76ac8\"},\"headline\":\"Estudante de Direito \u00e9 presa no Paran\u00e1 como suspeita de comandar tr\u00e1fico de drogas\",\"datePublished\":\"2015-09-25T01:13:48+00:00\",\"dateModified\":\"2015-09-28T01:16:55+00:00\",\"mainEntityOfPage\":{\"@id\":\"https:\/\/www.notibras.com\/site\/estudante-de-direito-e-presa-no-parana-suspeita-de-comandar-trafico-de-drogas\/\"},\"wordCount\":242,\"commentCount\":0,\"publisher\":{\"@id\":\"https:\/\/www.notibras.com\/site\/#organization\"},\"image\":{\"@id\":\"https:\/\/www.notibras.com\/site\/estudante-de-direito-e-presa-no-parana-suspeita-de-comandar-trafico-de-drogas\/#primaryimage\"},\"thumbnailUrl\":\"https:\/\/www.notibras.com\/site\/wp-content\/uploads\/2015\/09\/loirapresa_.jpg\",\"articleSection\":[\"Brasil\"],\"inLanguage\":\"pt-BR\",\"potentialAction\":[{\"@type\":\"CommentAction\",\"name\":\"Comment\",\"target\":[\"https:\/\/www.notibras.com\/site\/estudante-de-direito-e-presa-no-parana-suspeita-de-comandar-trafico-de-drogas\/#respond\"]}]},{\"@type\":\"WebPage\",\"@id\":\"https:\/\/www.notibras.com\/site\/estudante-de-direito-e-presa-no-parana-suspeita-de-comandar-trafico-de-drogas\/\",\"url\":\"https:\/\/www.notibras.com\/site\/estudante-de-direito-e-presa-no-parana-suspeita-de-comandar-trafico-de-drogas\/\",\"name\":\"Estudante de Direito \u00e9 presa no Paran\u00e1 como suspeita de comandar tr\u00e1fico de drogas - Notibras\",\"isPartOf\":{\"@id\":\"https:\/\/www.notibras.com\/site\/#website\"},\"primaryImageOfPage\":{\"@id\":\"https:\/\/www.notibras.com\/site\/estudante-de-direito-e-presa-no-parana-suspeita-de-comandar-trafico-de-drogas\/#primaryimage\"},\"image\":{\"@id\":\"https:\/\/www.notibras.com\/site\/estudante-de-direito-e-presa-no-parana-suspeita-de-comandar-trafico-de-drogas\/#primaryimage\"},\"thumbnailUrl\":\"https:\/\/www.notibras.com\/site\/wp-content\/uploads\/2015\/09\/loirapresa_.jpg\",\"datePublished\":\"2015-09-25T01:13:48+00:00\",\"dateModified\":\"2015-09-28T01:16:55+00:00\",\"breadcrumb\":{\"@id\":\"https:\/\/www.notibras.com\/site\/estudante-de-direito-e-presa-no-parana-suspeita-de-comandar-trafico-de-drogas\/#breadcrumb\"},\"inLanguage\":\"pt-BR\",\"potentialAction\":[{\"@type\":\"ReadAction\",\"target\":[\"https:\/\/www.notibras.com\/site\/estudante-de-direito-e-presa-no-parana-suspeita-de-comandar-trafico-de-drogas\/\"]}]},{\"@type\":\"ImageObject\",\"inLanguage\":\"pt-BR\",\"@id\":\"https:\/\/www.notibras.com\/site\/estudante-de-direito-e-presa-no-parana-suspeita-de-comandar-trafico-de-drogas\/#primaryimage\",\"url\":\"https:\/\/www.notibras.com\/site\/wp-content\/uploads\/2015\/09\/loirapresa_.jpg\",\"contentUrl\":\"https:\/\/www.notibras.com\/site\/wp-content\/uploads\/2015\/09\/loirapresa_.jpg\",\"width\":620,\"height\":465},{\"@type\":\"BreadcrumbList\",\"@id\":\"https:\/\/www.notibras.com\/site\/estudante-de-direito-e-presa-no-parana-suspeita-de-comandar-trafico-de-drogas\/#breadcrumb\",\"itemListElement\":[{\"@type\":\"ListItem\",\"position\":1,\"name\":\"In\u00edcio\",\"item\":\"https:\/\/www.notibras.com\/site\/\"},{\"@type\":\"ListItem\",\"position\":2,\"name\":\"Estudante de Direito \u00e9 presa no Paran\u00e1 como suspeita de comandar tr\u00e1fico de drogas\"}]},{\"@type\":\"WebSite\",\"@id\":\"https:\/\/www.notibras.com\/site\/#website\",\"url\":\"https:\/\/www.notibras.com\/site\/\",\"name\":\"Notibras\",\"description\":\"Not\u00edcias de Bras\u00edlia, do Brasil e do Mundo\",\"publisher\":{\"@id\":\"https:\/\/www.notibras.com\/site\/#organization\"},\"potentialAction\":[{\"@type\":\"SearchAction\",\"target\":{\"@type\":\"EntryPoint\",\"urlTemplate\":\"https:\/\/www.notibras.com\/site\/?s={search_term_string}\"},\"query-input\":{\"@type\":\"PropertyValueSpecification\",\"valueRequired\":true,\"valueName\":\"search_term_string\"}}],\"inLanguage\":\"pt-BR\"},{\"@type\":\"Organization\",\"@id\":\"https:\/\/www.notibras.com\/site\/#organization\",\"name\":\"Grupo Notibras de Comunica\u00e7\u00e3o\",\"url\":\"https:\/\/www.notibras.com\/site\/\",\"logo\":{\"@type\":\"ImageObject\",\"inLanguage\":\"pt-BR\",\"@id\":\"https:\/\/www.notibras.com\/site\/#\/schema\/logo\/image\/\",\"url\":\"https:\/\/www.notibras.com\/site\/wp-content\/uploads\/2023\/01\/notibras23.png\",\"contentUrl\":\"https:\/\/www.notibras.com\/site\/wp-content\/uploads\/2023\/01\/notibras23.png\",\"width\":350,\"height\":87,\"caption\":\"Grupo Notibras de Comunica\u00e7\u00e3o\"},\"image\":{\"@id\":\"https:\/\/www.notibras.com\/site\/#\/schema\/logo\/image\/\"},\"sameAs\":[\"https:\/\/www.facebook.com\/notibras\/\",\"https:\/\/x.com\/Notibras\",\"https:\/\/www.instagram.com\/notibras\/\"]},{\"@type\":\"Person\",\"@id\":\"https:\/\/www.notibras.com\/site\/#\/schema\/person\/36ab0979449956132d3e5b517ea76ac8\",\"name\":\"Reda\u00e7\u00e3o\",\"image\":{\"@type\":\"ImageObject\",\"inLanguage\":\"pt-BR\",\"@id\":\"https:\/\/secure.gravatar.com\/avatar\/e0a867bdedb85fd243eadf09663511f96fc81e0720a4a42581f334ad4303aa6b?s=96&d=mm&r=g\",\"url\":\"https:\/\/secure.gravatar.com\/avatar\/e0a867bdedb85fd243eadf09663511f96fc81e0720a4a42581f334ad4303aa6b?s=96&d=mm&r=g\",\"contentUrl\":\"https:\/\/secure.gravatar.com\/avatar\/e0a867bdedb85fd243eadf09663511f96fc81e0720a4a42581f334ad4303aa6b?s=96&d=mm&r=g\",\"caption\":\"Reda\u00e7\u00e3o\"}}]}<\/script>\n<!-- \/ Yoast SEO plugin. -->","yoast_head_json":{"title":"Estudante de Direito \u00e9 presa no Paran\u00e1 como suspeita de comandar tr\u00e1fico de drogas - Notibras","robots":{"index":"index","follow":"follow","max-snippet":"max-snippet:-1","max-image-preview":"max-image-preview:large","max-video-preview":"max-video-preview:-1"},"canonical":"https:\/\/www.notibras.com\/site\/estudante-de-direito-e-presa-no-parana-suspeita-de-comandar-trafico-de-drogas\/","og_locale":"pt_BR","og_type":"article","og_title":"Estudante de Direito \u00e9 presa no Paran\u00e1 como suspeita de comandar tr\u00e1fico de drogas - Notibras","og_description":"Uma estudante de direito de 20 anos foi presa, em Curitiba, por suspeita de tr\u00e1fico de droga e associa\u00e7\u00e3o ao tr\u00e1fico, segundo a Pol\u00edcia Civil. Dois homens \u2013 de 31 e 26 anos \u2013 tamb\u00e9m foram detidos suspeitos de praticar os mesmos crimes. Conforme o perfil do Facebook de Mayara Borcatti da Silva, ela \u00e9 [&hellip;]","og_url":"https:\/\/www.notibras.com\/site\/estudante-de-direito-e-presa-no-parana-suspeita-de-comandar-trafico-de-drogas\/","og_site_name":"Notibras","article_publisher":"https:\/\/www.facebook.com\/notibras\/","article_published_time":"2015-09-25T01:13:48+00:00","article_modified_time":"2015-09-28T01:16:55+00:00","og_image":[{"width":620,"height":465,"url":"https:\/\/www.notibras.com\/site\/wp-content\/uploads\/2015\/09\/loirapresa_.jpg","type":"image\/jpeg"}],"author":"Reda\u00e7\u00e3o","twitter_card":"summary_large_image","twitter_creator":"@Notibras","twitter_site":"@Notibras","twitter_misc":{"Escrito por":"Reda\u00e7\u00e3o","Est. tempo de leitura":"1 minuto"},"schema":{"@context":"https:\/\/schema.org","@graph":[{"@type":"Article","@id":"https:\/\/www.notibras.com\/site\/estudante-de-direito-e-presa-no-parana-suspeita-de-comandar-trafico-de-drogas\/#article","isPartOf":{"@id":"https:\/\/www.notibras.com\/site\/estudante-de-direito-e-presa-no-parana-suspeita-de-comandar-trafico-de-drogas\/"},"author":{"name":"Reda\u00e7\u00e3o","@id":"https:\/\/www.notibras.com\/site\/#\/schema\/person\/36ab0979449956132d3e5b517ea76ac8"},"headline":"Estudante de Direito \u00e9 presa no Paran\u00e1 como suspeita de comandar tr\u00e1fico de drogas","datePublished":"2015-09-25T01:13:48+00:00","dateModified":"2015-09-28T01:16:55+00:00","mainEntityOfPage":{"@id":"https:\/\/www.notibras.com\/site\/estudante-de-direito-e-presa-no-parana-suspeita-de-comandar-trafico-de-drogas\/"},"wordCount":242,"commentCount":0,"publisher":{"@id":"https:\/\/www.notibras.com\/site\/#organization"},"image":{"@id":"https:\/\/www.notibras.com\/site\/estudante-de-direito-e-presa-no-parana-suspeita-de-comandar-trafico-de-drogas\/#primaryimage"},"thumbnailUrl":"https:\/\/www.notibras.com\/site\/wp-content\/uploads\/2015\/09\/loirapresa_.jpg","articleSection":["Brasil"],"inLanguage":"pt-BR","potentialAction":[{"@type":"CommentAction","name":"Comment","target":["https:\/\/www.notibras.com\/site\/estudante-de-direito-e-presa-no-parana-suspeita-de-comandar-trafico-de-drogas\/#respond"]}]},{"@type":"WebPage","@id":"https:\/\/www.notibras.com\/site\/estudante-de-direito-e-presa-no-parana-suspeita-de-comandar-trafico-de-drogas\/","url":"https:\/\/www.notibras.com\/site\/estudante-de-direito-e-presa-no-parana-suspeita-de-comandar-trafico-de-drogas\/","name":"Estudante de Direito \u00e9 presa no Paran\u00e1 como suspeita de comandar tr\u00e1fico de drogas - Notibras","isPartOf":{"@id":"https:\/\/www.notibras.com\/site\/#website"},"primaryImageOfPage":{"@id":"https:\/\/www.notibras.com\/site\/estudante-de-direito-e-presa-no-parana-suspeita-de-comandar-trafico-de-drogas\/#primaryimage"},"image":{"@id":"https:\/\/www.notibras.com\/site\/estudante-de-direito-e-presa-no-parana-suspeita-de-comandar-trafico-de-drogas\/#primaryimage"},"thumbnailUrl":"https:\/\/www.notibras.com\/site\/wp-content\/uploads\/2015\/09\/loirapresa_.jpg","datePublished":"2015-09-25T01:13:48+00:00","dateModified":"2015-09-28T01:16:55+00:00","breadcrumb":{"@id":"https:\/\/www.notibras.com\/site\/estudante-de-direito-e-presa-no-parana-suspeita-de-comandar-trafico-de-drogas\/#breadcrumb"},"inLanguage":"pt-BR","potentialAction":[{"@type":"ReadAction","target":["https:\/\/www.notibras.com\/site\/estudante-de-direito-e-presa-no-parana-suspeita-de-comandar-trafico-de-drogas\/"]}]},{"@type":"ImageObject","inLanguage":"pt-BR","@id":"https:\/\/www.notibras.com\/site\/estudante-de-direito-e-presa-no-parana-suspeita-de-comandar-trafico-de-drogas\/#primaryimage","url":"https:\/\/www.notibras.com\/site\/wp-content\/uploads\/2015\/09\/loirapresa_.jpg","contentUrl":"https:\/\/www.notibras.com\/site\/wp-content\/uploads\/2015\/09\/loirapresa_.jpg","width":620,"height":465},{"@type":"BreadcrumbList","@id":"https:\/\/www.notibras.com\/site\/estudante-de-direito-e-presa-no-parana-suspeita-de-comandar-trafico-de-drogas\/#breadcrumb","itemListElement":[{"@type":"ListItem","position":1,"name":"In\u00edcio","item":"https:\/\/www.notibras.com\/site\/"},{"@type":"ListItem","position":2,"name":"Estudante de Direito \u00e9 presa no Paran\u00e1 como suspeita de comandar tr\u00e1fico de drogas"}]},{"@type":"WebSite","@id":"https:\/\/www.notibras.com\/site\/#website","url":"https:\/\/www.notibras.com\/site\/","name":"Notibras","description":"Not\u00edcias de Bras\u00edlia, do Brasil e do Mundo","publisher":{"@id":"https:\/\/www.notibras.com\/site\/#organization"},"potentialAction":[{"@type":"SearchAction","target":{"@type":"EntryPoint","urlTemplate":"https:\/\/www.notibras.com\/site\/?s={search_term_string}"},"query-input":{"@type":"PropertyValueSpecification","valueRequired":true,"valueName":"search_term_string"}}],"inLanguage":"pt-BR"},{"@type":"Organization","@id":"https:\/\/www.notibras.com\/site\/#organization","name":"Grupo Notibras de Comunica\u00e7\u00e3o","url":"https:\/\/www.notibras.com\/site\/","logo":{"@type":"ImageObject","inLanguage":"pt-BR","@id":"https:\/\/www.notibras.com\/site\/#\/schema\/logo\/image\/","url":"https:\/\/www.notibras.com\/site\/wp-content\/uploads\/2023\/01\/notibras23.png","contentUrl":"https:\/\/www.notibras.com\/site\/wp-content\/uploads\/2023\/01\/notibras23.png","width":350,"height":87,"caption":"Grupo Notibras de Comunica\u00e7\u00e3o"},"image":{"@id":"https:\/\/www.notibras.com\/site\/#\/schema\/logo\/image\/"},"sameAs":["https:\/\/www.facebook.com\/notibras\/","https:\/\/x.com\/Notibras","https:\/\/www.instagram.com\/notibras\/"]},{"@type":"Person","@id":"https:\/\/www.notibras.com\/site\/#\/schema\/person\/36ab0979449956132d3e5b517ea76ac8","name":"Reda\u00e7\u00e3o","image":{"@type":"ImageObject","inLanguage":"pt-BR","@id":"https:\/\/secure.gravatar.com\/avatar\/e0a867bdedb85fd243eadf09663511f96fc81e0720a4a42581f334ad4303aa6b?s=96&d=mm&r=g","url":"https:\/\/secure.gravatar.com\/avatar\/e0a867bdedb85fd243eadf09663511f96fc81e0720a4a42581f334ad4303aa6b?s=96&d=mm&r=g","contentUrl":"https:\/\/secure.gravatar.com\/avatar\/e0a867bdedb85fd243eadf09663511f96fc81e0720a4a42581f334ad4303aa6b?s=96&d=mm&r=g","caption":"Reda\u00e7\u00e3o"}}]}},"amp_enabled":true,"_links":{"self":[{"href":"https:\/\/www.notibras.com\/site\/wp-json\/wp\/v2\/posts\/69376","targetHints":{"allow":["GET"]}}],"collection":[{"href":"https:\/\/www.notibras.com\/site\/wp-json\/wp\/v2\/posts"}],"about":[{"href":"https:\/\/www.notibras.com\/site\/wp-json\/wp\/v2\/types\/post"}],"author":[{"embeddable":true,"href":"https:\/\/www.notibras.com\/site\/wp-json\/wp\/v2\/users\/2"}],"replies":[{"embeddable":true,"href":"https:\/\/www.notibras.com\/site\/wp-json\/wp\/v2\/comments?post=69376"}],"version-history":[{"count":2,"href":"https:\/\/www.notibras.com\/site\/wp-json\/wp\/v2\/posts\/69376\/revisions"}],"predecessor-version":[{"id":69379,"href":"https:\/\/www.notibras.com\/site\/wp-json\/wp\/v2\/posts\/69376\/revisions\/69379"}],"wp:featuredmedia":[{"embeddable":true,"href":"https:\/\/www.notibras.com\/site\/wp-json\/wp\/v2\/media\/69377"}],"wp:attachment":[{"href":"https:\/\/www.notibras.com\/site\/wp-json\/wp\/v2\/media?parent=69376"}],"wp:term":[{"taxonomy":"category","embeddable":true,"href":"https:\/\/www.notibras.com\/site\/wp-json\/wp\/v2\/categories?post=69376"},{"taxonomy":"post_tag","embeddable":true,"href":"https:\/\/www.notibras.com\/site\/wp-json\/wp\/v2\/tags?post=69376"}],"curies":[{"name":"wp","href":"https:\/\/api.w.org\/{rel}","templated":true}]}}