{"id":69383,"date":"2015-09-24T20:24:50","date_gmt":"2015-09-24T23:24:50","guid":{"rendered":"http:\/\/www.notibras.com\/site\/?p=69383"},"modified":"2015-09-27T22:15:53","modified_gmt":"2015-09-28T01:15:53","slug":"menina-mata-amiga-de-14-anos-por-ciumes-com-golpes-de-faca-e-marteladas","status":"publish","type":"post","link":"https:\/\/www.notibras.com\/site\/menina-mata-amiga-de-14-anos-por-ciumes-com-golpes-de-faca-e-marteladas\/","title":{"rendered":"Menina mata amiga de 14 anos em SP por ci\u00fames com golpes de faca e marteladas"},"content":{"rendered":"<p>A pol\u00edcia de S\u00e3o Paulo concluiu que Suzana Paulino da Silva, de 14 anos, foi morta em casa por uma amiga de escola porque provocava ci\u00fame na menina, de mesma idade. Segundo a Secretaria de Seguran\u00e7a P\u00fablica, X. confessou que tinha raiva da adolescente.<\/p>\n<p>Ca\u00e7ula de tr\u00eas irm\u00e3s, Suzana cursava o nono ano da Escola Estadual Jardim Gaivotas III. No \u00faltimo dia 8, ela se sentiu mal e foi para a casa mais cedo, no bairro Graja\u00fa, na Zona Sul, acompanhada do av\u00f4.<\/p>\n<p>Segundo a SSP, X. ent\u00e3o comentou no col\u00e9gio que iria at\u00e9 a casa da amiga para levar os exerc\u00edcios passados em sala. \u201cEla foi \u00e0 casa da v\u00edtima j\u00e1 com inten\u00e7\u00e3o de brigar\u201d, informou a SSP.<\/p>\n<p>Ainda de acordo com o \u00f3rg\u00e3o, Suzana, que estava sozinha na sala, teria mostrado uma m\u00fasica em seu celular a X.. Como o aparelho foi bloqueado, ela pediu a senha \u00e0 amiga, que a ignorou, dando in\u00edcio a uma discuss\u00e3o.<\/p>\n<p>A Secretaria afirma que, ap\u00f3s dez minutos de briga, X. a foi at\u00e9 a cozinha pegar uma faca e, ao voltar para a sala, feriu Suzana no pesco\u00e7o. A menina tentou se defender e chegou a pegar a arma, mas X. pegou um martelo e feriu Suzana na cabe\u00e7a.<\/p>\n<p>\u201cMesmo percebendo que Suzana morreu com o golpe, a adolescente deu v\u00e1rias facadas em sua cabe\u00e7a. E quando percebeu que a v\u00edtima n\u00e3o esbo\u00e7ava mais rea\u00e7\u00e3o, observou o corpo e ainda deu mais golpes em seu rosto\u201d, descreveu a SSP.<\/p>\n","protected":false},"excerpt":{"rendered":"<p>A pol\u00edcia de S\u00e3o Paulo concluiu que Suzana Paulino da Silva, de 14 anos, foi morta em casa por uma amiga de escola porque provocava ci\u00fame na menina, de mesma idade. Segundo a Secretaria de Seguran\u00e7a P\u00fablica, X. confessou que tinha raiva da adolescente. Ca\u00e7ula de tr\u00eas irm\u00e3s, Suzana cursava o nono ano da Escola [&hellip;]<\/p>\n","protected":false},"author":2,"featured_media":69384,"comment_status":"open","ping_status":"closed","sticky":false,"template":"","format":"standard","meta":{"_acf_changed":false,"footnotes":""},"categories":[16],"tags":[],"class_list":["post-69383","post","type-post","status-publish","format-standard","has-post-thumbnail","hentry","category-brasil"],"acf":[],"yoast_head":"<!-- This site is optimized with the Yoast SEO plugin v27.2 - https:\/\/yoast.com\/product\/yoast-seo-wordpress\/ -->\n<title>Menina mata amiga de 14 anos em SP por ci\u00fames com golpes de faca e marteladas - Notibras<\/title>\n<meta name=\"robots\" content=\"index, follow, max-snippet:-1, max-image-preview:large, max-video-preview:-1\" \/>\n<link rel=\"canonical\" href=\"https:\/\/www.notibras.com\/site\/menina-mata-amiga-de-14-anos-por-ciumes-com-golpes-de-faca-e-marteladas\/\" \/>\n<meta property=\"og:locale\" content=\"pt_BR\" \/>\n<meta property=\"og:type\" content=\"article\" \/>\n<meta property=\"og:title\" content=\"Menina mata amiga de 14 anos em SP por ci\u00fames com golpes de faca e marteladas - Notibras\" \/>\n<meta property=\"og:description\" content=\"A pol\u00edcia de S\u00e3o Paulo concluiu que Suzana Paulino da Silva, de 14 anos, foi morta em casa por uma amiga de escola porque provocava ci\u00fame na menina, de mesma idade. Segundo a Secretaria de Seguran\u00e7a P\u00fablica, X. confessou que tinha raiva da adolescente. Ca\u00e7ula de tr\u00eas irm\u00e3s, Suzana cursava o nono ano da Escola [&hellip;]\" \/>\n<meta property=\"og:url\" content=\"https:\/\/www.notibras.com\/site\/menina-mata-amiga-de-14-anos-por-ciumes-com-golpes-de-faca-e-marteladas\/\" \/>\n<meta property=\"og:site_name\" content=\"Notibras\" \/>\n<meta property=\"article:publisher\" content=\"https:\/\/www.facebook.com\/notibras\/\" \/>\n<meta property=\"article:published_time\" content=\"2015-09-24T23:24:50+00:00\" \/>\n<meta property=\"article:modified_time\" content=\"2015-09-28T01:15:53+00:00\" \/>\n<meta property=\"og:image\" content=\"https:\/\/www.notibras.com\/site\/wp-content\/uploads\/2015\/09\/suzana_1.jpg\" \/>\n\t<meta property=\"og:image:width\" content=\"640\" \/>\n\t<meta property=\"og:image:height\" content=\"360\" \/>\n\t<meta property=\"og:image:type\" content=\"image\/jpeg\" \/>\n<meta name=\"author\" content=\"Reda\u00e7\u00e3o\" \/>\n<meta name=\"twitter:card\" content=\"summary_large_image\" \/>\n<meta name=\"twitter:creator\" content=\"@Notibras\" \/>\n<meta name=\"twitter:site\" content=\"@Notibras\" \/>\n<meta name=\"twitter:label1\" content=\"Escrito por\" \/>\n\t<meta name=\"twitter:data1\" content=\"Reda\u00e7\u00e3o\" \/>\n\t<meta name=\"twitter:label2\" content=\"Est. tempo de leitura\" \/>\n\t<meta name=\"twitter:data2\" content=\"1 minuto\" \/>\n<script type=\"application\/ld+json\" class=\"yoast-schema-graph\">{\"@context\":\"https:\/\/schema.org\",\"@graph\":[{\"@type\":\"Article\",\"@id\":\"https:\/\/www.notibras.com\/site\/menina-mata-amiga-de-14-anos-por-ciumes-com-golpes-de-faca-e-marteladas\/#article\",\"isPartOf\":{\"@id\":\"https:\/\/www.notibras.com\/site\/menina-mata-amiga-de-14-anos-por-ciumes-com-golpes-de-faca-e-marteladas\/\"},\"author\":{\"name\":\"Reda\u00e7\u00e3o\",\"@id\":\"https:\/\/www.notibras.com\/site\/#\/schema\/person\/36ab0979449956132d3e5b517ea76ac8\"},\"headline\":\"Menina mata amiga de 14 anos em SP por ci\u00fames com golpes de faca e marteladas\",\"datePublished\":\"2015-09-24T23:24:50+00:00\",\"dateModified\":\"2015-09-28T01:15:53+00:00\",\"mainEntityOfPage\":{\"@id\":\"https:\/\/www.notibras.com\/site\/menina-mata-amiga-de-14-anos-por-ciumes-com-golpes-de-faca-e-marteladas\/\"},\"wordCount\":286,\"commentCount\":0,\"publisher\":{\"@id\":\"https:\/\/www.notibras.com\/site\/#organization\"},\"image\":{\"@id\":\"https:\/\/www.notibras.com\/site\/menina-mata-amiga-de-14-anos-por-ciumes-com-golpes-de-faca-e-marteladas\/#primaryimage\"},\"thumbnailUrl\":\"https:\/\/www.notibras.com\/site\/wp-content\/uploads\/2015\/09\/suzana_1.jpg\",\"articleSection\":[\"Brasil\"],\"inLanguage\":\"pt-BR\",\"potentialAction\":[{\"@type\":\"CommentAction\",\"name\":\"Comment\",\"target\":[\"https:\/\/www.notibras.com\/site\/menina-mata-amiga-de-14-anos-por-ciumes-com-golpes-de-faca-e-marteladas\/#respond\"]}]},{\"@type\":\"WebPage\",\"@id\":\"https:\/\/www.notibras.com\/site\/menina-mata-amiga-de-14-anos-por-ciumes-com-golpes-de-faca-e-marteladas\/\",\"url\":\"https:\/\/www.notibras.com\/site\/menina-mata-amiga-de-14-anos-por-ciumes-com-golpes-de-faca-e-marteladas\/\",\"name\":\"Menina mata amiga de 14 anos em SP por ci\u00fames com golpes de faca e marteladas - Notibras\",\"isPartOf\":{\"@id\":\"https:\/\/www.notibras.com\/site\/#website\"},\"primaryImageOfPage\":{\"@id\":\"https:\/\/www.notibras.com\/site\/menina-mata-amiga-de-14-anos-por-ciumes-com-golpes-de-faca-e-marteladas\/#primaryimage\"},\"image\":{\"@id\":\"https:\/\/www.notibras.com\/site\/menina-mata-amiga-de-14-anos-por-ciumes-com-golpes-de-faca-e-marteladas\/#primaryimage\"},\"thumbnailUrl\":\"https:\/\/www.notibras.com\/site\/wp-content\/uploads\/2015\/09\/suzana_1.jpg\",\"datePublished\":\"2015-09-24T23:24:50+00:00\",\"dateModified\":\"2015-09-28T01:15:53+00:00\",\"breadcrumb\":{\"@id\":\"https:\/\/www.notibras.com\/site\/menina-mata-amiga-de-14-anos-por-ciumes-com-golpes-de-faca-e-marteladas\/#breadcrumb\"},\"inLanguage\":\"pt-BR\",\"potentialAction\":[{\"@type\":\"ReadAction\",\"target\":[\"https:\/\/www.notibras.com\/site\/menina-mata-amiga-de-14-anos-por-ciumes-com-golpes-de-faca-e-marteladas\/\"]}]},{\"@type\":\"ImageObject\",\"inLanguage\":\"pt-BR\",\"@id\":\"https:\/\/www.notibras.com\/site\/menina-mata-amiga-de-14-anos-por-ciumes-com-golpes-de-faca-e-marteladas\/#primaryimage\",\"url\":\"https:\/\/www.notibras.com\/site\/wp-content\/uploads\/2015\/09\/suzana_1.jpg\",\"contentUrl\":\"https:\/\/www.notibras.com\/site\/wp-content\/uploads\/2015\/09\/suzana_1.jpg\",\"width\":640,\"height\":360},{\"@type\":\"BreadcrumbList\",\"@id\":\"https:\/\/www.notibras.com\/site\/menina-mata-amiga-de-14-anos-por-ciumes-com-golpes-de-faca-e-marteladas\/#breadcrumb\",\"itemListElement\":[{\"@type\":\"ListItem\",\"position\":1,\"name\":\"In\u00edcio\",\"item\":\"https:\/\/www.notibras.com\/site\/\"},{\"@type\":\"ListItem\",\"position\":2,\"name\":\"Menina mata amiga de 14 anos em SP por ci\u00fames com golpes de faca e marteladas\"}]},{\"@type\":\"WebSite\",\"@id\":\"https:\/\/www.notibras.com\/site\/#website\",\"url\":\"https:\/\/www.notibras.com\/site\/\",\"name\":\"Notibras\",\"description\":\"Not\u00edcias de Bras\u00edlia, do Brasil e do Mundo\",\"publisher\":{\"@id\":\"https:\/\/www.notibras.com\/site\/#organization\"},\"potentialAction\":[{\"@type\":\"SearchAction\",\"target\":{\"@type\":\"EntryPoint\",\"urlTemplate\":\"https:\/\/www.notibras.com\/site\/?s={search_term_string}\"},\"query-input\":{\"@type\":\"PropertyValueSpecification\",\"valueRequired\":true,\"valueName\":\"search_term_string\"}}],\"inLanguage\":\"pt-BR\"},{\"@type\":\"Organization\",\"@id\":\"https:\/\/www.notibras.com\/site\/#organization\",\"name\":\"Grupo Notibras de Comunica\u00e7\u00e3o\",\"url\":\"https:\/\/www.notibras.com\/site\/\",\"logo\":{\"@type\":\"ImageObject\",\"inLanguage\":\"pt-BR\",\"@id\":\"https:\/\/www.notibras.com\/site\/#\/schema\/logo\/image\/\",\"url\":\"https:\/\/www.notibras.com\/site\/wp-content\/uploads\/2023\/01\/notibras23.png\",\"contentUrl\":\"https:\/\/www.notibras.com\/site\/wp-content\/uploads\/2023\/01\/notibras23.png\",\"width\":350,\"height\":87,\"caption\":\"Grupo Notibras de Comunica\u00e7\u00e3o\"},\"image\":{\"@id\":\"https:\/\/www.notibras.com\/site\/#\/schema\/logo\/image\/\"},\"sameAs\":[\"https:\/\/www.facebook.com\/notibras\/\",\"https:\/\/x.com\/Notibras\",\"https:\/\/www.instagram.com\/notibras\/\"]},{\"@type\":\"Person\",\"@id\":\"https:\/\/www.notibras.com\/site\/#\/schema\/person\/36ab0979449956132d3e5b517ea76ac8\",\"name\":\"Reda\u00e7\u00e3o\",\"image\":{\"@type\":\"ImageObject\",\"inLanguage\":\"pt-BR\",\"@id\":\"https:\/\/secure.gravatar.com\/avatar\/e0a867bdedb85fd243eadf09663511f96fc81e0720a4a42581f334ad4303aa6b?s=96&d=mm&r=g\",\"url\":\"https:\/\/secure.gravatar.com\/avatar\/e0a867bdedb85fd243eadf09663511f96fc81e0720a4a42581f334ad4303aa6b?s=96&d=mm&r=g\",\"contentUrl\":\"https:\/\/secure.gravatar.com\/avatar\/e0a867bdedb85fd243eadf09663511f96fc81e0720a4a42581f334ad4303aa6b?s=96&d=mm&r=g\",\"caption\":\"Reda\u00e7\u00e3o\"}}]}<\/script>\n<!-- \/ Yoast SEO plugin. -->","yoast_head_json":{"title":"Menina mata amiga de 14 anos em SP por ci\u00fames com golpes de faca e marteladas - Notibras","robots":{"index":"index","follow":"follow","max-snippet":"max-snippet:-1","max-image-preview":"max-image-preview:large","max-video-preview":"max-video-preview:-1"},"canonical":"https:\/\/www.notibras.com\/site\/menina-mata-amiga-de-14-anos-por-ciumes-com-golpes-de-faca-e-marteladas\/","og_locale":"pt_BR","og_type":"article","og_title":"Menina mata amiga de 14 anos em SP por ci\u00fames com golpes de faca e marteladas - Notibras","og_description":"A pol\u00edcia de S\u00e3o Paulo concluiu que Suzana Paulino da Silva, de 14 anos, foi morta em casa por uma amiga de escola porque provocava ci\u00fame na menina, de mesma idade. Segundo a Secretaria de Seguran\u00e7a P\u00fablica, X. confessou que tinha raiva da adolescente. Ca\u00e7ula de tr\u00eas irm\u00e3s, Suzana cursava o nono ano da Escola [&hellip;]","og_url":"https:\/\/www.notibras.com\/site\/menina-mata-amiga-de-14-anos-por-ciumes-com-golpes-de-faca-e-marteladas\/","og_site_name":"Notibras","article_publisher":"https:\/\/www.facebook.com\/notibras\/","article_published_time":"2015-09-24T23:24:50+00:00","article_modified_time":"2015-09-28T01:15:53+00:00","og_image":[{"width":640,"height":360,"url":"https:\/\/www.notibras.com\/site\/wp-content\/uploads\/2015\/09\/suzana_1.jpg","type":"image\/jpeg"}],"author":"Reda\u00e7\u00e3o","twitter_card":"summary_large_image","twitter_creator":"@Notibras","twitter_site":"@Notibras","twitter_misc":{"Escrito por":"Reda\u00e7\u00e3o","Est. tempo de leitura":"1 minuto"},"schema":{"@context":"https:\/\/schema.org","@graph":[{"@type":"Article","@id":"https:\/\/www.notibras.com\/site\/menina-mata-amiga-de-14-anos-por-ciumes-com-golpes-de-faca-e-marteladas\/#article","isPartOf":{"@id":"https:\/\/www.notibras.com\/site\/menina-mata-amiga-de-14-anos-por-ciumes-com-golpes-de-faca-e-marteladas\/"},"author":{"name":"Reda\u00e7\u00e3o","@id":"https:\/\/www.notibras.com\/site\/#\/schema\/person\/36ab0979449956132d3e5b517ea76ac8"},"headline":"Menina mata amiga de 14 anos em SP por ci\u00fames com golpes de faca e marteladas","datePublished":"2015-09-24T23:24:50+00:00","dateModified":"2015-09-28T01:15:53+00:00","mainEntityOfPage":{"@id":"https:\/\/www.notibras.com\/site\/menina-mata-amiga-de-14-anos-por-ciumes-com-golpes-de-faca-e-marteladas\/"},"wordCount":286,"commentCount":0,"publisher":{"@id":"https:\/\/www.notibras.com\/site\/#organization"},"image":{"@id":"https:\/\/www.notibras.com\/site\/menina-mata-amiga-de-14-anos-por-ciumes-com-golpes-de-faca-e-marteladas\/#primaryimage"},"thumbnailUrl":"https:\/\/www.notibras.com\/site\/wp-content\/uploads\/2015\/09\/suzana_1.jpg","articleSection":["Brasil"],"inLanguage":"pt-BR","potentialAction":[{"@type":"CommentAction","name":"Comment","target":["https:\/\/www.notibras.com\/site\/menina-mata-amiga-de-14-anos-por-ciumes-com-golpes-de-faca-e-marteladas\/#respond"]}]},{"@type":"WebPage","@id":"https:\/\/www.notibras.com\/site\/menina-mata-amiga-de-14-anos-por-ciumes-com-golpes-de-faca-e-marteladas\/","url":"https:\/\/www.notibras.com\/site\/menina-mata-amiga-de-14-anos-por-ciumes-com-golpes-de-faca-e-marteladas\/","name":"Menina mata amiga de 14 anos em SP por ci\u00fames com golpes de faca e marteladas - Notibras","isPartOf":{"@id":"https:\/\/www.notibras.com\/site\/#website"},"primaryImageOfPage":{"@id":"https:\/\/www.notibras.com\/site\/menina-mata-amiga-de-14-anos-por-ciumes-com-golpes-de-faca-e-marteladas\/#primaryimage"},"image":{"@id":"https:\/\/www.notibras.com\/site\/menina-mata-amiga-de-14-anos-por-ciumes-com-golpes-de-faca-e-marteladas\/#primaryimage"},"thumbnailUrl":"https:\/\/www.notibras.com\/site\/wp-content\/uploads\/2015\/09\/suzana_1.jpg","datePublished":"2015-09-24T23:24:50+00:00","dateModified":"2015-09-28T01:15:53+00:00","breadcrumb":{"@id":"https:\/\/www.notibras.com\/site\/menina-mata-amiga-de-14-anos-por-ciumes-com-golpes-de-faca-e-marteladas\/#breadcrumb"},"inLanguage":"pt-BR","potentialAction":[{"@type":"ReadAction","target":["https:\/\/www.notibras.com\/site\/menina-mata-amiga-de-14-anos-por-ciumes-com-golpes-de-faca-e-marteladas\/"]}]},{"@type":"ImageObject","inLanguage":"pt-BR","@id":"https:\/\/www.notibras.com\/site\/menina-mata-amiga-de-14-anos-por-ciumes-com-golpes-de-faca-e-marteladas\/#primaryimage","url":"https:\/\/www.notibras.com\/site\/wp-content\/uploads\/2015\/09\/suzana_1.jpg","contentUrl":"https:\/\/www.notibras.com\/site\/wp-content\/uploads\/2015\/09\/suzana_1.jpg","width":640,"height":360},{"@type":"BreadcrumbList","@id":"https:\/\/www.notibras.com\/site\/menina-mata-amiga-de-14-anos-por-ciumes-com-golpes-de-faca-e-marteladas\/#breadcrumb","itemListElement":[{"@type":"ListItem","position":1,"name":"In\u00edcio","item":"https:\/\/www.notibras.com\/site\/"},{"@type":"ListItem","position":2,"name":"Menina mata amiga de 14 anos em SP por ci\u00fames com golpes de faca e marteladas"}]},{"@type":"WebSite","@id":"https:\/\/www.notibras.com\/site\/#website","url":"https:\/\/www.notibras.com\/site\/","name":"Notibras","description":"Not\u00edcias de Bras\u00edlia, do Brasil e do Mundo","publisher":{"@id":"https:\/\/www.notibras.com\/site\/#organization"},"potentialAction":[{"@type":"SearchAction","target":{"@type":"EntryPoint","urlTemplate":"https:\/\/www.notibras.com\/site\/?s={search_term_string}"},"query-input":{"@type":"PropertyValueSpecification","valueRequired":true,"valueName":"search_term_string"}}],"inLanguage":"pt-BR"},{"@type":"Organization","@id":"https:\/\/www.notibras.com\/site\/#organization","name":"Grupo Notibras de Comunica\u00e7\u00e3o","url":"https:\/\/www.notibras.com\/site\/","logo":{"@type":"ImageObject","inLanguage":"pt-BR","@id":"https:\/\/www.notibras.com\/site\/#\/schema\/logo\/image\/","url":"https:\/\/www.notibras.com\/site\/wp-content\/uploads\/2023\/01\/notibras23.png","contentUrl":"https:\/\/www.notibras.com\/site\/wp-content\/uploads\/2023\/01\/notibras23.png","width":350,"height":87,"caption":"Grupo Notibras de Comunica\u00e7\u00e3o"},"image":{"@id":"https:\/\/www.notibras.com\/site\/#\/schema\/logo\/image\/"},"sameAs":["https:\/\/www.facebook.com\/notibras\/","https:\/\/x.com\/Notibras","https:\/\/www.instagram.com\/notibras\/"]},{"@type":"Person","@id":"https:\/\/www.notibras.com\/site\/#\/schema\/person\/36ab0979449956132d3e5b517ea76ac8","name":"Reda\u00e7\u00e3o","image":{"@type":"ImageObject","inLanguage":"pt-BR","@id":"https:\/\/secure.gravatar.com\/avatar\/e0a867bdedb85fd243eadf09663511f96fc81e0720a4a42581f334ad4303aa6b?s=96&d=mm&r=g","url":"https:\/\/secure.gravatar.com\/avatar\/e0a867bdedb85fd243eadf09663511f96fc81e0720a4a42581f334ad4303aa6b?s=96&d=mm&r=g","contentUrl":"https:\/\/secure.gravatar.com\/avatar\/e0a867bdedb85fd243eadf09663511f96fc81e0720a4a42581f334ad4303aa6b?s=96&d=mm&r=g","caption":"Reda\u00e7\u00e3o"}}]}},"amp_enabled":true,"_links":{"self":[{"href":"https:\/\/www.notibras.com\/site\/wp-json\/wp\/v2\/posts\/69383","targetHints":{"allow":["GET"]}}],"collection":[{"href":"https:\/\/www.notibras.com\/site\/wp-json\/wp\/v2\/posts"}],"about":[{"href":"https:\/\/www.notibras.com\/site\/wp-json\/wp\/v2\/types\/post"}],"author":[{"embeddable":true,"href":"https:\/\/www.notibras.com\/site\/wp-json\/wp\/v2\/users\/2"}],"replies":[{"embeddable":true,"href":"https:\/\/www.notibras.com\/site\/wp-json\/wp\/v2\/comments?post=69383"}],"version-history":[{"count":2,"href":"https:\/\/www.notibras.com\/site\/wp-json\/wp\/v2\/posts\/69383\/revisions"}],"predecessor-version":[{"id":69386,"href":"https:\/\/www.notibras.com\/site\/wp-json\/wp\/v2\/posts\/69383\/revisions\/69386"}],"wp:featuredmedia":[{"embeddable":true,"href":"https:\/\/www.notibras.com\/site\/wp-json\/wp\/v2\/media\/69384"}],"wp:attachment":[{"href":"https:\/\/www.notibras.com\/site\/wp-json\/wp\/v2\/media?parent=69383"}],"wp:term":[{"taxonomy":"category","embeddable":true,"href":"https:\/\/www.notibras.com\/site\/wp-json\/wp\/v2\/categories?post=69383"},{"taxonomy":"post_tag","embeddable":true,"href":"https:\/\/www.notibras.com\/site\/wp-json\/wp\/v2\/tags?post=69383"}],"curies":[{"name":"wp","href":"https:\/\/api.w.org\/{rel}","templated":true}]}}