{"id":69572,"date":"2015-09-28T13:11:56","date_gmt":"2015-09-28T16:11:56","guid":{"rendered":"http:\/\/www.notibras.com\/site\/?p=69572"},"modified":"2015-09-28T13:12:43","modified_gmt":"2015-09-28T16:12:43","slug":"governo-corta-580-milhoes-e-enterra-o-farmacia-para-todos-no-proximo-ano","status":"publish","type":"post","link":"https:\/\/www.notibras.com\/site\/governo-corta-580-milhoes-e-enterra-o-farmacia-para-todos-no-proximo-ano\/","title":{"rendered":"Governo corta 580 milh\u00f5es e enterra programa Farm\u00e1cia para Todos no pr\u00f3ximo ano"},"content":{"rendered":"<p>O aperto nas contas vai atingir em cheio um dos programas prediletos da classe m\u00e9dia na \u00e1rea de sa\u00fade, o Aqui Tem Farm\u00e1cia Popular. A proposta or\u00e7ament\u00e1ria para 2016 encaminhada para o Congresso prev\u00ea repasse zero para a a\u00e7\u00e3o, que neste ano receber\u00e1 R$ 578 milh\u00f5es.<\/p>\n<p>Criado em 2006, o programa permite a compra em farm\u00e1cias credenciadas pelo governo de medicamentos para rinite, colesterol, mal de Parkinson, glaucoma, osteoporose, anticoncepcionais e fraldas geri\u00e1tricas. Os descontos chegam a 90%. Com a redu\u00e7\u00e3o a zero os recursos, na pr\u00e1tica essa pol\u00edtica deixa de existir, revela o Estad\u00e3o.<\/p>\n<p>Pela proposta encaminhada pelo governo ao Congresso, ficam mantidos o bra\u00e7o do programa chamado de Sa\u00fade N\u00e3o Tem Pre\u00e7o (em que o paciente n\u00e3o precisa pagar na farm\u00e1cia rem\u00e9dios para diabetes, hipertens\u00e3o e asma) e as unidades pr\u00f3prias do Farm\u00e1cia Popular.<\/p>\n<p>O problema, no entanto, \u00e9 que o n\u00famero de unidades pr\u00f3prias dessas farm\u00e1cias, que j\u00e1 \u00e9 pequeno, deve minguar mais em 2016. A previs\u00e3o \u00e9 de que n\u00e3o ultrapasse 460 postos de venda, em todo o Pa\u00eds.<\/p>\n<p>&#8220;Foi uma medida necess\u00e1ria&#8221;, justifica a secret\u00e1ria executiva, Ana Paula Menezes. A primeira vers\u00e3o da proposta de or\u00e7amento encaminhada para o Congresso reservava para a Sa\u00fade um total de R$ 104 bilh\u00f5es. &#8220;N\u00e3o era a quantia dos sonhos, mas pelo menos a gente n\u00e3o estava morrendo afogado&#8221;, afirma a secret\u00e1ria.<\/p>\n<p>Esse cen\u00e1rio, no entanto, mudou. A nova vers\u00e3o retira da \u00e1rea R$ 3,8 bilh\u00f5es. A proposta enviada ao Congresso tamb\u00e9m enterra um acerto que havia sido feito dentro do pr\u00f3prio governo, para que o montante reservado a emendas parlamentares, cujo pagamento passou a ser obrigat\u00f3rio, fosse incorporado ao c\u00e1lculo desse m\u00ednimo que o governo federal tem de desembolsar.<\/p>\n<p>Os problemas para o c\u00e1lculo do or\u00e7amento na sa\u00fade n\u00e3o se resumem a esse ajuste, feito na primeira quinzena de setembro. Pela Constitui\u00e7\u00e3o, tanto munic\u00edpios, Estados quanto Uni\u00e3o t\u00eam reservar uma fatia m\u00ednima de seu or\u00e7amento para gastos em a\u00e7\u00f5es e servi\u00e7os de sa\u00fade.<\/p>\n<p>Para o c\u00e1lculo do piso federal, a regra usada at\u00e9 o or\u00e7amento de 2015 era: o equivalente ao que foi desembolsado no ano anterior, acrescida a varia\u00e7\u00e3o do Produto Interno Bruto (PIB). Com a mudan\u00e7a, o governo federal tem de reservar para o setor o equivalente a 13,5% das receitas correntes l\u00edquidas.<\/p>\n<p>&#8220;Acreditamos que esse \u00e9 um mecanismo de c\u00e1lculo apropriado. O problema foi o comportamento da economia neste per\u00edodo mais recente&#8221;, disse Ana Paula.<\/p>\n<p>Se fosse aplicada a regra anterior, o m\u00ednimo para sa\u00fade neste ano seria de R$ 103,7 bilh\u00f5es. Com a nova regra, o piso passa para R$ 100,2 bilh\u00f5es.<\/p>\n<p>&#8220;Para compensar as perdas, havia ficado acertado que os recursos das emendas parlamentares, cujo gasto \u00e9 obrigat\u00f3rio, n\u00e3o entrariam na conta. Mas isso mudou.&#8221;<\/p>\n<p>No formato encaminhado para o Congresso, ficam preservados os recursos para compra de medicamentos, vacinas. A op\u00e7\u00e3o da pasta, em vez de fazer cortes em v\u00e1rias a\u00e7\u00f5es e servi\u00e7os de sa\u00fade, foi concentrar o enxugamento em dois pontos principais: farm\u00e1cia popular e a\u00e7\u00f5es de m\u00e9dia e alta complexidade.<\/p>\n<p>Esta \u00faltima rubrica concentra todos os recursos que s\u00e3o repassados para Estados e munic\u00edpios pagarem hospitais conveniados com o Servi\u00e7o \u00danico de Sa\u00fade (SUS), hospitais universit\u00e1rios, filantr\u00f3picos, Santas Casas para pagamento de procedimentos de sa\u00fade, como cirurgias, interna\u00e7\u00f5es.<\/p>\n<p>Os recursos de m\u00e9dia e alta complexidade tamb\u00e9m s\u00e3o usados para financiar despesas com o Servi\u00e7o de Atendimento M\u00f3vel de Urg\u00eancia (Samu), Unidades de Pronto Atendimento (UPAs), servi\u00e7os de an\u00e1lise cl\u00ednica, exames de imagem.<\/p>\n<p>A escolha do setor atingido n\u00e3o foi sem motivo. A \u00e1rea de m\u00e9dia e alta complexidade conta com uma rede poderosa de defensores tanto no Congresso quantos nos Estados e munic\u00edpios. Ao mirar nesta \u00e1rea, o Minist\u00e9rio da Sa\u00fade tenta encontrar entre parlamentares, governadores e prefeitos uma rede de apoio que n\u00e3o encontrou dentro do pr\u00f3prio governo e, com isso, tentar reverter o tamanho do corte.<\/p>\n","protected":false},"excerpt":{"rendered":"<p>O aperto nas contas vai atingir em cheio um dos programas prediletos da classe m\u00e9dia na \u00e1rea de sa\u00fade, o Aqui Tem Farm\u00e1cia Popular. A proposta or\u00e7ament\u00e1ria para 2016 encaminhada para o Congresso prev\u00ea repasse zero para a a\u00e7\u00e3o, que neste ano receber\u00e1 R$ 578 milh\u00f5es. Criado em 2006, o programa permite a compra em [&hellip;]<\/p>\n","protected":false},"author":2,"featured_media":69573,"comment_status":"open","ping_status":"closed","sticky":false,"template":"","format":"standard","meta":{"_acf_changed":false,"footnotes":""},"categories":[16],"tags":[],"class_list":["post-69572","post","type-post","status-publish","format-standard","has-post-thumbnail","hentry","category-brasil"],"acf":[],"yoast_head":"<!-- This site is optimized with the Yoast SEO plugin v27.2 - https:\/\/yoast.com\/product\/yoast-seo-wordpress\/ -->\n<title>Governo corta 580 milh\u00f5es e enterra programa Farm\u00e1cia para Todos no pr\u00f3ximo ano - Notibras<\/title>\n<meta name=\"robots\" content=\"index, follow, max-snippet:-1, max-image-preview:large, max-video-preview:-1\" \/>\n<link rel=\"canonical\" href=\"https:\/\/www.notibras.com\/site\/governo-corta-580-milhoes-e-enterra-o-farmacia-para-todos-no-proximo-ano\/\" \/>\n<meta property=\"og:locale\" content=\"pt_BR\" \/>\n<meta property=\"og:type\" content=\"article\" \/>\n<meta property=\"og:title\" content=\"Governo corta 580 milh\u00f5es e enterra programa Farm\u00e1cia para Todos no pr\u00f3ximo ano - Notibras\" \/>\n<meta property=\"og:description\" content=\"O aperto nas contas vai atingir em cheio um dos programas prediletos da classe m\u00e9dia na \u00e1rea de sa\u00fade, o Aqui Tem Farm\u00e1cia Popular. A proposta or\u00e7ament\u00e1ria para 2016 encaminhada para o Congresso prev\u00ea repasse zero para a a\u00e7\u00e3o, que neste ano receber\u00e1 R$ 578 milh\u00f5es. Criado em 2006, o programa permite a compra em [&hellip;]\" \/>\n<meta property=\"og:url\" content=\"https:\/\/www.notibras.com\/site\/governo-corta-580-milhoes-e-enterra-o-farmacia-para-todos-no-proximo-ano\/\" \/>\n<meta property=\"og:site_name\" content=\"Notibras\" \/>\n<meta property=\"article:publisher\" content=\"https:\/\/www.facebook.com\/notibras\/\" \/>\n<meta property=\"article:published_time\" content=\"2015-09-28T16:11:56+00:00\" \/>\n<meta property=\"article:modified_time\" content=\"2015-09-28T16:12:43+00:00\" \/>\n<meta property=\"og:image\" content=\"https:\/\/www.notibras.com\/site\/wp-content\/uploads\/2015\/09\/Farmacia_Galeria_004.jpg\" \/>\n\t<meta property=\"og:image:width\" content=\"540\" \/>\n\t<meta property=\"og:image:height\" content=\"405\" \/>\n\t<meta property=\"og:image:type\" content=\"image\/jpeg\" \/>\n<meta name=\"author\" content=\"Reda\u00e7\u00e3o\" \/>\n<meta name=\"twitter:card\" content=\"summary_large_image\" \/>\n<meta name=\"twitter:creator\" content=\"@Notibras\" \/>\n<meta name=\"twitter:site\" content=\"@Notibras\" \/>\n<meta name=\"twitter:label1\" content=\"Escrito por\" \/>\n\t<meta name=\"twitter:data1\" content=\"Reda\u00e7\u00e3o\" \/>\n\t<meta name=\"twitter:label2\" content=\"Est. tempo de leitura\" \/>\n\t<meta name=\"twitter:data2\" content=\"4 minutos\" \/>\n<script type=\"application\/ld+json\" class=\"yoast-schema-graph\">{\"@context\":\"https:\/\/schema.org\",\"@graph\":[{\"@type\":\"Article\",\"@id\":\"https:\/\/www.notibras.com\/site\/governo-corta-580-milhoes-e-enterra-o-farmacia-para-todos-no-proximo-ano\/#article\",\"isPartOf\":{\"@id\":\"https:\/\/www.notibras.com\/site\/governo-corta-580-milhoes-e-enterra-o-farmacia-para-todos-no-proximo-ano\/\"},\"author\":{\"name\":\"Reda\u00e7\u00e3o\",\"@id\":\"https:\/\/www.notibras.com\/site\/#\/schema\/person\/36ab0979449956132d3e5b517ea76ac8\"},\"headline\":\"Governo corta 580 milh\u00f5es e enterra programa Farm\u00e1cia para Todos no pr\u00f3ximo ano\",\"datePublished\":\"2015-09-28T16:11:56+00:00\",\"dateModified\":\"2015-09-28T16:12:43+00:00\",\"mainEntityOfPage\":{\"@id\":\"https:\/\/www.notibras.com\/site\/governo-corta-580-milhoes-e-enterra-o-farmacia-para-todos-no-proximo-ano\/\"},\"wordCount\":740,\"commentCount\":0,\"publisher\":{\"@id\":\"https:\/\/www.notibras.com\/site\/#organization\"},\"image\":{\"@id\":\"https:\/\/www.notibras.com\/site\/governo-corta-580-milhoes-e-enterra-o-farmacia-para-todos-no-proximo-ano\/#primaryimage\"},\"thumbnailUrl\":\"https:\/\/www.notibras.com\/site\/wp-content\/uploads\/2015\/09\/Farmacia_Galeria_004.jpg\",\"articleSection\":[\"Brasil\"],\"inLanguage\":\"pt-BR\",\"potentialAction\":[{\"@type\":\"CommentAction\",\"name\":\"Comment\",\"target\":[\"https:\/\/www.notibras.com\/site\/governo-corta-580-milhoes-e-enterra-o-farmacia-para-todos-no-proximo-ano\/#respond\"]}]},{\"@type\":\"WebPage\",\"@id\":\"https:\/\/www.notibras.com\/site\/governo-corta-580-milhoes-e-enterra-o-farmacia-para-todos-no-proximo-ano\/\",\"url\":\"https:\/\/www.notibras.com\/site\/governo-corta-580-milhoes-e-enterra-o-farmacia-para-todos-no-proximo-ano\/\",\"name\":\"Governo corta 580 milh\u00f5es e enterra programa Farm\u00e1cia para Todos no pr\u00f3ximo ano - Notibras\",\"isPartOf\":{\"@id\":\"https:\/\/www.notibras.com\/site\/#website\"},\"primaryImageOfPage\":{\"@id\":\"https:\/\/www.notibras.com\/site\/governo-corta-580-milhoes-e-enterra-o-farmacia-para-todos-no-proximo-ano\/#primaryimage\"},\"image\":{\"@id\":\"https:\/\/www.notibras.com\/site\/governo-corta-580-milhoes-e-enterra-o-farmacia-para-todos-no-proximo-ano\/#primaryimage\"},\"thumbnailUrl\":\"https:\/\/www.notibras.com\/site\/wp-content\/uploads\/2015\/09\/Farmacia_Galeria_004.jpg\",\"datePublished\":\"2015-09-28T16:11:56+00:00\",\"dateModified\":\"2015-09-28T16:12:43+00:00\",\"breadcrumb\":{\"@id\":\"https:\/\/www.notibras.com\/site\/governo-corta-580-milhoes-e-enterra-o-farmacia-para-todos-no-proximo-ano\/#breadcrumb\"},\"inLanguage\":\"pt-BR\",\"potentialAction\":[{\"@type\":\"ReadAction\",\"target\":[\"https:\/\/www.notibras.com\/site\/governo-corta-580-milhoes-e-enterra-o-farmacia-para-todos-no-proximo-ano\/\"]}]},{\"@type\":\"ImageObject\",\"inLanguage\":\"pt-BR\",\"@id\":\"https:\/\/www.notibras.com\/site\/governo-corta-580-milhoes-e-enterra-o-farmacia-para-todos-no-proximo-ano\/#primaryimage\",\"url\":\"https:\/\/www.notibras.com\/site\/wp-content\/uploads\/2015\/09\/Farmacia_Galeria_004.jpg\",\"contentUrl\":\"https:\/\/www.notibras.com\/site\/wp-content\/uploads\/2015\/09\/Farmacia_Galeria_004.jpg\",\"width\":540,\"height\":405},{\"@type\":\"BreadcrumbList\",\"@id\":\"https:\/\/www.notibras.com\/site\/governo-corta-580-milhoes-e-enterra-o-farmacia-para-todos-no-proximo-ano\/#breadcrumb\",\"itemListElement\":[{\"@type\":\"ListItem\",\"position\":1,\"name\":\"In\u00edcio\",\"item\":\"https:\/\/www.notibras.com\/site\/\"},{\"@type\":\"ListItem\",\"position\":2,\"name\":\"Governo corta 580 milh\u00f5es e enterra programa Farm\u00e1cia para Todos no pr\u00f3ximo ano\"}]},{\"@type\":\"WebSite\",\"@id\":\"https:\/\/www.notibras.com\/site\/#website\",\"url\":\"https:\/\/www.notibras.com\/site\/\",\"name\":\"Notibras\",\"description\":\"Not\u00edcias de Bras\u00edlia, do Brasil e do Mundo\",\"publisher\":{\"@id\":\"https:\/\/www.notibras.com\/site\/#organization\"},\"potentialAction\":[{\"@type\":\"SearchAction\",\"target\":{\"@type\":\"EntryPoint\",\"urlTemplate\":\"https:\/\/www.notibras.com\/site\/?s={search_term_string}\"},\"query-input\":{\"@type\":\"PropertyValueSpecification\",\"valueRequired\":true,\"valueName\":\"search_term_string\"}}],\"inLanguage\":\"pt-BR\"},{\"@type\":\"Organization\",\"@id\":\"https:\/\/www.notibras.com\/site\/#organization\",\"name\":\"Grupo Notibras de Comunica\u00e7\u00e3o\",\"url\":\"https:\/\/www.notibras.com\/site\/\",\"logo\":{\"@type\":\"ImageObject\",\"inLanguage\":\"pt-BR\",\"@id\":\"https:\/\/www.notibras.com\/site\/#\/schema\/logo\/image\/\",\"url\":\"https:\/\/www.notibras.com\/site\/wp-content\/uploads\/2023\/01\/notibras23.png\",\"contentUrl\":\"https:\/\/www.notibras.com\/site\/wp-content\/uploads\/2023\/01\/notibras23.png\",\"width\":350,\"height\":87,\"caption\":\"Grupo Notibras de Comunica\u00e7\u00e3o\"},\"image\":{\"@id\":\"https:\/\/www.notibras.com\/site\/#\/schema\/logo\/image\/\"},\"sameAs\":[\"https:\/\/www.facebook.com\/notibras\/\",\"https:\/\/x.com\/Notibras\",\"https:\/\/www.instagram.com\/notibras\/\"]},{\"@type\":\"Person\",\"@id\":\"https:\/\/www.notibras.com\/site\/#\/schema\/person\/36ab0979449956132d3e5b517ea76ac8\",\"name\":\"Reda\u00e7\u00e3o\",\"image\":{\"@type\":\"ImageObject\",\"inLanguage\":\"pt-BR\",\"@id\":\"https:\/\/secure.gravatar.com\/avatar\/e0a867bdedb85fd243eadf09663511f96fc81e0720a4a42581f334ad4303aa6b?s=96&d=mm&r=g\",\"url\":\"https:\/\/secure.gravatar.com\/avatar\/e0a867bdedb85fd243eadf09663511f96fc81e0720a4a42581f334ad4303aa6b?s=96&d=mm&r=g\",\"contentUrl\":\"https:\/\/secure.gravatar.com\/avatar\/e0a867bdedb85fd243eadf09663511f96fc81e0720a4a42581f334ad4303aa6b?s=96&d=mm&r=g\",\"caption\":\"Reda\u00e7\u00e3o\"}}]}<\/script>\n<!-- \/ Yoast SEO plugin. -->","yoast_head_json":{"title":"Governo corta 580 milh\u00f5es e enterra programa Farm\u00e1cia para Todos no pr\u00f3ximo ano - Notibras","robots":{"index":"index","follow":"follow","max-snippet":"max-snippet:-1","max-image-preview":"max-image-preview:large","max-video-preview":"max-video-preview:-1"},"canonical":"https:\/\/www.notibras.com\/site\/governo-corta-580-milhoes-e-enterra-o-farmacia-para-todos-no-proximo-ano\/","og_locale":"pt_BR","og_type":"article","og_title":"Governo corta 580 milh\u00f5es e enterra programa Farm\u00e1cia para Todos no pr\u00f3ximo ano - Notibras","og_description":"O aperto nas contas vai atingir em cheio um dos programas prediletos da classe m\u00e9dia na \u00e1rea de sa\u00fade, o Aqui Tem Farm\u00e1cia Popular. A proposta or\u00e7ament\u00e1ria para 2016 encaminhada para o Congresso prev\u00ea repasse zero para a a\u00e7\u00e3o, que neste ano receber\u00e1 R$ 578 milh\u00f5es. Criado em 2006, o programa permite a compra em [&hellip;]","og_url":"https:\/\/www.notibras.com\/site\/governo-corta-580-milhoes-e-enterra-o-farmacia-para-todos-no-proximo-ano\/","og_site_name":"Notibras","article_publisher":"https:\/\/www.facebook.com\/notibras\/","article_published_time":"2015-09-28T16:11:56+00:00","article_modified_time":"2015-09-28T16:12:43+00:00","og_image":[{"width":540,"height":405,"url":"https:\/\/www.notibras.com\/site\/wp-content\/uploads\/2015\/09\/Farmacia_Galeria_004.jpg","type":"image\/jpeg"}],"author":"Reda\u00e7\u00e3o","twitter_card":"summary_large_image","twitter_creator":"@Notibras","twitter_site":"@Notibras","twitter_misc":{"Escrito por":"Reda\u00e7\u00e3o","Est. tempo de leitura":"4 minutos"},"schema":{"@context":"https:\/\/schema.org","@graph":[{"@type":"Article","@id":"https:\/\/www.notibras.com\/site\/governo-corta-580-milhoes-e-enterra-o-farmacia-para-todos-no-proximo-ano\/#article","isPartOf":{"@id":"https:\/\/www.notibras.com\/site\/governo-corta-580-milhoes-e-enterra-o-farmacia-para-todos-no-proximo-ano\/"},"author":{"name":"Reda\u00e7\u00e3o","@id":"https:\/\/www.notibras.com\/site\/#\/schema\/person\/36ab0979449956132d3e5b517ea76ac8"},"headline":"Governo corta 580 milh\u00f5es e enterra programa Farm\u00e1cia para Todos no pr\u00f3ximo ano","datePublished":"2015-09-28T16:11:56+00:00","dateModified":"2015-09-28T16:12:43+00:00","mainEntityOfPage":{"@id":"https:\/\/www.notibras.com\/site\/governo-corta-580-milhoes-e-enterra-o-farmacia-para-todos-no-proximo-ano\/"},"wordCount":740,"commentCount":0,"publisher":{"@id":"https:\/\/www.notibras.com\/site\/#organization"},"image":{"@id":"https:\/\/www.notibras.com\/site\/governo-corta-580-milhoes-e-enterra-o-farmacia-para-todos-no-proximo-ano\/#primaryimage"},"thumbnailUrl":"https:\/\/www.notibras.com\/site\/wp-content\/uploads\/2015\/09\/Farmacia_Galeria_004.jpg","articleSection":["Brasil"],"inLanguage":"pt-BR","potentialAction":[{"@type":"CommentAction","name":"Comment","target":["https:\/\/www.notibras.com\/site\/governo-corta-580-milhoes-e-enterra-o-farmacia-para-todos-no-proximo-ano\/#respond"]}]},{"@type":"WebPage","@id":"https:\/\/www.notibras.com\/site\/governo-corta-580-milhoes-e-enterra-o-farmacia-para-todos-no-proximo-ano\/","url":"https:\/\/www.notibras.com\/site\/governo-corta-580-milhoes-e-enterra-o-farmacia-para-todos-no-proximo-ano\/","name":"Governo corta 580 milh\u00f5es e enterra programa Farm\u00e1cia para Todos no pr\u00f3ximo ano - Notibras","isPartOf":{"@id":"https:\/\/www.notibras.com\/site\/#website"},"primaryImageOfPage":{"@id":"https:\/\/www.notibras.com\/site\/governo-corta-580-milhoes-e-enterra-o-farmacia-para-todos-no-proximo-ano\/#primaryimage"},"image":{"@id":"https:\/\/www.notibras.com\/site\/governo-corta-580-milhoes-e-enterra-o-farmacia-para-todos-no-proximo-ano\/#primaryimage"},"thumbnailUrl":"https:\/\/www.notibras.com\/site\/wp-content\/uploads\/2015\/09\/Farmacia_Galeria_004.jpg","datePublished":"2015-09-28T16:11:56+00:00","dateModified":"2015-09-28T16:12:43+00:00","breadcrumb":{"@id":"https:\/\/www.notibras.com\/site\/governo-corta-580-milhoes-e-enterra-o-farmacia-para-todos-no-proximo-ano\/#breadcrumb"},"inLanguage":"pt-BR","potentialAction":[{"@type":"ReadAction","target":["https:\/\/www.notibras.com\/site\/governo-corta-580-milhoes-e-enterra-o-farmacia-para-todos-no-proximo-ano\/"]}]},{"@type":"ImageObject","inLanguage":"pt-BR","@id":"https:\/\/www.notibras.com\/site\/governo-corta-580-milhoes-e-enterra-o-farmacia-para-todos-no-proximo-ano\/#primaryimage","url":"https:\/\/www.notibras.com\/site\/wp-content\/uploads\/2015\/09\/Farmacia_Galeria_004.jpg","contentUrl":"https:\/\/www.notibras.com\/site\/wp-content\/uploads\/2015\/09\/Farmacia_Galeria_004.jpg","width":540,"height":405},{"@type":"BreadcrumbList","@id":"https:\/\/www.notibras.com\/site\/governo-corta-580-milhoes-e-enterra-o-farmacia-para-todos-no-proximo-ano\/#breadcrumb","itemListElement":[{"@type":"ListItem","position":1,"name":"In\u00edcio","item":"https:\/\/www.notibras.com\/site\/"},{"@type":"ListItem","position":2,"name":"Governo corta 580 milh\u00f5es e enterra programa Farm\u00e1cia para Todos no pr\u00f3ximo ano"}]},{"@type":"WebSite","@id":"https:\/\/www.notibras.com\/site\/#website","url":"https:\/\/www.notibras.com\/site\/","name":"Notibras","description":"Not\u00edcias de Bras\u00edlia, do Brasil e do Mundo","publisher":{"@id":"https:\/\/www.notibras.com\/site\/#organization"},"potentialAction":[{"@type":"SearchAction","target":{"@type":"EntryPoint","urlTemplate":"https:\/\/www.notibras.com\/site\/?s={search_term_string}"},"query-input":{"@type":"PropertyValueSpecification","valueRequired":true,"valueName":"search_term_string"}}],"inLanguage":"pt-BR"},{"@type":"Organization","@id":"https:\/\/www.notibras.com\/site\/#organization","name":"Grupo Notibras de Comunica\u00e7\u00e3o","url":"https:\/\/www.notibras.com\/site\/","logo":{"@type":"ImageObject","inLanguage":"pt-BR","@id":"https:\/\/www.notibras.com\/site\/#\/schema\/logo\/image\/","url":"https:\/\/www.notibras.com\/site\/wp-content\/uploads\/2023\/01\/notibras23.png","contentUrl":"https:\/\/www.notibras.com\/site\/wp-content\/uploads\/2023\/01\/notibras23.png","width":350,"height":87,"caption":"Grupo Notibras de Comunica\u00e7\u00e3o"},"image":{"@id":"https:\/\/www.notibras.com\/site\/#\/schema\/logo\/image\/"},"sameAs":["https:\/\/www.facebook.com\/notibras\/","https:\/\/x.com\/Notibras","https:\/\/www.instagram.com\/notibras\/"]},{"@type":"Person","@id":"https:\/\/www.notibras.com\/site\/#\/schema\/person\/36ab0979449956132d3e5b517ea76ac8","name":"Reda\u00e7\u00e3o","image":{"@type":"ImageObject","inLanguage":"pt-BR","@id":"https:\/\/secure.gravatar.com\/avatar\/e0a867bdedb85fd243eadf09663511f96fc81e0720a4a42581f334ad4303aa6b?s=96&d=mm&r=g","url":"https:\/\/secure.gravatar.com\/avatar\/e0a867bdedb85fd243eadf09663511f96fc81e0720a4a42581f334ad4303aa6b?s=96&d=mm&r=g","contentUrl":"https:\/\/secure.gravatar.com\/avatar\/e0a867bdedb85fd243eadf09663511f96fc81e0720a4a42581f334ad4303aa6b?s=96&d=mm&r=g","caption":"Reda\u00e7\u00e3o"}}]}},"amp_enabled":true,"_links":{"self":[{"href":"https:\/\/www.notibras.com\/site\/wp-json\/wp\/v2\/posts\/69572","targetHints":{"allow":["GET"]}}],"collection":[{"href":"https:\/\/www.notibras.com\/site\/wp-json\/wp\/v2\/posts"}],"about":[{"href":"https:\/\/www.notibras.com\/site\/wp-json\/wp\/v2\/types\/post"}],"author":[{"embeddable":true,"href":"https:\/\/www.notibras.com\/site\/wp-json\/wp\/v2\/users\/2"}],"replies":[{"embeddable":true,"href":"https:\/\/www.notibras.com\/site\/wp-json\/wp\/v2\/comments?post=69572"}],"version-history":[{"count":2,"href":"https:\/\/www.notibras.com\/site\/wp-json\/wp\/v2\/posts\/69572\/revisions"}],"predecessor-version":[{"id":69575,"href":"https:\/\/www.notibras.com\/site\/wp-json\/wp\/v2\/posts\/69572\/revisions\/69575"}],"wp:featuredmedia":[{"embeddable":true,"href":"https:\/\/www.notibras.com\/site\/wp-json\/wp\/v2\/media\/69573"}],"wp:attachment":[{"href":"https:\/\/www.notibras.com\/site\/wp-json\/wp\/v2\/media?parent=69572"}],"wp:term":[{"taxonomy":"category","embeddable":true,"href":"https:\/\/www.notibras.com\/site\/wp-json\/wp\/v2\/categories?post=69572"},{"taxonomy":"post_tag","embeddable":true,"href":"https:\/\/www.notibras.com\/site\/wp-json\/wp\/v2\/tags?post=69572"}],"curies":[{"name":"wp","href":"https:\/\/api.w.org\/{rel}","templated":true}]}}