{"id":69576,"date":"2015-09-28T12:18:22","date_gmt":"2015-09-28T15:18:22","guid":{"rendered":"http:\/\/www.notibras.com\/site\/?p=69576"},"modified":"2015-09-28T13:20:06","modified_gmt":"2015-09-28T16:20:06","slug":"inadimplencia-das-empresas-da-um-salto-de-16-em-agosto-e-assusta-mercado","status":"publish","type":"post","link":"https:\/\/www.notibras.com\/site\/inadimplencia-das-empresas-da-um-salto-de-16-em-agosto-e-assusta-mercado\/","title":{"rendered":"Inadimpl\u00eancia das empresas d\u00e1 um salto de 16% em agosto e assusta mercado"},"content":{"rendered":"<p>A inadimpl\u00eancia das empresas brasileiras avan\u00e7ou 16,1 por cento em agosto contra igual m\u00eas do ano passado, reflexo do aprofundamento da recess\u00e3o, associado aos juros e d\u00f3lar mais altos, informou a Serasa Experian nesta segunda-feira.<\/p>\n<p>De janeiro a agosto, o \u00edndice de inadimpl\u00eancia das empresas da Serasa acumula alta de 13,3 por cento, maior n\u00edvel desde 2012, quando subiu 14,3 por cento no mesmo per\u00edodo.<\/p>\n<p>O valor m\u00e9dio dos t\u00edtulos protestados cresceu 15,4 por cento no acumulado do ano, ao passo que os cheques sem fundos subiram 6,8 por cento.<\/p>\n<p>&#8220;O aprofundamento da recess\u00e3o econ\u00f4mica e as escaladas das taxas de juros e do d\u00f3lar est\u00e3o impactando negativamente a gera\u00e7\u00e3o de caixa e a capacidade de pagamento das empresas, impondo s\u00e9rias dificuldades \u00e0 quita\u00e7\u00e3o de seus compromissos financeiros neste ano de 2015&#8221;, disse a Serasa em comunicado.<\/p>\n<p>J\u00e1 na compara\u00e7\u00e3o de agosto com julho, a inadimpl\u00eancia recuou 5,7 por cento, influenciada pela queda de 13,4 por cento dos cheques sem fundo e baixa de 2 por cento nos protestos.<\/p>\n","protected":false},"excerpt":{"rendered":"<p>A inadimpl\u00eancia das empresas brasileiras avan\u00e7ou 16,1 por cento em agosto contra igual m\u00eas do ano passado, reflexo do aprofundamento da recess\u00e3o, associado aos juros e d\u00f3lar mais altos, informou a Serasa Experian nesta segunda-feira. De janeiro a agosto, o \u00edndice de inadimpl\u00eancia das empresas da Serasa acumula alta de 13,3 por cento, maior n\u00edvel [&hellip;]<\/p>\n","protected":false},"author":2,"featured_media":69577,"comment_status":"open","ping_status":"closed","sticky":false,"template":"","format":"standard","meta":{"_acf_changed":false,"footnotes":""},"categories":[16],"tags":[],"class_list":["post-69576","post","type-post","status-publish","format-standard","has-post-thumbnail","hentry","category-brasil"],"acf":[],"yoast_head":"<!-- This site is optimized with the Yoast SEO plugin v27.2 - https:\/\/yoast.com\/product\/yoast-seo-wordpress\/ -->\n<title>Inadimpl\u00eancia das empresas d\u00e1 um salto de 16% em agosto e assusta mercado - Notibras<\/title>\n<meta name=\"robots\" content=\"index, follow, max-snippet:-1, max-image-preview:large, max-video-preview:-1\" \/>\n<link rel=\"canonical\" href=\"https:\/\/www.notibras.com\/site\/inadimplencia-das-empresas-da-um-salto-de-16-em-agosto-e-assusta-mercado\/\" \/>\n<meta property=\"og:locale\" content=\"pt_BR\" \/>\n<meta property=\"og:type\" content=\"article\" \/>\n<meta property=\"og:title\" content=\"Inadimpl\u00eancia das empresas d\u00e1 um salto de 16% em agosto e assusta mercado - Notibras\" \/>\n<meta property=\"og:description\" content=\"A inadimpl\u00eancia das empresas brasileiras avan\u00e7ou 16,1 por cento em agosto contra igual m\u00eas do ano passado, reflexo do aprofundamento da recess\u00e3o, associado aos juros e d\u00f3lar mais altos, informou a Serasa Experian nesta segunda-feira. De janeiro a agosto, o \u00edndice de inadimpl\u00eancia das empresas da Serasa acumula alta de 13,3 por cento, maior n\u00edvel [&hellip;]\" \/>\n<meta property=\"og:url\" content=\"https:\/\/www.notibras.com\/site\/inadimplencia-das-empresas-da-um-salto-de-16-em-agosto-e-assusta-mercado\/\" \/>\n<meta property=\"og:site_name\" content=\"Notibras\" \/>\n<meta property=\"article:publisher\" content=\"https:\/\/www.facebook.com\/notibras\/\" \/>\n<meta property=\"article:published_time\" content=\"2015-09-28T15:18:22+00:00\" \/>\n<meta property=\"article:modified_time\" content=\"2015-09-28T16:20:06+00:00\" \/>\n<meta property=\"og:image\" content=\"https:\/\/www.notibras.com\/site\/wp-content\/uploads\/2015\/09\/ina.em_.jpg\" \/>\n\t<meta property=\"og:image:width\" content=\"644\" \/>\n\t<meta property=\"og:image:height\" content=\"450\" \/>\n\t<meta property=\"og:image:type\" content=\"image\/jpeg\" \/>\n<meta name=\"author\" content=\"Reda\u00e7\u00e3o\" \/>\n<meta name=\"twitter:card\" content=\"summary_large_image\" \/>\n<meta name=\"twitter:creator\" content=\"@Notibras\" \/>\n<meta name=\"twitter:site\" content=\"@Notibras\" \/>\n<meta name=\"twitter:label1\" content=\"Escrito por\" \/>\n\t<meta name=\"twitter:data1\" content=\"Reda\u00e7\u00e3o\" \/>\n\t<meta name=\"twitter:label2\" content=\"Est. tempo de leitura\" \/>\n\t<meta name=\"twitter:data2\" content=\"1 minuto\" \/>\n<script type=\"application\/ld+json\" class=\"yoast-schema-graph\">{\"@context\":\"https:\/\/schema.org\",\"@graph\":[{\"@type\":\"Article\",\"@id\":\"https:\/\/www.notibras.com\/site\/inadimplencia-das-empresas-da-um-salto-de-16-em-agosto-e-assusta-mercado\/#article\",\"isPartOf\":{\"@id\":\"https:\/\/www.notibras.com\/site\/inadimplencia-das-empresas-da-um-salto-de-16-em-agosto-e-assusta-mercado\/\"},\"author\":{\"name\":\"Reda\u00e7\u00e3o\",\"@id\":\"https:\/\/www.notibras.com\/site\/#\/schema\/person\/36ab0979449956132d3e5b517ea76ac8\"},\"headline\":\"Inadimpl\u00eancia das empresas d\u00e1 um salto de 16% em agosto e assusta mercado\",\"datePublished\":\"2015-09-28T15:18:22+00:00\",\"dateModified\":\"2015-09-28T16:20:06+00:00\",\"mainEntityOfPage\":{\"@id\":\"https:\/\/www.notibras.com\/site\/inadimplencia-das-empresas-da-um-salto-de-16-em-agosto-e-assusta-mercado\/\"},\"wordCount\":190,\"commentCount\":0,\"publisher\":{\"@id\":\"https:\/\/www.notibras.com\/site\/#organization\"},\"image\":{\"@id\":\"https:\/\/www.notibras.com\/site\/inadimplencia-das-empresas-da-um-salto-de-16-em-agosto-e-assusta-mercado\/#primaryimage\"},\"thumbnailUrl\":\"https:\/\/www.notibras.com\/site\/wp-content\/uploads\/2015\/09\/ina.em_.jpg\",\"articleSection\":[\"Brasil\"],\"inLanguage\":\"pt-BR\",\"potentialAction\":[{\"@type\":\"CommentAction\",\"name\":\"Comment\",\"target\":[\"https:\/\/www.notibras.com\/site\/inadimplencia-das-empresas-da-um-salto-de-16-em-agosto-e-assusta-mercado\/#respond\"]}]},{\"@type\":\"WebPage\",\"@id\":\"https:\/\/www.notibras.com\/site\/inadimplencia-das-empresas-da-um-salto-de-16-em-agosto-e-assusta-mercado\/\",\"url\":\"https:\/\/www.notibras.com\/site\/inadimplencia-das-empresas-da-um-salto-de-16-em-agosto-e-assusta-mercado\/\",\"name\":\"Inadimpl\u00eancia das empresas d\u00e1 um salto de 16% em agosto e assusta mercado - Notibras\",\"isPartOf\":{\"@id\":\"https:\/\/www.notibras.com\/site\/#website\"},\"primaryImageOfPage\":{\"@id\":\"https:\/\/www.notibras.com\/site\/inadimplencia-das-empresas-da-um-salto-de-16-em-agosto-e-assusta-mercado\/#primaryimage\"},\"image\":{\"@id\":\"https:\/\/www.notibras.com\/site\/inadimplencia-das-empresas-da-um-salto-de-16-em-agosto-e-assusta-mercado\/#primaryimage\"},\"thumbnailUrl\":\"https:\/\/www.notibras.com\/site\/wp-content\/uploads\/2015\/09\/ina.em_.jpg\",\"datePublished\":\"2015-09-28T15:18:22+00:00\",\"dateModified\":\"2015-09-28T16:20:06+00:00\",\"breadcrumb\":{\"@id\":\"https:\/\/www.notibras.com\/site\/inadimplencia-das-empresas-da-um-salto-de-16-em-agosto-e-assusta-mercado\/#breadcrumb\"},\"inLanguage\":\"pt-BR\",\"potentialAction\":[{\"@type\":\"ReadAction\",\"target\":[\"https:\/\/www.notibras.com\/site\/inadimplencia-das-empresas-da-um-salto-de-16-em-agosto-e-assusta-mercado\/\"]}]},{\"@type\":\"ImageObject\",\"inLanguage\":\"pt-BR\",\"@id\":\"https:\/\/www.notibras.com\/site\/inadimplencia-das-empresas-da-um-salto-de-16-em-agosto-e-assusta-mercado\/#primaryimage\",\"url\":\"https:\/\/www.notibras.com\/site\/wp-content\/uploads\/2015\/09\/ina.em_.jpg\",\"contentUrl\":\"https:\/\/www.notibras.com\/site\/wp-content\/uploads\/2015\/09\/ina.em_.jpg\",\"width\":644,\"height\":450},{\"@type\":\"BreadcrumbList\",\"@id\":\"https:\/\/www.notibras.com\/site\/inadimplencia-das-empresas-da-um-salto-de-16-em-agosto-e-assusta-mercado\/#breadcrumb\",\"itemListElement\":[{\"@type\":\"ListItem\",\"position\":1,\"name\":\"In\u00edcio\",\"item\":\"https:\/\/www.notibras.com\/site\/\"},{\"@type\":\"ListItem\",\"position\":2,\"name\":\"Inadimpl\u00eancia das empresas d\u00e1 um salto de 16% em agosto e assusta mercado\"}]},{\"@type\":\"WebSite\",\"@id\":\"https:\/\/www.notibras.com\/site\/#website\",\"url\":\"https:\/\/www.notibras.com\/site\/\",\"name\":\"Notibras\",\"description\":\"Not\u00edcias de Bras\u00edlia, do Brasil e do Mundo\",\"publisher\":{\"@id\":\"https:\/\/www.notibras.com\/site\/#organization\"},\"potentialAction\":[{\"@type\":\"SearchAction\",\"target\":{\"@type\":\"EntryPoint\",\"urlTemplate\":\"https:\/\/www.notibras.com\/site\/?s={search_term_string}\"},\"query-input\":{\"@type\":\"PropertyValueSpecification\",\"valueRequired\":true,\"valueName\":\"search_term_string\"}}],\"inLanguage\":\"pt-BR\"},{\"@type\":\"Organization\",\"@id\":\"https:\/\/www.notibras.com\/site\/#organization\",\"name\":\"Grupo Notibras de Comunica\u00e7\u00e3o\",\"url\":\"https:\/\/www.notibras.com\/site\/\",\"logo\":{\"@type\":\"ImageObject\",\"inLanguage\":\"pt-BR\",\"@id\":\"https:\/\/www.notibras.com\/site\/#\/schema\/logo\/image\/\",\"url\":\"https:\/\/www.notibras.com\/site\/wp-content\/uploads\/2023\/01\/notibras23.png\",\"contentUrl\":\"https:\/\/www.notibras.com\/site\/wp-content\/uploads\/2023\/01\/notibras23.png\",\"width\":350,\"height\":87,\"caption\":\"Grupo Notibras de Comunica\u00e7\u00e3o\"},\"image\":{\"@id\":\"https:\/\/www.notibras.com\/site\/#\/schema\/logo\/image\/\"},\"sameAs\":[\"https:\/\/www.facebook.com\/notibras\/\",\"https:\/\/x.com\/Notibras\",\"https:\/\/www.instagram.com\/notibras\/\"]},{\"@type\":\"Person\",\"@id\":\"https:\/\/www.notibras.com\/site\/#\/schema\/person\/36ab0979449956132d3e5b517ea76ac8\",\"name\":\"Reda\u00e7\u00e3o\",\"image\":{\"@type\":\"ImageObject\",\"inLanguage\":\"pt-BR\",\"@id\":\"https:\/\/secure.gravatar.com\/avatar\/e0a867bdedb85fd243eadf09663511f96fc81e0720a4a42581f334ad4303aa6b?s=96&d=mm&r=g\",\"url\":\"https:\/\/secure.gravatar.com\/avatar\/e0a867bdedb85fd243eadf09663511f96fc81e0720a4a42581f334ad4303aa6b?s=96&d=mm&r=g\",\"contentUrl\":\"https:\/\/secure.gravatar.com\/avatar\/e0a867bdedb85fd243eadf09663511f96fc81e0720a4a42581f334ad4303aa6b?s=96&d=mm&r=g\",\"caption\":\"Reda\u00e7\u00e3o\"}}]}<\/script>\n<!-- \/ Yoast SEO plugin. -->","yoast_head_json":{"title":"Inadimpl\u00eancia das empresas d\u00e1 um salto de 16% em agosto e assusta mercado - Notibras","robots":{"index":"index","follow":"follow","max-snippet":"max-snippet:-1","max-image-preview":"max-image-preview:large","max-video-preview":"max-video-preview:-1"},"canonical":"https:\/\/www.notibras.com\/site\/inadimplencia-das-empresas-da-um-salto-de-16-em-agosto-e-assusta-mercado\/","og_locale":"pt_BR","og_type":"article","og_title":"Inadimpl\u00eancia das empresas d\u00e1 um salto de 16% em agosto e assusta mercado - Notibras","og_description":"A inadimpl\u00eancia das empresas brasileiras avan\u00e7ou 16,1 por cento em agosto contra igual m\u00eas do ano passado, reflexo do aprofundamento da recess\u00e3o, associado aos juros e d\u00f3lar mais altos, informou a Serasa Experian nesta segunda-feira. De janeiro a agosto, o \u00edndice de inadimpl\u00eancia das empresas da Serasa acumula alta de 13,3 por cento, maior n\u00edvel [&hellip;]","og_url":"https:\/\/www.notibras.com\/site\/inadimplencia-das-empresas-da-um-salto-de-16-em-agosto-e-assusta-mercado\/","og_site_name":"Notibras","article_publisher":"https:\/\/www.facebook.com\/notibras\/","article_published_time":"2015-09-28T15:18:22+00:00","article_modified_time":"2015-09-28T16:20:06+00:00","og_image":[{"width":644,"height":450,"url":"https:\/\/www.notibras.com\/site\/wp-content\/uploads\/2015\/09\/ina.em_.jpg","type":"image\/jpeg"}],"author":"Reda\u00e7\u00e3o","twitter_card":"summary_large_image","twitter_creator":"@Notibras","twitter_site":"@Notibras","twitter_misc":{"Escrito por":"Reda\u00e7\u00e3o","Est. tempo de leitura":"1 minuto"},"schema":{"@context":"https:\/\/schema.org","@graph":[{"@type":"Article","@id":"https:\/\/www.notibras.com\/site\/inadimplencia-das-empresas-da-um-salto-de-16-em-agosto-e-assusta-mercado\/#article","isPartOf":{"@id":"https:\/\/www.notibras.com\/site\/inadimplencia-das-empresas-da-um-salto-de-16-em-agosto-e-assusta-mercado\/"},"author":{"name":"Reda\u00e7\u00e3o","@id":"https:\/\/www.notibras.com\/site\/#\/schema\/person\/36ab0979449956132d3e5b517ea76ac8"},"headline":"Inadimpl\u00eancia das empresas d\u00e1 um salto de 16% em agosto e assusta mercado","datePublished":"2015-09-28T15:18:22+00:00","dateModified":"2015-09-28T16:20:06+00:00","mainEntityOfPage":{"@id":"https:\/\/www.notibras.com\/site\/inadimplencia-das-empresas-da-um-salto-de-16-em-agosto-e-assusta-mercado\/"},"wordCount":190,"commentCount":0,"publisher":{"@id":"https:\/\/www.notibras.com\/site\/#organization"},"image":{"@id":"https:\/\/www.notibras.com\/site\/inadimplencia-das-empresas-da-um-salto-de-16-em-agosto-e-assusta-mercado\/#primaryimage"},"thumbnailUrl":"https:\/\/www.notibras.com\/site\/wp-content\/uploads\/2015\/09\/ina.em_.jpg","articleSection":["Brasil"],"inLanguage":"pt-BR","potentialAction":[{"@type":"CommentAction","name":"Comment","target":["https:\/\/www.notibras.com\/site\/inadimplencia-das-empresas-da-um-salto-de-16-em-agosto-e-assusta-mercado\/#respond"]}]},{"@type":"WebPage","@id":"https:\/\/www.notibras.com\/site\/inadimplencia-das-empresas-da-um-salto-de-16-em-agosto-e-assusta-mercado\/","url":"https:\/\/www.notibras.com\/site\/inadimplencia-das-empresas-da-um-salto-de-16-em-agosto-e-assusta-mercado\/","name":"Inadimpl\u00eancia das empresas d\u00e1 um salto de 16% em agosto e assusta mercado - Notibras","isPartOf":{"@id":"https:\/\/www.notibras.com\/site\/#website"},"primaryImageOfPage":{"@id":"https:\/\/www.notibras.com\/site\/inadimplencia-das-empresas-da-um-salto-de-16-em-agosto-e-assusta-mercado\/#primaryimage"},"image":{"@id":"https:\/\/www.notibras.com\/site\/inadimplencia-das-empresas-da-um-salto-de-16-em-agosto-e-assusta-mercado\/#primaryimage"},"thumbnailUrl":"https:\/\/www.notibras.com\/site\/wp-content\/uploads\/2015\/09\/ina.em_.jpg","datePublished":"2015-09-28T15:18:22+00:00","dateModified":"2015-09-28T16:20:06+00:00","breadcrumb":{"@id":"https:\/\/www.notibras.com\/site\/inadimplencia-das-empresas-da-um-salto-de-16-em-agosto-e-assusta-mercado\/#breadcrumb"},"inLanguage":"pt-BR","potentialAction":[{"@type":"ReadAction","target":["https:\/\/www.notibras.com\/site\/inadimplencia-das-empresas-da-um-salto-de-16-em-agosto-e-assusta-mercado\/"]}]},{"@type":"ImageObject","inLanguage":"pt-BR","@id":"https:\/\/www.notibras.com\/site\/inadimplencia-das-empresas-da-um-salto-de-16-em-agosto-e-assusta-mercado\/#primaryimage","url":"https:\/\/www.notibras.com\/site\/wp-content\/uploads\/2015\/09\/ina.em_.jpg","contentUrl":"https:\/\/www.notibras.com\/site\/wp-content\/uploads\/2015\/09\/ina.em_.jpg","width":644,"height":450},{"@type":"BreadcrumbList","@id":"https:\/\/www.notibras.com\/site\/inadimplencia-das-empresas-da-um-salto-de-16-em-agosto-e-assusta-mercado\/#breadcrumb","itemListElement":[{"@type":"ListItem","position":1,"name":"In\u00edcio","item":"https:\/\/www.notibras.com\/site\/"},{"@type":"ListItem","position":2,"name":"Inadimpl\u00eancia das empresas d\u00e1 um salto de 16% em agosto e assusta mercado"}]},{"@type":"WebSite","@id":"https:\/\/www.notibras.com\/site\/#website","url":"https:\/\/www.notibras.com\/site\/","name":"Notibras","description":"Not\u00edcias de Bras\u00edlia, do Brasil e do Mundo","publisher":{"@id":"https:\/\/www.notibras.com\/site\/#organization"},"potentialAction":[{"@type":"SearchAction","target":{"@type":"EntryPoint","urlTemplate":"https:\/\/www.notibras.com\/site\/?s={search_term_string}"},"query-input":{"@type":"PropertyValueSpecification","valueRequired":true,"valueName":"search_term_string"}}],"inLanguage":"pt-BR"},{"@type":"Organization","@id":"https:\/\/www.notibras.com\/site\/#organization","name":"Grupo Notibras de Comunica\u00e7\u00e3o","url":"https:\/\/www.notibras.com\/site\/","logo":{"@type":"ImageObject","inLanguage":"pt-BR","@id":"https:\/\/www.notibras.com\/site\/#\/schema\/logo\/image\/","url":"https:\/\/www.notibras.com\/site\/wp-content\/uploads\/2023\/01\/notibras23.png","contentUrl":"https:\/\/www.notibras.com\/site\/wp-content\/uploads\/2023\/01\/notibras23.png","width":350,"height":87,"caption":"Grupo Notibras de Comunica\u00e7\u00e3o"},"image":{"@id":"https:\/\/www.notibras.com\/site\/#\/schema\/logo\/image\/"},"sameAs":["https:\/\/www.facebook.com\/notibras\/","https:\/\/x.com\/Notibras","https:\/\/www.instagram.com\/notibras\/"]},{"@type":"Person","@id":"https:\/\/www.notibras.com\/site\/#\/schema\/person\/36ab0979449956132d3e5b517ea76ac8","name":"Reda\u00e7\u00e3o","image":{"@type":"ImageObject","inLanguage":"pt-BR","@id":"https:\/\/secure.gravatar.com\/avatar\/e0a867bdedb85fd243eadf09663511f96fc81e0720a4a42581f334ad4303aa6b?s=96&d=mm&r=g","url":"https:\/\/secure.gravatar.com\/avatar\/e0a867bdedb85fd243eadf09663511f96fc81e0720a4a42581f334ad4303aa6b?s=96&d=mm&r=g","contentUrl":"https:\/\/secure.gravatar.com\/avatar\/e0a867bdedb85fd243eadf09663511f96fc81e0720a4a42581f334ad4303aa6b?s=96&d=mm&r=g","caption":"Reda\u00e7\u00e3o"}}]}},"amp_enabled":true,"_links":{"self":[{"href":"https:\/\/www.notibras.com\/site\/wp-json\/wp\/v2\/posts\/69576","targetHints":{"allow":["GET"]}}],"collection":[{"href":"https:\/\/www.notibras.com\/site\/wp-json\/wp\/v2\/posts"}],"about":[{"href":"https:\/\/www.notibras.com\/site\/wp-json\/wp\/v2\/types\/post"}],"author":[{"embeddable":true,"href":"https:\/\/www.notibras.com\/site\/wp-json\/wp\/v2\/users\/2"}],"replies":[{"embeddable":true,"href":"https:\/\/www.notibras.com\/site\/wp-json\/wp\/v2\/comments?post=69576"}],"version-history":[{"count":1,"href":"https:\/\/www.notibras.com\/site\/wp-json\/wp\/v2\/posts\/69576\/revisions"}],"predecessor-version":[{"id":69578,"href":"https:\/\/www.notibras.com\/site\/wp-json\/wp\/v2\/posts\/69576\/revisions\/69578"}],"wp:featuredmedia":[{"embeddable":true,"href":"https:\/\/www.notibras.com\/site\/wp-json\/wp\/v2\/media\/69577"}],"wp:attachment":[{"href":"https:\/\/www.notibras.com\/site\/wp-json\/wp\/v2\/media?parent=69576"}],"wp:term":[{"taxonomy":"category","embeddable":true,"href":"https:\/\/www.notibras.com\/site\/wp-json\/wp\/v2\/categories?post=69576"},{"taxonomy":"post_tag","embeddable":true,"href":"https:\/\/www.notibras.com\/site\/wp-json\/wp\/v2\/tags?post=69576"}],"curies":[{"name":"wp","href":"https:\/\/api.w.org\/{rel}","templated":true}]}}