{"id":69579,"date":"2015-09-28T11:23:18","date_gmt":"2015-09-28T14:23:18","guid":{"rendered":"http:\/\/www.notibras.com\/site\/?p=69579"},"modified":"2015-10-29T14:29:40","modified_gmt":"2015-10-29T16:29:40","slug":"empresario-cria-geladeira-solidaria-para-dar-comida-aos-moradores-de-rua","status":"publish","type":"post","link":"https:\/\/www.notibras.com\/site\/empresario-cria-geladeira-solidaria-para-dar-comida-aos-moradores-de-rua\/","title":{"rendered":"Geladeira solid\u00e1ria garante comida para moradores de rua"},"content":{"rendered":"<p>Um empres\u00e1rio de Goi\u00e2nia teve uma ideia simples e que est\u00e1 ajudando muitas pessoas necessitadas na cidade. O projeto, chamado de \u201cGeladeira Solid\u00e1ria\u201d, mant\u00e9m um refrigerador na Rua 7, no centro da capital de Goi\u00e1s, e conserva os alimentos doados.<\/p>\n<p>A ideia foi de Fernando Barcelos, que certo dia estava voltando do trabalho e encontrou uma moradora de rua com um rec\u00e9m-nascido. A cena o sensibilizou. \u201cEstava saindo do trabalho e vi uma mulher com um rec\u00e9m-nascido pedindo comida. Eu dei durante tr\u00eas dias. Em casa, vi na internet que tinham feito isso [colocado geladeiras nas ruas] na Holanda e na Ar\u00e1bia Saudita e resolvi fazer aqui tamb\u00e9m. Espero que seja a primeira de muitas, que outras pessoas vejam e fa\u00e7am o mesmo em outros lugares\u201d, contou.<\/p>\n<p>Assim como regi\u00f5es centrais de outras \u00e1reas urbanas, o local \u00e9 conhecido por abrigar muitos moradores de ruas; alguns usu\u00e1rios de drogas pesadas, como o crack. Mas, de acordo com Barcelos, a ideia est\u00e1 dando certo e a movimenta\u00e7\u00e3o na Rua 7 tem sido grande.<\/p>\n<p>O empres\u00e1rio frisou que a finalidade \u00e9 lembrar as pessoas do quanto \u00e9 desperdi\u00e7ado diariamente, enquanto muitos n\u00e3o t\u00eam o que comer. \u201cN\u00f3s jogamos fora quase um ter\u00e7o do que consumimos em um ano. Isso \u00e9 muita coisa. Se tivermos no\u00e7\u00e3o de que outras pessoas que n\u00e3o t\u00eam nada precisam de alimento, talvez o desperd\u00edcio seja menor\u201d, disse.<\/p>\n<p>\u201c\u00c9 uma ideia inovadora, melhor que dar dinheiro. J\u00e1 me ajudou quando eu estava com fome. Comi uma pizza a\u00ed esses dias, estava muito boa\u201d, completou o morador de rua Washington Gomes, de 43 anos, que tamb\u00e9m revelou \u00e0 reportagem que os albergues e abrigos de Goi\u00e2nia j\u00e1 est\u00e3o todos lotados. \u201cAs pessoas ficam com receio, n\u00e3o ajudam muito.\u201d<\/p>\n<p>Para controlar a qualidade dos alimentos, algumas regras foram adotadas: as embalagens precisam estar fechadas, dentro do prazo de validade e com data de fabrica\u00e7\u00e3o, e n\u00e3o \u00e9 permitido colocar bebidas alco\u00f3licas, ovos ou carne crua no refrigerador.<\/p>\n<p>At\u00e9 donos de restaurantes da regi\u00e3o est\u00e3o ajudando a \u201cGeladeira Solid\u00e1ria\u201d. Agora, Fernando Barcelos espera que as pessoas tenham a mesma compaix\u00e3o que ele e, al\u00e9m de contribuirem para a causa, fa\u00e7am o poss\u00edvel para que ela continue l\u00e1, na Rua 7.<\/p>\n","protected":false},"excerpt":{"rendered":"<p>Um empres\u00e1rio de Goi\u00e2nia teve uma ideia simples e que est\u00e1 ajudando muitas pessoas necessitadas na cidade. O projeto, chamado de \u201cGeladeira Solid\u00e1ria\u201d, mant\u00e9m um refrigerador na Rua 7, no centro da capital de Goi\u00e1s, e conserva os alimentos doados. A ideia foi de Fernando Barcelos, que certo dia estava voltando do trabalho e encontrou [&hellip;]<\/p>\n","protected":false},"author":2,"featured_media":69580,"comment_status":"open","ping_status":"closed","sticky":false,"template":"","format":"standard","meta":{"_acf_changed":false,"footnotes":""},"categories":[16],"tags":[],"class_list":["post-69579","post","type-post","status-publish","format-standard","has-post-thumbnail","hentry","category-brasil"],"acf":[],"yoast_head":"<!-- This site is optimized with the Yoast SEO plugin v27.2 - https:\/\/yoast.com\/product\/yoast-seo-wordpress\/ -->\n<title>Geladeira solid\u00e1ria garante comida para moradores de rua - Notibras<\/title>\n<meta name=\"robots\" content=\"index, follow, max-snippet:-1, max-image-preview:large, max-video-preview:-1\" \/>\n<link rel=\"canonical\" href=\"https:\/\/www.notibras.com\/site\/empresario-cria-geladeira-solidaria-para-dar-comida-aos-moradores-de-rua\/\" \/>\n<meta property=\"og:locale\" content=\"pt_BR\" \/>\n<meta property=\"og:type\" content=\"article\" \/>\n<meta property=\"og:title\" content=\"Geladeira solid\u00e1ria garante comida para moradores de rua - Notibras\" \/>\n<meta property=\"og:description\" content=\"Um empres\u00e1rio de Goi\u00e2nia teve uma ideia simples e que est\u00e1 ajudando muitas pessoas necessitadas na cidade. O projeto, chamado de \u201cGeladeira Solid\u00e1ria\u201d, mant\u00e9m um refrigerador na Rua 7, no centro da capital de Goi\u00e1s, e conserva os alimentos doados. A ideia foi de Fernando Barcelos, que certo dia estava voltando do trabalho e encontrou [&hellip;]\" \/>\n<meta property=\"og:url\" content=\"https:\/\/www.notibras.com\/site\/empresario-cria-geladeira-solidaria-para-dar-comida-aos-moradores-de-rua\/\" \/>\n<meta property=\"og:site_name\" content=\"Notibras\" \/>\n<meta property=\"article:publisher\" content=\"https:\/\/www.facebook.com\/notibras\/\" \/>\n<meta property=\"article:published_time\" content=\"2015-09-28T14:23:18+00:00\" \/>\n<meta property=\"article:modified_time\" content=\"2015-10-29T16:29:40+00:00\" \/>\n<meta property=\"og:image\" content=\"https:\/\/www.notibras.com\/site\/wp-content\/uploads\/2015\/09\/gela..jpg\" \/>\n\t<meta property=\"og:image:width\" content=\"620\" \/>\n\t<meta property=\"og:image:height\" content=\"400\" \/>\n\t<meta property=\"og:image:type\" content=\"image\/jpeg\" \/>\n<meta name=\"author\" content=\"Reda\u00e7\u00e3o\" \/>\n<meta name=\"twitter:card\" content=\"summary_large_image\" \/>\n<meta name=\"twitter:creator\" content=\"@Notibras\" \/>\n<meta name=\"twitter:site\" content=\"@Notibras\" \/>\n<meta name=\"twitter:label1\" content=\"Escrito por\" \/>\n\t<meta name=\"twitter:data1\" content=\"Reda\u00e7\u00e3o\" \/>\n\t<meta name=\"twitter:label2\" content=\"Est. tempo de leitura\" \/>\n\t<meta name=\"twitter:data2\" content=\"2 minutos\" \/>\n<script type=\"application\/ld+json\" class=\"yoast-schema-graph\">{\"@context\":\"https:\/\/schema.org\",\"@graph\":[{\"@type\":\"Article\",\"@id\":\"https:\/\/www.notibras.com\/site\/empresario-cria-geladeira-solidaria-para-dar-comida-aos-moradores-de-rua\/#article\",\"isPartOf\":{\"@id\":\"https:\/\/www.notibras.com\/site\/empresario-cria-geladeira-solidaria-para-dar-comida-aos-moradores-de-rua\/\"},\"author\":{\"name\":\"Reda\u00e7\u00e3o\",\"@id\":\"https:\/\/www.notibras.com\/site\/#\/schema\/person\/36ab0979449956132d3e5b517ea76ac8\"},\"headline\":\"Geladeira solid\u00e1ria garante comida para moradores de rua\",\"datePublished\":\"2015-09-28T14:23:18+00:00\",\"dateModified\":\"2015-10-29T16:29:40+00:00\",\"mainEntityOfPage\":{\"@id\":\"https:\/\/www.notibras.com\/site\/empresario-cria-geladeira-solidaria-para-dar-comida-aos-moradores-de-rua\/\"},\"wordCount\":405,\"commentCount\":0,\"publisher\":{\"@id\":\"https:\/\/www.notibras.com\/site\/#organization\"},\"image\":{\"@id\":\"https:\/\/www.notibras.com\/site\/empresario-cria-geladeira-solidaria-para-dar-comida-aos-moradores-de-rua\/#primaryimage\"},\"thumbnailUrl\":\"https:\/\/www.notibras.com\/site\/wp-content\/uploads\/2015\/09\/gela..jpg\",\"articleSection\":[\"Brasil\"],\"inLanguage\":\"pt-BR\",\"potentialAction\":[{\"@type\":\"CommentAction\",\"name\":\"Comment\",\"target\":[\"https:\/\/www.notibras.com\/site\/empresario-cria-geladeira-solidaria-para-dar-comida-aos-moradores-de-rua\/#respond\"]}]},{\"@type\":\"WebPage\",\"@id\":\"https:\/\/www.notibras.com\/site\/empresario-cria-geladeira-solidaria-para-dar-comida-aos-moradores-de-rua\/\",\"url\":\"https:\/\/www.notibras.com\/site\/empresario-cria-geladeira-solidaria-para-dar-comida-aos-moradores-de-rua\/\",\"name\":\"Geladeira solid\u00e1ria garante comida para moradores de rua - Notibras\",\"isPartOf\":{\"@id\":\"https:\/\/www.notibras.com\/site\/#website\"},\"primaryImageOfPage\":{\"@id\":\"https:\/\/www.notibras.com\/site\/empresario-cria-geladeira-solidaria-para-dar-comida-aos-moradores-de-rua\/#primaryimage\"},\"image\":{\"@id\":\"https:\/\/www.notibras.com\/site\/empresario-cria-geladeira-solidaria-para-dar-comida-aos-moradores-de-rua\/#primaryimage\"},\"thumbnailUrl\":\"https:\/\/www.notibras.com\/site\/wp-content\/uploads\/2015\/09\/gela..jpg\",\"datePublished\":\"2015-09-28T14:23:18+00:00\",\"dateModified\":\"2015-10-29T16:29:40+00:00\",\"breadcrumb\":{\"@id\":\"https:\/\/www.notibras.com\/site\/empresario-cria-geladeira-solidaria-para-dar-comida-aos-moradores-de-rua\/#breadcrumb\"},\"inLanguage\":\"pt-BR\",\"potentialAction\":[{\"@type\":\"ReadAction\",\"target\":[\"https:\/\/www.notibras.com\/site\/empresario-cria-geladeira-solidaria-para-dar-comida-aos-moradores-de-rua\/\"]}]},{\"@type\":\"ImageObject\",\"inLanguage\":\"pt-BR\",\"@id\":\"https:\/\/www.notibras.com\/site\/empresario-cria-geladeira-solidaria-para-dar-comida-aos-moradores-de-rua\/#primaryimage\",\"url\":\"https:\/\/www.notibras.com\/site\/wp-content\/uploads\/2015\/09\/gela..jpg\",\"contentUrl\":\"https:\/\/www.notibras.com\/site\/wp-content\/uploads\/2015\/09\/gela..jpg\",\"width\":620,\"height\":400},{\"@type\":\"BreadcrumbList\",\"@id\":\"https:\/\/www.notibras.com\/site\/empresario-cria-geladeira-solidaria-para-dar-comida-aos-moradores-de-rua\/#breadcrumb\",\"itemListElement\":[{\"@type\":\"ListItem\",\"position\":1,\"name\":\"In\u00edcio\",\"item\":\"https:\/\/www.notibras.com\/site\/\"},{\"@type\":\"ListItem\",\"position\":2,\"name\":\"Geladeira solid\u00e1ria garante comida para moradores de rua\"}]},{\"@type\":\"WebSite\",\"@id\":\"https:\/\/www.notibras.com\/site\/#website\",\"url\":\"https:\/\/www.notibras.com\/site\/\",\"name\":\"Notibras\",\"description\":\"Not\u00edcias de Bras\u00edlia, do Brasil e do Mundo\",\"publisher\":{\"@id\":\"https:\/\/www.notibras.com\/site\/#organization\"},\"potentialAction\":[{\"@type\":\"SearchAction\",\"target\":{\"@type\":\"EntryPoint\",\"urlTemplate\":\"https:\/\/www.notibras.com\/site\/?s={search_term_string}\"},\"query-input\":{\"@type\":\"PropertyValueSpecification\",\"valueRequired\":true,\"valueName\":\"search_term_string\"}}],\"inLanguage\":\"pt-BR\"},{\"@type\":\"Organization\",\"@id\":\"https:\/\/www.notibras.com\/site\/#organization\",\"name\":\"Grupo Notibras de Comunica\u00e7\u00e3o\",\"url\":\"https:\/\/www.notibras.com\/site\/\",\"logo\":{\"@type\":\"ImageObject\",\"inLanguage\":\"pt-BR\",\"@id\":\"https:\/\/www.notibras.com\/site\/#\/schema\/logo\/image\/\",\"url\":\"https:\/\/www.notibras.com\/site\/wp-content\/uploads\/2023\/01\/notibras23.png\",\"contentUrl\":\"https:\/\/www.notibras.com\/site\/wp-content\/uploads\/2023\/01\/notibras23.png\",\"width\":350,\"height\":87,\"caption\":\"Grupo Notibras de Comunica\u00e7\u00e3o\"},\"image\":{\"@id\":\"https:\/\/www.notibras.com\/site\/#\/schema\/logo\/image\/\"},\"sameAs\":[\"https:\/\/www.facebook.com\/notibras\/\",\"https:\/\/x.com\/Notibras\",\"https:\/\/www.instagram.com\/notibras\/\"]},{\"@type\":\"Person\",\"@id\":\"https:\/\/www.notibras.com\/site\/#\/schema\/person\/36ab0979449956132d3e5b517ea76ac8\",\"name\":\"Reda\u00e7\u00e3o\",\"image\":{\"@type\":\"ImageObject\",\"inLanguage\":\"pt-BR\",\"@id\":\"https:\/\/secure.gravatar.com\/avatar\/e0a867bdedb85fd243eadf09663511f96fc81e0720a4a42581f334ad4303aa6b?s=96&d=mm&r=g\",\"url\":\"https:\/\/secure.gravatar.com\/avatar\/e0a867bdedb85fd243eadf09663511f96fc81e0720a4a42581f334ad4303aa6b?s=96&d=mm&r=g\",\"contentUrl\":\"https:\/\/secure.gravatar.com\/avatar\/e0a867bdedb85fd243eadf09663511f96fc81e0720a4a42581f334ad4303aa6b?s=96&d=mm&r=g\",\"caption\":\"Reda\u00e7\u00e3o\"}}]}<\/script>\n<!-- \/ Yoast SEO plugin. -->","yoast_head_json":{"title":"Geladeira solid\u00e1ria garante comida para moradores de rua - Notibras","robots":{"index":"index","follow":"follow","max-snippet":"max-snippet:-1","max-image-preview":"max-image-preview:large","max-video-preview":"max-video-preview:-1"},"canonical":"https:\/\/www.notibras.com\/site\/empresario-cria-geladeira-solidaria-para-dar-comida-aos-moradores-de-rua\/","og_locale":"pt_BR","og_type":"article","og_title":"Geladeira solid\u00e1ria garante comida para moradores de rua - Notibras","og_description":"Um empres\u00e1rio de Goi\u00e2nia teve uma ideia simples e que est\u00e1 ajudando muitas pessoas necessitadas na cidade. O projeto, chamado de \u201cGeladeira Solid\u00e1ria\u201d, mant\u00e9m um refrigerador na Rua 7, no centro da capital de Goi\u00e1s, e conserva os alimentos doados. A ideia foi de Fernando Barcelos, que certo dia estava voltando do trabalho e encontrou [&hellip;]","og_url":"https:\/\/www.notibras.com\/site\/empresario-cria-geladeira-solidaria-para-dar-comida-aos-moradores-de-rua\/","og_site_name":"Notibras","article_publisher":"https:\/\/www.facebook.com\/notibras\/","article_published_time":"2015-09-28T14:23:18+00:00","article_modified_time":"2015-10-29T16:29:40+00:00","og_image":[{"width":620,"height":400,"url":"https:\/\/www.notibras.com\/site\/wp-content\/uploads\/2015\/09\/gela..jpg","type":"image\/jpeg"}],"author":"Reda\u00e7\u00e3o","twitter_card":"summary_large_image","twitter_creator":"@Notibras","twitter_site":"@Notibras","twitter_misc":{"Escrito por":"Reda\u00e7\u00e3o","Est. tempo de leitura":"2 minutos"},"schema":{"@context":"https:\/\/schema.org","@graph":[{"@type":"Article","@id":"https:\/\/www.notibras.com\/site\/empresario-cria-geladeira-solidaria-para-dar-comida-aos-moradores-de-rua\/#article","isPartOf":{"@id":"https:\/\/www.notibras.com\/site\/empresario-cria-geladeira-solidaria-para-dar-comida-aos-moradores-de-rua\/"},"author":{"name":"Reda\u00e7\u00e3o","@id":"https:\/\/www.notibras.com\/site\/#\/schema\/person\/36ab0979449956132d3e5b517ea76ac8"},"headline":"Geladeira solid\u00e1ria garante comida para moradores de rua","datePublished":"2015-09-28T14:23:18+00:00","dateModified":"2015-10-29T16:29:40+00:00","mainEntityOfPage":{"@id":"https:\/\/www.notibras.com\/site\/empresario-cria-geladeira-solidaria-para-dar-comida-aos-moradores-de-rua\/"},"wordCount":405,"commentCount":0,"publisher":{"@id":"https:\/\/www.notibras.com\/site\/#organization"},"image":{"@id":"https:\/\/www.notibras.com\/site\/empresario-cria-geladeira-solidaria-para-dar-comida-aos-moradores-de-rua\/#primaryimage"},"thumbnailUrl":"https:\/\/www.notibras.com\/site\/wp-content\/uploads\/2015\/09\/gela..jpg","articleSection":["Brasil"],"inLanguage":"pt-BR","potentialAction":[{"@type":"CommentAction","name":"Comment","target":["https:\/\/www.notibras.com\/site\/empresario-cria-geladeira-solidaria-para-dar-comida-aos-moradores-de-rua\/#respond"]}]},{"@type":"WebPage","@id":"https:\/\/www.notibras.com\/site\/empresario-cria-geladeira-solidaria-para-dar-comida-aos-moradores-de-rua\/","url":"https:\/\/www.notibras.com\/site\/empresario-cria-geladeira-solidaria-para-dar-comida-aos-moradores-de-rua\/","name":"Geladeira solid\u00e1ria garante comida para moradores de rua - Notibras","isPartOf":{"@id":"https:\/\/www.notibras.com\/site\/#website"},"primaryImageOfPage":{"@id":"https:\/\/www.notibras.com\/site\/empresario-cria-geladeira-solidaria-para-dar-comida-aos-moradores-de-rua\/#primaryimage"},"image":{"@id":"https:\/\/www.notibras.com\/site\/empresario-cria-geladeira-solidaria-para-dar-comida-aos-moradores-de-rua\/#primaryimage"},"thumbnailUrl":"https:\/\/www.notibras.com\/site\/wp-content\/uploads\/2015\/09\/gela..jpg","datePublished":"2015-09-28T14:23:18+00:00","dateModified":"2015-10-29T16:29:40+00:00","breadcrumb":{"@id":"https:\/\/www.notibras.com\/site\/empresario-cria-geladeira-solidaria-para-dar-comida-aos-moradores-de-rua\/#breadcrumb"},"inLanguage":"pt-BR","potentialAction":[{"@type":"ReadAction","target":["https:\/\/www.notibras.com\/site\/empresario-cria-geladeira-solidaria-para-dar-comida-aos-moradores-de-rua\/"]}]},{"@type":"ImageObject","inLanguage":"pt-BR","@id":"https:\/\/www.notibras.com\/site\/empresario-cria-geladeira-solidaria-para-dar-comida-aos-moradores-de-rua\/#primaryimage","url":"https:\/\/www.notibras.com\/site\/wp-content\/uploads\/2015\/09\/gela..jpg","contentUrl":"https:\/\/www.notibras.com\/site\/wp-content\/uploads\/2015\/09\/gela..jpg","width":620,"height":400},{"@type":"BreadcrumbList","@id":"https:\/\/www.notibras.com\/site\/empresario-cria-geladeira-solidaria-para-dar-comida-aos-moradores-de-rua\/#breadcrumb","itemListElement":[{"@type":"ListItem","position":1,"name":"In\u00edcio","item":"https:\/\/www.notibras.com\/site\/"},{"@type":"ListItem","position":2,"name":"Geladeira solid\u00e1ria garante comida para moradores de rua"}]},{"@type":"WebSite","@id":"https:\/\/www.notibras.com\/site\/#website","url":"https:\/\/www.notibras.com\/site\/","name":"Notibras","description":"Not\u00edcias de Bras\u00edlia, do Brasil e do Mundo","publisher":{"@id":"https:\/\/www.notibras.com\/site\/#organization"},"potentialAction":[{"@type":"SearchAction","target":{"@type":"EntryPoint","urlTemplate":"https:\/\/www.notibras.com\/site\/?s={search_term_string}"},"query-input":{"@type":"PropertyValueSpecification","valueRequired":true,"valueName":"search_term_string"}}],"inLanguage":"pt-BR"},{"@type":"Organization","@id":"https:\/\/www.notibras.com\/site\/#organization","name":"Grupo Notibras de Comunica\u00e7\u00e3o","url":"https:\/\/www.notibras.com\/site\/","logo":{"@type":"ImageObject","inLanguage":"pt-BR","@id":"https:\/\/www.notibras.com\/site\/#\/schema\/logo\/image\/","url":"https:\/\/www.notibras.com\/site\/wp-content\/uploads\/2023\/01\/notibras23.png","contentUrl":"https:\/\/www.notibras.com\/site\/wp-content\/uploads\/2023\/01\/notibras23.png","width":350,"height":87,"caption":"Grupo Notibras de Comunica\u00e7\u00e3o"},"image":{"@id":"https:\/\/www.notibras.com\/site\/#\/schema\/logo\/image\/"},"sameAs":["https:\/\/www.facebook.com\/notibras\/","https:\/\/x.com\/Notibras","https:\/\/www.instagram.com\/notibras\/"]},{"@type":"Person","@id":"https:\/\/www.notibras.com\/site\/#\/schema\/person\/36ab0979449956132d3e5b517ea76ac8","name":"Reda\u00e7\u00e3o","image":{"@type":"ImageObject","inLanguage":"pt-BR","@id":"https:\/\/secure.gravatar.com\/avatar\/e0a867bdedb85fd243eadf09663511f96fc81e0720a4a42581f334ad4303aa6b?s=96&d=mm&r=g","url":"https:\/\/secure.gravatar.com\/avatar\/e0a867bdedb85fd243eadf09663511f96fc81e0720a4a42581f334ad4303aa6b?s=96&d=mm&r=g","contentUrl":"https:\/\/secure.gravatar.com\/avatar\/e0a867bdedb85fd243eadf09663511f96fc81e0720a4a42581f334ad4303aa6b?s=96&d=mm&r=g","caption":"Reda\u00e7\u00e3o"}}]}},"amp_enabled":true,"_links":{"self":[{"href":"https:\/\/www.notibras.com\/site\/wp-json\/wp\/v2\/posts\/69579","targetHints":{"allow":["GET"]}}],"collection":[{"href":"https:\/\/www.notibras.com\/site\/wp-json\/wp\/v2\/posts"}],"about":[{"href":"https:\/\/www.notibras.com\/site\/wp-json\/wp\/v2\/types\/post"}],"author":[{"embeddable":true,"href":"https:\/\/www.notibras.com\/site\/wp-json\/wp\/v2\/users\/2"}],"replies":[{"embeddable":true,"href":"https:\/\/www.notibras.com\/site\/wp-json\/wp\/v2\/comments?post=69579"}],"version-history":[{"count":5,"href":"https:\/\/www.notibras.com\/site\/wp-json\/wp\/v2\/posts\/69579\/revisions"}],"predecessor-version":[{"id":69686,"href":"https:\/\/www.notibras.com\/site\/wp-json\/wp\/v2\/posts\/69579\/revisions\/69686"}],"wp:featuredmedia":[{"embeddable":true,"href":"https:\/\/www.notibras.com\/site\/wp-json\/wp\/v2\/media\/69580"}],"wp:attachment":[{"href":"https:\/\/www.notibras.com\/site\/wp-json\/wp\/v2\/media?parent=69579"}],"wp:term":[{"taxonomy":"category","embeddable":true,"href":"https:\/\/www.notibras.com\/site\/wp-json\/wp\/v2\/categories?post=69579"},{"taxonomy":"post_tag","embeddable":true,"href":"https:\/\/www.notibras.com\/site\/wp-json\/wp\/v2\/tags?post=69579"}],"curies":[{"name":"wp","href":"https:\/\/api.w.org\/{rel}","templated":true}]}}