{"id":69584,"date":"2015-09-28T14:39:25","date_gmt":"2015-09-28T17:39:25","guid":{"rendered":"http:\/\/www.notibras.com\/site\/?p=69584"},"modified":"2015-09-29T11:01:39","modified_gmt":"2015-09-29T14:01:39","slug":"eduardo-cunha-despacha-os-pedidos-de-impeachment-para-analise","status":"publish","type":"post","link":"https:\/\/www.notibras.com\/site\/eduardo-cunha-despacha-os-pedidos-de-impeachment-para-analise\/","title":{"rendered":"Eduardo Cunha despacha pedidos de impeachment para uma an\u00e1lise t\u00e9cnica"},"content":{"rendered":"<p>O presidente da C\u00e2mara dos Deputados, Eduardo Cunha (PMDB-RJ), disse\u00a0nesta segunda-feira (28) que come\u00e7a nesta semana a despachar os pedidos de abertura de processo de impeachment protocolados na Casa contra a presidenta Dilma Rousseff. Cunha n\u00e3o antecipou qual ser\u00e1 sua posi\u00e7\u00e3o, nem disse quais seriam os pedidos despachados primeiro.<\/p>\n<p>&#8220;Come\u00e7o nesta semana. Nesta semana j\u00e1 despacho alguns&#8221;, disse o presidente da C\u00e2mara a jornalistas, ap\u00f3s participar da abertura do semin\u00e1rio Rede Legislativa de R\u00e1dio e TV Digital no Interior do Brasil, realizado na Assembleia Legislativa do Estado do Rio de Janeiro.<\/p>\n<p>Eduardo Cunha explicou que, caso um pedido de impeachment seja acolhido, seguir\u00e1 para uma comiss\u00e3o especial que tem rito pr\u00f3prio. No caso contr\u00e1rio, a decis\u00e3o poder\u00e1 ser questionada em recurso apresentado \u00e0 Casa.<\/p>\n","protected":false},"excerpt":{"rendered":"<p>O presidente da C\u00e2mara dos Deputados, Eduardo Cunha (PMDB-RJ), disse\u00a0nesta segunda-feira (28) que come\u00e7a nesta semana a despachar os pedidos de abertura de processo de impeachment protocolados na Casa contra a presidenta Dilma Rousseff. Cunha n\u00e3o antecipou qual ser\u00e1 sua posi\u00e7\u00e3o, nem disse quais seriam os pedidos despachados primeiro. &#8220;Come\u00e7o nesta semana. Nesta semana j\u00e1 [&hellip;]<\/p>\n","protected":false},"author":2,"featured_media":69585,"comment_status":"open","ping_status":"closed","sticky":false,"template":"","format":"standard","meta":{"_acf_changed":false,"footnotes":""},"categories":[16],"tags":[],"class_list":["post-69584","post","type-post","status-publish","format-standard","has-post-thumbnail","hentry","category-brasil"],"acf":[],"yoast_head":"<!-- This site is optimized with the Yoast SEO plugin v27.2 - https:\/\/yoast.com\/product\/yoast-seo-wordpress\/ -->\n<title>Eduardo Cunha despacha pedidos de impeachment para uma an\u00e1lise t\u00e9cnica - Notibras<\/title>\n<meta name=\"robots\" content=\"index, follow, max-snippet:-1, max-image-preview:large, max-video-preview:-1\" \/>\n<link rel=\"canonical\" href=\"https:\/\/www.notibras.com\/site\/eduardo-cunha-despacha-os-pedidos-de-impeachment-para-analise\/\" \/>\n<meta property=\"og:locale\" content=\"pt_BR\" \/>\n<meta property=\"og:type\" content=\"article\" \/>\n<meta property=\"og:title\" content=\"Eduardo Cunha despacha pedidos de impeachment para uma an\u00e1lise t\u00e9cnica - Notibras\" \/>\n<meta property=\"og:description\" content=\"O presidente da C\u00e2mara dos Deputados, Eduardo Cunha (PMDB-RJ), disse\u00a0nesta segunda-feira (28) que come\u00e7a nesta semana a despachar os pedidos de abertura de processo de impeachment protocolados na Casa contra a presidenta Dilma Rousseff. Cunha n\u00e3o antecipou qual ser\u00e1 sua posi\u00e7\u00e3o, nem disse quais seriam os pedidos despachados primeiro. &#8220;Come\u00e7o nesta semana. Nesta semana j\u00e1 [&hellip;]\" \/>\n<meta property=\"og:url\" content=\"https:\/\/www.notibras.com\/site\/eduardo-cunha-despacha-os-pedidos-de-impeachment-para-analise\/\" \/>\n<meta property=\"og:site_name\" content=\"Notibras\" \/>\n<meta property=\"article:publisher\" content=\"https:\/\/www.facebook.com\/notibras\/\" \/>\n<meta property=\"article:published_time\" content=\"2015-09-28T17:39:25+00:00\" \/>\n<meta property=\"article:modified_time\" content=\"2015-09-29T14:01:39+00:00\" \/>\n<meta property=\"og:image\" content=\"https:\/\/www.notibras.com\/site\/wp-content\/uploads\/2015\/09\/eduim.jpg\" \/>\n\t<meta property=\"og:image:width\" content=\"580\" \/>\n\t<meta property=\"og:image:height\" content=\"388\" \/>\n\t<meta property=\"og:image:type\" content=\"image\/jpeg\" \/>\n<meta name=\"author\" content=\"Reda\u00e7\u00e3o\" \/>\n<meta name=\"twitter:card\" content=\"summary_large_image\" \/>\n<meta name=\"twitter:creator\" content=\"@Notibras\" \/>\n<meta name=\"twitter:site\" content=\"@Notibras\" \/>\n<meta name=\"twitter:label1\" content=\"Escrito por\" \/>\n\t<meta name=\"twitter:data1\" content=\"Reda\u00e7\u00e3o\" \/>\n\t<meta name=\"twitter:label2\" content=\"Est. tempo de leitura\" \/>\n\t<meta name=\"twitter:data2\" content=\"1 minuto\" \/>\n<script type=\"application\/ld+json\" class=\"yoast-schema-graph\">{\"@context\":\"https:\/\/schema.org\",\"@graph\":[{\"@type\":\"Article\",\"@id\":\"https:\/\/www.notibras.com\/site\/eduardo-cunha-despacha-os-pedidos-de-impeachment-para-analise\/#article\",\"isPartOf\":{\"@id\":\"https:\/\/www.notibras.com\/site\/eduardo-cunha-despacha-os-pedidos-de-impeachment-para-analise\/\"},\"author\":{\"name\":\"Reda\u00e7\u00e3o\",\"@id\":\"https:\/\/www.notibras.com\/site\/#\/schema\/person\/36ab0979449956132d3e5b517ea76ac8\"},\"headline\":\"Eduardo Cunha despacha pedidos de impeachment para uma an\u00e1lise t\u00e9cnica\",\"datePublished\":\"2015-09-28T17:39:25+00:00\",\"dateModified\":\"2015-09-29T14:01:39+00:00\",\"mainEntityOfPage\":{\"@id\":\"https:\/\/www.notibras.com\/site\/eduardo-cunha-despacha-os-pedidos-de-impeachment-para-analise\/\"},\"wordCount\":148,\"commentCount\":0,\"publisher\":{\"@id\":\"https:\/\/www.notibras.com\/site\/#organization\"},\"image\":{\"@id\":\"https:\/\/www.notibras.com\/site\/eduardo-cunha-despacha-os-pedidos-de-impeachment-para-analise\/#primaryimage\"},\"thumbnailUrl\":\"https:\/\/www.notibras.com\/site\/wp-content\/uploads\/2015\/09\/eduim.jpg\",\"articleSection\":[\"Brasil\"],\"inLanguage\":\"pt-BR\",\"potentialAction\":[{\"@type\":\"CommentAction\",\"name\":\"Comment\",\"target\":[\"https:\/\/www.notibras.com\/site\/eduardo-cunha-despacha-os-pedidos-de-impeachment-para-analise\/#respond\"]}]},{\"@type\":\"WebPage\",\"@id\":\"https:\/\/www.notibras.com\/site\/eduardo-cunha-despacha-os-pedidos-de-impeachment-para-analise\/\",\"url\":\"https:\/\/www.notibras.com\/site\/eduardo-cunha-despacha-os-pedidos-de-impeachment-para-analise\/\",\"name\":\"Eduardo Cunha despacha pedidos de impeachment para uma an\u00e1lise t\u00e9cnica - Notibras\",\"isPartOf\":{\"@id\":\"https:\/\/www.notibras.com\/site\/#website\"},\"primaryImageOfPage\":{\"@id\":\"https:\/\/www.notibras.com\/site\/eduardo-cunha-despacha-os-pedidos-de-impeachment-para-analise\/#primaryimage\"},\"image\":{\"@id\":\"https:\/\/www.notibras.com\/site\/eduardo-cunha-despacha-os-pedidos-de-impeachment-para-analise\/#primaryimage\"},\"thumbnailUrl\":\"https:\/\/www.notibras.com\/site\/wp-content\/uploads\/2015\/09\/eduim.jpg\",\"datePublished\":\"2015-09-28T17:39:25+00:00\",\"dateModified\":\"2015-09-29T14:01:39+00:00\",\"breadcrumb\":{\"@id\":\"https:\/\/www.notibras.com\/site\/eduardo-cunha-despacha-os-pedidos-de-impeachment-para-analise\/#breadcrumb\"},\"inLanguage\":\"pt-BR\",\"potentialAction\":[{\"@type\":\"ReadAction\",\"target\":[\"https:\/\/www.notibras.com\/site\/eduardo-cunha-despacha-os-pedidos-de-impeachment-para-analise\/\"]}]},{\"@type\":\"ImageObject\",\"inLanguage\":\"pt-BR\",\"@id\":\"https:\/\/www.notibras.com\/site\/eduardo-cunha-despacha-os-pedidos-de-impeachment-para-analise\/#primaryimage\",\"url\":\"https:\/\/www.notibras.com\/site\/wp-content\/uploads\/2015\/09\/eduim.jpg\",\"contentUrl\":\"https:\/\/www.notibras.com\/site\/wp-content\/uploads\/2015\/09\/eduim.jpg\",\"width\":580,\"height\":388},{\"@type\":\"BreadcrumbList\",\"@id\":\"https:\/\/www.notibras.com\/site\/eduardo-cunha-despacha-os-pedidos-de-impeachment-para-analise\/#breadcrumb\",\"itemListElement\":[{\"@type\":\"ListItem\",\"position\":1,\"name\":\"In\u00edcio\",\"item\":\"https:\/\/www.notibras.com\/site\/\"},{\"@type\":\"ListItem\",\"position\":2,\"name\":\"Eduardo Cunha despacha pedidos de impeachment para uma an\u00e1lise t\u00e9cnica\"}]},{\"@type\":\"WebSite\",\"@id\":\"https:\/\/www.notibras.com\/site\/#website\",\"url\":\"https:\/\/www.notibras.com\/site\/\",\"name\":\"Notibras\",\"description\":\"Not\u00edcias de Bras\u00edlia, do Brasil e do Mundo\",\"publisher\":{\"@id\":\"https:\/\/www.notibras.com\/site\/#organization\"},\"potentialAction\":[{\"@type\":\"SearchAction\",\"target\":{\"@type\":\"EntryPoint\",\"urlTemplate\":\"https:\/\/www.notibras.com\/site\/?s={search_term_string}\"},\"query-input\":{\"@type\":\"PropertyValueSpecification\",\"valueRequired\":true,\"valueName\":\"search_term_string\"}}],\"inLanguage\":\"pt-BR\"},{\"@type\":\"Organization\",\"@id\":\"https:\/\/www.notibras.com\/site\/#organization\",\"name\":\"Grupo Notibras de Comunica\u00e7\u00e3o\",\"url\":\"https:\/\/www.notibras.com\/site\/\",\"logo\":{\"@type\":\"ImageObject\",\"inLanguage\":\"pt-BR\",\"@id\":\"https:\/\/www.notibras.com\/site\/#\/schema\/logo\/image\/\",\"url\":\"https:\/\/www.notibras.com\/site\/wp-content\/uploads\/2023\/01\/notibras23.png\",\"contentUrl\":\"https:\/\/www.notibras.com\/site\/wp-content\/uploads\/2023\/01\/notibras23.png\",\"width\":350,\"height\":87,\"caption\":\"Grupo Notibras de Comunica\u00e7\u00e3o\"},\"image\":{\"@id\":\"https:\/\/www.notibras.com\/site\/#\/schema\/logo\/image\/\"},\"sameAs\":[\"https:\/\/www.facebook.com\/notibras\/\",\"https:\/\/x.com\/Notibras\",\"https:\/\/www.instagram.com\/notibras\/\"]},{\"@type\":\"Person\",\"@id\":\"https:\/\/www.notibras.com\/site\/#\/schema\/person\/36ab0979449956132d3e5b517ea76ac8\",\"name\":\"Reda\u00e7\u00e3o\",\"image\":{\"@type\":\"ImageObject\",\"inLanguage\":\"pt-BR\",\"@id\":\"https:\/\/secure.gravatar.com\/avatar\/e0a867bdedb85fd243eadf09663511f96fc81e0720a4a42581f334ad4303aa6b?s=96&d=mm&r=g\",\"url\":\"https:\/\/secure.gravatar.com\/avatar\/e0a867bdedb85fd243eadf09663511f96fc81e0720a4a42581f334ad4303aa6b?s=96&d=mm&r=g\",\"contentUrl\":\"https:\/\/secure.gravatar.com\/avatar\/e0a867bdedb85fd243eadf09663511f96fc81e0720a4a42581f334ad4303aa6b?s=96&d=mm&r=g\",\"caption\":\"Reda\u00e7\u00e3o\"}}]}<\/script>\n<!-- \/ Yoast SEO plugin. -->","yoast_head_json":{"title":"Eduardo Cunha despacha pedidos de impeachment para uma an\u00e1lise t\u00e9cnica - Notibras","robots":{"index":"index","follow":"follow","max-snippet":"max-snippet:-1","max-image-preview":"max-image-preview:large","max-video-preview":"max-video-preview:-1"},"canonical":"https:\/\/www.notibras.com\/site\/eduardo-cunha-despacha-os-pedidos-de-impeachment-para-analise\/","og_locale":"pt_BR","og_type":"article","og_title":"Eduardo Cunha despacha pedidos de impeachment para uma an\u00e1lise t\u00e9cnica - Notibras","og_description":"O presidente da C\u00e2mara dos Deputados, Eduardo Cunha (PMDB-RJ), disse\u00a0nesta segunda-feira (28) que come\u00e7a nesta semana a despachar os pedidos de abertura de processo de impeachment protocolados na Casa contra a presidenta Dilma Rousseff. Cunha n\u00e3o antecipou qual ser\u00e1 sua posi\u00e7\u00e3o, nem disse quais seriam os pedidos despachados primeiro. &#8220;Come\u00e7o nesta semana. Nesta semana j\u00e1 [&hellip;]","og_url":"https:\/\/www.notibras.com\/site\/eduardo-cunha-despacha-os-pedidos-de-impeachment-para-analise\/","og_site_name":"Notibras","article_publisher":"https:\/\/www.facebook.com\/notibras\/","article_published_time":"2015-09-28T17:39:25+00:00","article_modified_time":"2015-09-29T14:01:39+00:00","og_image":[{"width":580,"height":388,"url":"https:\/\/www.notibras.com\/site\/wp-content\/uploads\/2015\/09\/eduim.jpg","type":"image\/jpeg"}],"author":"Reda\u00e7\u00e3o","twitter_card":"summary_large_image","twitter_creator":"@Notibras","twitter_site":"@Notibras","twitter_misc":{"Escrito por":"Reda\u00e7\u00e3o","Est. tempo de leitura":"1 minuto"},"schema":{"@context":"https:\/\/schema.org","@graph":[{"@type":"Article","@id":"https:\/\/www.notibras.com\/site\/eduardo-cunha-despacha-os-pedidos-de-impeachment-para-analise\/#article","isPartOf":{"@id":"https:\/\/www.notibras.com\/site\/eduardo-cunha-despacha-os-pedidos-de-impeachment-para-analise\/"},"author":{"name":"Reda\u00e7\u00e3o","@id":"https:\/\/www.notibras.com\/site\/#\/schema\/person\/36ab0979449956132d3e5b517ea76ac8"},"headline":"Eduardo Cunha despacha pedidos de impeachment para uma an\u00e1lise t\u00e9cnica","datePublished":"2015-09-28T17:39:25+00:00","dateModified":"2015-09-29T14:01:39+00:00","mainEntityOfPage":{"@id":"https:\/\/www.notibras.com\/site\/eduardo-cunha-despacha-os-pedidos-de-impeachment-para-analise\/"},"wordCount":148,"commentCount":0,"publisher":{"@id":"https:\/\/www.notibras.com\/site\/#organization"},"image":{"@id":"https:\/\/www.notibras.com\/site\/eduardo-cunha-despacha-os-pedidos-de-impeachment-para-analise\/#primaryimage"},"thumbnailUrl":"https:\/\/www.notibras.com\/site\/wp-content\/uploads\/2015\/09\/eduim.jpg","articleSection":["Brasil"],"inLanguage":"pt-BR","potentialAction":[{"@type":"CommentAction","name":"Comment","target":["https:\/\/www.notibras.com\/site\/eduardo-cunha-despacha-os-pedidos-de-impeachment-para-analise\/#respond"]}]},{"@type":"WebPage","@id":"https:\/\/www.notibras.com\/site\/eduardo-cunha-despacha-os-pedidos-de-impeachment-para-analise\/","url":"https:\/\/www.notibras.com\/site\/eduardo-cunha-despacha-os-pedidos-de-impeachment-para-analise\/","name":"Eduardo Cunha despacha pedidos de impeachment para uma an\u00e1lise t\u00e9cnica - Notibras","isPartOf":{"@id":"https:\/\/www.notibras.com\/site\/#website"},"primaryImageOfPage":{"@id":"https:\/\/www.notibras.com\/site\/eduardo-cunha-despacha-os-pedidos-de-impeachment-para-analise\/#primaryimage"},"image":{"@id":"https:\/\/www.notibras.com\/site\/eduardo-cunha-despacha-os-pedidos-de-impeachment-para-analise\/#primaryimage"},"thumbnailUrl":"https:\/\/www.notibras.com\/site\/wp-content\/uploads\/2015\/09\/eduim.jpg","datePublished":"2015-09-28T17:39:25+00:00","dateModified":"2015-09-29T14:01:39+00:00","breadcrumb":{"@id":"https:\/\/www.notibras.com\/site\/eduardo-cunha-despacha-os-pedidos-de-impeachment-para-analise\/#breadcrumb"},"inLanguage":"pt-BR","potentialAction":[{"@type":"ReadAction","target":["https:\/\/www.notibras.com\/site\/eduardo-cunha-despacha-os-pedidos-de-impeachment-para-analise\/"]}]},{"@type":"ImageObject","inLanguage":"pt-BR","@id":"https:\/\/www.notibras.com\/site\/eduardo-cunha-despacha-os-pedidos-de-impeachment-para-analise\/#primaryimage","url":"https:\/\/www.notibras.com\/site\/wp-content\/uploads\/2015\/09\/eduim.jpg","contentUrl":"https:\/\/www.notibras.com\/site\/wp-content\/uploads\/2015\/09\/eduim.jpg","width":580,"height":388},{"@type":"BreadcrumbList","@id":"https:\/\/www.notibras.com\/site\/eduardo-cunha-despacha-os-pedidos-de-impeachment-para-analise\/#breadcrumb","itemListElement":[{"@type":"ListItem","position":1,"name":"In\u00edcio","item":"https:\/\/www.notibras.com\/site\/"},{"@type":"ListItem","position":2,"name":"Eduardo Cunha despacha pedidos de impeachment para uma an\u00e1lise t\u00e9cnica"}]},{"@type":"WebSite","@id":"https:\/\/www.notibras.com\/site\/#website","url":"https:\/\/www.notibras.com\/site\/","name":"Notibras","description":"Not\u00edcias de Bras\u00edlia, do Brasil e do Mundo","publisher":{"@id":"https:\/\/www.notibras.com\/site\/#organization"},"potentialAction":[{"@type":"SearchAction","target":{"@type":"EntryPoint","urlTemplate":"https:\/\/www.notibras.com\/site\/?s={search_term_string}"},"query-input":{"@type":"PropertyValueSpecification","valueRequired":true,"valueName":"search_term_string"}}],"inLanguage":"pt-BR"},{"@type":"Organization","@id":"https:\/\/www.notibras.com\/site\/#organization","name":"Grupo Notibras de Comunica\u00e7\u00e3o","url":"https:\/\/www.notibras.com\/site\/","logo":{"@type":"ImageObject","inLanguage":"pt-BR","@id":"https:\/\/www.notibras.com\/site\/#\/schema\/logo\/image\/","url":"https:\/\/www.notibras.com\/site\/wp-content\/uploads\/2023\/01\/notibras23.png","contentUrl":"https:\/\/www.notibras.com\/site\/wp-content\/uploads\/2023\/01\/notibras23.png","width":350,"height":87,"caption":"Grupo Notibras de Comunica\u00e7\u00e3o"},"image":{"@id":"https:\/\/www.notibras.com\/site\/#\/schema\/logo\/image\/"},"sameAs":["https:\/\/www.facebook.com\/notibras\/","https:\/\/x.com\/Notibras","https:\/\/www.instagram.com\/notibras\/"]},{"@type":"Person","@id":"https:\/\/www.notibras.com\/site\/#\/schema\/person\/36ab0979449956132d3e5b517ea76ac8","name":"Reda\u00e7\u00e3o","image":{"@type":"ImageObject","inLanguage":"pt-BR","@id":"https:\/\/secure.gravatar.com\/avatar\/e0a867bdedb85fd243eadf09663511f96fc81e0720a4a42581f334ad4303aa6b?s=96&d=mm&r=g","url":"https:\/\/secure.gravatar.com\/avatar\/e0a867bdedb85fd243eadf09663511f96fc81e0720a4a42581f334ad4303aa6b?s=96&d=mm&r=g","contentUrl":"https:\/\/secure.gravatar.com\/avatar\/e0a867bdedb85fd243eadf09663511f96fc81e0720a4a42581f334ad4303aa6b?s=96&d=mm&r=g","caption":"Reda\u00e7\u00e3o"}}]}},"amp_enabled":true,"_links":{"self":[{"href":"https:\/\/www.notibras.com\/site\/wp-json\/wp\/v2\/posts\/69584","targetHints":{"allow":["GET"]}}],"collection":[{"href":"https:\/\/www.notibras.com\/site\/wp-json\/wp\/v2\/posts"}],"about":[{"href":"https:\/\/www.notibras.com\/site\/wp-json\/wp\/v2\/types\/post"}],"author":[{"embeddable":true,"href":"https:\/\/www.notibras.com\/site\/wp-json\/wp\/v2\/users\/2"}],"replies":[{"embeddable":true,"href":"https:\/\/www.notibras.com\/site\/wp-json\/wp\/v2\/comments?post=69584"}],"version-history":[{"count":4,"href":"https:\/\/www.notibras.com\/site\/wp-json\/wp\/v2\/posts\/69584\/revisions"}],"predecessor-version":[{"id":69638,"href":"https:\/\/www.notibras.com\/site\/wp-json\/wp\/v2\/posts\/69584\/revisions\/69638"}],"wp:featuredmedia":[{"embeddable":true,"href":"https:\/\/www.notibras.com\/site\/wp-json\/wp\/v2\/media\/69585"}],"wp:attachment":[{"href":"https:\/\/www.notibras.com\/site\/wp-json\/wp\/v2\/media?parent=69584"}],"wp:term":[{"taxonomy":"category","embeddable":true,"href":"https:\/\/www.notibras.com\/site\/wp-json\/wp\/v2\/categories?post=69584"},{"taxonomy":"post_tag","embeddable":true,"href":"https:\/\/www.notibras.com\/site\/wp-json\/wp\/v2\/tags?post=69584"}],"curies":[{"name":"wp","href":"https:\/\/api.w.org\/{rel}","templated":true}]}}