{"id":6960,"date":"2014-04-17T09:10:52","date_gmt":"2014-04-17T12:10:52","guid":{"rendered":"http:\/\/www.notibras.com\/site\/?p=6960"},"modified":"2014-04-17T09:10:52","modified_gmt":"2014-04-17T12:10:52","slug":"a-inconfidencia-nossa-de-cada-dia-em-tempos-modernos","status":"publish","type":"post","link":"https:\/\/www.notibras.com\/site\/a-inconfidencia-nossa-de-cada-dia-em-tempos-modernos\/","title":{"rendered":"A Inconfid\u00eancia nossa de cada dia em tempos modernos"},"content":{"rendered":"<p>Em dias acalorados de hoje, quando se discute a Crise Financeira Mundial , a Desonera\u00e7\u00e3o Fiscal e o Papel do Estado Brasileiro na Economia e nos Meios de Produ\u00e7\u00e3o, no promiscuo Jogo Pol\u00edtico do \u201cToma L\u00e1 e Me D\u00e1 C\u00e1 \u201ddo Congresso Nacional, e entre os v\u00e1rios Institutos da Federa\u00e7\u00e3o, Uni\u00e3o, Estados e Munic\u00edpios , tendo por personagens Figuras j\u00e1 Carimbadas da Velha Rep\u00fablica, tais como Jos\u00e9 Sarney, Michel Temer e outros, \u00e9 necess\u00e1rio, especialmente, que reportemos o 21 de abril de 1789, em que, cansados do Jugo Portugu\u00eas e da Ferocidade Arrecadat\u00f3ria da Coroa, reuniram-se, em Vila Rica &#8211; MG, atual cidade de Ouro Preto, alguns intelectuais da \u00e9poca, a destacar, Cl\u00e1udio Manoel, Thomaz Ant\u00f4nio Gonzaga, Mar\u00edlia de Dirceu, Padre Rolim, Tiradentes , e muitos, muitos sonegadores.<\/p>\n<p>Intu\u00eddos em tramar contra a Derrama , dia de recolhimento compulsivo do imposto do quinto do ouro atrasado, o Movimento , debelado pela trai\u00e7\u00e3o de Ant\u00f4nio Silv\u00e9rio dos Reis, entrou para a Hist\u00f3ria como sendo a &#8221; Inconfid\u00eancia Mineira &#8220;, tida, por muitos, como precursora da Independ\u00eancia do Brasil, gravada a ferro e a fogo nos dizeres: \u201c Libertas quae ser\u00e1 tamen \u201d.<\/p>\n<p>No pr\u00f3ximo dia 21 de Abril, comemoraremos duzentos e vinte poucos anos do lac\u00f4nico ensejo, culminado com o enforcamento de Joaquim Jos\u00e9 da Silva Xavier: O Tiradentes .<\/p>\n<p>Nesta data, no entanto, daquele Brasil Colonial, antagonizado pelos Inconfidentes , muito pouco, de fato, f\u00f4ra mudado, comparando-se com o Brasil de Hoje, o Brasil da \u201c Ordem e Progresso \u201d, estigmatizado na nossa Bandeira..<\/p>\n<p>Contempor\u00e2nea da Revolu\u00e7\u00e3o Francesa, 1789, onde os ideais iluministas preponderaram, e se alastraram pelo mundo, &#8221; liberdade, igualdade e fraternidade &#8220;, tamb\u00e9m incorporados na Bandeira do Estado de Minas Gerais, no lema: &#8221; Liberdade ainda que tardia \u201d, a Inconfid\u00eancia Mineira , contudo, ao meu modesto ver, ainda n\u00e3o acabou, mas est\u00e1 por vir.<\/p>\n<p>Sen\u00e3o vejamos: Assola-nos, hoje, da mesma forma que, ent\u00e3o, a Coroa Portuguesa, o Estado Brasileiro, com tremenda carga tribut\u00e1ria, e tal qual as \u201c Cartas R\u00e9gias de D. Maria I \u201d, que proibiam a atividade produtiva e industrial no Brasil, as diferentes inst\u00e2ncias de governo punem, igualmente agora, a atividade laboral e os valores do trabalho, seja atrav\u00e9s das in\u00fameras prefeituras municipais, com avantajados \u201c ISSs \u201d e necess\u00e1rios \u201c alvar\u00e1s licenciat\u00f3rios \u201d, seja na Pessoa dos diversos Estados, meio que estipulando, em tempos modernos, o verdadeiro &#8220;imposto do quinto&#8221; , atual, traduzido pelo \u201c ICMS proibitivo \u201d, ou seja, o Governo Federal, representado pelo a\u00e7oite injusto da \u201c CPMF \u201d e os acentuados \u201c IPIs \u201d da vida.<\/p>\n<p>Tudo isso, a remendar o Brasil Col\u00f4nia, em pleno s\u00e9culo XXI.<\/p>\n<p>N\u00e3o fosse o bastante, assim como na antiga Vila Rica, a imobilidade social \u00e9 absurda, e a falta de distribui\u00e7\u00e3o de riqueza \u00e9 gritante, aviltando os valores \u00e9ticos, morais e patri\u00f3ticos da Sociedade Moderna.<\/p>\n<p>Minas Gerais , por si s\u00f3, intitula-se, a si mesma, como sendo o &#8221; Estado da Liberdade &#8220;; A de pelo menos uma vez por ano, a todo santo dia 21 de Abril, quando transfere simbolicamente a Capital do Estado para Ouro Preto, recebendo, em verdadeiros \u201c showmissios\u201d, presidentes, e pol\u00edticos de toda sorte.<\/p>\n<p>Mas, parece-nos, todavia, que, ao referir-se \u00e0 \u201c Liberdade\u201d , a Minas Gerais de Hoje, n\u00e3o o faz como Instituto . Versa, sim, o Estado Mineiro, t\u00e3o somente, sobre a palavra bonita de se pronunciar:&#8221; Liberdade &#8220;. Onissonora. Disp\u00f5e, assim, apenas sobre a \u201c Liberdade \u201d, como mero fonema. Simples som produzido pelas cordas vocais do Orador. N\u00e3o disp\u00f5e, na verdade, sobre a \u201c Liberdade Conjurada \u201d: A petrificada no tempo, aprisionada na Hist\u00f3ria, e, enforcada junto com O Tiradentes , no cadafalso da Pra\u00e7a Hom\u00f4nima.<\/p>\n<p>O Tiradentes de quem falo, agora, \u00e9 o Vivo , e n\u00e3o a Estatua, com quem rivaliza, mansamente. Instalada entre as Avenidas Afonso Pena e Brasil, em Belo Horizonte.<\/p>\n<p>N\u00e3o me refiro ao Tiradentes, de m\u00e3os amarradas para tr\u00e1s e p\u00e9s vacilantes. Ao maltrapilho, que, a todo o momento, nos vende a suposta imagem do Homem, que, amedrontado, em Pedra-sab\u00e3o , n\u00e3o teve tempo para correr.<\/p>\n<p>Falo, sim, do \u201c Tiradentes Vivo \u201d, que anseia por \u201c Liberdade\u201d . Hoje, aqui, e agora! Nos morros e nas favelas, nas mar\u00e9s e nos sub\u00farbios. O que torce freneticamente para o Time do Atl\u00e9tico , ou ent\u00e3o, pelo do Cruzeiro . O que prefere ouvir MPB , ou, \u00e0s vezes, a M\u00fasica Sertaneja de \u201c Pena Branca e Xavantinho \u201d. Tanto faz, desde que seja brasileiro, desse Imenso Pa\u00eds.<\/p>\n<p>Falo do Tiradentes, o chamado por: Jo\u00e3o , Ant\u00f4nio ou, qui\u00e7\u00e1, Maria . O Cidad\u00e3o Brasileiro . O que sabe, com certeza absoluta, que a \u201c Liberdade \u201d n\u00e3o \u00e9 um Bem que se ache nas g\u00f4ndolas de supermercado, ou que se adquira, eventualmente, ali na prateleira da Lojinha da Esquina.<\/p>\n<p>Falo do \u201c Tiradentes Vivo\u201d, o que se esculpi a cada novo dia, nos pivetes e sinaleiros de tr\u00e2nsito. O que sabe com convic\u00e7\u00e3o patri\u00f3tica: \u201cA \u201c Liberdade\u201d n\u00e3o \u00e9 algo que se conquista, absolutamente e de forma definitiva, ou algo que se consuma, para todo o sempre. Porque a \u201c Liberdade\u201d somente se faz no total, amplo e permanente \u201c Exerc\u00edcio\u201d . Dia a dia. Na \u201c Derrama de Hoje em Dia\u201d , que, mais uma vez, vir\u00e1!\u201d<\/p>\n<p><strong>Pettersen Filho<\/strong><\/p>\n","protected":false},"excerpt":{"rendered":"<p>Em dias acalorados de hoje, quando se discute a Crise Financeira Mundial , a Desonera\u00e7\u00e3o Fiscal e o Papel do Estado Brasileiro na Economia e nos Meios de Produ\u00e7\u00e3o, no promiscuo Jogo Pol\u00edtico do \u201cToma L\u00e1 e Me D\u00e1 C\u00e1 \u201ddo Congresso Nacional, e entre os v\u00e1rios Institutos da Federa\u00e7\u00e3o, Uni\u00e3o, Estados e Munic\u00edpios , [&hellip;]<\/p>\n","protected":false},"author":2,"featured_media":6961,"comment_status":"open","ping_status":"closed","sticky":false,"template":"","format":"standard","meta":{"_acf_changed":false,"footnotes":""},"categories":[25],"tags":[],"class_list":["post-6960","post","type-post","status-publish","format-standard","has-post-thumbnail","hentry","category-opina-ai"],"acf":[],"yoast_head":"<!-- This site is optimized with the Yoast SEO plugin v27.5 - https:\/\/yoast.com\/product\/yoast-seo-wordpress\/ -->\n<title>A Inconfid\u00eancia nossa de cada dia em tempos modernos - Notibras<\/title>\n<meta name=\"robots\" content=\"index, follow, max-snippet:-1, max-image-preview:large, max-video-preview:-1\" \/>\n<link rel=\"canonical\" href=\"https:\/\/www.notibras.com\/site\/a-inconfidencia-nossa-de-cada-dia-em-tempos-modernos\/\" \/>\n<meta property=\"og:locale\" content=\"pt_BR\" \/>\n<meta property=\"og:type\" content=\"article\" \/>\n<meta property=\"og:title\" content=\"A Inconfid\u00eancia nossa de cada dia em tempos modernos - Notibras\" \/>\n<meta property=\"og:description\" content=\"Em dias acalorados de hoje, quando se discute a Crise Financeira Mundial , a Desonera\u00e7\u00e3o Fiscal e o Papel do Estado Brasileiro na Economia e nos Meios de Produ\u00e7\u00e3o, no promiscuo Jogo Pol\u00edtico do \u201cToma L\u00e1 e Me D\u00e1 C\u00e1 \u201ddo Congresso Nacional, e entre os v\u00e1rios Institutos da Federa\u00e7\u00e3o, Uni\u00e3o, Estados e Munic\u00edpios , [&hellip;]\" \/>\n<meta property=\"og:url\" content=\"https:\/\/www.notibras.com\/site\/a-inconfidencia-nossa-de-cada-dia-em-tempos-modernos\/\" \/>\n<meta property=\"og:site_name\" content=\"Notibras\" \/>\n<meta property=\"article:publisher\" content=\"https:\/\/www.facebook.com\/notibras\/\" \/>\n<meta property=\"article:published_time\" content=\"2014-04-17T12:10:52+00:00\" \/>\n<meta property=\"og:image\" content=\"https:\/\/www.notibras.com\/site\/wp-content\/uploads\/2014\/04\/inconfidencia-mineira.jpg\" \/>\n\t<meta property=\"og:image:width\" content=\"368\" \/>\n\t<meta property=\"og:image:height\" content=\"266\" \/>\n\t<meta property=\"og:image:type\" content=\"image\/jpeg\" \/>\n<meta name=\"author\" content=\"Reda\u00e7\u00e3o\" \/>\n<meta name=\"twitter:card\" content=\"summary_large_image\" \/>\n<meta name=\"twitter:creator\" content=\"@Notibras\" \/>\n<meta name=\"twitter:site\" content=\"@Notibras\" \/>\n<meta name=\"twitter:label1\" content=\"Escrito por\" \/>\n\t<meta name=\"twitter:data1\" content=\"Reda\u00e7\u00e3o\" \/>\n\t<meta name=\"twitter:label2\" content=\"Est. tempo de leitura\" \/>\n\t<meta name=\"twitter:data2\" content=\"4 minutos\" \/>\n<script type=\"application\/ld+json\" class=\"yoast-schema-graph\">{\"@context\":\"https:\\\/\\\/schema.org\",\"@graph\":[{\"@type\":\"Article\",\"@id\":\"https:\\\/\\\/www.notibras.com\\\/site\\\/a-inconfidencia-nossa-de-cada-dia-em-tempos-modernos\\\/#article\",\"isPartOf\":{\"@id\":\"https:\\\/\\\/www.notibras.com\\\/site\\\/a-inconfidencia-nossa-de-cada-dia-em-tempos-modernos\\\/\"},\"author\":{\"name\":\"Reda\u00e7\u00e3o\",\"@id\":\"https:\\\/\\\/www.notibras.com\\\/site\\\/#\\\/schema\\\/person\\\/36ab0979449956132d3e5b517ea76ac8\"},\"headline\":\"A Inconfid\u00eancia nossa de cada dia em tempos modernos\",\"datePublished\":\"2014-04-17T12:10:52+00:00\",\"mainEntityOfPage\":{\"@id\":\"https:\\\/\\\/www.notibras.com\\\/site\\\/a-inconfidencia-nossa-de-cada-dia-em-tempos-modernos\\\/\"},\"wordCount\":889,\"commentCount\":0,\"publisher\":{\"@id\":\"https:\\\/\\\/www.notibras.com\\\/site\\\/#organization\"},\"image\":{\"@id\":\"https:\\\/\\\/www.notibras.com\\\/site\\\/a-inconfidencia-nossa-de-cada-dia-em-tempos-modernos\\\/#primaryimage\"},\"thumbnailUrl\":\"https:\\\/\\\/www.notibras.com\\\/site\\\/wp-content\\\/uploads\\\/2014\\\/04\\\/inconfidencia-mineira.jpg\",\"articleSection\":[\"Opina a\u00ed\"],\"inLanguage\":\"pt-BR\",\"potentialAction\":[{\"@type\":\"CommentAction\",\"name\":\"Comment\",\"target\":[\"https:\\\/\\\/www.notibras.com\\\/site\\\/a-inconfidencia-nossa-de-cada-dia-em-tempos-modernos\\\/#respond\"]}]},{\"@type\":\"WebPage\",\"@id\":\"https:\\\/\\\/www.notibras.com\\\/site\\\/a-inconfidencia-nossa-de-cada-dia-em-tempos-modernos\\\/\",\"url\":\"https:\\\/\\\/www.notibras.com\\\/site\\\/a-inconfidencia-nossa-de-cada-dia-em-tempos-modernos\\\/\",\"name\":\"A Inconfid\u00eancia nossa de cada dia em tempos modernos - Notibras\",\"isPartOf\":{\"@id\":\"https:\\\/\\\/www.notibras.com\\\/site\\\/#website\"},\"primaryImageOfPage\":{\"@id\":\"https:\\\/\\\/www.notibras.com\\\/site\\\/a-inconfidencia-nossa-de-cada-dia-em-tempos-modernos\\\/#primaryimage\"},\"image\":{\"@id\":\"https:\\\/\\\/www.notibras.com\\\/site\\\/a-inconfidencia-nossa-de-cada-dia-em-tempos-modernos\\\/#primaryimage\"},\"thumbnailUrl\":\"https:\\\/\\\/www.notibras.com\\\/site\\\/wp-content\\\/uploads\\\/2014\\\/04\\\/inconfidencia-mineira.jpg\",\"datePublished\":\"2014-04-17T12:10:52+00:00\",\"breadcrumb\":{\"@id\":\"https:\\\/\\\/www.notibras.com\\\/site\\\/a-inconfidencia-nossa-de-cada-dia-em-tempos-modernos\\\/#breadcrumb\"},\"inLanguage\":\"pt-BR\",\"potentialAction\":[{\"@type\":\"ReadAction\",\"target\":[\"https:\\\/\\\/www.notibras.com\\\/site\\\/a-inconfidencia-nossa-de-cada-dia-em-tempos-modernos\\\/\"]}]},{\"@type\":\"ImageObject\",\"inLanguage\":\"pt-BR\",\"@id\":\"https:\\\/\\\/www.notibras.com\\\/site\\\/a-inconfidencia-nossa-de-cada-dia-em-tempos-modernos\\\/#primaryimage\",\"url\":\"https:\\\/\\\/www.notibras.com\\\/site\\\/wp-content\\\/uploads\\\/2014\\\/04\\\/inconfidencia-mineira.jpg\",\"contentUrl\":\"https:\\\/\\\/www.notibras.com\\\/site\\\/wp-content\\\/uploads\\\/2014\\\/04\\\/inconfidencia-mineira.jpg\",\"width\":368,\"height\":266},{\"@type\":\"BreadcrumbList\",\"@id\":\"https:\\\/\\\/www.notibras.com\\\/site\\\/a-inconfidencia-nossa-de-cada-dia-em-tempos-modernos\\\/#breadcrumb\",\"itemListElement\":[{\"@type\":\"ListItem\",\"position\":1,\"name\":\"In\u00edcio\",\"item\":\"https:\\\/\\\/www.notibras.com\\\/site\\\/\"},{\"@type\":\"ListItem\",\"position\":2,\"name\":\"A Inconfid\u00eancia nossa de cada dia em tempos modernos\"}]},{\"@type\":\"WebSite\",\"@id\":\"https:\\\/\\\/www.notibras.com\\\/site\\\/#website\",\"url\":\"https:\\\/\\\/www.notibras.com\\\/site\\\/\",\"name\":\"Notibras\",\"description\":\"Not\u00edcias de Bras\u00edlia, do Brasil e do Mundo\",\"publisher\":{\"@id\":\"https:\\\/\\\/www.notibras.com\\\/site\\\/#organization\"},\"potentialAction\":[{\"@type\":\"SearchAction\",\"target\":{\"@type\":\"EntryPoint\",\"urlTemplate\":\"https:\\\/\\\/www.notibras.com\\\/site\\\/?s={search_term_string}\"},\"query-input\":{\"@type\":\"PropertyValueSpecification\",\"valueRequired\":true,\"valueName\":\"search_term_string\"}}],\"inLanguage\":\"pt-BR\"},{\"@type\":\"Organization\",\"@id\":\"https:\\\/\\\/www.notibras.com\\\/site\\\/#organization\",\"name\":\"Grupo Notibras de Comunica\u00e7\u00e3o\",\"url\":\"https:\\\/\\\/www.notibras.com\\\/site\\\/\",\"logo\":{\"@type\":\"ImageObject\",\"inLanguage\":\"pt-BR\",\"@id\":\"https:\\\/\\\/www.notibras.com\\\/site\\\/#\\\/schema\\\/logo\\\/image\\\/\",\"url\":\"https:\\\/\\\/www.notibras.com\\\/site\\\/wp-content\\\/uploads\\\/2023\\\/01\\\/notibras23.png\",\"contentUrl\":\"https:\\\/\\\/www.notibras.com\\\/site\\\/wp-content\\\/uploads\\\/2023\\\/01\\\/notibras23.png\",\"width\":350,\"height\":87,\"caption\":\"Grupo Notibras de Comunica\u00e7\u00e3o\"},\"image\":{\"@id\":\"https:\\\/\\\/www.notibras.com\\\/site\\\/#\\\/schema\\\/logo\\\/image\\\/\"},\"sameAs\":[\"https:\\\/\\\/www.facebook.com\\\/notibras\\\/\",\"https:\\\/\\\/x.com\\\/Notibras\",\"https:\\\/\\\/www.instagram.com\\\/notibras\\\/\"]},{\"@type\":\"Person\",\"@id\":\"https:\\\/\\\/www.notibras.com\\\/site\\\/#\\\/schema\\\/person\\\/36ab0979449956132d3e5b517ea76ac8\",\"name\":\"Reda\u00e7\u00e3o\",\"image\":{\"@type\":\"ImageObject\",\"inLanguage\":\"pt-BR\",\"@id\":\"https:\\\/\\\/secure.gravatar.com\\\/avatar\\\/e0a867bdedb85fd243eadf09663511f96fc81e0720a4a42581f334ad4303aa6b?s=96&d=mm&r=g\",\"url\":\"https:\\\/\\\/secure.gravatar.com\\\/avatar\\\/e0a867bdedb85fd243eadf09663511f96fc81e0720a4a42581f334ad4303aa6b?s=96&d=mm&r=g\",\"contentUrl\":\"https:\\\/\\\/secure.gravatar.com\\\/avatar\\\/e0a867bdedb85fd243eadf09663511f96fc81e0720a4a42581f334ad4303aa6b?s=96&d=mm&r=g\",\"caption\":\"Reda\u00e7\u00e3o\"}}]}<\/script>\n<!-- \/ Yoast SEO plugin. -->","yoast_head_json":{"title":"A Inconfid\u00eancia nossa de cada dia em tempos modernos - Notibras","robots":{"index":"index","follow":"follow","max-snippet":"max-snippet:-1","max-image-preview":"max-image-preview:large","max-video-preview":"max-video-preview:-1"},"canonical":"https:\/\/www.notibras.com\/site\/a-inconfidencia-nossa-de-cada-dia-em-tempos-modernos\/","og_locale":"pt_BR","og_type":"article","og_title":"A Inconfid\u00eancia nossa de cada dia em tempos modernos - Notibras","og_description":"Em dias acalorados de hoje, quando se discute a Crise Financeira Mundial , a Desonera\u00e7\u00e3o Fiscal e o Papel do Estado Brasileiro na Economia e nos Meios de Produ\u00e7\u00e3o, no promiscuo Jogo Pol\u00edtico do \u201cToma L\u00e1 e Me D\u00e1 C\u00e1 \u201ddo Congresso Nacional, e entre os v\u00e1rios Institutos da Federa\u00e7\u00e3o, Uni\u00e3o, Estados e Munic\u00edpios , [&hellip;]","og_url":"https:\/\/www.notibras.com\/site\/a-inconfidencia-nossa-de-cada-dia-em-tempos-modernos\/","og_site_name":"Notibras","article_publisher":"https:\/\/www.facebook.com\/notibras\/","article_published_time":"2014-04-17T12:10:52+00:00","og_image":[{"width":368,"height":266,"url":"https:\/\/www.notibras.com\/site\/wp-content\/uploads\/2014\/04\/inconfidencia-mineira.jpg","type":"image\/jpeg"}],"author":"Reda\u00e7\u00e3o","twitter_card":"summary_large_image","twitter_creator":"@Notibras","twitter_site":"@Notibras","twitter_misc":{"Escrito por":"Reda\u00e7\u00e3o","Est. tempo de leitura":"4 minutos"},"schema":{"@context":"https:\/\/schema.org","@graph":[{"@type":"Article","@id":"https:\/\/www.notibras.com\/site\/a-inconfidencia-nossa-de-cada-dia-em-tempos-modernos\/#article","isPartOf":{"@id":"https:\/\/www.notibras.com\/site\/a-inconfidencia-nossa-de-cada-dia-em-tempos-modernos\/"},"author":{"name":"Reda\u00e7\u00e3o","@id":"https:\/\/www.notibras.com\/site\/#\/schema\/person\/36ab0979449956132d3e5b517ea76ac8"},"headline":"A Inconfid\u00eancia nossa de cada dia em tempos modernos","datePublished":"2014-04-17T12:10:52+00:00","mainEntityOfPage":{"@id":"https:\/\/www.notibras.com\/site\/a-inconfidencia-nossa-de-cada-dia-em-tempos-modernos\/"},"wordCount":889,"commentCount":0,"publisher":{"@id":"https:\/\/www.notibras.com\/site\/#organization"},"image":{"@id":"https:\/\/www.notibras.com\/site\/a-inconfidencia-nossa-de-cada-dia-em-tempos-modernos\/#primaryimage"},"thumbnailUrl":"https:\/\/www.notibras.com\/site\/wp-content\/uploads\/2014\/04\/inconfidencia-mineira.jpg","articleSection":["Opina a\u00ed"],"inLanguage":"pt-BR","potentialAction":[{"@type":"CommentAction","name":"Comment","target":["https:\/\/www.notibras.com\/site\/a-inconfidencia-nossa-de-cada-dia-em-tempos-modernos\/#respond"]}]},{"@type":"WebPage","@id":"https:\/\/www.notibras.com\/site\/a-inconfidencia-nossa-de-cada-dia-em-tempos-modernos\/","url":"https:\/\/www.notibras.com\/site\/a-inconfidencia-nossa-de-cada-dia-em-tempos-modernos\/","name":"A Inconfid\u00eancia nossa de cada dia em tempos modernos - Notibras","isPartOf":{"@id":"https:\/\/www.notibras.com\/site\/#website"},"primaryImageOfPage":{"@id":"https:\/\/www.notibras.com\/site\/a-inconfidencia-nossa-de-cada-dia-em-tempos-modernos\/#primaryimage"},"image":{"@id":"https:\/\/www.notibras.com\/site\/a-inconfidencia-nossa-de-cada-dia-em-tempos-modernos\/#primaryimage"},"thumbnailUrl":"https:\/\/www.notibras.com\/site\/wp-content\/uploads\/2014\/04\/inconfidencia-mineira.jpg","datePublished":"2014-04-17T12:10:52+00:00","breadcrumb":{"@id":"https:\/\/www.notibras.com\/site\/a-inconfidencia-nossa-de-cada-dia-em-tempos-modernos\/#breadcrumb"},"inLanguage":"pt-BR","potentialAction":[{"@type":"ReadAction","target":["https:\/\/www.notibras.com\/site\/a-inconfidencia-nossa-de-cada-dia-em-tempos-modernos\/"]}]},{"@type":"ImageObject","inLanguage":"pt-BR","@id":"https:\/\/www.notibras.com\/site\/a-inconfidencia-nossa-de-cada-dia-em-tempos-modernos\/#primaryimage","url":"https:\/\/www.notibras.com\/site\/wp-content\/uploads\/2014\/04\/inconfidencia-mineira.jpg","contentUrl":"https:\/\/www.notibras.com\/site\/wp-content\/uploads\/2014\/04\/inconfidencia-mineira.jpg","width":368,"height":266},{"@type":"BreadcrumbList","@id":"https:\/\/www.notibras.com\/site\/a-inconfidencia-nossa-de-cada-dia-em-tempos-modernos\/#breadcrumb","itemListElement":[{"@type":"ListItem","position":1,"name":"In\u00edcio","item":"https:\/\/www.notibras.com\/site\/"},{"@type":"ListItem","position":2,"name":"A Inconfid\u00eancia nossa de cada dia em tempos modernos"}]},{"@type":"WebSite","@id":"https:\/\/www.notibras.com\/site\/#website","url":"https:\/\/www.notibras.com\/site\/","name":"Notibras","description":"Not\u00edcias de Bras\u00edlia, do Brasil e do Mundo","publisher":{"@id":"https:\/\/www.notibras.com\/site\/#organization"},"potentialAction":[{"@type":"SearchAction","target":{"@type":"EntryPoint","urlTemplate":"https:\/\/www.notibras.com\/site\/?s={search_term_string}"},"query-input":{"@type":"PropertyValueSpecification","valueRequired":true,"valueName":"search_term_string"}}],"inLanguage":"pt-BR"},{"@type":"Organization","@id":"https:\/\/www.notibras.com\/site\/#organization","name":"Grupo Notibras de Comunica\u00e7\u00e3o","url":"https:\/\/www.notibras.com\/site\/","logo":{"@type":"ImageObject","inLanguage":"pt-BR","@id":"https:\/\/www.notibras.com\/site\/#\/schema\/logo\/image\/","url":"https:\/\/www.notibras.com\/site\/wp-content\/uploads\/2023\/01\/notibras23.png","contentUrl":"https:\/\/www.notibras.com\/site\/wp-content\/uploads\/2023\/01\/notibras23.png","width":350,"height":87,"caption":"Grupo Notibras de Comunica\u00e7\u00e3o"},"image":{"@id":"https:\/\/www.notibras.com\/site\/#\/schema\/logo\/image\/"},"sameAs":["https:\/\/www.facebook.com\/notibras\/","https:\/\/x.com\/Notibras","https:\/\/www.instagram.com\/notibras\/"]},{"@type":"Person","@id":"https:\/\/www.notibras.com\/site\/#\/schema\/person\/36ab0979449956132d3e5b517ea76ac8","name":"Reda\u00e7\u00e3o","image":{"@type":"ImageObject","inLanguage":"pt-BR","@id":"https:\/\/secure.gravatar.com\/avatar\/e0a867bdedb85fd243eadf09663511f96fc81e0720a4a42581f334ad4303aa6b?s=96&d=mm&r=g","url":"https:\/\/secure.gravatar.com\/avatar\/e0a867bdedb85fd243eadf09663511f96fc81e0720a4a42581f334ad4303aa6b?s=96&d=mm&r=g","contentUrl":"https:\/\/secure.gravatar.com\/avatar\/e0a867bdedb85fd243eadf09663511f96fc81e0720a4a42581f334ad4303aa6b?s=96&d=mm&r=g","caption":"Reda\u00e7\u00e3o"}}]}},"amp_enabled":true,"_links":{"self":[{"href":"https:\/\/www.notibras.com\/site\/wp-json\/wp\/v2\/posts\/6960","targetHints":{"allow":["GET"]}}],"collection":[{"href":"https:\/\/www.notibras.com\/site\/wp-json\/wp\/v2\/posts"}],"about":[{"href":"https:\/\/www.notibras.com\/site\/wp-json\/wp\/v2\/types\/post"}],"author":[{"embeddable":true,"href":"https:\/\/www.notibras.com\/site\/wp-json\/wp\/v2\/users\/2"}],"replies":[{"embeddable":true,"href":"https:\/\/www.notibras.com\/site\/wp-json\/wp\/v2\/comments?post=6960"}],"version-history":[{"count":0,"href":"https:\/\/www.notibras.com\/site\/wp-json\/wp\/v2\/posts\/6960\/revisions"}],"wp:featuredmedia":[{"embeddable":true,"href":"https:\/\/www.notibras.com\/site\/wp-json\/wp\/v2\/media\/6961"}],"wp:attachment":[{"href":"https:\/\/www.notibras.com\/site\/wp-json\/wp\/v2\/media?parent=6960"}],"wp:term":[{"taxonomy":"category","embeddable":true,"href":"https:\/\/www.notibras.com\/site\/wp-json\/wp\/v2\/categories?post=6960"},{"taxonomy":"post_tag","embeddable":true,"href":"https:\/\/www.notibras.com\/site\/wp-json\/wp\/v2\/tags?post=6960"}],"curies":[{"name":"wp","href":"https:\/\/api.w.org\/{rel}","templated":true}]}}