{"id":69625,"date":"2015-09-28T18:35:06","date_gmt":"2015-09-28T21:35:06","guid":{"rendered":"http:\/\/www.notibras.com\/site\/?p=69625"},"modified":"2015-09-28T21:36:46","modified_gmt":"2015-09-29T00:36:46","slug":"ex-prefeita-lidiane-foragida-da-justica-se-entrega-e-fica-presa-no-qg-dos-bombeiros","status":"publish","type":"post","link":"https:\/\/www.notibras.com\/site\/ex-prefeita-lidiane-foragida-da-justica-se-entrega-e-fica-presa-no-qg-dos-bombeiros\/","title":{"rendered":"Ex-prefeita Lidiane, foragida da Justi\u00e7a, se entrega e fica presa no QG dos Bombeiros"},"content":{"rendered":"<p>Medo de ser encaminhada a um pres\u00eddio violento. Esse foi o motivo para que a ex-prefeita de Bom Jardim (MA), Lidiane Leite (sem partido), ficasse 39 dias foragida, segundo os seus advogados. Ela esperou por uma decis\u00e3o que n\u00e3o a deixasse presa no Complexo Penitenci\u00e1rio de Pedrinhas, em S\u00e3o Lu\u00eds.<\/p>\n<p>Na tarde desta segunda-feira (28), Lidiane se apresentou na sede da Superintend\u00eancia da PF (Pol\u00edcia Federal), na capital maranhense, com a garantia judicial de que ficar\u00e1 detida no quartel do Corpo de Bombeiros.<\/p>\n<p>&#8220;Ela temia pela pr\u00f3pria vida, por isso n\u00e3o se entregou. Se n\u00e3o tivesse essa decis\u00e3o, ela iria ser colocada em Pedrinhas. E l\u00e1 te matam, te degolam primeiro e depois perguntam. Qualquer pessoa temeria pela vida, ainda mais nas circunst\u00e2ncias da imagem que criaram dela, de &#8216;prefeita ostenta\u00e7\u00e3o'&#8221;, disse o advogado S\u00e9rgio Murilo Muniz, que acompanhou a entrega de Lidiane \u00e0 PF.<\/p>\n<p>A decis\u00e3o judicial citada pelo advogado foi dada na \u00faltima sexta-feira (25) pela 2\u00aa Vara Federal, que estipulou um prazo de 72 horas para que Lidiane pudesse se entregar para esclarecer as acua\u00e7\u00f5es de crimes imputados. Na mesma ordem, determinou tamb\u00e9m que ela fique detida no Corpo de Bombeiros.<\/p>\n<p>&#8220;Essa decis\u00e3o judicial da semana passada atendeu a um pedido que ela mesmo prop\u00f4s h\u00e1 mais duas semanas [de se entregar]. Infelizmente teve o feriado, depois a greve dos Correios \u2013 o que fez com que o processo demorasse, pois o desembargador federal, em Bras\u00edlia, declinou da compet\u00eancia e o pedido desceu novamente para S\u00e3o Lu\u00eds&#8221;, disse o advogado.<\/p>\n<p>O Complexo Penitenci\u00e1rio de Pedrinhas ficou conhecido como um dos mais violentos do Brasil ap\u00f3s registrar 170 mortes em sete anos, algumas delas com detentos degolados.<\/p>\n<p>Ainda segundo o advogado, Lidiane n\u00e3o se afastou do munic\u00edpio, nem cargo de prefeita enquanto esteve foragida. &#8220;Bom Jardim \u00e9 o oitavo maior munic\u00edpio do Maranh\u00e3o. Tem lugares a mais de 200 quil\u00f4metros da sede. N\u00e3o \u00e9 porque teve uma ordem de pris\u00e3o que ela tinha que ficar na sede. Ela comandou a cidade enquanto esteve no cargo, mandou efetuar na quarta-feira antes de ser afastada o pagamento do pessoal da limpeza, do funcionalismo, dos fornecedores&#8221;, afirmou.<\/p>\n","protected":false},"excerpt":{"rendered":"<p>Medo de ser encaminhada a um pres\u00eddio violento. Esse foi o motivo para que a ex-prefeita de Bom Jardim (MA), Lidiane Leite (sem partido), ficasse 39 dias foragida, segundo os seus advogados. Ela esperou por uma decis\u00e3o que n\u00e3o a deixasse presa no Complexo Penitenci\u00e1rio de Pedrinhas, em S\u00e3o Lu\u00eds. Na tarde desta segunda-feira (28), [&hellip;]<\/p>\n","protected":false},"author":2,"featured_media":0,"comment_status":"open","ping_status":"closed","sticky":false,"template":"","format":"standard","meta":{"_acf_changed":false,"footnotes":""},"categories":[16],"tags":[],"class_list":["post-69625","post","type-post","status-publish","format-standard","hentry","category-brasil"],"acf":[],"yoast_head":"<!-- This site is optimized with the Yoast SEO plugin v27.2 - https:\/\/yoast.com\/product\/yoast-seo-wordpress\/ -->\n<title>Ex-prefeita Lidiane, foragida da Justi\u00e7a, se entrega e fica presa no QG dos Bombeiros - Notibras<\/title>\n<meta name=\"robots\" content=\"index, follow, max-snippet:-1, max-image-preview:large, max-video-preview:-1\" \/>\n<link rel=\"canonical\" href=\"https:\/\/www.notibras.com\/site\/ex-prefeita-lidiane-foragida-da-justica-se-entrega-e-fica-presa-no-qg-dos-bombeiros\/\" \/>\n<meta property=\"og:locale\" content=\"pt_BR\" \/>\n<meta property=\"og:type\" content=\"article\" \/>\n<meta property=\"og:title\" content=\"Ex-prefeita Lidiane, foragida da Justi\u00e7a, se entrega e fica presa no QG dos Bombeiros - Notibras\" \/>\n<meta property=\"og:description\" content=\"Medo de ser encaminhada a um pres\u00eddio violento. Esse foi o motivo para que a ex-prefeita de Bom Jardim (MA), Lidiane Leite (sem partido), ficasse 39 dias foragida, segundo os seus advogados. Ela esperou por uma decis\u00e3o que n\u00e3o a deixasse presa no Complexo Penitenci\u00e1rio de Pedrinhas, em S\u00e3o Lu\u00eds. Na tarde desta segunda-feira (28), [&hellip;]\" \/>\n<meta property=\"og:url\" content=\"https:\/\/www.notibras.com\/site\/ex-prefeita-lidiane-foragida-da-justica-se-entrega-e-fica-presa-no-qg-dos-bombeiros\/\" \/>\n<meta property=\"og:site_name\" content=\"Notibras\" \/>\n<meta property=\"article:publisher\" content=\"https:\/\/www.facebook.com\/notibras\/\" \/>\n<meta property=\"article:published_time\" content=\"2015-09-28T21:35:06+00:00\" \/>\n<meta property=\"article:modified_time\" content=\"2015-09-29T00:36:46+00:00\" \/>\n<meta property=\"og:image\" content=\"https:\/\/www.notibras.com\/site\/wp-content\/uploads\/2015\/09\/lidiane.jpg\" \/>\n\t<meta property=\"og:image:width\" content=\"620\" \/>\n\t<meta property=\"og:image:height\" content=\"465\" \/>\n\t<meta property=\"og:image:type\" content=\"image\/jpeg\" \/>\n<meta name=\"author\" content=\"Reda\u00e7\u00e3o\" \/>\n<meta name=\"twitter:card\" content=\"summary_large_image\" \/>\n<meta name=\"twitter:creator\" content=\"@Notibras\" \/>\n<meta name=\"twitter:site\" content=\"@Notibras\" \/>\n<meta name=\"twitter:label1\" content=\"Escrito por\" \/>\n\t<meta name=\"twitter:data1\" content=\"Reda\u00e7\u00e3o\" \/>\n\t<meta name=\"twitter:label2\" content=\"Est. tempo de leitura\" \/>\n\t<meta name=\"twitter:data2\" content=\"2 minutos\" \/>\n<script type=\"application\/ld+json\" class=\"yoast-schema-graph\">{\"@context\":\"https:\/\/schema.org\",\"@graph\":[{\"@type\":\"Article\",\"@id\":\"https:\/\/www.notibras.com\/site\/ex-prefeita-lidiane-foragida-da-justica-se-entrega-e-fica-presa-no-qg-dos-bombeiros\/#article\",\"isPartOf\":{\"@id\":\"https:\/\/www.notibras.com\/site\/ex-prefeita-lidiane-foragida-da-justica-se-entrega-e-fica-presa-no-qg-dos-bombeiros\/\"},\"author\":{\"name\":\"Reda\u00e7\u00e3o\",\"@id\":\"https:\/\/www.notibras.com\/site\/#\/schema\/person\/36ab0979449956132d3e5b517ea76ac8\"},\"headline\":\"Ex-prefeita Lidiane, foragida da Justi\u00e7a, se entrega e fica presa no QG dos Bombeiros\",\"datePublished\":\"2015-09-28T21:35:06+00:00\",\"dateModified\":\"2015-09-29T00:36:46+00:00\",\"mainEntityOfPage\":{\"@id\":\"https:\/\/www.notibras.com\/site\/ex-prefeita-lidiane-foragida-da-justica-se-entrega-e-fica-presa-no-qg-dos-bombeiros\/\"},\"wordCount\":393,\"commentCount\":0,\"publisher\":{\"@id\":\"https:\/\/www.notibras.com\/site\/#organization\"},\"articleSection\":[\"Brasil\"],\"inLanguage\":\"pt-BR\",\"potentialAction\":[{\"@type\":\"CommentAction\",\"name\":\"Comment\",\"target\":[\"https:\/\/www.notibras.com\/site\/ex-prefeita-lidiane-foragida-da-justica-se-entrega-e-fica-presa-no-qg-dos-bombeiros\/#respond\"]}]},{\"@type\":\"WebPage\",\"@id\":\"https:\/\/www.notibras.com\/site\/ex-prefeita-lidiane-foragida-da-justica-se-entrega-e-fica-presa-no-qg-dos-bombeiros\/\",\"url\":\"https:\/\/www.notibras.com\/site\/ex-prefeita-lidiane-foragida-da-justica-se-entrega-e-fica-presa-no-qg-dos-bombeiros\/\",\"name\":\"Ex-prefeita Lidiane, foragida da Justi\u00e7a, se entrega e fica presa no QG dos Bombeiros - Notibras\",\"isPartOf\":{\"@id\":\"https:\/\/www.notibras.com\/site\/#website\"},\"datePublished\":\"2015-09-28T21:35:06+00:00\",\"dateModified\":\"2015-09-29T00:36:46+00:00\",\"breadcrumb\":{\"@id\":\"https:\/\/www.notibras.com\/site\/ex-prefeita-lidiane-foragida-da-justica-se-entrega-e-fica-presa-no-qg-dos-bombeiros\/#breadcrumb\"},\"inLanguage\":\"pt-BR\",\"potentialAction\":[{\"@type\":\"ReadAction\",\"target\":[\"https:\/\/www.notibras.com\/site\/ex-prefeita-lidiane-foragida-da-justica-se-entrega-e-fica-presa-no-qg-dos-bombeiros\/\"]}]},{\"@type\":\"BreadcrumbList\",\"@id\":\"https:\/\/www.notibras.com\/site\/ex-prefeita-lidiane-foragida-da-justica-se-entrega-e-fica-presa-no-qg-dos-bombeiros\/#breadcrumb\",\"itemListElement\":[{\"@type\":\"ListItem\",\"position\":1,\"name\":\"In\u00edcio\",\"item\":\"https:\/\/www.notibras.com\/site\/\"},{\"@type\":\"ListItem\",\"position\":2,\"name\":\"Ex-prefeita Lidiane, foragida da Justi\u00e7a, se entrega e fica presa no QG dos Bombeiros\"}]},{\"@type\":\"WebSite\",\"@id\":\"https:\/\/www.notibras.com\/site\/#website\",\"url\":\"https:\/\/www.notibras.com\/site\/\",\"name\":\"Notibras\",\"description\":\"Not\u00edcias de Bras\u00edlia, do Brasil e do Mundo\",\"publisher\":{\"@id\":\"https:\/\/www.notibras.com\/site\/#organization\"},\"potentialAction\":[{\"@type\":\"SearchAction\",\"target\":{\"@type\":\"EntryPoint\",\"urlTemplate\":\"https:\/\/www.notibras.com\/site\/?s={search_term_string}\"},\"query-input\":{\"@type\":\"PropertyValueSpecification\",\"valueRequired\":true,\"valueName\":\"search_term_string\"}}],\"inLanguage\":\"pt-BR\"},{\"@type\":\"Organization\",\"@id\":\"https:\/\/www.notibras.com\/site\/#organization\",\"name\":\"Grupo Notibras de Comunica\u00e7\u00e3o\",\"url\":\"https:\/\/www.notibras.com\/site\/\",\"logo\":{\"@type\":\"ImageObject\",\"inLanguage\":\"pt-BR\",\"@id\":\"https:\/\/www.notibras.com\/site\/#\/schema\/logo\/image\/\",\"url\":\"https:\/\/www.notibras.com\/site\/wp-content\/uploads\/2023\/01\/notibras23.png\",\"contentUrl\":\"https:\/\/www.notibras.com\/site\/wp-content\/uploads\/2023\/01\/notibras23.png\",\"width\":350,\"height\":87,\"caption\":\"Grupo Notibras de Comunica\u00e7\u00e3o\"},\"image\":{\"@id\":\"https:\/\/www.notibras.com\/site\/#\/schema\/logo\/image\/\"},\"sameAs\":[\"https:\/\/www.facebook.com\/notibras\/\",\"https:\/\/x.com\/Notibras\",\"https:\/\/www.instagram.com\/notibras\/\"]},{\"@type\":\"Person\",\"@id\":\"https:\/\/www.notibras.com\/site\/#\/schema\/person\/36ab0979449956132d3e5b517ea76ac8\",\"name\":\"Reda\u00e7\u00e3o\",\"image\":{\"@type\":\"ImageObject\",\"inLanguage\":\"pt-BR\",\"@id\":\"https:\/\/secure.gravatar.com\/avatar\/e0a867bdedb85fd243eadf09663511f96fc81e0720a4a42581f334ad4303aa6b?s=96&d=mm&r=g\",\"url\":\"https:\/\/secure.gravatar.com\/avatar\/e0a867bdedb85fd243eadf09663511f96fc81e0720a4a42581f334ad4303aa6b?s=96&d=mm&r=g\",\"contentUrl\":\"https:\/\/secure.gravatar.com\/avatar\/e0a867bdedb85fd243eadf09663511f96fc81e0720a4a42581f334ad4303aa6b?s=96&d=mm&r=g\",\"caption\":\"Reda\u00e7\u00e3o\"}}]}<\/script>\n<!-- \/ Yoast SEO plugin. -->","yoast_head_json":{"title":"Ex-prefeita Lidiane, foragida da Justi\u00e7a, se entrega e fica presa no QG dos Bombeiros - Notibras","robots":{"index":"index","follow":"follow","max-snippet":"max-snippet:-1","max-image-preview":"max-image-preview:large","max-video-preview":"max-video-preview:-1"},"canonical":"https:\/\/www.notibras.com\/site\/ex-prefeita-lidiane-foragida-da-justica-se-entrega-e-fica-presa-no-qg-dos-bombeiros\/","og_locale":"pt_BR","og_type":"article","og_title":"Ex-prefeita Lidiane, foragida da Justi\u00e7a, se entrega e fica presa no QG dos Bombeiros - Notibras","og_description":"Medo de ser encaminhada a um pres\u00eddio violento. Esse foi o motivo para que a ex-prefeita de Bom Jardim (MA), Lidiane Leite (sem partido), ficasse 39 dias foragida, segundo os seus advogados. Ela esperou por uma decis\u00e3o que n\u00e3o a deixasse presa no Complexo Penitenci\u00e1rio de Pedrinhas, em S\u00e3o Lu\u00eds. Na tarde desta segunda-feira (28), [&hellip;]","og_url":"https:\/\/www.notibras.com\/site\/ex-prefeita-lidiane-foragida-da-justica-se-entrega-e-fica-presa-no-qg-dos-bombeiros\/","og_site_name":"Notibras","article_publisher":"https:\/\/www.facebook.com\/notibras\/","article_published_time":"2015-09-28T21:35:06+00:00","article_modified_time":"2015-09-29T00:36:46+00:00","og_image":[{"width":620,"height":465,"url":"https:\/\/www.notibras.com\/site\/wp-content\/uploads\/2015\/09\/lidiane.jpg","type":"image\/jpeg"}],"author":"Reda\u00e7\u00e3o","twitter_card":"summary_large_image","twitter_creator":"@Notibras","twitter_site":"@Notibras","twitter_misc":{"Escrito por":"Reda\u00e7\u00e3o","Est. tempo de leitura":"2 minutos"},"schema":{"@context":"https:\/\/schema.org","@graph":[{"@type":"Article","@id":"https:\/\/www.notibras.com\/site\/ex-prefeita-lidiane-foragida-da-justica-se-entrega-e-fica-presa-no-qg-dos-bombeiros\/#article","isPartOf":{"@id":"https:\/\/www.notibras.com\/site\/ex-prefeita-lidiane-foragida-da-justica-se-entrega-e-fica-presa-no-qg-dos-bombeiros\/"},"author":{"name":"Reda\u00e7\u00e3o","@id":"https:\/\/www.notibras.com\/site\/#\/schema\/person\/36ab0979449956132d3e5b517ea76ac8"},"headline":"Ex-prefeita Lidiane, foragida da Justi\u00e7a, se entrega e fica presa no QG dos Bombeiros","datePublished":"2015-09-28T21:35:06+00:00","dateModified":"2015-09-29T00:36:46+00:00","mainEntityOfPage":{"@id":"https:\/\/www.notibras.com\/site\/ex-prefeita-lidiane-foragida-da-justica-se-entrega-e-fica-presa-no-qg-dos-bombeiros\/"},"wordCount":393,"commentCount":0,"publisher":{"@id":"https:\/\/www.notibras.com\/site\/#organization"},"articleSection":["Brasil"],"inLanguage":"pt-BR","potentialAction":[{"@type":"CommentAction","name":"Comment","target":["https:\/\/www.notibras.com\/site\/ex-prefeita-lidiane-foragida-da-justica-se-entrega-e-fica-presa-no-qg-dos-bombeiros\/#respond"]}]},{"@type":"WebPage","@id":"https:\/\/www.notibras.com\/site\/ex-prefeita-lidiane-foragida-da-justica-se-entrega-e-fica-presa-no-qg-dos-bombeiros\/","url":"https:\/\/www.notibras.com\/site\/ex-prefeita-lidiane-foragida-da-justica-se-entrega-e-fica-presa-no-qg-dos-bombeiros\/","name":"Ex-prefeita Lidiane, foragida da Justi\u00e7a, se entrega e fica presa no QG dos Bombeiros - Notibras","isPartOf":{"@id":"https:\/\/www.notibras.com\/site\/#website"},"datePublished":"2015-09-28T21:35:06+00:00","dateModified":"2015-09-29T00:36:46+00:00","breadcrumb":{"@id":"https:\/\/www.notibras.com\/site\/ex-prefeita-lidiane-foragida-da-justica-se-entrega-e-fica-presa-no-qg-dos-bombeiros\/#breadcrumb"},"inLanguage":"pt-BR","potentialAction":[{"@type":"ReadAction","target":["https:\/\/www.notibras.com\/site\/ex-prefeita-lidiane-foragida-da-justica-se-entrega-e-fica-presa-no-qg-dos-bombeiros\/"]}]},{"@type":"BreadcrumbList","@id":"https:\/\/www.notibras.com\/site\/ex-prefeita-lidiane-foragida-da-justica-se-entrega-e-fica-presa-no-qg-dos-bombeiros\/#breadcrumb","itemListElement":[{"@type":"ListItem","position":1,"name":"In\u00edcio","item":"https:\/\/www.notibras.com\/site\/"},{"@type":"ListItem","position":2,"name":"Ex-prefeita Lidiane, foragida da Justi\u00e7a, se entrega e fica presa no QG dos Bombeiros"}]},{"@type":"WebSite","@id":"https:\/\/www.notibras.com\/site\/#website","url":"https:\/\/www.notibras.com\/site\/","name":"Notibras","description":"Not\u00edcias de Bras\u00edlia, do Brasil e do Mundo","publisher":{"@id":"https:\/\/www.notibras.com\/site\/#organization"},"potentialAction":[{"@type":"SearchAction","target":{"@type":"EntryPoint","urlTemplate":"https:\/\/www.notibras.com\/site\/?s={search_term_string}"},"query-input":{"@type":"PropertyValueSpecification","valueRequired":true,"valueName":"search_term_string"}}],"inLanguage":"pt-BR"},{"@type":"Organization","@id":"https:\/\/www.notibras.com\/site\/#organization","name":"Grupo Notibras de Comunica\u00e7\u00e3o","url":"https:\/\/www.notibras.com\/site\/","logo":{"@type":"ImageObject","inLanguage":"pt-BR","@id":"https:\/\/www.notibras.com\/site\/#\/schema\/logo\/image\/","url":"https:\/\/www.notibras.com\/site\/wp-content\/uploads\/2023\/01\/notibras23.png","contentUrl":"https:\/\/www.notibras.com\/site\/wp-content\/uploads\/2023\/01\/notibras23.png","width":350,"height":87,"caption":"Grupo Notibras de Comunica\u00e7\u00e3o"},"image":{"@id":"https:\/\/www.notibras.com\/site\/#\/schema\/logo\/image\/"},"sameAs":["https:\/\/www.facebook.com\/notibras\/","https:\/\/x.com\/Notibras","https:\/\/www.instagram.com\/notibras\/"]},{"@type":"Person","@id":"https:\/\/www.notibras.com\/site\/#\/schema\/person\/36ab0979449956132d3e5b517ea76ac8","name":"Reda\u00e7\u00e3o","image":{"@type":"ImageObject","inLanguage":"pt-BR","@id":"https:\/\/secure.gravatar.com\/avatar\/e0a867bdedb85fd243eadf09663511f96fc81e0720a4a42581f334ad4303aa6b?s=96&d=mm&r=g","url":"https:\/\/secure.gravatar.com\/avatar\/e0a867bdedb85fd243eadf09663511f96fc81e0720a4a42581f334ad4303aa6b?s=96&d=mm&r=g","contentUrl":"https:\/\/secure.gravatar.com\/avatar\/e0a867bdedb85fd243eadf09663511f96fc81e0720a4a42581f334ad4303aa6b?s=96&d=mm&r=g","caption":"Reda\u00e7\u00e3o"}}]}},"amp_enabled":true,"_links":{"self":[{"href":"https:\/\/www.notibras.com\/site\/wp-json\/wp\/v2\/posts\/69625","targetHints":{"allow":["GET"]}}],"collection":[{"href":"https:\/\/www.notibras.com\/site\/wp-json\/wp\/v2\/posts"}],"about":[{"href":"https:\/\/www.notibras.com\/site\/wp-json\/wp\/v2\/types\/post"}],"author":[{"embeddable":true,"href":"https:\/\/www.notibras.com\/site\/wp-json\/wp\/v2\/users\/2"}],"replies":[{"embeddable":true,"href":"https:\/\/www.notibras.com\/site\/wp-json\/wp\/v2\/comments?post=69625"}],"version-history":[{"count":1,"href":"https:\/\/www.notibras.com\/site\/wp-json\/wp\/v2\/posts\/69625\/revisions"}],"predecessor-version":[{"id":69627,"href":"https:\/\/www.notibras.com\/site\/wp-json\/wp\/v2\/posts\/69625\/revisions\/69627"}],"wp:attachment":[{"href":"https:\/\/www.notibras.com\/site\/wp-json\/wp\/v2\/media?parent=69625"}],"wp:term":[{"taxonomy":"category","embeddable":true,"href":"https:\/\/www.notibras.com\/site\/wp-json\/wp\/v2\/categories?post=69625"},{"taxonomy":"post_tag","embeddable":true,"href":"https:\/\/www.notibras.com\/site\/wp-json\/wp\/v2\/tags?post=69625"}],"curies":[{"name":"wp","href":"https:\/\/api.w.org\/{rel}","templated":true}]}}