{"id":69628,"date":"2015-09-28T17:38:21","date_gmt":"2015-09-28T20:38:21","guid":{"rendered":"http:\/\/www.notibras.com\/site\/?p=69628"},"modified":"2015-09-28T21:39:27","modified_gmt":"2015-09-29T00:39:27","slug":"necroterio-de-natal-nao-suporta-demanda-e-deixa-corpos-espalhados-pelo-chao","status":"publish","type":"post","link":"https:\/\/www.notibras.com\/site\/necroterio-de-natal-nao-suporta-demanda-e-deixa-corpos-espalhados-pelo-chao\/","title":{"rendered":"Necrot\u00e9rio de Natal n\u00e3o suporta demanda e deixa corpos espalhados pelo ch\u00e3o"},"content":{"rendered":"<p>Pelo menos nove corpos ficaram amontoados no ch\u00e3o do necrot\u00e9rio do Itep (Instituto T\u00e9cnico e Cient\u00edfico de Pol\u00edcia) do Rio Grande do Norte, em Natal, aguardando necropsia do domingo at\u00e9 o in\u00edcio da manh\u00e3 desta segunda-feira (28).<\/p>\n<p>Dados da Sesed (Secretaria de Estado da Seguran\u00e7a P\u00fablica e da Defesa Social) mostraram que, entre as 18h da sexta-feira (25) e as 8h desta segunda-feira, 26 corpos deram entrada no local, sendo 21 v\u00edtimas de arma de fogo. Somente no domingo chegaram 16 corpos de v\u00edtimas de homic\u00eddio e dois de acidentes de tr\u00e2nsito. A alta demanda por servi\u00e7os foi considerada at\u00edpica pelo Itep.<\/p>\n<p>O pico de mortes violentas em Natal e regi\u00e3o metropolitana foi registrado da noite do s\u00e1bado at\u00e9 o domingo ap\u00f3s o assassinato do PM (Pol\u00edcia Militar) Daniel Henrique da Silva, 32. O policial foi baleado por dois criminosos durante um assalto a uma padaria em que ele fazia bico como seguran\u00e7a, localizada na avenida Castelo Branco, no bairro Paju\u00e7ara, zona norte da capital.<\/p>\n<p>A secret\u00e1ria Kallina Leite disse que a pol\u00edcia n\u00e3o acredita que os assassinatos tiveram rela\u00e7\u00e3o com a morte do policial e trabalha como crimes resultantes de brigas de fac\u00e7\u00f5es criminosas que disputam o tr\u00e1fico de drogas em Natal e regi\u00e3o metropolitana. Dos 22 homic\u00eddios do fim de semana apenas quatro pessoas n\u00e3o tinham passagem pela pol\u00edcia, segundo a Sesed.<\/p>\n<p>Funcion\u00e1rios relataram que, al\u00e9m da alta demanda, houve problemas de abastecimento de \u00e1gua, o que pode ter contribu\u00eddo para a demora na realiza\u00e7\u00e3o das necropsias e por consequ\u00eancia, o ac\u00famulo de corpos.<\/p>\n<p>Segundo o Itep, durante o fim de semana o abastecimento das caixas de \u00e1gua do Itep ocorreram por meio de carros-pipa fornecidos pela Caern (Companhia de \u00c1guas e Esgotos do Rio Grande do Norte). O instituto disse que o sistema de abastecimento de \u00e1gua foi normalizado \u00e0s 9h.<\/p>\n<p>O Itep justificou que a alta demanda &#8220;num curto espa\u00e7o de tempo&#8221; contribuiu para o ac\u00famulo de corpos fora das c\u00e2maras de refrigera\u00e7\u00e3o do necrot\u00e9rio destinadas aos corpos de mortes recentes. No local h\u00e1 21 gavetas para acondicionarem corpos rec\u00e9m-mortos e parte delas estava ocupada.<\/p>\n<p>&#8220;Foi dada prioridade para necropsia nos corpos que estavam foram das c\u00e2maras de refrigera\u00e7\u00e3o para que eles n\u00e3o ficassem tanto tempo no local. \u00c0 medida que corpos que estavam nas c\u00e2meras frias j\u00e1 necropsiados e as fam\u00edlias traziam a documenta\u00e7\u00e3o, o espa\u00e7o foi desocupando para dar a vez aos que estavam fora. A situa\u00e7\u00e3o j\u00e1 foi normalizada nesta manh\u00e3 de segunda-feira&#8221;, informou o Itep.<\/p>\n","protected":false},"excerpt":{"rendered":"<p>Pelo menos nove corpos ficaram amontoados no ch\u00e3o do necrot\u00e9rio do Itep (Instituto T\u00e9cnico e Cient\u00edfico de Pol\u00edcia) do Rio Grande do Norte, em Natal, aguardando necropsia do domingo at\u00e9 o in\u00edcio da manh\u00e3 desta segunda-feira (28). Dados da Sesed (Secretaria de Estado da Seguran\u00e7a P\u00fablica e da Defesa Social) mostraram que, entre as 18h [&hellip;]<\/p>\n","protected":false},"author":2,"featured_media":69629,"comment_status":"open","ping_status":"closed","sticky":false,"template":"","format":"standard","meta":{"_acf_changed":false,"footnotes":""},"categories":[16],"tags":[],"class_list":["post-69628","post","type-post","status-publish","format-standard","has-post-thumbnail","hentry","category-brasil"],"acf":[],"yoast_head":"<!-- This site is optimized with the Yoast SEO plugin v27.2 - https:\/\/yoast.com\/product\/yoast-seo-wordpress\/ -->\n<title>Necrot\u00e9rio de Natal n\u00e3o suporta demanda e deixa corpos espalhados pelo ch\u00e3o - Notibras<\/title>\n<meta name=\"robots\" content=\"index, follow, max-snippet:-1, max-image-preview:large, max-video-preview:-1\" \/>\n<link rel=\"canonical\" href=\"https:\/\/www.notibras.com\/site\/necroterio-de-natal-nao-suporta-demanda-e-deixa-corpos-espalhados-pelo-chao\/\" \/>\n<meta property=\"og:locale\" content=\"pt_BR\" \/>\n<meta property=\"og:type\" content=\"article\" \/>\n<meta property=\"og:title\" content=\"Necrot\u00e9rio de Natal n\u00e3o suporta demanda e deixa corpos espalhados pelo ch\u00e3o - Notibras\" \/>\n<meta property=\"og:description\" content=\"Pelo menos nove corpos ficaram amontoados no ch\u00e3o do necrot\u00e9rio do Itep (Instituto T\u00e9cnico e Cient\u00edfico de Pol\u00edcia) do Rio Grande do Norte, em Natal, aguardando necropsia do domingo at\u00e9 o in\u00edcio da manh\u00e3 desta segunda-feira (28). Dados da Sesed (Secretaria de Estado da Seguran\u00e7a P\u00fablica e da Defesa Social) mostraram que, entre as 18h [&hellip;]\" \/>\n<meta property=\"og:url\" content=\"https:\/\/www.notibras.com\/site\/necroterio-de-natal-nao-suporta-demanda-e-deixa-corpos-espalhados-pelo-chao\/\" \/>\n<meta property=\"og:site_name\" content=\"Notibras\" \/>\n<meta property=\"article:publisher\" content=\"https:\/\/www.facebook.com\/notibras\/\" \/>\n<meta property=\"article:published_time\" content=\"2015-09-28T20:38:21+00:00\" \/>\n<meta property=\"article:modified_time\" content=\"2015-09-29T00:39:27+00:00\" \/>\n<meta property=\"og:image\" content=\"https:\/\/www.notibras.com\/site\/wp-content\/uploads\/2015\/09\/necro.jpg\" \/>\n\t<meta property=\"og:image:width\" content=\"300\" \/>\n\t<meta property=\"og:image:height\" content=\"300\" \/>\n\t<meta property=\"og:image:type\" content=\"image\/jpeg\" \/>\n<meta name=\"author\" content=\"Reda\u00e7\u00e3o\" \/>\n<meta name=\"twitter:card\" content=\"summary_large_image\" \/>\n<meta name=\"twitter:creator\" content=\"@Notibras\" \/>\n<meta name=\"twitter:site\" content=\"@Notibras\" \/>\n<meta name=\"twitter:label1\" content=\"Escrito por\" \/>\n\t<meta name=\"twitter:data1\" content=\"Reda\u00e7\u00e3o\" \/>\n\t<meta name=\"twitter:label2\" content=\"Est. tempo de leitura\" \/>\n\t<meta name=\"twitter:data2\" content=\"2 minutos\" \/>\n<script type=\"application\/ld+json\" class=\"yoast-schema-graph\">{\"@context\":\"https:\/\/schema.org\",\"@graph\":[{\"@type\":\"Article\",\"@id\":\"https:\/\/www.notibras.com\/site\/necroterio-de-natal-nao-suporta-demanda-e-deixa-corpos-espalhados-pelo-chao\/#article\",\"isPartOf\":{\"@id\":\"https:\/\/www.notibras.com\/site\/necroterio-de-natal-nao-suporta-demanda-e-deixa-corpos-espalhados-pelo-chao\/\"},\"author\":{\"name\":\"Reda\u00e7\u00e3o\",\"@id\":\"https:\/\/www.notibras.com\/site\/#\/schema\/person\/36ab0979449956132d3e5b517ea76ac8\"},\"headline\":\"Necrot\u00e9rio de Natal n\u00e3o suporta demanda e deixa corpos espalhados pelo ch\u00e3o\",\"datePublished\":\"2015-09-28T20:38:21+00:00\",\"dateModified\":\"2015-09-29T00:39:27+00:00\",\"mainEntityOfPage\":{\"@id\":\"https:\/\/www.notibras.com\/site\/necroterio-de-natal-nao-suporta-demanda-e-deixa-corpos-espalhados-pelo-chao\/\"},\"wordCount\":469,\"commentCount\":0,\"publisher\":{\"@id\":\"https:\/\/www.notibras.com\/site\/#organization\"},\"image\":{\"@id\":\"https:\/\/www.notibras.com\/site\/necroterio-de-natal-nao-suporta-demanda-e-deixa-corpos-espalhados-pelo-chao\/#primaryimage\"},\"thumbnailUrl\":\"https:\/\/www.notibras.com\/site\/wp-content\/uploads\/2015\/09\/necro.jpg\",\"articleSection\":[\"Brasil\"],\"inLanguage\":\"pt-BR\",\"potentialAction\":[{\"@type\":\"CommentAction\",\"name\":\"Comment\",\"target\":[\"https:\/\/www.notibras.com\/site\/necroterio-de-natal-nao-suporta-demanda-e-deixa-corpos-espalhados-pelo-chao\/#respond\"]}]},{\"@type\":\"WebPage\",\"@id\":\"https:\/\/www.notibras.com\/site\/necroterio-de-natal-nao-suporta-demanda-e-deixa-corpos-espalhados-pelo-chao\/\",\"url\":\"https:\/\/www.notibras.com\/site\/necroterio-de-natal-nao-suporta-demanda-e-deixa-corpos-espalhados-pelo-chao\/\",\"name\":\"Necrot\u00e9rio de Natal n\u00e3o suporta demanda e deixa corpos espalhados pelo ch\u00e3o - Notibras\",\"isPartOf\":{\"@id\":\"https:\/\/www.notibras.com\/site\/#website\"},\"primaryImageOfPage\":{\"@id\":\"https:\/\/www.notibras.com\/site\/necroterio-de-natal-nao-suporta-demanda-e-deixa-corpos-espalhados-pelo-chao\/#primaryimage\"},\"image\":{\"@id\":\"https:\/\/www.notibras.com\/site\/necroterio-de-natal-nao-suporta-demanda-e-deixa-corpos-espalhados-pelo-chao\/#primaryimage\"},\"thumbnailUrl\":\"https:\/\/www.notibras.com\/site\/wp-content\/uploads\/2015\/09\/necro.jpg\",\"datePublished\":\"2015-09-28T20:38:21+00:00\",\"dateModified\":\"2015-09-29T00:39:27+00:00\",\"breadcrumb\":{\"@id\":\"https:\/\/www.notibras.com\/site\/necroterio-de-natal-nao-suporta-demanda-e-deixa-corpos-espalhados-pelo-chao\/#breadcrumb\"},\"inLanguage\":\"pt-BR\",\"potentialAction\":[{\"@type\":\"ReadAction\",\"target\":[\"https:\/\/www.notibras.com\/site\/necroterio-de-natal-nao-suporta-demanda-e-deixa-corpos-espalhados-pelo-chao\/\"]}]},{\"@type\":\"ImageObject\",\"inLanguage\":\"pt-BR\",\"@id\":\"https:\/\/www.notibras.com\/site\/necroterio-de-natal-nao-suporta-demanda-e-deixa-corpos-espalhados-pelo-chao\/#primaryimage\",\"url\":\"https:\/\/www.notibras.com\/site\/wp-content\/uploads\/2015\/09\/necro.jpg\",\"contentUrl\":\"https:\/\/www.notibras.com\/site\/wp-content\/uploads\/2015\/09\/necro.jpg\",\"width\":300,\"height\":300},{\"@type\":\"BreadcrumbList\",\"@id\":\"https:\/\/www.notibras.com\/site\/necroterio-de-natal-nao-suporta-demanda-e-deixa-corpos-espalhados-pelo-chao\/#breadcrumb\",\"itemListElement\":[{\"@type\":\"ListItem\",\"position\":1,\"name\":\"In\u00edcio\",\"item\":\"https:\/\/www.notibras.com\/site\/\"},{\"@type\":\"ListItem\",\"position\":2,\"name\":\"Necrot\u00e9rio de Natal n\u00e3o suporta demanda e deixa corpos espalhados pelo ch\u00e3o\"}]},{\"@type\":\"WebSite\",\"@id\":\"https:\/\/www.notibras.com\/site\/#website\",\"url\":\"https:\/\/www.notibras.com\/site\/\",\"name\":\"Notibras\",\"description\":\"Not\u00edcias de Bras\u00edlia, do Brasil e do Mundo\",\"publisher\":{\"@id\":\"https:\/\/www.notibras.com\/site\/#organization\"},\"potentialAction\":[{\"@type\":\"SearchAction\",\"target\":{\"@type\":\"EntryPoint\",\"urlTemplate\":\"https:\/\/www.notibras.com\/site\/?s={search_term_string}\"},\"query-input\":{\"@type\":\"PropertyValueSpecification\",\"valueRequired\":true,\"valueName\":\"search_term_string\"}}],\"inLanguage\":\"pt-BR\"},{\"@type\":\"Organization\",\"@id\":\"https:\/\/www.notibras.com\/site\/#organization\",\"name\":\"Grupo Notibras de Comunica\u00e7\u00e3o\",\"url\":\"https:\/\/www.notibras.com\/site\/\",\"logo\":{\"@type\":\"ImageObject\",\"inLanguage\":\"pt-BR\",\"@id\":\"https:\/\/www.notibras.com\/site\/#\/schema\/logo\/image\/\",\"url\":\"https:\/\/www.notibras.com\/site\/wp-content\/uploads\/2023\/01\/notibras23.png\",\"contentUrl\":\"https:\/\/www.notibras.com\/site\/wp-content\/uploads\/2023\/01\/notibras23.png\",\"width\":350,\"height\":87,\"caption\":\"Grupo Notibras de Comunica\u00e7\u00e3o\"},\"image\":{\"@id\":\"https:\/\/www.notibras.com\/site\/#\/schema\/logo\/image\/\"},\"sameAs\":[\"https:\/\/www.facebook.com\/notibras\/\",\"https:\/\/x.com\/Notibras\",\"https:\/\/www.instagram.com\/notibras\/\"]},{\"@type\":\"Person\",\"@id\":\"https:\/\/www.notibras.com\/site\/#\/schema\/person\/36ab0979449956132d3e5b517ea76ac8\",\"name\":\"Reda\u00e7\u00e3o\",\"image\":{\"@type\":\"ImageObject\",\"inLanguage\":\"pt-BR\",\"@id\":\"https:\/\/secure.gravatar.com\/avatar\/e0a867bdedb85fd243eadf09663511f96fc81e0720a4a42581f334ad4303aa6b?s=96&d=mm&r=g\",\"url\":\"https:\/\/secure.gravatar.com\/avatar\/e0a867bdedb85fd243eadf09663511f96fc81e0720a4a42581f334ad4303aa6b?s=96&d=mm&r=g\",\"contentUrl\":\"https:\/\/secure.gravatar.com\/avatar\/e0a867bdedb85fd243eadf09663511f96fc81e0720a4a42581f334ad4303aa6b?s=96&d=mm&r=g\",\"caption\":\"Reda\u00e7\u00e3o\"}}]}<\/script>\n<!-- \/ Yoast SEO plugin. -->","yoast_head_json":{"title":"Necrot\u00e9rio de Natal n\u00e3o suporta demanda e deixa corpos espalhados pelo ch\u00e3o - Notibras","robots":{"index":"index","follow":"follow","max-snippet":"max-snippet:-1","max-image-preview":"max-image-preview:large","max-video-preview":"max-video-preview:-1"},"canonical":"https:\/\/www.notibras.com\/site\/necroterio-de-natal-nao-suporta-demanda-e-deixa-corpos-espalhados-pelo-chao\/","og_locale":"pt_BR","og_type":"article","og_title":"Necrot\u00e9rio de Natal n\u00e3o suporta demanda e deixa corpos espalhados pelo ch\u00e3o - Notibras","og_description":"Pelo menos nove corpos ficaram amontoados no ch\u00e3o do necrot\u00e9rio do Itep (Instituto T\u00e9cnico e Cient\u00edfico de Pol\u00edcia) do Rio Grande do Norte, em Natal, aguardando necropsia do domingo at\u00e9 o in\u00edcio da manh\u00e3 desta segunda-feira (28). Dados da Sesed (Secretaria de Estado da Seguran\u00e7a P\u00fablica e da Defesa Social) mostraram que, entre as 18h [&hellip;]","og_url":"https:\/\/www.notibras.com\/site\/necroterio-de-natal-nao-suporta-demanda-e-deixa-corpos-espalhados-pelo-chao\/","og_site_name":"Notibras","article_publisher":"https:\/\/www.facebook.com\/notibras\/","article_published_time":"2015-09-28T20:38:21+00:00","article_modified_time":"2015-09-29T00:39:27+00:00","og_image":[{"width":300,"height":300,"url":"https:\/\/www.notibras.com\/site\/wp-content\/uploads\/2015\/09\/necro.jpg","type":"image\/jpeg"}],"author":"Reda\u00e7\u00e3o","twitter_card":"summary_large_image","twitter_creator":"@Notibras","twitter_site":"@Notibras","twitter_misc":{"Escrito por":"Reda\u00e7\u00e3o","Est. tempo de leitura":"2 minutos"},"schema":{"@context":"https:\/\/schema.org","@graph":[{"@type":"Article","@id":"https:\/\/www.notibras.com\/site\/necroterio-de-natal-nao-suporta-demanda-e-deixa-corpos-espalhados-pelo-chao\/#article","isPartOf":{"@id":"https:\/\/www.notibras.com\/site\/necroterio-de-natal-nao-suporta-demanda-e-deixa-corpos-espalhados-pelo-chao\/"},"author":{"name":"Reda\u00e7\u00e3o","@id":"https:\/\/www.notibras.com\/site\/#\/schema\/person\/36ab0979449956132d3e5b517ea76ac8"},"headline":"Necrot\u00e9rio de Natal n\u00e3o suporta demanda e deixa corpos espalhados pelo ch\u00e3o","datePublished":"2015-09-28T20:38:21+00:00","dateModified":"2015-09-29T00:39:27+00:00","mainEntityOfPage":{"@id":"https:\/\/www.notibras.com\/site\/necroterio-de-natal-nao-suporta-demanda-e-deixa-corpos-espalhados-pelo-chao\/"},"wordCount":469,"commentCount":0,"publisher":{"@id":"https:\/\/www.notibras.com\/site\/#organization"},"image":{"@id":"https:\/\/www.notibras.com\/site\/necroterio-de-natal-nao-suporta-demanda-e-deixa-corpos-espalhados-pelo-chao\/#primaryimage"},"thumbnailUrl":"https:\/\/www.notibras.com\/site\/wp-content\/uploads\/2015\/09\/necro.jpg","articleSection":["Brasil"],"inLanguage":"pt-BR","potentialAction":[{"@type":"CommentAction","name":"Comment","target":["https:\/\/www.notibras.com\/site\/necroterio-de-natal-nao-suporta-demanda-e-deixa-corpos-espalhados-pelo-chao\/#respond"]}]},{"@type":"WebPage","@id":"https:\/\/www.notibras.com\/site\/necroterio-de-natal-nao-suporta-demanda-e-deixa-corpos-espalhados-pelo-chao\/","url":"https:\/\/www.notibras.com\/site\/necroterio-de-natal-nao-suporta-demanda-e-deixa-corpos-espalhados-pelo-chao\/","name":"Necrot\u00e9rio de Natal n\u00e3o suporta demanda e deixa corpos espalhados pelo ch\u00e3o - Notibras","isPartOf":{"@id":"https:\/\/www.notibras.com\/site\/#website"},"primaryImageOfPage":{"@id":"https:\/\/www.notibras.com\/site\/necroterio-de-natal-nao-suporta-demanda-e-deixa-corpos-espalhados-pelo-chao\/#primaryimage"},"image":{"@id":"https:\/\/www.notibras.com\/site\/necroterio-de-natal-nao-suporta-demanda-e-deixa-corpos-espalhados-pelo-chao\/#primaryimage"},"thumbnailUrl":"https:\/\/www.notibras.com\/site\/wp-content\/uploads\/2015\/09\/necro.jpg","datePublished":"2015-09-28T20:38:21+00:00","dateModified":"2015-09-29T00:39:27+00:00","breadcrumb":{"@id":"https:\/\/www.notibras.com\/site\/necroterio-de-natal-nao-suporta-demanda-e-deixa-corpos-espalhados-pelo-chao\/#breadcrumb"},"inLanguage":"pt-BR","potentialAction":[{"@type":"ReadAction","target":["https:\/\/www.notibras.com\/site\/necroterio-de-natal-nao-suporta-demanda-e-deixa-corpos-espalhados-pelo-chao\/"]}]},{"@type":"ImageObject","inLanguage":"pt-BR","@id":"https:\/\/www.notibras.com\/site\/necroterio-de-natal-nao-suporta-demanda-e-deixa-corpos-espalhados-pelo-chao\/#primaryimage","url":"https:\/\/www.notibras.com\/site\/wp-content\/uploads\/2015\/09\/necro.jpg","contentUrl":"https:\/\/www.notibras.com\/site\/wp-content\/uploads\/2015\/09\/necro.jpg","width":300,"height":300},{"@type":"BreadcrumbList","@id":"https:\/\/www.notibras.com\/site\/necroterio-de-natal-nao-suporta-demanda-e-deixa-corpos-espalhados-pelo-chao\/#breadcrumb","itemListElement":[{"@type":"ListItem","position":1,"name":"In\u00edcio","item":"https:\/\/www.notibras.com\/site\/"},{"@type":"ListItem","position":2,"name":"Necrot\u00e9rio de Natal n\u00e3o suporta demanda e deixa corpos espalhados pelo ch\u00e3o"}]},{"@type":"WebSite","@id":"https:\/\/www.notibras.com\/site\/#website","url":"https:\/\/www.notibras.com\/site\/","name":"Notibras","description":"Not\u00edcias de Bras\u00edlia, do Brasil e do Mundo","publisher":{"@id":"https:\/\/www.notibras.com\/site\/#organization"},"potentialAction":[{"@type":"SearchAction","target":{"@type":"EntryPoint","urlTemplate":"https:\/\/www.notibras.com\/site\/?s={search_term_string}"},"query-input":{"@type":"PropertyValueSpecification","valueRequired":true,"valueName":"search_term_string"}}],"inLanguage":"pt-BR"},{"@type":"Organization","@id":"https:\/\/www.notibras.com\/site\/#organization","name":"Grupo Notibras de Comunica\u00e7\u00e3o","url":"https:\/\/www.notibras.com\/site\/","logo":{"@type":"ImageObject","inLanguage":"pt-BR","@id":"https:\/\/www.notibras.com\/site\/#\/schema\/logo\/image\/","url":"https:\/\/www.notibras.com\/site\/wp-content\/uploads\/2023\/01\/notibras23.png","contentUrl":"https:\/\/www.notibras.com\/site\/wp-content\/uploads\/2023\/01\/notibras23.png","width":350,"height":87,"caption":"Grupo Notibras de Comunica\u00e7\u00e3o"},"image":{"@id":"https:\/\/www.notibras.com\/site\/#\/schema\/logo\/image\/"},"sameAs":["https:\/\/www.facebook.com\/notibras\/","https:\/\/x.com\/Notibras","https:\/\/www.instagram.com\/notibras\/"]},{"@type":"Person","@id":"https:\/\/www.notibras.com\/site\/#\/schema\/person\/36ab0979449956132d3e5b517ea76ac8","name":"Reda\u00e7\u00e3o","image":{"@type":"ImageObject","inLanguage":"pt-BR","@id":"https:\/\/secure.gravatar.com\/avatar\/e0a867bdedb85fd243eadf09663511f96fc81e0720a4a42581f334ad4303aa6b?s=96&d=mm&r=g","url":"https:\/\/secure.gravatar.com\/avatar\/e0a867bdedb85fd243eadf09663511f96fc81e0720a4a42581f334ad4303aa6b?s=96&d=mm&r=g","contentUrl":"https:\/\/secure.gravatar.com\/avatar\/e0a867bdedb85fd243eadf09663511f96fc81e0720a4a42581f334ad4303aa6b?s=96&d=mm&r=g","caption":"Reda\u00e7\u00e3o"}}]}},"amp_enabled":true,"_links":{"self":[{"href":"https:\/\/www.notibras.com\/site\/wp-json\/wp\/v2\/posts\/69628","targetHints":{"allow":["GET"]}}],"collection":[{"href":"https:\/\/www.notibras.com\/site\/wp-json\/wp\/v2\/posts"}],"about":[{"href":"https:\/\/www.notibras.com\/site\/wp-json\/wp\/v2\/types\/post"}],"author":[{"embeddable":true,"href":"https:\/\/www.notibras.com\/site\/wp-json\/wp\/v2\/users\/2"}],"replies":[{"embeddable":true,"href":"https:\/\/www.notibras.com\/site\/wp-json\/wp\/v2\/comments?post=69628"}],"version-history":[{"count":1,"href":"https:\/\/www.notibras.com\/site\/wp-json\/wp\/v2\/posts\/69628\/revisions"}],"predecessor-version":[{"id":69630,"href":"https:\/\/www.notibras.com\/site\/wp-json\/wp\/v2\/posts\/69628\/revisions\/69630"}],"wp:featuredmedia":[{"embeddable":true,"href":"https:\/\/www.notibras.com\/site\/wp-json\/wp\/v2\/media\/69629"}],"wp:attachment":[{"href":"https:\/\/www.notibras.com\/site\/wp-json\/wp\/v2\/media?parent=69628"}],"wp:term":[{"taxonomy":"category","embeddable":true,"href":"https:\/\/www.notibras.com\/site\/wp-json\/wp\/v2\/categories?post=69628"},{"taxonomy":"post_tag","embeddable":true,"href":"https:\/\/www.notibras.com\/site\/wp-json\/wp\/v2\/tags?post=69628"}],"curies":[{"name":"wp","href":"https:\/\/api.w.org\/{rel}","templated":true}]}}