{"id":6963,"date":"2014-04-17T09:15:52","date_gmt":"2014-04-17T12:15:52","guid":{"rendered":"http:\/\/www.notibras.com\/site\/?p=6963"},"modified":"2014-04-17T09:15:52","modified_gmt":"2014-04-17T12:15:52","slug":"ser-ou-nao-ser-eis-a-questao-ou-apenas-um-basta","status":"publish","type":"post","link":"https:\/\/www.notibras.com\/site\/ser-ou-nao-ser-eis-a-questao-ou-apenas-um-basta\/","title":{"rendered":"Ser ou n\u00e3o ser, eis a quest\u00e3o (Ou apenas um basta!)"},"content":{"rendered":"<p>Na medida em que os direitos humanos passaram a dominar a humanidade em detrimento dos deveres, os mais atilados e espertos, sejam os partidos pol\u00edticos, sejam os mel\u00edfluos parlamentares, abra\u00e7aram com fervor a tese corrente de que todos t\u00eam direitos. \u00c9 verdade, todos temos direitos. Deveres, talvez. Na atualidade, portanto a m\u00e1xima \u00e9 sair do arm\u00e1rio, seja voc\u00ea como for, deixe a vergonha de lado e assuma.<\/p>\n<p>O grau de liberalidade \u00e9 tamanho, que seja como voc\u00ea \u00e9 n\u00e3o esconda e brade ao mundo \u201ceu sou assim\u201d, e, lepidamente, com orgulho, exponha aos demais viventes, que voc\u00ea \u00e9 assim ou assado, e que nada neste mundo poder\u00e1 impedir ou discriminar as suas op\u00e7\u00f5es, mesmo que elas contrariem as leis do Criador e da natureza.<\/p>\n<p>N\u00e3o importa, se voc\u00ea \u00e9 bichona, veado, preto ou negro, \u00edndio ou n\u00e3o selv\u00e1tico, branco, amarelo, vermelho, quilombola, de olhos azuis ou castanhos, o que importa \u00e9 que voc\u00ea se liberte, e se for necess\u00e1rio, saia \u00e0s ruas com descarada convic\u00e7\u00e3o.<\/p>\n<p>Alguns optam por queimar \u00f4nibus nas ruas, outros em juntar &#8211; se em corajosos grupos de m\u00e3o &#8211; de &#8211; obra n\u00e3o especializada nos arrast\u00f5es, outros nos rolezinhos nos shoppings, ou ingressam nos Black shits (no MST, nos Sem teto&#8230;)<\/p>\n<p>Se voc\u00ea \u00e9 chegado a uma droga, n\u00e3o se amofine, nem se apequene, pois voc\u00ea \u00e9 v\u00edtima da sociedade indiferente, ou \u00e9 o rebotalho de seus p\u00e9ssimos pais.<\/p>\n<p>Breve, gra\u00e7as \u00e0 tese governamental de que todos t\u00eam direitos, n\u00e3o importa o seu problema, sexual, financeiro ou ideol\u00f3gico, a descoberta em n\u00edvel mundial \u00e9 de que voc\u00ea \u00e9 uma vitima da sociedade, a qual dever\u00e1 pagar pelo erro de discriminar a sua impoluta pessoa.<\/p>\n<p>Se voc\u00ea \u00e9 comunista, assuma, se \u00e9 democrata, assuma. Em qualquer op\u00e7\u00e3o avance com determina\u00e7\u00e3o.<\/p>\n<p>Se voc\u00ea \u00e9 um dos bolsistas ou se voc\u00ea \u00e9 um dos idiotas que pagam as bolsas dos outros, decida e n\u00e3o pague, revolte &#8211; se e brade contra o governo, mas se \u00e9 mais um aquinhoado com a esmola paga pelos outros, aplauda e vote na perman\u00eancia, e, de prefer\u00eancia, na perpetua\u00e7\u00e3o do atual desgoverno.<\/p>\n<p>Hoje, a nossa convoca\u00e7\u00e3o \u00e9 para os honestos amoitados, os discriminados indiv\u00edduos de car\u00e1ter, os que professam a verdade acima de tudo, os indignados com a corrup\u00e7\u00e3o, com as mentiras e com as CPIs da embroma\u00e7\u00e3o.<\/p>\n<p>Hoje, conclamamos a voc\u00eas &#8211; maioria para l\u00e1 de silenciosa -, dos reais trabalhadores, da imensid\u00e3o de indiv\u00edduos que cumprem as suas obriga\u00e7\u00f5es, que madrugam para ir trabalhar, que n\u00e3o t\u00eam planos de sa\u00fade, que est\u00e3o aposentados com uma mis\u00e9ria, e ainda por cima descontam para a sua pr\u00f3pria aposentadoria.<\/p>\n<p>Meus discriminados conterr\u00e2neos, abram o peito e gritem, \u201cbasta!\u201d.<\/p>\n<p>N\u00e3o \u00e9 vergonha ser honesto, n\u00e3o \u00e9 desdouro ter car\u00e1ter, n\u00e3o \u00e9 vexame n\u00e3o ser um fora &#8211; de &#8211; s\u00e9rie, embora todos os outros sejam.<\/p>\n<p>Maioria vilipendiada, saia do arm\u00e1rio da coniv\u00eancia e da submiss\u00e3o e d\u00ea um basta na canalhice e no imp\u00e9rio da corrup\u00e7\u00e3o, e declare em alto e bom som, que abomina a impunidade, que repele com veem\u00eancia qualquer maracutaia, mesmo as de pequenas e irris\u00f3rias perdas para o er\u00e1rio nacional, como foi a inteligente compra da refinaria de Pasadena.<\/p>\n<p>Saia do arm\u00e1rio, do buraco, da toler\u00e2ncia e grite \u201cchega de patifes!\u201d no atual desgoverno.<\/p>\n<p>Ser democrata, correto, cidad\u00e3o com excel\u00eancia moral, com conduta ilibada, c\u00f4nscio de seus deveres e de muitas outras virtudes e valores que o identificam, eis a sua decis\u00e3o.<\/p>\n<p>O n\u00e3o ser nada, como um zero \u00e0 esquerda, \u00e9 a op\u00e7\u00e3o dos outros, mas n\u00e3o a nossa que como homens de bem, ansiamos que a canalha s\u00f3cio &#8211; lulo &#8211; comuno &#8211; sindicalista atrelada ao execr\u00e1vel Foro de S\u00e3o Paulo, se escafeda de nossa P\u00e1tria e, se poss\u00edvel, da face da terra.<\/p>\n<p>Quem sabe, outros empolgados seguir\u00e3o voc\u00ea, desafortunado brasileiro.<\/p>\n<p><strong>Gen. Bda Rfm Valmir Fonseca Azevedo Pereira<\/strong><\/p>\n","protected":false},"excerpt":{"rendered":"<p>Na medida em que os direitos humanos passaram a dominar a humanidade em detrimento dos deveres, os mais atilados e espertos, sejam os partidos pol\u00edticos, sejam os mel\u00edfluos parlamentares, abra\u00e7aram com fervor a tese corrente de que todos t\u00eam direitos. \u00c9 verdade, todos temos direitos. Deveres, talvez. Na atualidade, portanto a m\u00e1xima \u00e9 sair do [&hellip;]<\/p>\n","protected":false},"author":2,"featured_media":6964,"comment_status":"open","ping_status":"closed","sticky":false,"template":"","format":"standard","meta":{"_acf_changed":false,"footnotes":""},"categories":[25],"tags":[],"class_list":["post-6963","post","type-post","status-publish","format-standard","has-post-thumbnail","hentry","category-opina-ai"],"acf":[],"yoast_head":"<!-- This site is optimized with the Yoast SEO plugin v27.2 - https:\/\/yoast.com\/product\/yoast-seo-wordpress\/ -->\n<title>Ser ou n\u00e3o ser, eis a quest\u00e3o (Ou apenas um basta!) - Notibras<\/title>\n<meta name=\"robots\" content=\"index, follow, max-snippet:-1, max-image-preview:large, max-video-preview:-1\" \/>\n<link rel=\"canonical\" href=\"https:\/\/www.notibras.com\/site\/ser-ou-nao-ser-eis-a-questao-ou-apenas-um-basta\/\" \/>\n<meta property=\"og:locale\" content=\"pt_BR\" \/>\n<meta property=\"og:type\" content=\"article\" \/>\n<meta property=\"og:title\" content=\"Ser ou n\u00e3o ser, eis a quest\u00e3o (Ou apenas um basta!) - Notibras\" \/>\n<meta property=\"og:description\" content=\"Na medida em que os direitos humanos passaram a dominar a humanidade em detrimento dos deveres, os mais atilados e espertos, sejam os partidos pol\u00edticos, sejam os mel\u00edfluos parlamentares, abra\u00e7aram com fervor a tese corrente de que todos t\u00eam direitos. \u00c9 verdade, todos temos direitos. Deveres, talvez. Na atualidade, portanto a m\u00e1xima \u00e9 sair do [&hellip;]\" \/>\n<meta property=\"og:url\" content=\"https:\/\/www.notibras.com\/site\/ser-ou-nao-ser-eis-a-questao-ou-apenas-um-basta\/\" \/>\n<meta property=\"og:site_name\" content=\"Notibras\" \/>\n<meta property=\"article:publisher\" content=\"https:\/\/www.facebook.com\/notibras\/\" \/>\n<meta property=\"article:published_time\" content=\"2014-04-17T12:15:52+00:00\" \/>\n<meta property=\"og:image\" content=\"https:\/\/www.notibras.com\/site\/wp-content\/uploads\/2014\/04\/ser_nao_ser.jpg\" \/>\n\t<meta property=\"og:image:width\" content=\"540\" \/>\n\t<meta property=\"og:image:height\" content=\"350\" \/>\n\t<meta property=\"og:image:type\" content=\"image\/jpeg\" \/>\n<meta name=\"author\" content=\"Reda\u00e7\u00e3o\" \/>\n<meta name=\"twitter:card\" content=\"summary_large_image\" \/>\n<meta name=\"twitter:creator\" content=\"@Notibras\" \/>\n<meta name=\"twitter:site\" content=\"@Notibras\" \/>\n<meta name=\"twitter:label1\" content=\"Escrito por\" \/>\n\t<meta name=\"twitter:data1\" content=\"Reda\u00e7\u00e3o\" \/>\n\t<meta name=\"twitter:label2\" content=\"Est. tempo de leitura\" \/>\n\t<meta name=\"twitter:data2\" content=\"3 minutos\" \/>\n<script type=\"application\/ld+json\" class=\"yoast-schema-graph\">{\"@context\":\"https:\/\/schema.org\",\"@graph\":[{\"@type\":\"Article\",\"@id\":\"https:\/\/www.notibras.com\/site\/ser-ou-nao-ser-eis-a-questao-ou-apenas-um-basta\/#article\",\"isPartOf\":{\"@id\":\"https:\/\/www.notibras.com\/site\/ser-ou-nao-ser-eis-a-questao-ou-apenas-um-basta\/\"},\"author\":{\"name\":\"Reda\u00e7\u00e3o\",\"@id\":\"https:\/\/www.notibras.com\/site\/#\/schema\/person\/36ab0979449956132d3e5b517ea76ac8\"},\"headline\":\"Ser ou n\u00e3o ser, eis a quest\u00e3o (Ou apenas um basta!)\",\"datePublished\":\"2014-04-17T12:15:52+00:00\",\"mainEntityOfPage\":{\"@id\":\"https:\/\/www.notibras.com\/site\/ser-ou-nao-ser-eis-a-questao-ou-apenas-um-basta\/\"},\"wordCount\":703,\"commentCount\":0,\"publisher\":{\"@id\":\"https:\/\/www.notibras.com\/site\/#organization\"},\"image\":{\"@id\":\"https:\/\/www.notibras.com\/site\/ser-ou-nao-ser-eis-a-questao-ou-apenas-um-basta\/#primaryimage\"},\"thumbnailUrl\":\"https:\/\/www.notibras.com\/site\/wp-content\/uploads\/2014\/04\/ser_nao_ser.jpg\",\"articleSection\":[\"Opina a\u00ed\"],\"inLanguage\":\"pt-BR\",\"potentialAction\":[{\"@type\":\"CommentAction\",\"name\":\"Comment\",\"target\":[\"https:\/\/www.notibras.com\/site\/ser-ou-nao-ser-eis-a-questao-ou-apenas-um-basta\/#respond\"]}]},{\"@type\":\"WebPage\",\"@id\":\"https:\/\/www.notibras.com\/site\/ser-ou-nao-ser-eis-a-questao-ou-apenas-um-basta\/\",\"url\":\"https:\/\/www.notibras.com\/site\/ser-ou-nao-ser-eis-a-questao-ou-apenas-um-basta\/\",\"name\":\"Ser ou n\u00e3o ser, eis a quest\u00e3o (Ou apenas um basta!) - Notibras\",\"isPartOf\":{\"@id\":\"https:\/\/www.notibras.com\/site\/#website\"},\"primaryImageOfPage\":{\"@id\":\"https:\/\/www.notibras.com\/site\/ser-ou-nao-ser-eis-a-questao-ou-apenas-um-basta\/#primaryimage\"},\"image\":{\"@id\":\"https:\/\/www.notibras.com\/site\/ser-ou-nao-ser-eis-a-questao-ou-apenas-um-basta\/#primaryimage\"},\"thumbnailUrl\":\"https:\/\/www.notibras.com\/site\/wp-content\/uploads\/2014\/04\/ser_nao_ser.jpg\",\"datePublished\":\"2014-04-17T12:15:52+00:00\",\"breadcrumb\":{\"@id\":\"https:\/\/www.notibras.com\/site\/ser-ou-nao-ser-eis-a-questao-ou-apenas-um-basta\/#breadcrumb\"},\"inLanguage\":\"pt-BR\",\"potentialAction\":[{\"@type\":\"ReadAction\",\"target\":[\"https:\/\/www.notibras.com\/site\/ser-ou-nao-ser-eis-a-questao-ou-apenas-um-basta\/\"]}]},{\"@type\":\"ImageObject\",\"inLanguage\":\"pt-BR\",\"@id\":\"https:\/\/www.notibras.com\/site\/ser-ou-nao-ser-eis-a-questao-ou-apenas-um-basta\/#primaryimage\",\"url\":\"https:\/\/www.notibras.com\/site\/wp-content\/uploads\/2014\/04\/ser_nao_ser.jpg\",\"contentUrl\":\"https:\/\/www.notibras.com\/site\/wp-content\/uploads\/2014\/04\/ser_nao_ser.jpg\",\"width\":540,\"height\":350},{\"@type\":\"BreadcrumbList\",\"@id\":\"https:\/\/www.notibras.com\/site\/ser-ou-nao-ser-eis-a-questao-ou-apenas-um-basta\/#breadcrumb\",\"itemListElement\":[{\"@type\":\"ListItem\",\"position\":1,\"name\":\"In\u00edcio\",\"item\":\"https:\/\/www.notibras.com\/site\/\"},{\"@type\":\"ListItem\",\"position\":2,\"name\":\"Ser ou n\u00e3o ser, eis a quest\u00e3o (Ou apenas um basta!)\"}]},{\"@type\":\"WebSite\",\"@id\":\"https:\/\/www.notibras.com\/site\/#website\",\"url\":\"https:\/\/www.notibras.com\/site\/\",\"name\":\"Notibras\",\"description\":\"Not\u00edcias de Bras\u00edlia, do Brasil e do Mundo\",\"publisher\":{\"@id\":\"https:\/\/www.notibras.com\/site\/#organization\"},\"potentialAction\":[{\"@type\":\"SearchAction\",\"target\":{\"@type\":\"EntryPoint\",\"urlTemplate\":\"https:\/\/www.notibras.com\/site\/?s={search_term_string}\"},\"query-input\":{\"@type\":\"PropertyValueSpecification\",\"valueRequired\":true,\"valueName\":\"search_term_string\"}}],\"inLanguage\":\"pt-BR\"},{\"@type\":\"Organization\",\"@id\":\"https:\/\/www.notibras.com\/site\/#organization\",\"name\":\"Grupo Notibras de Comunica\u00e7\u00e3o\",\"url\":\"https:\/\/www.notibras.com\/site\/\",\"logo\":{\"@type\":\"ImageObject\",\"inLanguage\":\"pt-BR\",\"@id\":\"https:\/\/www.notibras.com\/site\/#\/schema\/logo\/image\/\",\"url\":\"https:\/\/www.notibras.com\/site\/wp-content\/uploads\/2023\/01\/notibras23.png\",\"contentUrl\":\"https:\/\/www.notibras.com\/site\/wp-content\/uploads\/2023\/01\/notibras23.png\",\"width\":350,\"height\":87,\"caption\":\"Grupo Notibras de Comunica\u00e7\u00e3o\"},\"image\":{\"@id\":\"https:\/\/www.notibras.com\/site\/#\/schema\/logo\/image\/\"},\"sameAs\":[\"https:\/\/www.facebook.com\/notibras\/\",\"https:\/\/x.com\/Notibras\",\"https:\/\/www.instagram.com\/notibras\/\"]},{\"@type\":\"Person\",\"@id\":\"https:\/\/www.notibras.com\/site\/#\/schema\/person\/36ab0979449956132d3e5b517ea76ac8\",\"name\":\"Reda\u00e7\u00e3o\",\"image\":{\"@type\":\"ImageObject\",\"inLanguage\":\"pt-BR\",\"@id\":\"https:\/\/secure.gravatar.com\/avatar\/e0a867bdedb85fd243eadf09663511f96fc81e0720a4a42581f334ad4303aa6b?s=96&d=mm&r=g\",\"url\":\"https:\/\/secure.gravatar.com\/avatar\/e0a867bdedb85fd243eadf09663511f96fc81e0720a4a42581f334ad4303aa6b?s=96&d=mm&r=g\",\"contentUrl\":\"https:\/\/secure.gravatar.com\/avatar\/e0a867bdedb85fd243eadf09663511f96fc81e0720a4a42581f334ad4303aa6b?s=96&d=mm&r=g\",\"caption\":\"Reda\u00e7\u00e3o\"}}]}<\/script>\n<!-- \/ Yoast SEO plugin. -->","yoast_head_json":{"title":"Ser ou n\u00e3o ser, eis a quest\u00e3o (Ou apenas um basta!) - Notibras","robots":{"index":"index","follow":"follow","max-snippet":"max-snippet:-1","max-image-preview":"max-image-preview:large","max-video-preview":"max-video-preview:-1"},"canonical":"https:\/\/www.notibras.com\/site\/ser-ou-nao-ser-eis-a-questao-ou-apenas-um-basta\/","og_locale":"pt_BR","og_type":"article","og_title":"Ser ou n\u00e3o ser, eis a quest\u00e3o (Ou apenas um basta!) - Notibras","og_description":"Na medida em que os direitos humanos passaram a dominar a humanidade em detrimento dos deveres, os mais atilados e espertos, sejam os partidos pol\u00edticos, sejam os mel\u00edfluos parlamentares, abra\u00e7aram com fervor a tese corrente de que todos t\u00eam direitos. \u00c9 verdade, todos temos direitos. Deveres, talvez. Na atualidade, portanto a m\u00e1xima \u00e9 sair do [&hellip;]","og_url":"https:\/\/www.notibras.com\/site\/ser-ou-nao-ser-eis-a-questao-ou-apenas-um-basta\/","og_site_name":"Notibras","article_publisher":"https:\/\/www.facebook.com\/notibras\/","article_published_time":"2014-04-17T12:15:52+00:00","og_image":[{"width":540,"height":350,"url":"https:\/\/www.notibras.com\/site\/wp-content\/uploads\/2014\/04\/ser_nao_ser.jpg","type":"image\/jpeg"}],"author":"Reda\u00e7\u00e3o","twitter_card":"summary_large_image","twitter_creator":"@Notibras","twitter_site":"@Notibras","twitter_misc":{"Escrito por":"Reda\u00e7\u00e3o","Est. tempo de leitura":"3 minutos"},"schema":{"@context":"https:\/\/schema.org","@graph":[{"@type":"Article","@id":"https:\/\/www.notibras.com\/site\/ser-ou-nao-ser-eis-a-questao-ou-apenas-um-basta\/#article","isPartOf":{"@id":"https:\/\/www.notibras.com\/site\/ser-ou-nao-ser-eis-a-questao-ou-apenas-um-basta\/"},"author":{"name":"Reda\u00e7\u00e3o","@id":"https:\/\/www.notibras.com\/site\/#\/schema\/person\/36ab0979449956132d3e5b517ea76ac8"},"headline":"Ser ou n\u00e3o ser, eis a quest\u00e3o (Ou apenas um basta!)","datePublished":"2014-04-17T12:15:52+00:00","mainEntityOfPage":{"@id":"https:\/\/www.notibras.com\/site\/ser-ou-nao-ser-eis-a-questao-ou-apenas-um-basta\/"},"wordCount":703,"commentCount":0,"publisher":{"@id":"https:\/\/www.notibras.com\/site\/#organization"},"image":{"@id":"https:\/\/www.notibras.com\/site\/ser-ou-nao-ser-eis-a-questao-ou-apenas-um-basta\/#primaryimage"},"thumbnailUrl":"https:\/\/www.notibras.com\/site\/wp-content\/uploads\/2014\/04\/ser_nao_ser.jpg","articleSection":["Opina a\u00ed"],"inLanguage":"pt-BR","potentialAction":[{"@type":"CommentAction","name":"Comment","target":["https:\/\/www.notibras.com\/site\/ser-ou-nao-ser-eis-a-questao-ou-apenas-um-basta\/#respond"]}]},{"@type":"WebPage","@id":"https:\/\/www.notibras.com\/site\/ser-ou-nao-ser-eis-a-questao-ou-apenas-um-basta\/","url":"https:\/\/www.notibras.com\/site\/ser-ou-nao-ser-eis-a-questao-ou-apenas-um-basta\/","name":"Ser ou n\u00e3o ser, eis a quest\u00e3o (Ou apenas um basta!) - Notibras","isPartOf":{"@id":"https:\/\/www.notibras.com\/site\/#website"},"primaryImageOfPage":{"@id":"https:\/\/www.notibras.com\/site\/ser-ou-nao-ser-eis-a-questao-ou-apenas-um-basta\/#primaryimage"},"image":{"@id":"https:\/\/www.notibras.com\/site\/ser-ou-nao-ser-eis-a-questao-ou-apenas-um-basta\/#primaryimage"},"thumbnailUrl":"https:\/\/www.notibras.com\/site\/wp-content\/uploads\/2014\/04\/ser_nao_ser.jpg","datePublished":"2014-04-17T12:15:52+00:00","breadcrumb":{"@id":"https:\/\/www.notibras.com\/site\/ser-ou-nao-ser-eis-a-questao-ou-apenas-um-basta\/#breadcrumb"},"inLanguage":"pt-BR","potentialAction":[{"@type":"ReadAction","target":["https:\/\/www.notibras.com\/site\/ser-ou-nao-ser-eis-a-questao-ou-apenas-um-basta\/"]}]},{"@type":"ImageObject","inLanguage":"pt-BR","@id":"https:\/\/www.notibras.com\/site\/ser-ou-nao-ser-eis-a-questao-ou-apenas-um-basta\/#primaryimage","url":"https:\/\/www.notibras.com\/site\/wp-content\/uploads\/2014\/04\/ser_nao_ser.jpg","contentUrl":"https:\/\/www.notibras.com\/site\/wp-content\/uploads\/2014\/04\/ser_nao_ser.jpg","width":540,"height":350},{"@type":"BreadcrumbList","@id":"https:\/\/www.notibras.com\/site\/ser-ou-nao-ser-eis-a-questao-ou-apenas-um-basta\/#breadcrumb","itemListElement":[{"@type":"ListItem","position":1,"name":"In\u00edcio","item":"https:\/\/www.notibras.com\/site\/"},{"@type":"ListItem","position":2,"name":"Ser ou n\u00e3o ser, eis a quest\u00e3o (Ou apenas um basta!)"}]},{"@type":"WebSite","@id":"https:\/\/www.notibras.com\/site\/#website","url":"https:\/\/www.notibras.com\/site\/","name":"Notibras","description":"Not\u00edcias de Bras\u00edlia, do Brasil e do Mundo","publisher":{"@id":"https:\/\/www.notibras.com\/site\/#organization"},"potentialAction":[{"@type":"SearchAction","target":{"@type":"EntryPoint","urlTemplate":"https:\/\/www.notibras.com\/site\/?s={search_term_string}"},"query-input":{"@type":"PropertyValueSpecification","valueRequired":true,"valueName":"search_term_string"}}],"inLanguage":"pt-BR"},{"@type":"Organization","@id":"https:\/\/www.notibras.com\/site\/#organization","name":"Grupo Notibras de Comunica\u00e7\u00e3o","url":"https:\/\/www.notibras.com\/site\/","logo":{"@type":"ImageObject","inLanguage":"pt-BR","@id":"https:\/\/www.notibras.com\/site\/#\/schema\/logo\/image\/","url":"https:\/\/www.notibras.com\/site\/wp-content\/uploads\/2023\/01\/notibras23.png","contentUrl":"https:\/\/www.notibras.com\/site\/wp-content\/uploads\/2023\/01\/notibras23.png","width":350,"height":87,"caption":"Grupo Notibras de Comunica\u00e7\u00e3o"},"image":{"@id":"https:\/\/www.notibras.com\/site\/#\/schema\/logo\/image\/"},"sameAs":["https:\/\/www.facebook.com\/notibras\/","https:\/\/x.com\/Notibras","https:\/\/www.instagram.com\/notibras\/"]},{"@type":"Person","@id":"https:\/\/www.notibras.com\/site\/#\/schema\/person\/36ab0979449956132d3e5b517ea76ac8","name":"Reda\u00e7\u00e3o","image":{"@type":"ImageObject","inLanguage":"pt-BR","@id":"https:\/\/secure.gravatar.com\/avatar\/e0a867bdedb85fd243eadf09663511f96fc81e0720a4a42581f334ad4303aa6b?s=96&d=mm&r=g","url":"https:\/\/secure.gravatar.com\/avatar\/e0a867bdedb85fd243eadf09663511f96fc81e0720a4a42581f334ad4303aa6b?s=96&d=mm&r=g","contentUrl":"https:\/\/secure.gravatar.com\/avatar\/e0a867bdedb85fd243eadf09663511f96fc81e0720a4a42581f334ad4303aa6b?s=96&d=mm&r=g","caption":"Reda\u00e7\u00e3o"}}]}},"amp_enabled":true,"_links":{"self":[{"href":"https:\/\/www.notibras.com\/site\/wp-json\/wp\/v2\/posts\/6963","targetHints":{"allow":["GET"]}}],"collection":[{"href":"https:\/\/www.notibras.com\/site\/wp-json\/wp\/v2\/posts"}],"about":[{"href":"https:\/\/www.notibras.com\/site\/wp-json\/wp\/v2\/types\/post"}],"author":[{"embeddable":true,"href":"https:\/\/www.notibras.com\/site\/wp-json\/wp\/v2\/users\/2"}],"replies":[{"embeddable":true,"href":"https:\/\/www.notibras.com\/site\/wp-json\/wp\/v2\/comments?post=6963"}],"version-history":[{"count":0,"href":"https:\/\/www.notibras.com\/site\/wp-json\/wp\/v2\/posts\/6963\/revisions"}],"wp:featuredmedia":[{"embeddable":true,"href":"https:\/\/www.notibras.com\/site\/wp-json\/wp\/v2\/media\/6964"}],"wp:attachment":[{"href":"https:\/\/www.notibras.com\/site\/wp-json\/wp\/v2\/media?parent=6963"}],"wp:term":[{"taxonomy":"category","embeddable":true,"href":"https:\/\/www.notibras.com\/site\/wp-json\/wp\/v2\/categories?post=6963"},{"taxonomy":"post_tag","embeddable":true,"href":"https:\/\/www.notibras.com\/site\/wp-json\/wp\/v2\/tags?post=6963"}],"curies":[{"name":"wp","href":"https:\/\/api.w.org\/{rel}","templated":true}]}}