{"id":69658,"date":"2015-09-29T10:39:09","date_gmt":"2015-09-29T13:39:09","guid":{"rendered":"http:\/\/www.notibras.com\/site\/?p=69658"},"modified":"2015-09-30T07:06:53","modified_gmt":"2015-09-30T10:06:53","slug":"brasil-livre-decide-abracar-a-politica-e-disputar-eleicoes-em-2016","status":"publish","type":"post","link":"https:\/\/www.notibras.com\/site\/brasil-livre-decide-abracar-a-politica-e-disputar-eleicoes-em-2016\/","title":{"rendered":"Brasil Livre decide abra\u00e7ar a pol\u00edtica e disputar as elei\u00e7\u00f5es municipais em 2016"},"content":{"rendered":"<p>A realidade \u00e9 dura. Ou os movimentos populares se aliam a pol\u00edticos, ou as reivindica\u00e7\u00f5es tendem ao fracasso. Quem acaba de chegar a essa conclus\u00e3o \u00e9 o Movimento Brasil Livre,\u00a0um dos grupos mais atuantes nas manifesta\u00e7\u00f5es pr\u00f3-impeachment da presidente Dilma Rousseff. Seus idealizadores, agora, estreitam a rela\u00e7\u00e3o com parlamentares e decidiram entrar formalmente no sistema pol\u00edtico-partid\u00e1rio.<\/p>\n<p>O grupo pretende lan\u00e7ar candidatos a prefeito e a vereador em centenas de cidades brasileiras nas elei\u00e7\u00f5es de 2016. A principal aposta do grupo \u00e9 o estudante Fernando Holiday, de 18 anos, que concorrer\u00e1 a uma vaga na C\u00e2mara de S\u00e3o Paulo, provavelmente pelo DEM, informa o jornal O Estado de S.Paulo.<\/p>\n<p>Com n\u00facleos municipais em 173 cidades, o grupo est\u00e1 incentivando a filia\u00e7\u00e3o de suas lideran\u00e7as locais em partidos &#8211; e j\u00e1 criou um manual para a cria\u00e7\u00e3o de novas filiais. A estimativa dos coordenadores nacionais do movimento \u00e9 lan\u00e7ar de cinco a dez candidatos a prefeito e vice, e de 150 a 200 postulantes a vereadores.<\/p>\n<p>As conversas mais adiantadas s\u00e3o com ao menos quatro legendas: PSDB, DEM, PPS e PSC. O Partido Novo entrou no rol depois de conseguir registro junto ao Tribunal Superior Eleitoral (TSE), mas o di\u00e1logo est\u00e1 apenas no in\u00edcio, afirma o empres\u00e1rio Renan Santos, um dos coordenadores nacionais do MBL. &#8220;Estamos abertos a dialogar com qualquer legenda. As exce\u00e7\u00f5es s\u00e3o os de extrema esquerda, como PSTU, PSOL, PC do B e PCB&#8221;, disse.<\/p>\n<p>Em S\u00e3o Paulo, al\u00e9m de lan\u00e7ar Holiday para a C\u00e2mara, o grupo tenta viabilizar uma candidatura a prefeito, que correria por fora &#8220;para participar do debate&#8221;. O grupo ainda busca um partido que compre essa ideia. A maior aposta do MBL para concorrer a um cargo no executivo municipal \u00e9 o nome do jornalista Paulo Eduardo Martins, que deve sair candidato a prefeito em Curitiba (PR).<\/p>\n<p>A ideia de participar das elei\u00e7\u00f5es de 2016 \u00e9 um embri\u00e3o para fundamentar dois passos ainda maiores, cogitado pela coordena\u00e7\u00e3o do grupo para as elei\u00e7\u00f5es de 2018: a cria\u00e7\u00e3o de um partido pr\u00f3prio e o lan\u00e7amento das candidaturas dos coordenadores nacionais para cargos majorit\u00e1rios. Por isso, na campanha do ano que vem, o rosto mais conhecido do grupo, Kim Kataguiri, de 19 anos, vai atuar como &#8220;embaixador&#8221; do MBL. &#8220;A ideia \u00e9 que eu viaje pelo Pa\u00eds aparecendo ao lado dos candidatos e grave v\u00eddeos de apoio.&#8221;<\/p>\n<p>Para refor\u00e7ar a marca do grupo, nas conversas com os dirigentes partid\u00e1rios os coordenadores do movimento t\u00eam colocado na mesa ao menos uma condi\u00e7\u00e3o: ainda que filiados formalmente aos partidos, os membros do grupo ser\u00e3o apresentados como candidatos do MBL. Isso inclui a sigla do grupo ao lado do nome do candidato em toda a programa\u00e7\u00e3o visual da campanha, que ficaria sob a responsabilidade do n\u00facleo central do movimento.<\/p>\n<p>Presidente do DEM no Rio Grande do Sul, o deputado federal Onyx Lorenzoni \u00e9 dos mais entusiasmados com a ideia do ingresso de l\u00edderes das manifesta\u00e7\u00f5es de rua na pol\u00edtica formal. Ele n\u00e3o v\u00ea problema em os candidatos serem apresentados como membros do grupo. &#8220;Eles dialogam melhor e t\u00eam mais legitimidade com as ruas do que n\u00f3s. S\u00e3o representantes da boa rebeldia.&#8221;<\/p>\n<p>O deputado Carlos Sampaio l\u00edder do PSDB na C\u00e2mara, disse ver &#8220;com bons olhos&#8221; eventuais candidaturas de militantes do MBL, mas ressalvou que a conversa foi em via de m\u00e3o dupla. &#8220;Eles se mostraram interessados tamb\u00e9m em apoiar candidaturas de pessoas s\u00e9rias indicadas pelo partido&#8221;, disse.<\/p>\n","protected":false},"excerpt":{"rendered":"<p>A realidade \u00e9 dura. Ou os movimentos populares se aliam a pol\u00edticos, ou as reivindica\u00e7\u00f5es tendem ao fracasso. Quem acaba de chegar a essa conclus\u00e3o \u00e9 o Movimento Brasil Livre,\u00a0um dos grupos mais atuantes nas manifesta\u00e7\u00f5es pr\u00f3-impeachment da presidente Dilma Rousseff. Seus idealizadores, agora, estreitam a rela\u00e7\u00e3o com parlamentares e decidiram entrar formalmente no sistema [&hellip;]<\/p>\n","protected":false},"author":2,"featured_media":69668,"comment_status":"open","ping_status":"closed","sticky":false,"template":"","format":"standard","meta":{"_acf_changed":false,"footnotes":""},"categories":[16],"tags":[],"class_list":["post-69658","post","type-post","status-publish","format-standard","has-post-thumbnail","hentry","category-brasil"],"acf":[],"yoast_head":"<!-- This site is optimized with the Yoast SEO plugin v27.2 - https:\/\/yoast.com\/product\/yoast-seo-wordpress\/ -->\n<title>Brasil Livre decide abra\u00e7ar a pol\u00edtica e disputar as elei\u00e7\u00f5es municipais em 2016 - Notibras<\/title>\n<meta name=\"robots\" content=\"index, follow, max-snippet:-1, max-image-preview:large, max-video-preview:-1\" \/>\n<link rel=\"canonical\" href=\"https:\/\/www.notibras.com\/site\/brasil-livre-decide-abracar-a-politica-e-disputar-eleicoes-em-2016\/\" \/>\n<meta property=\"og:locale\" content=\"pt_BR\" \/>\n<meta property=\"og:type\" content=\"article\" \/>\n<meta property=\"og:title\" content=\"Brasil Livre decide abra\u00e7ar a pol\u00edtica e disputar as elei\u00e7\u00f5es municipais em 2016 - Notibras\" \/>\n<meta property=\"og:description\" content=\"A realidade \u00e9 dura. Ou os movimentos populares se aliam a pol\u00edticos, ou as reivindica\u00e7\u00f5es tendem ao fracasso. Quem acaba de chegar a essa conclus\u00e3o \u00e9 o Movimento Brasil Livre,\u00a0um dos grupos mais atuantes nas manifesta\u00e7\u00f5es pr\u00f3-impeachment da presidente Dilma Rousseff. Seus idealizadores, agora, estreitam a rela\u00e7\u00e3o com parlamentares e decidiram entrar formalmente no sistema [&hellip;]\" \/>\n<meta property=\"og:url\" content=\"https:\/\/www.notibras.com\/site\/brasil-livre-decide-abracar-a-politica-e-disputar-eleicoes-em-2016\/\" \/>\n<meta property=\"og:site_name\" content=\"Notibras\" \/>\n<meta property=\"article:publisher\" content=\"https:\/\/www.facebook.com\/notibras\/\" \/>\n<meta property=\"article:published_time\" content=\"2015-09-29T13:39:09+00:00\" \/>\n<meta property=\"article:modified_time\" content=\"2015-09-30T10:06:53+00:00\" \/>\n<meta property=\"og:image\" content=\"https:\/\/www.notibras.com\/site\/wp-content\/uploads\/2015\/09\/5yit1yukets72adqkgr4yfr8t.jpg\" \/>\n\t<meta property=\"og:image:width\" content=\"652\" \/>\n\t<meta property=\"og:image:height\" content=\"408\" \/>\n\t<meta property=\"og:image:type\" content=\"image\/jpeg\" \/>\n<meta name=\"author\" content=\"Reda\u00e7\u00e3o\" \/>\n<meta name=\"twitter:card\" content=\"summary_large_image\" \/>\n<meta name=\"twitter:creator\" content=\"@Notibras\" \/>\n<meta name=\"twitter:site\" content=\"@Notibras\" \/>\n<meta name=\"twitter:label1\" content=\"Escrito por\" \/>\n\t<meta name=\"twitter:data1\" content=\"Reda\u00e7\u00e3o\" \/>\n\t<meta name=\"twitter:label2\" content=\"Est. tempo de leitura\" \/>\n\t<meta name=\"twitter:data2\" content=\"3 minutos\" \/>\n<script type=\"application\/ld+json\" class=\"yoast-schema-graph\">{\"@context\":\"https:\/\/schema.org\",\"@graph\":[{\"@type\":\"Article\",\"@id\":\"https:\/\/www.notibras.com\/site\/brasil-livre-decide-abracar-a-politica-e-disputar-eleicoes-em-2016\/#article\",\"isPartOf\":{\"@id\":\"https:\/\/www.notibras.com\/site\/brasil-livre-decide-abracar-a-politica-e-disputar-eleicoes-em-2016\/\"},\"author\":{\"name\":\"Reda\u00e7\u00e3o\",\"@id\":\"https:\/\/www.notibras.com\/site\/#\/schema\/person\/36ab0979449956132d3e5b517ea76ac8\"},\"headline\":\"Brasil Livre decide abra\u00e7ar a pol\u00edtica e disputar as elei\u00e7\u00f5es municipais em 2016\",\"datePublished\":\"2015-09-29T13:39:09+00:00\",\"dateModified\":\"2015-09-30T10:06:53+00:00\",\"mainEntityOfPage\":{\"@id\":\"https:\/\/www.notibras.com\/site\/brasil-livre-decide-abracar-a-politica-e-disputar-eleicoes-em-2016\/\"},\"wordCount\":623,\"commentCount\":0,\"publisher\":{\"@id\":\"https:\/\/www.notibras.com\/site\/#organization\"},\"image\":{\"@id\":\"https:\/\/www.notibras.com\/site\/brasil-livre-decide-abracar-a-politica-e-disputar-eleicoes-em-2016\/#primaryimage\"},\"thumbnailUrl\":\"https:\/\/www.notibras.com\/site\/wp-content\/uploads\/2015\/09\/5yit1yukets72adqkgr4yfr8t.jpg\",\"articleSection\":[\"Brasil\"],\"inLanguage\":\"pt-BR\",\"potentialAction\":[{\"@type\":\"CommentAction\",\"name\":\"Comment\",\"target\":[\"https:\/\/www.notibras.com\/site\/brasil-livre-decide-abracar-a-politica-e-disputar-eleicoes-em-2016\/#respond\"]}]},{\"@type\":\"WebPage\",\"@id\":\"https:\/\/www.notibras.com\/site\/brasil-livre-decide-abracar-a-politica-e-disputar-eleicoes-em-2016\/\",\"url\":\"https:\/\/www.notibras.com\/site\/brasil-livre-decide-abracar-a-politica-e-disputar-eleicoes-em-2016\/\",\"name\":\"Brasil Livre decide abra\u00e7ar a pol\u00edtica e disputar as elei\u00e7\u00f5es municipais em 2016 - Notibras\",\"isPartOf\":{\"@id\":\"https:\/\/www.notibras.com\/site\/#website\"},\"primaryImageOfPage\":{\"@id\":\"https:\/\/www.notibras.com\/site\/brasil-livre-decide-abracar-a-politica-e-disputar-eleicoes-em-2016\/#primaryimage\"},\"image\":{\"@id\":\"https:\/\/www.notibras.com\/site\/brasil-livre-decide-abracar-a-politica-e-disputar-eleicoes-em-2016\/#primaryimage\"},\"thumbnailUrl\":\"https:\/\/www.notibras.com\/site\/wp-content\/uploads\/2015\/09\/5yit1yukets72adqkgr4yfr8t.jpg\",\"datePublished\":\"2015-09-29T13:39:09+00:00\",\"dateModified\":\"2015-09-30T10:06:53+00:00\",\"breadcrumb\":{\"@id\":\"https:\/\/www.notibras.com\/site\/brasil-livre-decide-abracar-a-politica-e-disputar-eleicoes-em-2016\/#breadcrumb\"},\"inLanguage\":\"pt-BR\",\"potentialAction\":[{\"@type\":\"ReadAction\",\"target\":[\"https:\/\/www.notibras.com\/site\/brasil-livre-decide-abracar-a-politica-e-disputar-eleicoes-em-2016\/\"]}]},{\"@type\":\"ImageObject\",\"inLanguage\":\"pt-BR\",\"@id\":\"https:\/\/www.notibras.com\/site\/brasil-livre-decide-abracar-a-politica-e-disputar-eleicoes-em-2016\/#primaryimage\",\"url\":\"https:\/\/www.notibras.com\/site\/wp-content\/uploads\/2015\/09\/5yit1yukets72adqkgr4yfr8t.jpg\",\"contentUrl\":\"https:\/\/www.notibras.com\/site\/wp-content\/uploads\/2015\/09\/5yit1yukets72adqkgr4yfr8t.jpg\",\"width\":652,\"height\":408},{\"@type\":\"BreadcrumbList\",\"@id\":\"https:\/\/www.notibras.com\/site\/brasil-livre-decide-abracar-a-politica-e-disputar-eleicoes-em-2016\/#breadcrumb\",\"itemListElement\":[{\"@type\":\"ListItem\",\"position\":1,\"name\":\"In\u00edcio\",\"item\":\"https:\/\/www.notibras.com\/site\/\"},{\"@type\":\"ListItem\",\"position\":2,\"name\":\"Brasil Livre decide abra\u00e7ar a pol\u00edtica e disputar as elei\u00e7\u00f5es municipais em 2016\"}]},{\"@type\":\"WebSite\",\"@id\":\"https:\/\/www.notibras.com\/site\/#website\",\"url\":\"https:\/\/www.notibras.com\/site\/\",\"name\":\"Notibras\",\"description\":\"Not\u00edcias de Bras\u00edlia, do Brasil e do Mundo\",\"publisher\":{\"@id\":\"https:\/\/www.notibras.com\/site\/#organization\"},\"potentialAction\":[{\"@type\":\"SearchAction\",\"target\":{\"@type\":\"EntryPoint\",\"urlTemplate\":\"https:\/\/www.notibras.com\/site\/?s={search_term_string}\"},\"query-input\":{\"@type\":\"PropertyValueSpecification\",\"valueRequired\":true,\"valueName\":\"search_term_string\"}}],\"inLanguage\":\"pt-BR\"},{\"@type\":\"Organization\",\"@id\":\"https:\/\/www.notibras.com\/site\/#organization\",\"name\":\"Grupo Notibras de Comunica\u00e7\u00e3o\",\"url\":\"https:\/\/www.notibras.com\/site\/\",\"logo\":{\"@type\":\"ImageObject\",\"inLanguage\":\"pt-BR\",\"@id\":\"https:\/\/www.notibras.com\/site\/#\/schema\/logo\/image\/\",\"url\":\"https:\/\/www.notibras.com\/site\/wp-content\/uploads\/2023\/01\/notibras23.png\",\"contentUrl\":\"https:\/\/www.notibras.com\/site\/wp-content\/uploads\/2023\/01\/notibras23.png\",\"width\":350,\"height\":87,\"caption\":\"Grupo Notibras de Comunica\u00e7\u00e3o\"},\"image\":{\"@id\":\"https:\/\/www.notibras.com\/site\/#\/schema\/logo\/image\/\"},\"sameAs\":[\"https:\/\/www.facebook.com\/notibras\/\",\"https:\/\/x.com\/Notibras\",\"https:\/\/www.instagram.com\/notibras\/\"]},{\"@type\":\"Person\",\"@id\":\"https:\/\/www.notibras.com\/site\/#\/schema\/person\/36ab0979449956132d3e5b517ea76ac8\",\"name\":\"Reda\u00e7\u00e3o\",\"image\":{\"@type\":\"ImageObject\",\"inLanguage\":\"pt-BR\",\"@id\":\"https:\/\/secure.gravatar.com\/avatar\/e0a867bdedb85fd243eadf09663511f96fc81e0720a4a42581f334ad4303aa6b?s=96&d=mm&r=g\",\"url\":\"https:\/\/secure.gravatar.com\/avatar\/e0a867bdedb85fd243eadf09663511f96fc81e0720a4a42581f334ad4303aa6b?s=96&d=mm&r=g\",\"contentUrl\":\"https:\/\/secure.gravatar.com\/avatar\/e0a867bdedb85fd243eadf09663511f96fc81e0720a4a42581f334ad4303aa6b?s=96&d=mm&r=g\",\"caption\":\"Reda\u00e7\u00e3o\"}}]}<\/script>\n<!-- \/ Yoast SEO plugin. -->","yoast_head_json":{"title":"Brasil Livre decide abra\u00e7ar a pol\u00edtica e disputar as elei\u00e7\u00f5es municipais em 2016 - Notibras","robots":{"index":"index","follow":"follow","max-snippet":"max-snippet:-1","max-image-preview":"max-image-preview:large","max-video-preview":"max-video-preview:-1"},"canonical":"https:\/\/www.notibras.com\/site\/brasil-livre-decide-abracar-a-politica-e-disputar-eleicoes-em-2016\/","og_locale":"pt_BR","og_type":"article","og_title":"Brasil Livre decide abra\u00e7ar a pol\u00edtica e disputar as elei\u00e7\u00f5es municipais em 2016 - Notibras","og_description":"A realidade \u00e9 dura. Ou os movimentos populares se aliam a pol\u00edticos, ou as reivindica\u00e7\u00f5es tendem ao fracasso. Quem acaba de chegar a essa conclus\u00e3o \u00e9 o Movimento Brasil Livre,\u00a0um dos grupos mais atuantes nas manifesta\u00e7\u00f5es pr\u00f3-impeachment da presidente Dilma Rousseff. Seus idealizadores, agora, estreitam a rela\u00e7\u00e3o com parlamentares e decidiram entrar formalmente no sistema [&hellip;]","og_url":"https:\/\/www.notibras.com\/site\/brasil-livre-decide-abracar-a-politica-e-disputar-eleicoes-em-2016\/","og_site_name":"Notibras","article_publisher":"https:\/\/www.facebook.com\/notibras\/","article_published_time":"2015-09-29T13:39:09+00:00","article_modified_time":"2015-09-30T10:06:53+00:00","og_image":[{"width":652,"height":408,"url":"https:\/\/www.notibras.com\/site\/wp-content\/uploads\/2015\/09\/5yit1yukets72adqkgr4yfr8t.jpg","type":"image\/jpeg"}],"author":"Reda\u00e7\u00e3o","twitter_card":"summary_large_image","twitter_creator":"@Notibras","twitter_site":"@Notibras","twitter_misc":{"Escrito por":"Reda\u00e7\u00e3o","Est. tempo de leitura":"3 minutos"},"schema":{"@context":"https:\/\/schema.org","@graph":[{"@type":"Article","@id":"https:\/\/www.notibras.com\/site\/brasil-livre-decide-abracar-a-politica-e-disputar-eleicoes-em-2016\/#article","isPartOf":{"@id":"https:\/\/www.notibras.com\/site\/brasil-livre-decide-abracar-a-politica-e-disputar-eleicoes-em-2016\/"},"author":{"name":"Reda\u00e7\u00e3o","@id":"https:\/\/www.notibras.com\/site\/#\/schema\/person\/36ab0979449956132d3e5b517ea76ac8"},"headline":"Brasil Livre decide abra\u00e7ar a pol\u00edtica e disputar as elei\u00e7\u00f5es municipais em 2016","datePublished":"2015-09-29T13:39:09+00:00","dateModified":"2015-09-30T10:06:53+00:00","mainEntityOfPage":{"@id":"https:\/\/www.notibras.com\/site\/brasil-livre-decide-abracar-a-politica-e-disputar-eleicoes-em-2016\/"},"wordCount":623,"commentCount":0,"publisher":{"@id":"https:\/\/www.notibras.com\/site\/#organization"},"image":{"@id":"https:\/\/www.notibras.com\/site\/brasil-livre-decide-abracar-a-politica-e-disputar-eleicoes-em-2016\/#primaryimage"},"thumbnailUrl":"https:\/\/www.notibras.com\/site\/wp-content\/uploads\/2015\/09\/5yit1yukets72adqkgr4yfr8t.jpg","articleSection":["Brasil"],"inLanguage":"pt-BR","potentialAction":[{"@type":"CommentAction","name":"Comment","target":["https:\/\/www.notibras.com\/site\/brasil-livre-decide-abracar-a-politica-e-disputar-eleicoes-em-2016\/#respond"]}]},{"@type":"WebPage","@id":"https:\/\/www.notibras.com\/site\/brasil-livre-decide-abracar-a-politica-e-disputar-eleicoes-em-2016\/","url":"https:\/\/www.notibras.com\/site\/brasil-livre-decide-abracar-a-politica-e-disputar-eleicoes-em-2016\/","name":"Brasil Livre decide abra\u00e7ar a pol\u00edtica e disputar as elei\u00e7\u00f5es municipais em 2016 - Notibras","isPartOf":{"@id":"https:\/\/www.notibras.com\/site\/#website"},"primaryImageOfPage":{"@id":"https:\/\/www.notibras.com\/site\/brasil-livre-decide-abracar-a-politica-e-disputar-eleicoes-em-2016\/#primaryimage"},"image":{"@id":"https:\/\/www.notibras.com\/site\/brasil-livre-decide-abracar-a-politica-e-disputar-eleicoes-em-2016\/#primaryimage"},"thumbnailUrl":"https:\/\/www.notibras.com\/site\/wp-content\/uploads\/2015\/09\/5yit1yukets72adqkgr4yfr8t.jpg","datePublished":"2015-09-29T13:39:09+00:00","dateModified":"2015-09-30T10:06:53+00:00","breadcrumb":{"@id":"https:\/\/www.notibras.com\/site\/brasil-livre-decide-abracar-a-politica-e-disputar-eleicoes-em-2016\/#breadcrumb"},"inLanguage":"pt-BR","potentialAction":[{"@type":"ReadAction","target":["https:\/\/www.notibras.com\/site\/brasil-livre-decide-abracar-a-politica-e-disputar-eleicoes-em-2016\/"]}]},{"@type":"ImageObject","inLanguage":"pt-BR","@id":"https:\/\/www.notibras.com\/site\/brasil-livre-decide-abracar-a-politica-e-disputar-eleicoes-em-2016\/#primaryimage","url":"https:\/\/www.notibras.com\/site\/wp-content\/uploads\/2015\/09\/5yit1yukets72adqkgr4yfr8t.jpg","contentUrl":"https:\/\/www.notibras.com\/site\/wp-content\/uploads\/2015\/09\/5yit1yukets72adqkgr4yfr8t.jpg","width":652,"height":408},{"@type":"BreadcrumbList","@id":"https:\/\/www.notibras.com\/site\/brasil-livre-decide-abracar-a-politica-e-disputar-eleicoes-em-2016\/#breadcrumb","itemListElement":[{"@type":"ListItem","position":1,"name":"In\u00edcio","item":"https:\/\/www.notibras.com\/site\/"},{"@type":"ListItem","position":2,"name":"Brasil Livre decide abra\u00e7ar a pol\u00edtica e disputar as elei\u00e7\u00f5es municipais em 2016"}]},{"@type":"WebSite","@id":"https:\/\/www.notibras.com\/site\/#website","url":"https:\/\/www.notibras.com\/site\/","name":"Notibras","description":"Not\u00edcias de Bras\u00edlia, do Brasil e do Mundo","publisher":{"@id":"https:\/\/www.notibras.com\/site\/#organization"},"potentialAction":[{"@type":"SearchAction","target":{"@type":"EntryPoint","urlTemplate":"https:\/\/www.notibras.com\/site\/?s={search_term_string}"},"query-input":{"@type":"PropertyValueSpecification","valueRequired":true,"valueName":"search_term_string"}}],"inLanguage":"pt-BR"},{"@type":"Organization","@id":"https:\/\/www.notibras.com\/site\/#organization","name":"Grupo Notibras de Comunica\u00e7\u00e3o","url":"https:\/\/www.notibras.com\/site\/","logo":{"@type":"ImageObject","inLanguage":"pt-BR","@id":"https:\/\/www.notibras.com\/site\/#\/schema\/logo\/image\/","url":"https:\/\/www.notibras.com\/site\/wp-content\/uploads\/2023\/01\/notibras23.png","contentUrl":"https:\/\/www.notibras.com\/site\/wp-content\/uploads\/2023\/01\/notibras23.png","width":350,"height":87,"caption":"Grupo Notibras de Comunica\u00e7\u00e3o"},"image":{"@id":"https:\/\/www.notibras.com\/site\/#\/schema\/logo\/image\/"},"sameAs":["https:\/\/www.facebook.com\/notibras\/","https:\/\/x.com\/Notibras","https:\/\/www.instagram.com\/notibras\/"]},{"@type":"Person","@id":"https:\/\/www.notibras.com\/site\/#\/schema\/person\/36ab0979449956132d3e5b517ea76ac8","name":"Reda\u00e7\u00e3o","image":{"@type":"ImageObject","inLanguage":"pt-BR","@id":"https:\/\/secure.gravatar.com\/avatar\/e0a867bdedb85fd243eadf09663511f96fc81e0720a4a42581f334ad4303aa6b?s=96&d=mm&r=g","url":"https:\/\/secure.gravatar.com\/avatar\/e0a867bdedb85fd243eadf09663511f96fc81e0720a4a42581f334ad4303aa6b?s=96&d=mm&r=g","contentUrl":"https:\/\/secure.gravatar.com\/avatar\/e0a867bdedb85fd243eadf09663511f96fc81e0720a4a42581f334ad4303aa6b?s=96&d=mm&r=g","caption":"Reda\u00e7\u00e3o"}}]}},"amp_enabled":true,"_links":{"self":[{"href":"https:\/\/www.notibras.com\/site\/wp-json\/wp\/v2\/posts\/69658","targetHints":{"allow":["GET"]}}],"collection":[{"href":"https:\/\/www.notibras.com\/site\/wp-json\/wp\/v2\/posts"}],"about":[{"href":"https:\/\/www.notibras.com\/site\/wp-json\/wp\/v2\/types\/post"}],"author":[{"embeddable":true,"href":"https:\/\/www.notibras.com\/site\/wp-json\/wp\/v2\/users\/2"}],"replies":[{"embeddable":true,"href":"https:\/\/www.notibras.com\/site\/wp-json\/wp\/v2\/comments?post=69658"}],"version-history":[{"count":3,"href":"https:\/\/www.notibras.com\/site\/wp-json\/wp\/v2\/posts\/69658\/revisions"}],"predecessor-version":[{"id":69776,"href":"https:\/\/www.notibras.com\/site\/wp-json\/wp\/v2\/posts\/69658\/revisions\/69776"}],"wp:featuredmedia":[{"embeddable":true,"href":"https:\/\/www.notibras.com\/site\/wp-json\/wp\/v2\/media\/69668"}],"wp:attachment":[{"href":"https:\/\/www.notibras.com\/site\/wp-json\/wp\/v2\/media?parent=69658"}],"wp:term":[{"taxonomy":"category","embeddable":true,"href":"https:\/\/www.notibras.com\/site\/wp-json\/wp\/v2\/categories?post=69658"},{"taxonomy":"post_tag","embeddable":true,"href":"https:\/\/www.notibras.com\/site\/wp-json\/wp\/v2\/tags?post=69658"}],"curies":[{"name":"wp","href":"https:\/\/api.w.org\/{rel}","templated":true}]}}